{"id":2082251,"date":"2026-08-05T16:09:00","date_gmt":"2026-08-05T13:09:00","guid":{"rendered":"https:\/\/analyse.optim.biz\/?p=2082251"},"modified":"2026-08-05T16:09:00","modified_gmt":"2026-08-05T13:09:00","slug":"se-repara-platoul-dacia-vor-fi-inlocuite-si-fixate-dalele-defecte","status":"publish","type":"post","link":"https:\/\/analyse.optim.biz\/?p=2082251","title":{"rendered":"Se repar\u0103 Platoul Dacia. Vor fi \u00eenlocuite \u0219i fixate dalele defecte"},"content":{"rendered":"<p>[analyse_image type=&#8221;featured&#8221; src=&#8221;https:\/\/www.campusbuzau.ro\/wp-content\/uploads\/2026\/08\/vlcsnap-2026-08-05-09h21m38s424.jpghttps:\/\/www.campusbuzau.ro\/wp-content\/uploads\/2026\/08\/vlcsnap-2026-08-05-09h21m38s424.jpg&#8221;]<\/p>\n<div class=\"entry-content\">\n<p><strong><em>Repara\u021bii dup\u0103 lucr\u0103ri prost executate. Dalele mi\u0219c\u0103toare ori cr\u0103pate din Pia\u021ba Daciei vor fi fixate sau schimbate. Cheltuielile vor fi achitate din garan\u021bia depus\u0103 de vechiul Constructor \u00een contul Prim\u0103riei.<\/em><\/strong><\/p>\n<p>\u00cencep\u00e2nd de ast\u0103zi, o echip\u0103 de lucr\u0103tori a demarat o opera\u021biune pe platoul din fa\u021ba Palatului Comunal cerut\u0103 de mult de buzoieni.<\/p>\n<p>Este vorba despre \u00eenlocuirea dalelor cr\u0103pate \u0219i despre fixarea acelora care se mi\u0219cau \u00eenc\u0103 de la terminarea lucr\u0103rilor de reabilitare a platoului din Pia\u021ba Daciei.<\/p>\n<p>Sumele depuse de Constructor \u00een contul Prim\u0103riei de la Trezorerie ca garan\u021bie pentru lucr\u0103rile executate au fost retrase \u0219i vor fi folosite pentru remedierea problemelor de pe platou.<\/p>\n<p>A fost semnat un alt contract cu o alt\u0103 firm\u0103 de specialitate care se va ocupa de schimbarea sau fixarea dalelor din pavaj.<\/p>\n<p>Lucrarea va \u00eencepe dinspre hotel \u0219i va continua c\u0103tre Palatul Comunal \u0219i apoi pe Aleea Trandafirilor, pe por\u021biuni bine delimitate.<\/p>\n<p>Buzoienii trebuie s\u0103 \u0219tie c\u0103 repara\u021biile nu vor costa Prim\u0103ria niciun leu deoarece toate cheltuielile necesare vor fi achitate din garan\u021bia depus\u0103 de vechiul Constructor \u00een contul Prim\u0103riei de la Trezorerie.<\/p>\n<p>\u00cen acela\u0219i timp cu lucr\u0103rie de repara\u021bii, o alt\u0103 echip\u0103 de la societatea care se ocup\u0103 de ecologizarea ora\u0219ului spal\u0103 Platoul p\u0103tat de trec\u0103tori cu diverse lichide colorate sau cu sosuri de la produsele fast-food \u0219i cur\u0103\u021b\u0103 urmele de cauciucuri de la biciclete, trotinete sau role \u0219i de guma de mestecat aruncat\u0103 pe jos.<\/p>\n<figure class=\"wp-block-embed is-type-video is-provider-youtube wp-block-embed-youtube wp-embed-aspect-16-9 wp-has-aspect-ratio\">\n<div class=\"wp-block-embed__wrapper\">\n<iframe loading=\"lazy\" title=\"SE REPAR\u0102 PLATOUL DACIA\" width=\"500\" height=\"281\" src=\"https:\/\/www.youtube.com\/embed\/Uf0FOTXAlUs?feature=oembed\" frameborder allow=\"accelerometer; autoplay; clipboard-write; encrypted-media; gyroscope; picture-in-picture; web-share\" referrerpolicy=\"strict-origin-when-cross-origin\" allowfullscreen><\/iframe>\n<\/div>\n<\/figure>\n<\/div>\n<p>[analyse_source url=&#8221;https:\/\/www.campusbuzau.ro\/se-repara-platoul-dacia-vor-fi-inlocuite-si-fixate-dalele-defecte\/&#8221;]<\/p>\n","protected":false},"excerpt":{"rendered":"<p>[analyse_image type=&#8221;featured&#8221; src=&#8221;https:\/\/www.campusbuzau.ro\/wp-content\/uploads\/2026\/08\/vlcsnap-2026-08-05-09h21m38s424.jpghttps:\/\/www.campusbuzau.ro\/wp-content\/uploads\/2026\/08\/vlcsnap-2026-08-05-09h21m38s424.jpg&#8221;] Repara\u021bii dup\u0103 lucr\u0103ri prost executate. Dalele mi\u0219c\u0103toare ori cr\u0103pate din Pia\u021ba Daciei vor fi fixate sau schimbate. Cheltuielile vor fi achitate din garan\u021bia depus\u0103 de vechiul Constructor \u00een contul Prim\u0103riei. \u00cencep\u00e2nd de ast\u0103zi, o echip\u0103 de lucr\u0103tori a demarat o opera\u021biune pe platoul din fa\u021ba Palatului Comunal cerut\u0103 de mult de buzoieni. [&hellip;]<\/p>\n","protected":false},"author":1,"featured_media":0,"comment_status":"open","ping_status":"","sticky":false,"template":"","format":"standard","meta":{"footnotes":""},"categories":[2],"tags":[118,226],"class_list":["post-2082251","post","type-post","status-publish","format-standard","hentry","category-politics","tag-campusbuzau-ro","tag-crawlmanager"],"_links":{"self":[{"href":"https:\/\/analyse.optim.biz\/index.php?rest_route=\/wp\/v2\/posts\/2082251","targetHints":{"allow":["GET"]}}],"collection":[{"href":"https:\/\/analyse.optim.biz\/index.php?rest_route=\/wp\/v2\/posts"}],"about":[{"href":"https:\/\/analyse.optim.biz\/index.php?rest_route=\/wp\/v2\/types\/post"}],"author":[{"embeddable":true,"href":"https:\/\/analyse.optim.biz\/index.php?rest_route=\/wp\/v2\/users\/1"}],"replies":[{"embeddable":true,"href":"https:\/\/analyse.optim.biz\/index.php?rest_route=%2Fwp%2Fv2%2Fcomments&post=2082251"}],"version-history":[{"count":0,"href":"https:\/\/analyse.optim.biz\/index.php?rest_route=\/wp\/v2\/posts\/2082251\/revisions"}],"wp:attachment":[{"href":"https:\/\/analyse.optim.biz\/index.php?rest_route=%2Fwp%2Fv2%2Fmedia&parent=2082251"}],"wp:term":[{"taxonomy":"category","embeddable":true,"href":"https:\/\/analyse.optim.biz\/index.php?rest_route=%2Fwp%2Fv2%2Fcategories&post=2082251"},{"taxonomy":"post_tag","embeddable":true,"href":"https:\/\/analyse.optim.biz\/index.php?rest_route=%2Fwp%2Fv2%2Ftags&post=2082251"}],"curies":[{"name":"wp","href":"https:\/\/api.w.org\/{rel}","templated":true}]}}