{"id":2082247,"date":"2026-08-07T11:35:00","date_gmt":"2026-08-07T08:35:00","guid":{"rendered":"https:\/\/analyse.optim.biz\/?p=2082247"},"modified":"2026-08-07T11:35:00","modified_gmt":"2026-08-07T08:35:00","slug":"expozitii-parada-militara-si-festival-de-muzica-buzaul-celebreaza-110-ani-de-la-infiintarea-armatei-a-2-a","status":"publish","type":"post","link":"https:\/\/analyse.optim.biz\/?p=2082247","title":{"rendered":"Expozi\u021bii, parad\u0103 militar\u0103 \u0219i festival de muzic\u0103. Buz\u0103ul celebreaz\u0103 110 ani de la \u00eenfiin\u021barea Armatei a 2-a"},"content":{"rendered":"<p>[analyse_image type=&#8221;featured&#8221; src=&#8221;https:\/\/www.campusbuzau.ro\/wp-content\/uploads\/2026\/08\/armata-prefectura.jpghttps:\/\/www.campusbuzau.ro\/wp-content\/uploads\/2026\/08\/armata-prefectura.jpg&#8221;]<\/p>\n<div class=\"entry-content\">\n<p><strong><em><mark class=\"has-inline-color has-maincolor-color\">Divizia 2 Infanterie \u201eGetica\u201d marcheaz\u0103 110 ani de la \u00eenfiin\u021barea Armatei a 2-a, una dintre cele mai reprezentative structuri ale O\u0219tirii Rom\u00e2ne. Cu acest prilej, \u00eentre 10 \u0219i 20 august, \u00een municipiul Buz\u0103u va avea loc o serie de evenimente aniversare dedicate publicului larg.<\/mark><\/em><\/strong><\/p>\n<p>Manifest\u0103rile debuteaz\u0103 la Teatrul \u201eGeorge Ciprian\u201d, pe 10 august, cu vernisajul unei expozi\u021bii de pictur\u0103. Pe 12 august, \u00een aceea\u0219i loca\u021bie, va avea loc un simpozion dedicat istoriei \u0219i tradi\u021biilor militare.<\/p>\n<figure class=\"wp-block-image size-full\"><img loading=\"lazy\" decoding=\"async\" width=\"600\" height=\"848\" src=\"https:\/\/www.campusbuzau.ro\/wp-content\/uploads\/2026\/08\/afis-ziua-diviziei-2.jpg\" alt class=\"wp-image-156176\"><\/figure>\n<p>Cel mai a\u0219teptat eveniment este programat pe 16 august, c\u00e2nd, \u00eentre orele 10:00 \u0219i 19:00, pe B-dul Nicolae B\u0103lcescu va fi organizat\u0103 o expozi\u021bie de tehnic\u0103 militar\u0103. Vizitatorii vor putea vedea de aproape cele mai noi echipamente militare aflate \u00een dotarea unit\u0103\u021bilor din subordinea Diviziei 2 Infanterie. Nu vor lipsi blindatele de tip COBRA II \u0219i nici instala\u021biile anti-aeriene de tip CHIRON, cele mai noi dot\u0103ri ale For\u021belor Terestre Rom\u00e2ne. <\/p>\n<figure class=\"wp-block-image size-full is-resized\"><img loading=\"lazy\" decoding=\"async\" width=\"860\" height=\"512\" src=\"https:\/\/www.campusbuzau.ro\/wp-content\/uploads\/2026\/08\/conra-2.jpg\" alt class=\"wp-image-156185\"><figcaption class=\"wp-element-caption\"><em><strong>Cobra II este un vehicul blindat tactic u\u0219or 4\u00d74<\/strong><\/em><\/figcaption><\/figure>\n<p>Atmosfera de s\u0103rb\u0103toare va continua pe 19 august, \u00een Pia\u021ba Dacia din Buz\u0103u, unde, \u00eentre orele 19:00 \u0219i 20:30, va avea loc Festivalul Muzicilor Militare, un spectacol dedicat buzoienilor de toate v\u00e2rstele. <\/p>\n<figure class=\"wp-block-image size-full is-resized\"><img loading=\"lazy\" decoding=\"async\" width=\"800\" height=\"450\" src=\"https:\/\/www.campusbuzau.ro\/wp-content\/uploads\/2026\/08\/fanfara-militara.jpg\" alt class=\"wp-image-156175\"><\/figure>\n<p>Manifest\u0103rile aniversare se vor \u00eencheia pe 20 august, printr-o ceremonie militar\u0103 \u0219i religioas\u0103 desf\u0103\u0219urat\u0103 \u00eentre orele 12:00 \u0219i 14:00. Evenimentul va culmina cu defilarea militarilor pe Calea Eroilor din municipiul Buz\u0103u.<\/p>\n<figure class=\"wp-block-image size-full is-resized\"><img decoding=\"async\" loading=\"lazy\" width=\"800\" height=\"520\" src=\"https:\/\/www.campusbuzau.ro\/wp-content\/uploads\/2026\/08\/bust-averescu-4.jpg\" alt class=\"wp-image-156174\"><\/figure>\n<p>Divizia 2 Infanterie \u201eGetica\u201d este continuatoarea tradi\u021biilor istorice \u0219i de lupt\u0103 ale Armatei a 2-a, \u00eenfiin\u021bat\u0103 la data de 18 august 1916, cu pu\u021bin timp \u00eenainte de intrarea Rom\u00e2niei \u00een Primul R\u0103zboi Mondial. La comanda noii structuri a fost numit generalul de divizie Alexandru Averescu, care avea s\u0103 se acopere de glorie \u00een luptele de la M\u0103r\u0103\u015fti.<\/p>\n<\/div>\n<p>[analyse_source url=&#8221;https:\/\/www.campusbuzau.ro\/expozitii-parada-militara-si-festival-de-muzica-buzaul-celebreaza-110-ani-de-la-infiintarea-armatei-a-2-a\/&#8221;]<\/p>\n","protected":false},"excerpt":{"rendered":"<p>[analyse_image type=&#8221;featured&#8221; src=&#8221;https:\/\/www.campusbuzau.ro\/wp-content\/uploads\/2026\/08\/armata-prefectura.jpghttps:\/\/www.campusbuzau.ro\/wp-content\/uploads\/2026\/08\/armata-prefectura.jpg&#8221;] Divizia 2 Infanterie \u201eGetica\u201d marcheaz\u0103 110 ani de la \u00eenfiin\u021barea Armatei a 2-a, una dintre cele mai reprezentative structuri ale O\u0219tirii Rom\u00e2ne. Cu acest prilej, \u00eentre 10 \u0219i 20 august, \u00een municipiul Buz\u0103u va avea loc o serie de evenimente aniversare dedicate publicului larg. Manifest\u0103rile debuteaz\u0103 la Teatrul \u201eGeorge Ciprian\u201d, pe 10 [&hellip;]<\/p>\n","protected":false},"author":1,"featured_media":0,"comment_status":"open","ping_status":"","sticky":false,"template":"","format":"standard","meta":{"footnotes":""},"categories":[2],"tags":[118,226],"class_list":["post-2082247","post","type-post","status-publish","format-standard","hentry","category-politics","tag-campusbuzau-ro","tag-crawlmanager"],"_links":{"self":[{"href":"https:\/\/analyse.optim.biz\/index.php?rest_route=\/wp\/v2\/posts\/2082247","targetHints":{"allow":["GET"]}}],"collection":[{"href":"https:\/\/analyse.optim.biz\/index.php?rest_route=\/wp\/v2\/posts"}],"about":[{"href":"https:\/\/analyse.optim.biz\/index.php?rest_route=\/wp\/v2\/types\/post"}],"author":[{"embeddable":true,"href":"https:\/\/analyse.optim.biz\/index.php?rest_route=\/wp\/v2\/users\/1"}],"replies":[{"embeddable":true,"href":"https:\/\/analyse.optim.biz\/index.php?rest_route=%2Fwp%2Fv2%2Fcomments&post=2082247"}],"version-history":[{"count":0,"href":"https:\/\/analyse.optim.biz\/index.php?rest_route=\/wp\/v2\/posts\/2082247\/revisions"}],"wp:attachment":[{"href":"https:\/\/analyse.optim.biz\/index.php?rest_route=%2Fwp%2Fv2%2Fmedia&parent=2082247"}],"wp:term":[{"taxonomy":"category","embeddable":true,"href":"https:\/\/analyse.optim.biz\/index.php?rest_route=%2Fwp%2Fv2%2Fcategories&post=2082247"},{"taxonomy":"post_tag","embeddable":true,"href":"https:\/\/analyse.optim.biz\/index.php?rest_route=%2Fwp%2Fv2%2Ftags&post=2082247"}],"curies":[{"name":"wp","href":"https:\/\/api.w.org\/{rel}","templated":true}]}}