{"id":208215,"date":"2014-04-07T02:23:15","date_gmt":"2014-04-06T23:23:15","guid":{"rendered":"https:\/\/analyse.optim.biz\/?p=208215"},"modified":"2014-04-07T02:23:15","modified_gmt":"2014-04-06T23:23:15","slug":"liviu-dragnea-nu-sunt-sigur-ca-dl-antonescu-va-mai-candida-ar-putea-fi-sabotat-din-interior","status":"publish","type":"post","link":"https:\/\/analyse.optim.biz\/?p=208215","title":{"rendered":"Liviu Dragnea: Nu sunt sigur c\u0103 dl Antonescu va mai candida. Ar putea fi sabotat din interior"},"content":{"rendered":"<div class=\"entry data-app-meta data-app-meta-article\" data-embed-base-url-canonical=\"https:\/\/www.digi24.ro\/embed\/stiri\/actualitate\/politica\/liviu-dragnea-nu-sunt-sigur-ca-dl-antonescu-va-mai-candida-ar-putea-fi-sabotat-din-interior-225315\">\n<p data-index=\"1\"><img decoding=\"async\" src=\"https:\/\/analyse.optim.biz\/wp-content\/uploads\/2024\/09\/jmhhc2g9mtzjmji2nzzkntllmtzlmti3ytewzdzhytjjnmvlm2u-thumb_.jpg\" data-skip-htmlfix=\"1\" title=\"jmhhc2g9mtzjmji2nzzkntllmtzlmti3ytewzdzhytjjnmvlm2u-thumb_\">Pre\u015fedintele executiv al PSD a declarat \u00een <a href=\"https:\/\/www.digi24.ro\/Emisiuni\/Digi24\/Km0\/\" target=\"_blank\" data-skip-linkfix=\"1\" rel=\"noopener\"><strong>emisiunea \u201eKilometrul 0\u201d<\/strong><\/a> de la <strong>Digi24<\/strong> c\u0103 liberalii din teritoriu ar putea \u00eencerca tot ce este posibil ca PNL s\u0103 \u00eenregistreze un scor slab la europarlamentare, astfel \u00eenc\u00e2t Crin Antoonescu s\u0103 fie nevoit s\u0103 renun\u0163e la \u015fefia partidului.<\/p>\n<p data-index=\"2\"><strong>Liviu Dragnea<\/strong> consider\u0103 c\u0103 liderul PNL a f\u0103cut o \u201egre\u0219eal\u0103 fenomenal\u0103\u201d \u00een momentul c\u00e2nd a spus c\u0103, dac\u0103 PNL nu ia 20% din voturi (scor pe care Liviu Dragnea sus\u021bine c\u0103 l-a avansat chiar el, \u00eentr-o emisiune televizat\u0103 &#8211; n.r.) la alegerile europarlamentare, pleac\u0103 din fruntea partidului. \u201eDac\u0103 spui a\u0219a ceva, orice du\u0219man din partid va face tot ce e posibil ca acel partid s\u0103 nu ia 20% ca s\u0103 pleci din func\u021bia de pre\u0219edinte\u201d, a ar\u0103tat pre\u0219edintele executiv al PSD.<\/p>\n<p data-index=\"3\">\u00centrebat dac\u0103 <strong>Crin Antonescu<\/strong> ar putea fi sabotat de propriii colegi, Liviu Dragnea a r\u0103spuns: \u201eTot ce-i posibil (&#8230;) Sunt destui care spun lucrul \u0103sta. Sunt foarte nemul\u021bumi\u021bi. Li s-a spus ie\u0219im acum dom USL \u0219i-n dou\u0103 s\u0103pt\u0103m\u00e2ni revenim la guvernare. Acum s-a nuan\u021bat pozi\u021bia. Am ie\u0219it din USL \u0219i revenim la guvernare \u00een 2016 \u0219i oamenii \u00eentreab\u0103: dar de ce am plecat de la guvernare? Ca s\u0103 avem de unde s\u0103 ne \u00eentoarcem la guvernare? S\u0103 st\u0103m din nou c\u00e2teva luni p\u00e2n\u0103 c\u00e2nd iar se sup\u0103r\u0103 nu \u0219tiu cine?\u201d, a ar\u0103tat <strong>Liviu Dragnea<\/strong>. El a subliniat c\u0103 liderii din teritoriu nu au niciun fel de explica\u021bie de ce a plecat PNL de la guvernare, cu at\u00e2t mai mult cu c\u00e2t s-a mers la paritate cu PSD la \u00eemp\u0103r\u021birea locurilor, chiar dac\u0103 \u201ePSD era de dou\u0103 ori mai mare\u201d.<\/p>\n<p data-index=\"4\">\u201e<span>Asta genereaz\u0103 o foarte mare sup\u0103rare \u0219i vr\u00e2nd-nevr\u00e2nd, ea se str\u00e2nge pe Crin Antonescu\u201d, a men\u021bionat vicepremierul.<\/span><\/p>\n<p data-index=\"5\">El a declarat c\u0103 f\u0103r\u0103 Crin Antonescu \u00een fruntea PNL &#8211; ipotez\u0103 plauzibil\u0103 \u00een cazul unui rezultat prost la europarlamentare &#8211; exist\u0103 mai multe \u0219anse de refacere a USL.<\/p>\n<p data-index=\"6\">\u00centrebat ce p\u0103rere are de un tandem Crin Antonescu &#8211; pre\u0219edinte, Klaus Iohannis \u2013 premier, Liviu Dragnea a spus c\u0103 el a auzit de tandemul Crin Antonescu \u2013 pre\u0219edinte, Traian B\u0103sescu \u2013 premier \u0219i a argumentat de ce liberalul vrea s\u0103 fac\u0103 o alian\u021b\u0103 cu Traian B\u0103sescu. Urm\u0103ri\u021bi-i explica\u021biile \u00een materialul video de mai jos:<\/p>\n<\/div>\n<p> Source URL: https:\/\/www.digi24.ro\/stiri\/actualitate\/politica\/liviu-dragnea-nu-sunt-sigur-ca-dl-antonescu-va-mai-candida-ar-putea-fi-sabotat-din-interior-225315<\/p>\n","protected":false},"excerpt":{"rendered":"<p>Pre\u015fedintele executiv al PSD a declarat \u00een emisiunea \u201eKilometrul 0\u201d de la Digi24 c\u0103 liberalii din teritoriu ar putea \u00eencerca tot ce este posibil ca PNL s\u0103 \u00eenregistreze un scor slab la europarlamentare, astfel \u00eenc\u00e2t Crin Antoonescu s\u0103 fie nevoit s\u0103 renun\u0163e la \u015fefia partidului. Liviu Dragnea consider\u0103 c\u0103 liderul PNL a f\u0103cut o \u201egre\u0219eal\u0103 [&hellip;]<\/p>\n","protected":false},"author":1,"featured_media":208216,"comment_status":"open","ping_status":"","sticky":false,"template":"","format":"standard","meta":{"footnotes":""},"categories":[2],"tags":[11],"class_list":["post-208215","post","type-post","status-publish","format-standard","has-post-thumbnail","hentry","category-politics","tag-digi24"],"_links":{"self":[{"href":"https:\/\/analyse.optim.biz\/index.php?rest_route=\/wp\/v2\/posts\/208215","targetHints":{"allow":["GET"]}}],"collection":[{"href":"https:\/\/analyse.optim.biz\/index.php?rest_route=\/wp\/v2\/posts"}],"about":[{"href":"https:\/\/analyse.optim.biz\/index.php?rest_route=\/wp\/v2\/types\/post"}],"author":[{"embeddable":true,"href":"https:\/\/analyse.optim.biz\/index.php?rest_route=\/wp\/v2\/users\/1"}],"replies":[{"embeddable":true,"href":"https:\/\/analyse.optim.biz\/index.php?rest_route=%2Fwp%2Fv2%2Fcomments&post=208215"}],"version-history":[{"count":0,"href":"https:\/\/analyse.optim.biz\/index.php?rest_route=\/wp\/v2\/posts\/208215\/revisions"}],"wp:featuredmedia":[{"embeddable":true,"href":"https:\/\/analyse.optim.biz\/index.php?rest_route=\/wp\/v2\/media\/208216"}],"wp:attachment":[{"href":"https:\/\/analyse.optim.biz\/index.php?rest_route=%2Fwp%2Fv2%2Fmedia&parent=208215"}],"wp:term":[{"taxonomy":"category","embeddable":true,"href":"https:\/\/analyse.optim.biz\/index.php?rest_route=%2Fwp%2Fv2%2Fcategories&post=208215"},{"taxonomy":"post_tag","embeddable":true,"href":"https:\/\/analyse.optim.biz\/index.php?rest_route=%2Fwp%2Fv2%2Ftags&post=208215"}],"curies":[{"name":"wp","href":"https:\/\/api.w.org\/{rel}","templated":true}]}}