{"id":2082038,"date":"2026-08-07T11:25:58","date_gmt":"2026-08-07T08:25:58","guid":{"rendered":"https:\/\/analyse.optim.biz\/?p=2082038"},"modified":"2026-08-07T11:25:58","modified_gmt":"2026-08-07T08:25:58","slug":"timisoara-accident-in-lant-pe-calea-sagului-patru-masini-implicate-un-barbat-a-ajuns-la-spital","status":"publish","type":"post","link":"https:\/\/analyse.optim.biz\/?p=2082038","title":{"rendered":"Timi\u0219oara: Accident \u00een lan\u021b pe Calea \u0218agului. Patru ma\u0219ini implicate, un b\u0103rbat a ajuns la spital"},"content":{"rendered":"<p>[analyse_image type=&#8221;featured&#8221; src=&#8221;http:\/\/www.banatulmeu.ro\/wp-content\/uploads\/2026\/08\/IMG_4724-e1786102176247.jpeg&#8221;]<\/p>\n<div class=\"post-content-bd\">\n<p>Un accident rutier \u00een care au fost implicate patru ma\u0219ini a avut loc vineri, 7 august, pe Calea \u0218agului din Timi\u0219oara. Un b\u0103rbat \u00een v\u00e2rst\u0103 de 78 de ani a fost r\u0103nit \u0219i transportat la spital.<\/p>\n<p>La locul accidentului au intervenit pompierii Deta\u0219amentului 2 Timi\u0219oara, cu o autospecial\u0103 de prim\u0103 interven\u021bie \u0219i comand\u0103 \u0219i dou\u0103 echipaje SMURD.<\/p>\n<p>Accidentul s-a produs \u00een jurul orei 12:30. Potrivit poli\u021bi\u0219tilor, un b\u0103rbat de 58 de ani conducea o ma\u0219in\u0103 pe Calea \u0218agului, dinspre strada Ovidiu Cotru\u0219 \u00eenspre calea de acces c\u0103tre o societate comercial\u0103 din zon\u0103, iar la un moment dat, acesta a intrat \u00een coliziune cu autoturismul din fa\u021ba sa, condus de un b\u0103rbat de 46 de ani, care era oprit la semafor. \u00cen urma impactului, ma\u0219ina lovit\u0103 a fost proiectat\u0103 \u00eentr-un alt autoturism, condus de un b\u0103rbat de 48 de ani, iar acesta, la r\u00e2ndul s\u0103u, a fost proiectat \u00eentr-o a patra ma\u0219in\u0103, la volanul c\u0103reia se afla un b\u0103rbat de 52 de ani. Cele trei autoturisme lovite se aflau oprite la semafor.<\/p>\n<p>\u00cen cele patru ma\u0219ini se aflau, \u00een total, \u0219ase persoane.<\/p>\n<p>\u00cen urma accidentului, un b\u0103rbat de 78 de ani, pasager \u00een ma\u0219ina condus\u0103 de \u0219oferul de 46 de ani, a fost r\u0103nit. Acesta a fost transportat la spital, fiind con\u0219tient \u0219i cooperant.<\/p>\n<p>To\u021bi cei patru \u0219oferi au fost testa\u021bi cu aparatul etilotest, rezultatele fiind negative.<\/p>\n<p>Poli\u021bi\u0219tii au \u00eentocmit un dosar penal pentru v\u0103t\u0103mare corporal\u0103 din culp\u0103.<\/p>\n<\/div>\n<p>[analyse_source url=&#8221;https:\/\/www.banatulmeu.ro\/timisoara-accident-in-lant-pe-calea-sagului-patru-masini-implicate-un-barbat-a-ajuns-la-spital\/&#8221;]<\/p>\n","protected":false},"excerpt":{"rendered":"<p>[analyse_image type=&#8221;featured&#8221; src=&#8221;http:\/\/www.banatulmeu.ro\/wp-content\/uploads\/2026\/08\/IMG_4724-e1786102176247.jpeg&#8221;] Un accident rutier \u00een care au fost implicate patru ma\u0219ini a avut loc vineri, 7 august, pe Calea \u0218agului din Timi\u0219oara. Un b\u0103rbat \u00een v\u00e2rst\u0103 de 78 de ani a fost r\u0103nit \u0219i transportat la spital. La locul accidentului au intervenit pompierii Deta\u0219amentului 2 Timi\u0219oara, cu o autospecial\u0103 de prim\u0103 interven\u021bie \u0219i [&hellip;]<\/p>\n","protected":false},"author":1,"featured_media":0,"comment_status":"open","ping_status":"","sticky":false,"template":"","format":"standard","meta":{"footnotes":""},"categories":[89],"tags":[204,226],"class_list":["post-2082038","post","type-post","status-publish","format-standard","hentry","category-romania","tag-banatulmeu-ro","tag-crawlmanager"],"_links":{"self":[{"href":"https:\/\/analyse.optim.biz\/index.php?rest_route=\/wp\/v2\/posts\/2082038","targetHints":{"allow":["GET"]}}],"collection":[{"href":"https:\/\/analyse.optim.biz\/index.php?rest_route=\/wp\/v2\/posts"}],"about":[{"href":"https:\/\/analyse.optim.biz\/index.php?rest_route=\/wp\/v2\/types\/post"}],"author":[{"embeddable":true,"href":"https:\/\/analyse.optim.biz\/index.php?rest_route=\/wp\/v2\/users\/1"}],"replies":[{"embeddable":true,"href":"https:\/\/analyse.optim.biz\/index.php?rest_route=%2Fwp%2Fv2%2Fcomments&post=2082038"}],"version-history":[{"count":0,"href":"https:\/\/analyse.optim.biz\/index.php?rest_route=\/wp\/v2\/posts\/2082038\/revisions"}],"wp:attachment":[{"href":"https:\/\/analyse.optim.biz\/index.php?rest_route=%2Fwp%2Fv2%2Fmedia&parent=2082038"}],"wp:term":[{"taxonomy":"category","embeddable":true,"href":"https:\/\/analyse.optim.biz\/index.php?rest_route=%2Fwp%2Fv2%2Fcategories&post=2082038"},{"taxonomy":"post_tag","embeddable":true,"href":"https:\/\/analyse.optim.biz\/index.php?rest_route=%2Fwp%2Fv2%2Ftags&post=2082038"}],"curies":[{"name":"wp","href":"https:\/\/api.w.org\/{rel}","templated":true}]}}