{"id":2082028,"date":"2026-08-07T09:29:35","date_gmt":"2026-08-07T06:29:35","guid":{"rendered":"https:\/\/analyse.optim.biz\/?p=2082028"},"modified":"2026-08-07T09:29:35","modified_gmt":"2026-08-07T06:29:35","slug":"ruben-latcau-calatoria-cu-tramvaiul-in-timisoara-va-deveni-mult-mai-confortabila","status":"publish","type":"post","link":"https:\/\/analyse.optim.biz\/?p=2082028","title":{"rendered":"Ruben La\u0163c\u0103u: \u201cC\u0103l\u0103toria cu tramvaiul \u00een Timi\u015foara va deveni mult mai confortabil\u0103\u201d"},"content":{"rendered":"<p>[analyse_image type=&#8221;featured&#8221; src=&#8221;http:\/\/www.banatulmeu.ro\/wp-content\/uploads\/2026\/08\/latcau-stpt.png&#8221;]<\/p>\n<div class=\"post-content-bd\">\n<p>La Timi\u015foara a \u00eenceput frezarea liniilor de tramvai cu ajutorul unui echipament special.<\/p>\n<p><em>\u201cSuntem la STPT \u00een curte, unde strungul de tramvai se preg\u0103te\u015fte s\u0103 ias\u0103 din nou pe traseu. Deja au fost freza\u0163i 25 de kilometri de linie de trmavai, urmeaz\u0103 s\u0103 ajungem \u00een noaptea aceasta \u015fi m\u00e2ine noapte la 30 de kilometri. \u00centre procesele pe care le facem ca s\u0103 \u00eembun\u0103t\u0103\u0163im transportul public \u00een Timi\u015foara, facem linii noi, facem rute noi, aducem autobuze noi, tramvaie noi, dar este nevoie, de asemenea, s\u0103 facem investi\u0163ii \u00een infrastructura pe care deja o avem. Datorit\u0103 acestui strung, c\u0103l\u0103toria cu tramvaiul \u00een Timi\u015foara va deveni mult mai confortabil\u0103<\/em>\u201c, a afirmat Ruben La\u0163c\u0103u, viceprimarul Timi\u015foarei.<\/p>\n<p>Ca urmare a frez\u0103rii liniilor de tramvai din Timi\u015foara, vor fi reduse vibra\u021biile \u0219i zgomotul, care \u00eei afecteaz\u0103 at\u00e2t pe c\u0103l\u0103tori, c\u00e2t \u0219i pe cei care locuiesc \u00een apropierea liniilor.<\/p>\n<\/div>\n<p>[analyse_source url=&#8221;https:\/\/www.banatulmeu.ro\/ruben-latcau-calatoria-cu-tramvaiul-in-timisoara-va-deveni-mult-mai-confortabila\/&#8221;]<\/p>\n","protected":false},"excerpt":{"rendered":"<p>[analyse_image type=&#8221;featured&#8221; src=&#8221;http:\/\/www.banatulmeu.ro\/wp-content\/uploads\/2026\/08\/latcau-stpt.png&#8221;] La Timi\u015foara a \u00eenceput frezarea liniilor de tramvai cu ajutorul unui echipament special. \u201cSuntem la STPT \u00een curte, unde strungul de tramvai se preg\u0103te\u015fte s\u0103 ias\u0103 din nou pe traseu. Deja au fost freza\u0163i 25 de kilometri de linie de trmavai, urmeaz\u0103 s\u0103 ajungem \u00een noaptea aceasta \u015fi m\u00e2ine noapte la 30 [&hellip;]<\/p>\n","protected":false},"author":1,"featured_media":0,"comment_status":"open","ping_status":"","sticky":false,"template":"","format":"standard","meta":{"footnotes":""},"categories":[89],"tags":[204,226],"class_list":["post-2082028","post","type-post","status-publish","format-standard","hentry","category-romania","tag-banatulmeu-ro","tag-crawlmanager"],"_links":{"self":[{"href":"https:\/\/analyse.optim.biz\/index.php?rest_route=\/wp\/v2\/posts\/2082028","targetHints":{"allow":["GET"]}}],"collection":[{"href":"https:\/\/analyse.optim.biz\/index.php?rest_route=\/wp\/v2\/posts"}],"about":[{"href":"https:\/\/analyse.optim.biz\/index.php?rest_route=\/wp\/v2\/types\/post"}],"author":[{"embeddable":true,"href":"https:\/\/analyse.optim.biz\/index.php?rest_route=\/wp\/v2\/users\/1"}],"replies":[{"embeddable":true,"href":"https:\/\/analyse.optim.biz\/index.php?rest_route=%2Fwp%2Fv2%2Fcomments&post=2082028"}],"version-history":[{"count":0,"href":"https:\/\/analyse.optim.biz\/index.php?rest_route=\/wp\/v2\/posts\/2082028\/revisions"}],"wp:attachment":[{"href":"https:\/\/analyse.optim.biz\/index.php?rest_route=%2Fwp%2Fv2%2Fmedia&parent=2082028"}],"wp:term":[{"taxonomy":"category","embeddable":true,"href":"https:\/\/analyse.optim.biz\/index.php?rest_route=%2Fwp%2Fv2%2Fcategories&post=2082028"},{"taxonomy":"post_tag","embeddable":true,"href":"https:\/\/analyse.optim.biz\/index.php?rest_route=%2Fwp%2Fv2%2Ftags&post=2082028"}],"curies":[{"name":"wp","href":"https:\/\/api.w.org\/{rel}","templated":true}]}}