{"id":2082019,"date":"2026-08-04T13:59:35","date_gmt":"2026-08-04T10:59:35","guid":{"rendered":"https:\/\/analyse.optim.biz\/?p=2082019"},"modified":"2026-08-04T13:59:35","modified_gmt":"2026-08-04T10:59:35","slug":"isu-timis-controleaza-spitalele-dupa-instituirea-starii-de-alerta-si-codul-rosu-de-canicula","status":"publish","type":"post","link":"https:\/\/analyse.optim.biz\/?p=2082019","title":{"rendered":"ISU Timi\u0219 controleaz\u0103 spitalele dup\u0103 instituirea st\u0103rii de alert\u0103 \u0219i Codul Ro\u0219u de canicul\u0103"},"content":{"rendered":"<p>[analyse_image type=&#8221;featured&#8221; src=&#8221;https:\/\/orasul-timisoara.ro\/wp-content\/uploads\/2026\/08\/cdfdf9c4-433e-47f1-8ada-8c72398f92dd.jpg&#8221;]<\/p>\n<article id=\"post-40038\" class=\"td-post-template-7 post-40038 post type-post status-publish format-standard has-post-thumbnail category-featured category-stiri-timisoara tag-canicula-2 tag-cod-rosu-2 tag-energie-electrica-2 tag-grupuri-electrogene tag-infrastructura-critica tag-isu-timis-2 tag-judetul-timis-2 tag-retele-electrice-romania tag-situatii-de-urgenta tag-spitale-timis-2 tag-starea-de-alerta tag-unitati-sanitare td-container-wrap\">\n<div class=\"td-full-screen-header-image-wrap\">\n<div class=\"td-container td-post-header\">\n<div class=\"td-crumb-container\">\n<div class=\"entry-crumbs\"><span><a title=\"Vede\u021bi toate articolele \u00een \u0218tiri Locale\" class=\"entry-crumb\" href=\"https:\/\/orasul-timisoara.ro\/local-category\/stiri-timisoara\/\">\u0218tiri Locale<\/a><\/span><span class=\"td-bred-no-url-last\">ISU Timi\u0219 controleaz\u0103 spitalele dup\u0103 instituirea st\u0103rii de alert\u0103 \u0219i Codul Ro\u0219u&#8230;<\/span><\/div>\n<\/div>\n<div class=\"td-post-header-holder\">\n<div class=\"td-parallax-header\">\n<header class=\"td-post-title\">\n<ul class=\"td-category\">\n<li class=\"entry-category\"><a href=\"https:\/\/orasul-timisoara.ro\/local-category\/stiri-timisoara\/\">\u0218tiri Locale<\/a><\/li>\n<\/ul>\n<h1 class=\"entry-title\">ISU Timi\u0219 controleaz\u0103 spitalele dup\u0103 instituirea st\u0103rii de alert\u0103 \u0219i Codul Ro\u0219u de canicul\u0103<\/h1>\n<div class=\"td-module-meta-info\">\n<div class=\"td-post-author-name\">\n<div class=\"td-author-by\">De c\u0103tre<\/div>\n<p><a href=\"https:\/\/orasul-timisoara.ro\/author\/timisoara\/\">redactia<\/a><\/p>\n<div class=\"td-author-line\"> &#8211; <\/div>\n<\/div>\n<p><span class=\"td-post-date\"><time class=\"entry-date updated td-module-date\" datetime=\"2026-08-04T16:59:35+03:00\">04\/08\/2026<\/time><\/span><\/div>\n<\/header>\n<\/div>\n<\/div>\n<\/div>\n<div id=\"td-full-screen-header-image\" class=\"td-image-gradient-style7\"><img decoding=\"async\" class=\"td-backstretch\" src=\"https:\/\/orasul-timisoara.ro\/wp-content\/uploads\/2026\/08\/cdfdf9c4-433e-47f1-8ada-8c72398f92dd.jpg\"><\/div>\n<\/div>\n<div class=\"td-container\">\n<div class=\"td-pb-row\">\n<div class=\"td-pb-span8 td-main-content\" role=\"main\">\n<div class=\"td-ss-main-content\">\n<div class=\"td-post-sharing-top\">\n<div class=\"td-post-sharing-classic\"><iframe title=\"topFacebookLike\" frameborder src=\"https:\/\/www.facebook.com\/plugins\/like.php?href=https:\/\/orasul-timisoara.ro\/local-40038\/&amp;layout=button_count&amp;show_faces=false&amp;width=105&amp;action=like&amp;colorscheme=light&amp;height=21\"><\/iframe><\/div>\n<div id=\"td_social_sharing_article_top\" class=\"td-post-sharing td-ps-bg td-ps-notext td-post-sharing-style1 \">\n<div class=\"td-post-sharing-visible\"><a class=\"td-social-sharing-button td-social-sharing-button-js td-social-network td-social-facebook\" href=\"https:\/\/www.facebook.com\/sharer.php?u=https%3A%2F%2Forasul-timisoara.ro%2Flocal-40038%2F\" title=\"Facebook\"><\/p>\n<div class=\"td-social-but-text\">Facebook<\/div>\n<p><\/a><a class=\"td-social-sharing-button td-social-sharing-button-js td-social-network td-social-twitter\" href=\"https:\/\/twitter.com\/intent\/tweet?text=ISU+Timi%C8%99+controleaz%C4%83+spitalele+dup%C4%83+instituirea+st%C4%83rii+de+alert%C4%83+%C8%99i+Codul+Ro%C8%99u+de+canicul%C4%83&amp;url=https%3A%2F%2Forasul-timisoara.ro%2Flocal-40038%2F&amp;via=orasultm\" title=\"Twitter\"><\/p>\n<div class=\"td-social-but-text\">Twitter<\/div>\n<p><\/a><a class=\"td-social-sharing-button td-social-sharing-button-js td-social-network td-social-whatsapp\" href=\"https:\/\/api.whatsapp.com\/send?text=ISU+Timi%C8%99+controleaz%C4%83+spitalele+dup%C4%83+instituirea+st%C4%83rii+de+alert%C4%83+%C8%99i+Codul+Ro%C8%99u+de+canicul%C4%83%20%0A%0A%20https:\/\/orasul-timisoara.ro\/local-40038\/\" title=\"WhatsApp\"><\/p>\n<div class=\"td-social-but-text\">WhatsApp<\/div>\n<p><\/a><a class=\"td-social-sharing-button td-social-sharing-button-js td-social-network td-social-linkedin\" href=\"https:\/\/www.linkedin.com\/shareArticle?mini=true&amp;url=https:\/\/orasul-timisoara.ro\/local-40038\/&amp;title=ISU+Timi%C8%99+controleaz%C4%83+spitalele+dup%C4%83+instituirea+st%C4%83rii+de+alert%C4%83+%C8%99i+Codul+Ro%C8%99u+de+canicul%C4%83\" title=\"Linkedin\"><\/p>\n<div class=\"td-social-but-text\">Linkedin<\/div>\n<p><\/a><a class=\"td-social-sharing-button td-social-sharing-button-js td-social-network td-social-reddit\" href=\"https:\/\/reddit.com\/submit?url=https:\/\/orasul-timisoara.ro\/local-40038\/&amp;title=ISU+Timi%C8%99+controleaz%C4%83+spitalele+dup%C4%83+instituirea+st%C4%83rii+de+alert%C4%83+%C8%99i+Codul+Ro%C8%99u+de+canicul%C4%83\" title=\"ReddIt\"><\/p>\n<div class=\"td-social-but-text\">ReddIt<\/div>\n<p><\/a><a class=\"td-social-sharing-button td-social-sharing-button-js td-social-network td-social-mail\" href=\"mailto:?subject=ISU%20Timi%C8%99%20controleaz%C4%83%20spitalele%20dup%C4%83%20instituirea%20st%C4%83rii%20de%20alert%C4%83%20%C8%99i%20Codul%20Ro%C8%99u%20de%20canicul%C4%83&amp;body=https:\/\/orasul-timisoara.ro\/local-40038\/\" title=\"Email\"><\/p>\n<div class=\"td-social-but-text\">Email<\/div>\n<p><\/a><a class=\"td-social-sharing-button td-social-sharing-button-js td-social-network td-social-print\" href=\"https:\/\/orasul-timisoara.ro\/local-40038\/\" title=\"Imprimare\"><\/p>\n<div class=\"td-social-but-text\">Imprimare<\/div>\n<p><\/a><\/div>\n<\/div>\n<\/div>\n<div class=\"td-post-content tagdiv-type\">\n<p class=\"wp-block-paragraph\">Inspectoratul pentru Situa\u021bii de Urgen\u021b\u0103 (ISU) Timi\u0219 a dispus verific\u0103ri la toate unit\u0103\u021bile sanitare cu spitalizare continu\u0103 din jude\u021b, \u00een contextul instituirii st\u0103rii de alert\u0103 la nivel na\u021bional \u0219i al avertiz\u0103rilor meteorologice de Cod Ro\u0219u privind temperaturile extreme \u0219i valul de canicul\u0103.<\/p>\n<p class=\"wp-block-paragraph\">M\u0103sura are ca obiectiv asigurarea func\u021bion\u0103rii \u00een condi\u021bii de siguran\u021b\u0103 a infrastructurii critice din spitale \u0219i prevenirea eventualelor probleme care ar putea ap\u0103rea \u00een cazul unor \u00eentreruperi ale aliment\u0103rii cu energie electric\u0103.<\/p>\n<h2 class=\"wp-block-heading\">Verific\u0103ri la toate spitalele cu personalitate juridic\u0103 din jude\u021b<\/h2>\n<p class=\"wp-block-paragraph\">Potrivit ISU Timi\u0219, inspectorii de prevenire vor efectua controale la cele 14 unit\u0103\u021bi sanitare cu spitalizare continu\u0103 care au personalitate juridic\u0103.<\/p>\n<p class=\"wp-block-paragraph\">Ac\u021biunile urm\u0103resc respectarea normelor tehnice privind exploatarea \u0219i verificarea periodic\u0103 a surselor de alimentare de rezerv\u0103, \u00een special a grupurilor electrogene care asigur\u0103 alimentarea cu energie electric\u0103 a echipamentelor \u0219i consumatorilor vitali din spitale.<\/p>\n<h2 class=\"wp-block-heading\">Sunt verificate grupurile electrogene \u0219i sistemele de rezerv\u0103<\/h2>\n<p class=\"wp-block-paragraph\">\u00cen cadrul controalelor va fi analizat\u0103 func\u021bionarea grupurilor electrogene \u0219i modul \u00een care acestea pot prelua alimentarea cu energie electric\u0103 \u00een cazul unor \u00eentreruperi ale re\u021belei publice.<\/p>\n<p class=\"wp-block-paragraph\">Inspectorii urm\u0103resc ca echipamentele s\u0103 fie verificate de personal autorizat \u0219i s\u0103 respecte toate cerin\u021bele tehnice necesare pentru func\u021bionarea \u00een situa\u021bii de urgen\u021b\u0103.<\/p>\n<h2 class=\"wp-block-heading\">Re\u021bele Electrice Rom\u00e2nia ofer\u0103 sprijin tehnic<\/h2>\n<p class=\"wp-block-paragraph\">La verific\u0103ri particip\u0103 \u0219i echipele Re\u021bele Electrice Rom\u00e2nia, care vor acorda asisten\u021b\u0103 tehnic\u0103 unit\u0103\u021bilor sanitare.<\/p>\n<p class=\"wp-block-paragraph\">Speciali\u0219tii vor testa sistemele de Anclan\u0219are Automat\u0103 a Rezervei de Alimentare cu Energie Electric\u0103 (AAR\/ARRE), pentru a se asigura c\u0103 trecerea de la alimentarea principal\u0103 la sursa de rezerv\u0103 se realizeaz\u0103 automat, \u00een siguran\u021b\u0103 \u0219i f\u0103r\u0103 \u00eent\u00e2rzieri.<\/p>\n<h2 class=\"wp-block-heading\">Obiectivul este continuitatea aliment\u0103rii cu energie<\/h2>\n<p class=\"wp-block-paragraph\">Verific\u0103rile includ \u0219i testarea corectei comut\u0103ri \u00eentre re\u021beaua principal\u0103 \u0219i grupurile electrogene, astfel \u00eenc\u00e2t spitalele s\u0103 poat\u0103 func\u021biona f\u0103r\u0103 \u00eentreruperi chiar dac\u0103 apar probleme \u00een alimentarea cu energie electric\u0103.<\/p>\n<p class=\"wp-block-paragraph\">M\u0103surile sunt adoptate \u00een contextul temperaturilor extreme \u0219i al riscului crescut de incendii, fenomene care pot afecta func\u021bionarea infrastructurilor critice.<\/p>\n<h2 class=\"wp-block-heading\">M\u0103suri preventive pe durata st\u0103rii de alert\u0103<\/h2>\n<p class=\"wp-block-paragraph\">Prin aceste ac\u021biuni, autorit\u0103\u021bile urm\u0103resc monitorizarea permanent\u0103 a infrastructurii de distribu\u021bie a energiei electrice \u0219i men\u021binerea continuit\u0103\u021bii aliment\u0103rii unit\u0103\u021bilor sanitare pe \u00eentreaga perioad\u0103 \u00een care jude\u021bul Timi\u0219 se afl\u0103 sub avertiz\u0103ri meteorologice de Cod Ro\u0219u.<\/p>\n<p class=\"wp-block-paragraph\">ISU Timi\u0219 subliniaz\u0103 c\u0103 verific\u0103rile au caracter preventiv \u0219i fac parte din m\u0103surile dispuse pentru limitarea riscurilor generate de valul de c\u0103ldur\u0103 \u0219i de starea de alert\u0103 instituit\u0103 la nivel na\u021bional.<\/p>\n<\/div>\n<footer>\n<div class=\"td-post-source-tags\">\n<ul class=\"td-tags td-post-small-box clearfix\">\n<li><span>ETICHETE<\/span><\/li>\n<li><a href=\"https:\/\/orasul-timisoara.ro\/local-tag\/canicula-2\/\">canicul\u0103<\/a><\/li>\n<li><a href=\"https:\/\/orasul-timisoara.ro\/local-tag\/cod-rosu-2\/\">cod ro\u0219u<\/a><\/li>\n<li><a href=\"https:\/\/orasul-timisoara.ro\/local-tag\/energie-electrica-2\/\">energie electric\u0103<\/a><\/li>\n<li><a href=\"https:\/\/orasul-timisoara.ro\/local-tag\/grupuri-electrogene\/\">grupuri electrogene<\/a><\/li>\n<li><a href=\"https:\/\/orasul-timisoara.ro\/local-tag\/infrastructura-critica\/\">infrastructur\u0103 critic\u0103<\/a><\/li>\n<li><a href=\"https:\/\/orasul-timisoara.ro\/local-tag\/isu-timis-2\/\">ISU Timi\u0219<\/a><\/li>\n<li><a href=\"https:\/\/orasul-timisoara.ro\/local-tag\/judetul-timis-2\/\">jude\u021bul Timi\u0219<\/a><\/li>\n<li><a href=\"https:\/\/orasul-timisoara.ro\/local-tag\/retele-electrice-romania\/\">Re\u021bele Electrice Rom\u00e2nia<\/a><\/li>\n<li><a href=\"https:\/\/orasul-timisoara.ro\/local-tag\/situatii-de-urgenta\/\">situa\u021bii de urgen\u021b\u0103<\/a><\/li>\n<li><a href=\"https:\/\/orasul-timisoara.ro\/local-tag\/spitale-timis-2\/\">spitale Timi\u0219<\/a><\/li>\n<li><a href=\"https:\/\/orasul-timisoara.ro\/local-tag\/starea-de-alerta\/\">starea de alert\u0103<\/a><\/li>\n<li><a href=\"https:\/\/orasul-timisoara.ro\/local-tag\/unitati-sanitare\/\">unit\u0103\u021bi sanitare<\/a><\/li>\n<\/ul>\n<\/div>\n<div class=\"td-post-sharing-bottom\">\n<div class=\"td-post-sharing-classic\"><iframe title=\"bottomFacebookLike\" frameborder src=\"https:\/\/www.facebook.com\/plugins\/like.php?href=https:\/\/orasul-timisoara.ro\/local-40038\/&amp;layout=button_count&amp;show_faces=false&amp;width=105&amp;action=like&amp;colorscheme=light&amp;height=21\"><\/iframe><\/div>\n<div id=\"td_social_sharing_article_bottom\" class=\"td-post-sharing td-ps-bg td-ps-notext td-post-sharing-style1 \">\n<div class=\"td-post-sharing-visible\"><a class=\"td-social-sharing-button td-social-sharing-button-js td-social-network td-social-facebook\" href=\"https:\/\/www.facebook.com\/sharer.php?u=https%3A%2F%2Forasul-timisoara.ro%2Flocal-40038%2F\" title=\"Facebook\"><\/p>\n<div class=\"td-social-but-text\">Facebook<\/div>\n<p><\/a><a class=\"td-social-sharing-button td-social-sharing-button-js td-social-network td-social-twitter\" href=\"https:\/\/twitter.com\/intent\/tweet?text=ISU+Timi%C8%99+controleaz%C4%83+spitalele+dup%C4%83+instituirea+st%C4%83rii+de+alert%C4%83+%C8%99i+Codul+Ro%C8%99u+de+canicul%C4%83&amp;url=https%3A%2F%2Forasul-timisoara.ro%2Flocal-40038%2F&amp;via=orasultm\" title=\"Twitter\"><\/p>\n<div class=\"td-social-but-text\">Twitter<\/div>\n<p><\/a><a class=\"td-social-sharing-button td-social-sharing-button-js td-social-network td-social-whatsapp\" href=\"https:\/\/api.whatsapp.com\/send?text=ISU+Timi%C8%99+controleaz%C4%83+spitalele+dup%C4%83+instituirea+st%C4%83rii+de+alert%C4%83+%C8%99i+Codul+Ro%C8%99u+de+canicul%C4%83%20%0A%0A%20https:\/\/orasul-timisoara.ro\/local-40038\/\" title=\"WhatsApp\"><\/p>\n<div class=\"td-social-but-text\">WhatsApp<\/div>\n<p><\/a><a class=\"td-social-sharing-button td-social-sharing-button-js td-social-network td-social-linkedin\" href=\"https:\/\/www.linkedin.com\/shareArticle?mini=true&amp;url=https:\/\/orasul-timisoara.ro\/local-40038\/&amp;title=ISU+Timi%C8%99+controleaz%C4%83+spitalele+dup%C4%83+instituirea+st%C4%83rii+de+alert%C4%83+%C8%99i+Codul+Ro%C8%99u+de+canicul%C4%83\" title=\"Linkedin\"><\/p>\n<div class=\"td-social-but-text\">Linkedin<\/div>\n<p><\/a><a class=\"td-social-sharing-button td-social-sharing-button-js td-social-network td-social-reddit\" href=\"https:\/\/reddit.com\/submit?url=https:\/\/orasul-timisoara.ro\/local-40038\/&amp;title=ISU+Timi%C8%99+controleaz%C4%83+spitalele+dup%C4%83+instituirea+st%C4%83rii+de+alert%C4%83+%C8%99i+Codul+Ro%C8%99u+de+canicul%C4%83\" title=\"ReddIt\"><\/p>\n<div class=\"td-social-but-text\">ReddIt<\/div>\n<p><\/a><a class=\"td-social-sharing-button td-social-sharing-button-js td-social-network td-social-mail\" href=\"mailto:?subject=ISU%20Timi%C8%99%20controleaz%C4%83%20spitalele%20dup%C4%83%20instituirea%20st%C4%83rii%20de%20alert%C4%83%20%C8%99i%20Codul%20Ro%C8%99u%20de%20canicul%C4%83&amp;body=https:\/\/orasul-timisoara.ro\/local-40038\/\" title=\"Email\"><\/p>\n<div class=\"td-social-but-text\">Email<\/div>\n<p><\/a><a class=\"td-social-sharing-button td-social-sharing-button-js td-social-network td-social-print\" href=\"https:\/\/orasul-timisoara.ro\/local-40038\/\" title=\"Imprimare\"><\/p>\n<div class=\"td-social-but-text\">Imprimare<\/div>\n<p><\/a><\/div>\n<\/div>\n<\/div>\n<div class=\"td-block-row td-post-next-prev\">\n<div class=\"td-block-span6 td-post-prev-post\">\n<div class=\"td-post-next-prev-content\"><span>Articolul precedent<\/span><a href=\"https:\/\/orasul-timisoara.ro\/local-40035\/\">Poli\u021bia Local\u0103 Timi\u0219oara \u00eencepe controalele dup\u0103 intrarea \u00een vigoare a noului regulament de tonaj. Camioanele de peste 3,5 tone au nevoie de autoriza\u021bie pentru acces \u00een zonele restric\u021bionate din ora\u0219<\/a><\/div>\n<\/div>\n<div class=\"td-block-span6 td-post-next-post\">\n<div class=\"td-post-next-prev-content\"><span>Articolul urm\u0103tor<\/span><a href=\"https:\/\/orasul-timisoara.ro\/local-40042\/\">Politehnica Timi\u0219oara debuteaz\u0103 cu victorie \u00een Liga a II-a: 1-0 cu Chindia<\/a><\/div>\n<\/div>\n<\/div>\n<div class=\"td-author-name vcard author\"><span class=\"fn\"><a href=\"https:\/\/orasul-timisoara.ro\/author\/timisoara\/\">redactia<\/a><\/span><\/div>\n<p><span class=\"td-page-meta\"><\/span><span class=\"td-page-meta\"><span class=\"td-page-meta\"><\/span><\/span><span class=\"td-page-meta\"><\/span><\/footer>\n<div class=\"td_block_wrap td_block_related_posts tdi_3 td_with_ajax_pagination td-pb-border-top td_block_template_8\" data-td-block-uid=\"tdi_3\">\n<h4 class=\"td-related-title td-block-title\"><a id=\"tdi_4\" class=\"td-related-left td-cur-simple-item\" data-td_filter_value data-td_block_id=\"tdi_3\" href=\"https:\/\/orasul-timisoara.ro\/local-40038\/\">ARTICOLE SIMILARE<\/a><a id=\"tdi_5\" class=\"td-related-right\" data-td_filter_value=\"td_related_more_from_author\" data-td_block_id=\"tdi_3\" href=\"https:\/\/orasul-timisoara.ro\/local-40038\/\">DE LA ACELA\u0218I AUTOR<\/a><\/h4>\n<div id=\"tdi_3\" class=\"td_block_inner\">\n<div class=\"td-related-row\">\n<div class=\"td-related-span4\">\n<div class=\"td_module_related_posts td-animation-stack td_mod_related_posts\">\n<div class=\"td-module-image\">\n<div class=\"td-module-thumb\"><a href=\"https:\/\/orasul-timisoara.ro\/local-39995\/\" rel=\"bookmark\" class=\"td-image-wrap \" title=\"Cod ro\u0219u de canicul\u0103 \u00een Timi\u0219. Temperaturi de p\u00e2n\u0103 la 41 de grade \u0219i nop\u021bi tropicale\"><img loading=\"lazy\" decoding=\"async\" class=\"entry-thumb\" src=\"https:\/\/orasul-timisoara.ro\/wp-content\/uploads\/2019\/06\/vremea-termometru-temperatura-40-grade-soare.jpeg\" alt title=\"Cod ro\u0219u de canicul\u0103 \u00een Timi\u0219. Temperaturi de p\u00e2n\u0103 la 41 de grade \u0219i nop\u021bi tropicale\" width=\"218\" height=\"150\"><\/a><\/div>\n<\/div>\n<div class=\"item-details\">\n<h3 class=\"entry-title td-module-title\"><a href=\"https:\/\/orasul-timisoara.ro\/local-39995\/\" rel=\"bookmark\" title=\"Cod ro\u0219u de canicul\u0103 \u00een Timi\u0219. Temperaturi de p\u00e2n\u0103 la 41 de grade \u0219i nop\u021bi tropicale\">Cod ro\u0219u de canicul\u0103 \u00een Timi\u0219. Temperaturi de p\u00e2n\u0103 la 41 de grade \u0219i nop\u021bi tropicale<\/a><\/h3>\n<\/div>\n<\/div>\n<\/div>\n<div class=\"td-related-span4\">\n<div class=\"td_module_related_posts td-animation-stack td_mod_related_posts\">\n<div class=\"td-module-image\">\n<div class=\"td-module-thumb\"><a href=\"https:\/\/orasul-timisoara.ro\/local-39980\/\" rel=\"bookmark\" class=\"td-image-wrap \" title=\"Medicii avertizeaz\u0103: Canicula poate agrava bolile respiratorii la copii\"><img loading=\"lazy\" decoding=\"async\" class=\"entry-thumb\" src=\"https:\/\/orasul-timisoara.ro\/wp-content\/uploads\/2026\/08\/mama-fiica-pahar-apa-canicula-436x300.jpg\" alt title=\"Medicii avertizeaz\u0103: Canicula poate agrava bolile respiratorii la copii\" width=\"218\" height=\"150\"><\/a><\/div>\n<\/div>\n<div class=\"item-details\">\n<h3 class=\"entry-title td-module-title\"><a href=\"https:\/\/orasul-timisoara.ro\/local-39980\/\" rel=\"bookmark\" title=\"Medicii avertizeaz\u0103: Canicula poate agrava bolile respiratorii la copii\">Medicii avertizeaz\u0103: Canicula poate agrava bolile respiratorii la copii<\/a><\/h3>\n<\/div>\n<\/div>\n<\/div>\n<div class=\"td-related-span4\">\n<div class=\"td_module_related_posts td-animation-stack td_mod_related_posts\">\n<div class=\"td-module-image\">\n<div class=\"td-module-thumb\"><a href=\"https:\/\/orasul-timisoara.ro\/local-39965\/\" rel=\"bookmark\" class=\"td-image-wrap \" title=\"Ilie Bolojan anun\u021b\u0103 m\u0103suri pentru reducerea consumului de energie \u0219i preg\u0103te\u0219te un mecanism de limitare pentru marii consumatori\"><img loading=\"lazy\" decoding=\"async\" class=\"entry-thumb\" src=\"https:\/\/orasul-timisoara.ro\/wp-content\/uploads\/2025\/07\/ilie-bolojan-iulie-2025-436x300.jpg\" alt title=\"Ilie Bolojan anun\u021b\u0103 m\u0103suri pentru reducerea consumului de energie \u0219i preg\u0103te\u0219te un mecanism de limitare pentru marii consumatori\" width=\"218\" height=\"150\"><\/a><\/div>\n<\/div>\n<div class=\"item-details\">\n<h3 class=\"entry-title td-module-title\"><a href=\"https:\/\/orasul-timisoara.ro\/local-39965\/\" rel=\"bookmark\" title=\"Ilie Bolojan anun\u021b\u0103 m\u0103suri pentru reducerea consumului de energie \u0219i preg\u0103te\u0219te un mecanism de limitare pentru marii consumatori\">Ilie Bolojan anun\u021b\u0103 m\u0103suri pentru reducerea consumului de energie \u0219i preg\u0103te\u0219te un mecanism de limitare pentru marii consumatori<\/a><\/h3>\n<\/div>\n<\/div>\n<\/div>\n<\/div>\n<\/div>\n<\/div>\n<div class=\"comments\" id=\"comments\">\n<div id=\"respond\" class=\"comment-respond\">\n<h3 id=\"reply-title\" class=\"comment-reply-title\">L\u0102SA\u021aI UN MESAJ<\/h3>\n<div class=\"comment-form-input-wrap td-form-comment\">\n<div class=\"td-warning-comment\">V\u0103 rug\u0103m s\u0103 introduce\u021bi comentariul dvs.!<\/div>\n<\/div>\n<div class=\"comment-form-input-wrap td-form-author\">\n<div class=\"td-warning-author\">Introduce\u021bi aici numele dvs.<\/div>\n<\/div>\n<div class=\"comment-form-input-wrap td-form-email\">\n<div class=\"td-warning-email-error\">A\u021bi introdus o adres\u0103 de e-mail incorect\u0103!<\/div>\n<div class=\"td-warning-email\">V\u0103 rug\u0103m s\u0103 introduce\u021bi adresa dvs. de e-mail aici<\/div>\n<\/div>\n<\/div>\n<p class=\"akismet_comment_form_privacy_notice\">Acest site folose\u0219te Akismet pentru a reduce spamul. <a href=\"https:\/\/akismet.com\/privacy\/\" target=\"_blank\" rel=\"nofollow noopener\">Afl\u0103 cum sunt procesate datele comentariilor tale<\/a>.<\/p>\n<\/div>\n<\/div>\n<\/div>\n<div class=\"td-pb-span4 td-main-sidebar\" role=\"complementary\">\n<div class=\"td-ss-main-sidebar\">\n<aside id=\"block-4\" class=\"td_block_template_8 widget block-4 widget_block widget_media_image\">\n<figure class=\"wp-block-image size-full\"><img loading=\"lazy\" decoding=\"async\" width=\"336\" height=\"280\" src=\"https:\/\/orasul-timisoara.ro\/wp-content\/uploads\/2024\/11\/ReTIM-Abonamentul-Verde-Google-Ads-336x280px.gif\" alt class=\"wp-image-29257\"><\/figure>\n<\/aside>\n<div class=\"td_block_wrap td_block_social_counter td_block_widget tdi_6 td-social-style5 td-social-boxed td-pb-border-top td_block_template_8\">\n<div class=\"td-block-title-wrap\">\n<h4 class=\"td-block-title\"><span>Urm\u0103re\u0219te-ne pe Social Media<\/span><\/h4>\n<\/div>\n<div class=\"td-social-list\">\n<div class=\"td_social_type td-pb-margin-side td_social_facebook\">\n<div class=\"td-social-box\"><span class=\"td_social_info td_social_info_counter\">344,595<\/span><span class=\"td_social_info td_social_info_name\">Fani<\/span><span class=\"td_social_button\"><a href=\"https:\/\/www.facebook.com\/247timisoara\" target=\"_blank\" rel=\"nofollow\">\u00cemi place<\/a><\/span><\/div>\n<\/div>\n<div class=\"td_social_type td-pb-margin-side td_social_instagram\">\n<div class=\"td-social-box\"><span class=\"td_social_info td_social_info_counter\">4,416<\/span><span class=\"td_social_info td_social_info_name\">Cititori<\/span><span class=\"td_social_button\"><a href=\"https:\/\/instagram.com\/orasultimisoararo\/\" target=\"_blank\" rel=\"nofollow\">Conecta\u021bi-v\u0103<\/a><\/span><\/div>\n<\/div>\n<div class=\"td_social_type td-pb-margin-side td_social_rss\">\n<div class=\"td-social-box\"><span class=\"td_social_info td_social_info_counter\">12,506<\/span><span class=\"td_social_info td_social_info_name\">Cititori<\/span><span class=\"td_social_button\"><a href=\"https:\/\/orasul-timisoara.ro\/feed\/\" target=\"_blank\" rel=\"nofollow\">Conecta\u021bi-v\u0103<\/a><\/span><\/div>\n<\/div>\n<div class=\"td_social_type td-pb-margin-side td_social_tiktok\">\n<div class=\"td-social-box\"><span class=\"td_social_info td_social_info_counter\">1,500<\/span><span class=\"td_social_info td_social_info_name\">Cititori<\/span><span class=\"td_social_button\"><a href=\"https:\/\/www.tiktok.com\/@orasultimisoara\" target=\"_blank\" rel=\"nofollow\">Conecta\u021bi-v\u0103<\/a><\/span><\/div>\n<\/div>\n<div class=\"td_social_type td-pb-margin-side td_social_twitter\">\n<div class=\"td-social-box\"><span class=\"td_social_info td_social_info_counter\">1,595<\/span><span class=\"td_social_info td_social_info_name\">Cititori<\/span><span class=\"td_social_button\"><a href=\"https:\/\/twitter.com\/orasultm\" target=\"_blank\" rel=\"nofollow\">Conecta\u021bi-v\u0103<\/a><\/span><\/div>\n<\/div>\n<div class=\"td_social_type td-pb-margin-side td_social_youtube\">\n<div class=\"td-social-box\"><span class=\"td_social_info td_social_info_counter\">3,506<\/span><span class=\"td_social_info td_social_info_name\">Abona\u021bi<\/span><span class=\"td_social_button\"><a href=\"https:\/\/www.youtube.com\/channel\/UCQNsQvs2XCSIm1Z-AHRturw?sub_confirmation=1\" target=\"_blank\" rel=\"nofollow\">Abona\u021bi-v\u0103<\/a><\/span><\/div>\n<\/div>\n<\/div>\n<\/div>\n<aside id=\"text-7\" class=\"td_block_template_8 widget text-7 widget_text\">\n<h4 class=\"td-block-title\"><span>C\u0103ut\u0103ri populare pe OTM<\/span><\/h4>\n<div class=\"textwidget\"><a href=\"https:\/\/orasul-timisoara.ro\/?s=timisoara\"><span>Timisoara<\/span><\/a><a href=\"https:\/\/orasul-timisoara.ro\/?s=calin+dobra\"><span>Calin Dobra<\/span><\/a><a href=\"https:\/\/orasul-timisoara.ro\/?s=primaria+timisoara\"><span>Primaria Timisoara<\/span><\/a><a href=\"https:\/\/orasul-timisoara.ro\/?s=dominic+fritz\"><span>Dominic Fritz<\/span><\/a><a href=\"https:\/\/orasul-timisoara.ro\/?s=nicolae+robu\"><span>Nicolae Robu<\/span><\/a><a href=\"https:\/\/orasul-timisoara.ro\/?s=consiliul+local+timisoara\">Consiliul Local Timisoara<\/a><a href=\"https:\/\/orasul-timisoara.ro\/?s=consiliul+judetean+timis\"><span>Consiliul Judetean Timis<\/span><\/a><a href=\"https:\/\/orasul-timisoara.ro\/?s=cjt\"><span>CJT<\/span><\/a><a href=\"https:\/\/orasul-timisoara.ro\/?s=Alfred+Simonis\"><span>Alfred Simonis<\/span><\/a><a href=\"https:\/\/orasul-timisoara.ro\/?s=PNL\"><span>PNL<\/span><\/a><a href=\"https:\/\/orasul-timisoara.ro\/?s=coronavirus\"><span>coronavirus<\/span><\/a><a href=\"https:\/\/orasul-timisoara.ro\/?s=teatru+timisoara\">teatru Timisoara<\/a><a href=\"https:\/\/orasul-timisoara.ro\/?s=restaurante\"><span>restaurante Timisoara<\/span><\/a><a href=\"https:\/\/orasul-timisoara.ro\/?s=diskoteka\"><span>Diskoteka<\/span><\/a><a href=\"https:\/\/orasul-timisoara.ro\/?s=iulius+town\"><span>Iulius Town<\/span><\/a><a href=\"https:\/\/orasul-timisoara.ro\/?s=iulius+mall\"><span>Iulius Mall<\/span><\/a><a href=\"https:\/\/orasul-timisoara.ro\/?s=stpt\"><span>STPT<\/span><\/a><a href=\"https:\/\/orasul-timisoara.ro\/?s=alin+nica\"><span>Alin Nica<\/span><\/a><a href=\"https:\/\/orasul-timisoara.ro\/?s=psd\"><span>PSD<\/span><\/a><a href=\"https:\/\/orasul-timisoara.ro\/?s=aeroport\"><span>Aeroportul International Timisoara<\/span><\/a><a href=\"https:\/\/orasul-timisoara.ro\/?s=babes\"><span>Spitalul Victor Babes Timisoara<\/span><\/a><a href=\"https:\/\/orasul-timisoara.ro\/?s=poli\"><span>Poli Timi\u0219oara<\/span><\/a><a href=\"https:\/\/orasul-timisoara.ro\/?s=carantina\"><span>carantina<\/span><\/a><a href=\"https:\/\/orasul-timisoara.ro\/?s=aquatim\"><span>Aquatim<\/span><\/a><a href=\"https:\/\/orasul-timisoara.ro\/local-category\/stiri-timisoara\/\"><span>Stiri Timisoara<\/span><\/a><a href=\"https:\/\/orasul-timisoara.ro\/local-category\/investitii-in-timisoara\/\"><span>Investi\u021bii in Timi\u0219oara<\/span><\/a><a href=\"https:\/\/orasul-timisoara.ro\/local-9463\/\"><span>shaorma<\/span><\/a><a href=\"https:\/\/orasul-timisoara.ro\/?s=trafic\"><span>trafic rutier<\/span><\/a><a href=\"https:\/\/orasul-timisoara.ro\/?s=politia\"><span>politia locala timisoara<\/span><\/a><a href=\"https:\/\/orasul-timisoara.ro\/?s=roxana\"><span>Roxana Iliescu<\/span><\/a><a href=\"https:\/\/orasul-timisoara.ro\/?s=colterm\"><span>Colterm<\/span><\/a><a href=\"https:\/\/orasul-timisoara.ro\/?s=latcau\"><span>Ruben La\u021bc\u0103u<\/span><\/a><a href=\"https:\/\/orasul-timisoara.ro\/?s=timis\"><span>\u0218tiri din Timi\u0219<\/span><\/a><a href=\"https:\/\/orasul-timisoara.ro\/?s=spital\"><span>Spitale din Timi\u0219oara<\/span><\/a><a href=\"https:\/\/orasul-timisoara.ro\/?s=tabara\"><span>Cosmin Tab\u0103r\u0103<\/span><\/a><\/div>\n<\/aside>\n<aside id=\"rss-2\" class=\"td_block_template_8 widget rss-2 widget_rss\">\n<h4 class=\"td-block-title\"><span><a class=\"rsswidget rss-widget-feed\" href=\"https:\/\/fashionfridays.ro\/feed\"><img decoding=\"async\" class=\"rss-widget-icon\" width=\"14\" height=\"14\" src=\"https:\/\/orasul-timisoara.ro\/wp-includes\/images\/rss.png\" alt=\"RSS\" loading=\"lazy\"><\/a><a class=\"rsswidget rss-widget-title\" href=\"https:\/\/fashionfridays.ro\/\">Fashion Fridays<\/a><\/span><\/h4>\n<ul>\n<li><a class=\"rsswidget\" href=\"https:\/\/fashionfridays.ro\/romania-devine-a-29-a-piata-vogue-o-noua-era-pentru-industria-locala-de-moda\/\">Rom\u00e2nia devine a 29-a pia\u021b\u0103 Vogue: o nou\u0103 er\u0103 pentru industria local\u0103 de mod\u0103<\/a>\n<div class=\"rssSummary\">Revista Vogue \u00ee\u0219i extinde prezen\u021ba global\u0103 \u0219i va fi lansat\u0103 oficial \u00een Rom\u00e2nia \u00een prim\u0103vara anului 2027, marc\u00e2nd intrarea pe cea de-a 29-a pia\u021b\u0103 interna\u021bional\u0103. Proiectul este realizat \u00een parteneriat cu AEMME Publishing, o companie media recent \u00eenfiin\u021bat\u0103, care va publica edi\u021bia local\u0103 sub licen\u021b\u0103. Noua edi\u021bie, Vogue Rom\u00e2nia, \u00ee\u0219i propune s\u0103 combine autoritatea global\u0103 [\u2026]<\/div>\n<\/li>\n<\/ul>\n<\/aside>\n<aside id=\"rss-4\" class=\"td_block_template_8 widget rss-4 widget_rss\">\n<h4 class=\"td-block-title\"><span><a class=\"rsswidget rss-widget-feed\" href=\"https:\/\/emasini.ro\/feed\"><img decoding=\"async\" class=\"rss-widget-icon\" width=\"14\" height=\"14\" src=\"https:\/\/orasul-timisoara.ro\/wp-includes\/images\/rss.png\" alt=\"RSS\" loading=\"lazy\"><\/a><a class=\"rsswidget rss-widget-title\" href=\"https:\/\/emasini.ro\/\">eMasini<\/a><\/span><\/h4>\n<ul>\n<li><a class=\"rsswidget\" href=\"https:\/\/emasini.ro\/bmw-testeaza-noul-i4-convertible-primul-cabrio-electric-accesibil-al-marcii\/\">BMW testeaz\u0103 noul i4 Convertible, primul cabrio electric accesibil al m\u0103rcii<\/a>\n<div class=\"rssSummary\">BMW accelereaz\u0103 dezvoltarea noii genera\u021bii de modele electrice bazate pe platforma Neue Klasse, iar unul dintre cele mai interesante proiecte aflate \u00een teste este viitorul BMW i4 Convertible. Prototipul camuflat a fost surprins pe \u0219osele, confirm\u00e2nd c\u0103 produc\u0103torul german preg\u0103te\u0219te o decapotabil\u0103 electric\u0103 destinat\u0103 unui segment \u00een care oferta este, \u00een prezent, extrem de limitat\u0103. [\u2026]<\/div>\n<\/li>\n<\/ul>\n<\/aside>\n<\/div>\n<\/div>\n<\/div>\n<\/div>\n<\/article>\n<div class=\"td-post-content tagdiv-type\">\n<p class=\"wp-block-paragraph\">Inspectoratul pentru Situa\u021bii de Urgen\u021b\u0103 (ISU) Timi\u0219 a dispus verific\u0103ri la toate unit\u0103\u021bile sanitare cu spitalizare continu\u0103 din jude\u021b, \u00een contextul instituirii st\u0103rii de alert\u0103 la nivel na\u021bional \u0219i al avertiz\u0103rilor meteorologice de Cod Ro\u0219u privind temperaturile extreme \u0219i valul de canicul\u0103.<\/p>\n<p class=\"wp-block-paragraph\">M\u0103sura are ca obiectiv asigurarea func\u021bion\u0103rii \u00een condi\u021bii de siguran\u021b\u0103 a infrastructurii critice din spitale \u0219i prevenirea eventualelor probleme care ar putea ap\u0103rea \u00een cazul unor \u00eentreruperi ale aliment\u0103rii cu energie electric\u0103.<\/p>\n<h2 class=\"wp-block-heading\">Verific\u0103ri la toate spitalele cu personalitate juridic\u0103 din jude\u021b<\/h2>\n<p class=\"wp-block-paragraph\">Potrivit ISU Timi\u0219, inspectorii de prevenire vor efectua controale la cele 14 unit\u0103\u021bi sanitare cu spitalizare continu\u0103 care au personalitate juridic\u0103.<\/p>\n<p class=\"wp-block-paragraph\">Ac\u021biunile urm\u0103resc respectarea normelor tehnice privind exploatarea \u0219i verificarea periodic\u0103 a surselor de alimentare de rezerv\u0103, \u00een special a grupurilor electrogene care asigur\u0103 alimentarea cu energie electric\u0103 a echipamentelor \u0219i consumatorilor vitali din spitale.<\/p>\n<h2 class=\"wp-block-heading\">Sunt verificate grupurile electrogene \u0219i sistemele de rezerv\u0103<\/h2>\n<p class=\"wp-block-paragraph\">\u00cen cadrul controalelor va fi analizat\u0103 func\u021bionarea grupurilor electrogene \u0219i modul \u00een care acestea pot prelua alimentarea cu energie electric\u0103 \u00een cazul unor \u00eentreruperi ale re\u021belei publice.<\/p>\n<p class=\"wp-block-paragraph\">Inspectorii urm\u0103resc ca echipamentele s\u0103 fie verificate de personal autorizat \u0219i s\u0103 respecte toate cerin\u021bele tehnice necesare pentru func\u021bionarea \u00een situa\u021bii de urgen\u021b\u0103.<\/p>\n<h2 class=\"wp-block-heading\">Re\u021bele Electrice Rom\u00e2nia ofer\u0103 sprijin tehnic<\/h2>\n<p class=\"wp-block-paragraph\">La verific\u0103ri particip\u0103 \u0219i echipele Re\u021bele Electrice Rom\u00e2nia, care vor acorda asisten\u021b\u0103 tehnic\u0103 unit\u0103\u021bilor sanitare.<\/p>\n<p class=\"wp-block-paragraph\">Speciali\u0219tii vor testa sistemele de Anclan\u0219are Automat\u0103 a Rezervei de Alimentare cu Energie Electric\u0103 (AAR\/ARRE), pentru a se asigura c\u0103 trecerea de la alimentarea principal\u0103 la sursa de rezerv\u0103 se realizeaz\u0103 automat, \u00een siguran\u021b\u0103 \u0219i f\u0103r\u0103 \u00eent\u00e2rzieri.<\/p>\n<h2 class=\"wp-block-heading\">Obiectivul este continuitatea aliment\u0103rii cu energie<\/h2>\n<p class=\"wp-block-paragraph\">Verific\u0103rile includ \u0219i testarea corectei comut\u0103ri \u00eentre re\u021beaua principal\u0103 \u0219i grupurile electrogene, astfel \u00eenc\u00e2t spitalele s\u0103 poat\u0103 func\u021biona f\u0103r\u0103 \u00eentreruperi chiar dac\u0103 apar probleme \u00een alimentarea cu energie electric\u0103.<\/p>\n<p class=\"wp-block-paragraph\">M\u0103surile sunt adoptate \u00een contextul temperaturilor extreme \u0219i al riscului crescut de incendii, fenomene care pot afecta func\u021bionarea infrastructurilor critice.<\/p>\n<h2 class=\"wp-block-heading\">M\u0103suri preventive pe durata st\u0103rii de alert\u0103<\/h2>\n<p class=\"wp-block-paragraph\">Prin aceste ac\u021biuni, autorit\u0103\u021bile urm\u0103resc monitorizarea permanent\u0103 a infrastructurii de distribu\u021bie a energiei electrice \u0219i men\u021binerea continuit\u0103\u021bii aliment\u0103rii unit\u0103\u021bilor sanitare pe \u00eentreaga perioad\u0103 \u00een care jude\u021bul Timi\u0219 se afl\u0103 sub avertiz\u0103ri meteorologice de Cod Ro\u0219u.<\/p>\n<p class=\"wp-block-paragraph\">ISU Timi\u0219 subliniaz\u0103 c\u0103 verific\u0103rile au caracter preventiv \u0219i fac parte din m\u0103surile dispuse pentru limitarea riscurilor generate de valul de c\u0103ldur\u0103 \u0219i de starea de alert\u0103 instituit\u0103 la nivel na\u021bional.<\/p>\n<\/div>\n<p>[analyse_source url=&#8221;https:\/\/orasul-timisoara.ro\/local-40038\/&#8221;]<\/p>\n","protected":false},"excerpt":{"rendered":"<p>[analyse_image type=&#8221;featured&#8221; src=&#8221;https:\/\/orasul-timisoara.ro\/wp-content\/uploads\/2026\/08\/cdfdf9c4-433e-47f1-8ada-8c72398f92dd.jpg&#8221;] \u0218tiri LocaleISU Timi\u0219 controleaz\u0103 spitalele dup\u0103 instituirea st\u0103rii de alert\u0103 \u0219i Codul Ro\u0219u&#8230; \u0218tiri Locale ISU Timi\u0219 controleaz\u0103 spitalele dup\u0103 instituirea st\u0103rii de alert\u0103 \u0219i Codul Ro\u0219u de canicul\u0103 De c\u0103tre redactia &#8211; 04\/08\/2026 Facebook Twitter WhatsApp Linkedin ReddIt Email Imprimare Inspectoratul pentru Situa\u021bii de Urgen\u021b\u0103 (ISU) Timi\u0219 a dispus verific\u0103ri la [&hellip;]<\/p>\n","protected":false},"author":1,"featured_media":0,"comment_status":"open","ping_status":"","sticky":false,"template":"","format":"standard","meta":{"footnotes":""},"categories":[89],"tags":[226,189],"class_list":["post-2082019","post","type-post","status-publish","format-standard","hentry","category-romania","tag-crawlmanager","tag-orasul-timisoara-ro"],"_links":{"self":[{"href":"https:\/\/analyse.optim.biz\/index.php?rest_route=\/wp\/v2\/posts\/2082019","targetHints":{"allow":["GET"]}}],"collection":[{"href":"https:\/\/analyse.optim.biz\/index.php?rest_route=\/wp\/v2\/posts"}],"about":[{"href":"https:\/\/analyse.optim.biz\/index.php?rest_route=\/wp\/v2\/types\/post"}],"author":[{"embeddable":true,"href":"https:\/\/analyse.optim.biz\/index.php?rest_route=\/wp\/v2\/users\/1"}],"replies":[{"embeddable":true,"href":"https:\/\/analyse.optim.biz\/index.php?rest_route=%2Fwp%2Fv2%2Fcomments&post=2082019"}],"version-history":[{"count":0,"href":"https:\/\/analyse.optim.biz\/index.php?rest_route=\/wp\/v2\/posts\/2082019\/revisions"}],"wp:attachment":[{"href":"https:\/\/analyse.optim.biz\/index.php?rest_route=%2Fwp%2Fv2%2Fmedia&parent=2082019"}],"wp:term":[{"taxonomy":"category","embeddable":true,"href":"https:\/\/analyse.optim.biz\/index.php?rest_route=%2Fwp%2Fv2%2Fcategories&post=2082019"},{"taxonomy":"post_tag","embeddable":true,"href":"https:\/\/analyse.optim.biz\/index.php?rest_route=%2Fwp%2Fv2%2Ftags&post=2082019"}],"curies":[{"name":"wp","href":"https:\/\/api.w.org\/{rel}","templated":true}]}}