{"id":2082018,"date":"2026-08-04T13:50:17","date_gmt":"2026-08-04T10:50:17","guid":{"rendered":"https:\/\/analyse.optim.biz\/?p=2082018"},"modified":"2026-08-04T13:50:17","modified_gmt":"2026-08-04T10:50:17","slug":"razie-pe-dn-6-in-timis-151-de-amenzi-si-noua-permise-retinute-foto","status":"publish","type":"post","link":"https:\/\/analyse.optim.biz\/?p=2082018","title":{"rendered":"Razie pe DN 6 \u00een Timi\u0219: 151 de amenzi \u0219i nou\u0103 permise re\u021binute (foto)"},"content":{"rendered":"<p>[analyse_image type=&#8221;featured&#8221; src=&#8221;https:\/\/orasul-timisoara.ro\/wp-content\/uploads\/2026\/08\/WhatsApp-Image-2026-08-04-at-09.21.52.jpg&#8221;]<\/p>\n<article id=\"post-40025\" class=\"td-post-template-7 post-40025 post type-post status-publish format-standard has-post-thumbnail category-featured category-stiri-timisoara tag-amenzi tag-controale-trafic tag-dn-6 tag-ipj-timis-2 tag-isctr tag-judetul-timis-2 tag-permise-retinute-2 tag-politia-rutiera-2 tag-rar tag-serviciul-rutier-timis tag-siguranta-rutiera-2 tag-viteza-2 td-container-wrap\">\n<div class=\"td-full-screen-header-image-wrap\">\n<div class=\"td-container td-post-header\">\n<div class=\"td-crumb-container\">\n<div class=\"entry-crumbs\"><span><a title=\"Vede\u021bi toate articolele \u00een \u0218tiri Locale\" class=\"entry-crumb\" href=\"https:\/\/orasul-timisoara.ro\/local-category\/stiri-timisoara\/\">\u0218tiri Locale<\/a><\/span><span class=\"td-bred-no-url-last\">Razie pe DN 6 \u00een Timi\u0219: 151 de amenzi \u0219i nou\u0103 permise&#8230;<\/span><\/div>\n<\/div>\n<div class=\"td-post-header-holder\">\n<div class=\"td-parallax-header\">\n<header class=\"td-post-title\">\n<ul class=\"td-category\">\n<li class=\"entry-category\"><a href=\"https:\/\/orasul-timisoara.ro\/local-category\/stiri-timisoara\/\">\u0218tiri Locale<\/a><\/li>\n<\/ul>\n<h1 class=\"entry-title\">Razie pe DN 6 \u00een Timi\u0219: 151 de amenzi \u0219i nou\u0103 permise re\u021binute (foto)<\/h1>\n<div class=\"td-module-meta-info\">\n<div class=\"td-post-author-name\">\n<div class=\"td-author-by\">De c\u0103tre<\/div>\n<p><a href=\"https:\/\/orasul-timisoara.ro\/author\/timisoara\/\">redactia<\/a><\/p>\n<div class=\"td-author-line\"> &#8211; <\/div>\n<\/div>\n<p><span class=\"td-post-date\"><time class=\"entry-date updated td-module-date\" datetime=\"2026-08-04T16:50:17+03:00\">04\/08\/2026<\/time><\/span><\/div>\n<\/header>\n<\/div>\n<\/div>\n<\/div>\n<div id=\"td-full-screen-header-image\" class=\"td-image-gradient-style7\"><img decoding=\"async\" class=\"td-backstretch\" src=\"https:\/\/orasul-timisoara.ro\/wp-content\/uploads\/2026\/08\/WhatsApp-Image-2026-08-04-at-09.21.52.jpg\"><\/div>\n<\/div>\n<div class=\"td-container\">\n<div class=\"td-pb-row\">\n<div class=\"td-pb-span8 td-main-content\" role=\"main\">\n<div class=\"td-ss-main-content\">\n<div class=\"td-post-sharing-top\">\n<div class=\"td-post-sharing-classic\"><iframe title=\"topFacebookLike\" frameborder src=\"https:\/\/www.facebook.com\/plugins\/like.php?href=https:\/\/orasul-timisoara.ro\/local-40025\/&amp;layout=button_count&amp;show_faces=false&amp;width=105&amp;action=like&amp;colorscheme=light&amp;height=21\"><\/iframe><\/div>\n<div id=\"td_social_sharing_article_top\" class=\"td-post-sharing td-ps-bg td-ps-notext td-post-sharing-style1 \">\n<div class=\"td-post-sharing-visible\"><a class=\"td-social-sharing-button td-social-sharing-button-js td-social-network td-social-facebook\" href=\"https:\/\/www.facebook.com\/sharer.php?u=https%3A%2F%2Forasul-timisoara.ro%2Flocal-40025%2F\" title=\"Facebook\"><\/p>\n<div class=\"td-social-but-text\">Facebook<\/div>\n<p><\/a><a class=\"td-social-sharing-button td-social-sharing-button-js td-social-network td-social-twitter\" href=\"https:\/\/twitter.com\/intent\/tweet?text=Razie+pe+DN+6+%C3%AEn+Timi%C8%99%3A+151+de+amenzi+%C8%99i+nou%C4%83+permise+re%C8%9Binute+%28foto%29&amp;url=https%3A%2F%2Forasul-timisoara.ro%2Flocal-40025%2F&amp;via=orasultm\" title=\"Twitter\"><\/p>\n<div class=\"td-social-but-text\">Twitter<\/div>\n<p><\/a><a class=\"td-social-sharing-button td-social-sharing-button-js td-social-network td-social-whatsapp\" href=\"https:\/\/api.whatsapp.com\/send?text=Razie+pe+DN+6+%C3%AEn+Timi%C8%99%3A+151+de+amenzi+%C8%99i+nou%C4%83+permise+re%C8%9Binute+%28foto%29%20%0A%0A%20https:\/\/orasul-timisoara.ro\/local-40025\/\" title=\"WhatsApp\"><\/p>\n<div class=\"td-social-but-text\">WhatsApp<\/div>\n<p><\/a><a class=\"td-social-sharing-button td-social-sharing-button-js td-social-network td-social-linkedin\" href=\"https:\/\/www.linkedin.com\/shareArticle?mini=true&amp;url=https:\/\/orasul-timisoara.ro\/local-40025\/&amp;title=Razie+pe+DN+6+%C3%AEn+Timi%C8%99%3A+151+de+amenzi+%C8%99i+nou%C4%83+permise+re%C8%9Binute+%28foto%29\" title=\"Linkedin\"><\/p>\n<div class=\"td-social-but-text\">Linkedin<\/div>\n<p><\/a><a class=\"td-social-sharing-button td-social-sharing-button-js td-social-network td-social-reddit\" href=\"https:\/\/reddit.com\/submit?url=https:\/\/orasul-timisoara.ro\/local-40025\/&amp;title=Razie+pe+DN+6+%C3%AEn+Timi%C8%99%3A+151+de+amenzi+%C8%99i+nou%C4%83+permise+re%C8%9Binute+%28foto%29\" title=\"ReddIt\"><\/p>\n<div class=\"td-social-but-text\">ReddIt<\/div>\n<p><\/a><a class=\"td-social-sharing-button td-social-sharing-button-js td-social-network td-social-mail\" href=\"mailto:?subject=Razie%20pe%20DN%206%20%C3%AEn%20Timi%C8%99:%20151%20de%20amenzi%20%C8%99i%20nou%C4%83%20permise%20re%C8%9Binute%20(foto)&amp;body=https:\/\/orasul-timisoara.ro\/local-40025\/\" title=\"Email\"><\/p>\n<div class=\"td-social-but-text\">Email<\/div>\n<p><\/a><a class=\"td-social-sharing-button td-social-sharing-button-js td-social-network td-social-print\" href=\"https:\/\/orasul-timisoara.ro\/local-40025\/\" title=\"Imprimare\"><\/p>\n<div class=\"td-social-but-text\">Imprimare<\/div>\n<p><\/a><\/div>\n<\/div>\n<\/div>\n<div class=\"td-post-content tagdiv-type\">\n<p class=\"wp-block-paragraph\">Poli\u021bi\u0219tii din jude\u021bul Timi\u0219 au desf\u0103\u0219urat o ampl\u0103 ac\u021biune pentru cre\u0219terea siguran\u021bei rutiere pe Drumul Na\u021bional 6, \u00een colaborare cu reprezentan\u021bi ai Registrului Auto Rom\u00e2n (RAR) \u0219i ai Inspectoratului de Stat pentru Controlul \u00een Transportul Rutier (ISCTR). \u00cen urma controalelor au fost aplicate 151 de sanc\u021biuni contraven\u021bionale, iar nou\u0103 permise de conducere au fost re\u021binute.<\/p>\n<p class=\"wp-block-paragraph\">Ac\u021biunea a avut loc \u00een data de 3 august 2026, \u00een intervalul orar 11:00 \u2013 15:00, \u0219i a urm\u0103rit prevenirea accidentelor de circula\u021bie \u0219i depistarea principalelor abateri care pun \u00een pericol siguran\u021ba participan\u021bilor la trafic.<\/p>\n<h2 class=\"wp-block-heading\">Peste 150 de sanc\u021biuni aplicate pe DN 6<\/h2>\n<p class=\"wp-block-paragraph\">\u00cen timpul controalelor, poli\u021bi\u0219tii au aplicat 151 de sanc\u021biuni contraven\u021bionale, valoarea total\u0103 a amenzilor ridic\u00e2ndu-se la 54.062 de lei.<\/p>\n<p class=\"wp-block-paragraph\">Cele mai multe dintre sanc\u021biuni, respectiv 99, au fost aplicate pentru dep\u0103\u0219irea limitei legale de vitez\u0103. Alte dou\u0103 amenzi au vizat dep\u0103\u0219irile neregulamentare, 11 au fost aplicate pentru neportul centurii de siguran\u021b\u0103, iar 39 au sanc\u021bionat alte abateri de la legisla\u021bia rutier\u0103.<\/p>\n<h2 class=\"wp-block-heading\">Nou\u0103 permise de conducere au fost re\u021binute<\/h2>\n<p class=\"wp-block-paragraph\">Ca m\u0103suri complementare, poli\u021bi\u0219tii au re\u021binut nou\u0103 permise de conducere.<\/p>\n<p class=\"wp-block-paragraph\">\u0218apte dintre acestea au fost suspendate dup\u0103 ce \u0219oferii au dep\u0103\u0219it cu peste 50 km\/h limita legal\u0103 de vitez\u0103, iar alte dou\u0103 au fost re\u021binute pentru dep\u0103\u0219iri neregulamentare.<\/p>\n<figure class=\"wp-block-gallery has-nested-images columns-6 is-cropped td-modal-on-gallery wp-block-gallery-1 is-layout-flex wp-block-gallery-is-layout-flex\">\n<figure class=\"wp-block-image size-large\"><img loading=\"lazy\" decoding=\"async\" width=\"1200\" height=\"1600\" data-id=\"40026\" src=\"https:\/\/orasul-timisoara.ro\/wp-content\/uploads\/2026\/08\/WhatsApp-Image-2026-08-04-at-09.21.53-2.jpeg\" alt class=\"wp-image-40026\"><\/figure>\n<figure class=\"wp-block-image size-large\"><img loading=\"lazy\" decoding=\"async\" width=\"1536\" height=\"2048\" data-id=\"40029\" src=\"https:\/\/orasul-timisoara.ro\/wp-content\/uploads\/2026\/08\/WhatsApp-Image-2026-08-04-at-09.21.52-1.jpeg\" alt class=\"wp-image-40029\"><\/figure>\n<figure class=\"wp-block-image size-large\"><img loading=\"lazy\" decoding=\"async\" width=\"1200\" height=\"1600\" data-id=\"40028\" src=\"https:\/\/orasul-timisoara.ro\/wp-content\/uploads\/2026\/08\/WhatsApp-Image-2026-08-04-at-09.21.54.jpeg\" alt class=\"wp-image-40028\"><\/figure>\n<figure class=\"wp-block-image size-large\"><img decoding=\"async\" loading=\"lazy\" width=\"1200\" height=\"1600\" data-id=\"40027\" src=\"https:\/\/orasul-timisoara.ro\/wp-content\/uploads\/2026\/08\/WhatsApp-Image-2026-08-04-at-09.21.53-1.jpeg\" alt class=\"wp-image-40027\"><\/figure>\n<figure class=\"wp-block-image size-large\"><img decoding=\"async\" loading=\"lazy\" width=\"1600\" height=\"1200\" data-id=\"40030\" src=\"https:\/\/orasul-timisoara.ro\/wp-content\/uploads\/2026\/08\/WhatsApp-Image-2026-08-04-at-09.21.53.jpeg\" alt class=\"wp-image-40030\"><\/figure>\n<figure class=\"wp-block-image size-large\"><img decoding=\"async\" loading=\"lazy\" width=\"1600\" height=\"1200\" data-id=\"40031\" src=\"https:\/\/orasul-timisoara.ro\/wp-content\/uploads\/2026\/08\/WhatsApp-Image-2026-08-04-at-09.21.52.jpeg\" alt class=\"wp-image-40031\"><\/figure>\n<\/figure>\n<p class=\"wp-block-paragraph\">Totodat\u0103, au fost retrase 10 certificate de \u00eenmatriculare.<\/p>\n<h2 class=\"wp-block-heading\">Controale tehnice \u0219i test\u0103ri pentru alcool \u0219i droguri<\/h2>\n<p class=\"wp-block-paragraph\">\u00cen cadrul ac\u021biunii au fost efectuate 31 de test\u0103ri cu aparatul etilotest \u0219i dou\u0103 test\u0103ri pentru depistarea consumului de substan\u021be psihoactive.<\/p>\n<p class=\"wp-block-paragraph\">Poli\u021bi\u0219tii precizeaz\u0103 c\u0103, \u00een urma verific\u0103rilor, nu au fost constatate infrac\u021biuni la regimul circula\u021biei.<\/p>\n<p class=\"wp-block-paragraph\">Cu sprijinul speciali\u0219tilor Registrului Auto Rom\u00e2n au fost verificate din punct de vedere tehnic 18 autovehicule.<\/p>\n<h2 class=\"wp-block-heading\">Recomand\u0103ri pentru \u0219oferi \u0219i materiale preventive distribuite<\/h2>\n<p class=\"wp-block-paragraph\">Pe l\u00e2ng\u0103 activitatea de control, poli\u021bi\u0219tii au desf\u0103\u0219urat \u0219i ac\u021biuni de informare dedicate conduc\u0103torilor auto.<\/p>\n<p class=\"wp-block-paragraph\">Ace\u0219tia au oferit recomand\u0103ri privind adoptarea unui comportament responsabil \u00een trafic \u0219i au distribuit 19 pliante cu caracter preventiv, precum \u0219i trei veste reflectorizante.<\/p>\n<h2 class=\"wp-block-heading\">F\u0103r\u0103 accidente pe durata ac\u021biunii<\/h2>\n<p class=\"wp-block-paragraph\">Poli\u021bi\u0219tii anun\u021b\u0103 c\u0103, pe perioada desf\u0103\u0219ur\u0103rii controalelor, pe sectorul de drum vizat nu au fost \u00eenregistrate accidente rutiere.<\/p>\n<p class=\"wp-block-paragraph\">Inspectoratul de Poli\u021bie Jude\u021bean Timi\u0219 precizeaz\u0103 c\u0103 astfel de ac\u021biuni vor continua \u0219i \u00een perioada urm\u0103toare, scopul principal fiind prevenirea principalelor cauze generatoare de accidente \u0219i cre\u0219terea gradului de siguran\u021b\u0103 pentru to\u021bi participan\u021bii la trafic.<\/p>\n<\/div>\n<footer>\n<div class=\"td-post-source-tags\">\n<ul class=\"td-tags td-post-small-box clearfix\">\n<li><span>ETICHETE<\/span><\/li>\n<li><a href=\"https:\/\/orasul-timisoara.ro\/local-tag\/amenzi\/\">amenzi<\/a><\/li>\n<li><a href=\"https:\/\/orasul-timisoara.ro\/local-tag\/controale-trafic\/\">controale trafic<\/a><\/li>\n<li><a href=\"https:\/\/orasul-timisoara.ro\/local-tag\/dn-6\/\">DN 6<\/a><\/li>\n<li><a href=\"https:\/\/orasul-timisoara.ro\/local-tag\/ipj-timis-2\/\">IPJ Timi\u0219<\/a><\/li>\n<li><a href=\"https:\/\/orasul-timisoara.ro\/local-tag\/isctr\/\">isctr<\/a><\/li>\n<li><a href=\"https:\/\/orasul-timisoara.ro\/local-tag\/judetul-timis-2\/\">jude\u021bul Timi\u0219<\/a><\/li>\n<li><a href=\"https:\/\/orasul-timisoara.ro\/local-tag\/permise-retinute-2\/\">permise re\u021binute<\/a><\/li>\n<li><a href=\"https:\/\/orasul-timisoara.ro\/local-tag\/politia-rutiera-2\/\">poli\u021bia rutier\u0103<\/a><\/li>\n<li><a href=\"https:\/\/orasul-timisoara.ro\/local-tag\/rar\/\">RAR<\/a><\/li>\n<li><a href=\"https:\/\/orasul-timisoara.ro\/local-tag\/serviciul-rutier-timis\/\">Serviciul Rutier Timi\u0219<\/a><\/li>\n<li><a href=\"https:\/\/orasul-timisoara.ro\/local-tag\/siguranta-rutiera-2\/\">siguran\u021b\u0103 rutier\u0103<\/a><\/li>\n<li><a href=\"https:\/\/orasul-timisoara.ro\/local-tag\/viteza-2\/\">vitez\u0103<\/a><\/li>\n<\/ul>\n<\/div>\n<div class=\"td-post-sharing-bottom\">\n<div class=\"td-post-sharing-classic\"><iframe title=\"bottomFacebookLike\" frameborder src=\"https:\/\/www.facebook.com\/plugins\/like.php?href=https:\/\/orasul-timisoara.ro\/local-40025\/&amp;layout=button_count&amp;show_faces=false&amp;width=105&amp;action=like&amp;colorscheme=light&amp;height=21\"><\/iframe><\/div>\n<div id=\"td_social_sharing_article_bottom\" class=\"td-post-sharing td-ps-bg td-ps-notext td-post-sharing-style1 \">\n<div class=\"td-post-sharing-visible\"><a class=\"td-social-sharing-button td-social-sharing-button-js td-social-network td-social-facebook\" href=\"https:\/\/www.facebook.com\/sharer.php?u=https%3A%2F%2Forasul-timisoara.ro%2Flocal-40025%2F\" title=\"Facebook\"><\/p>\n<div class=\"td-social-but-text\">Facebook<\/div>\n<p><\/a><a class=\"td-social-sharing-button td-social-sharing-button-js td-social-network td-social-twitter\" href=\"https:\/\/twitter.com\/intent\/tweet?text=Razie+pe+DN+6+%C3%AEn+Timi%C8%99%3A+151+de+amenzi+%C8%99i+nou%C4%83+permise+re%C8%9Binute+%28foto%29&amp;url=https%3A%2F%2Forasul-timisoara.ro%2Flocal-40025%2F&amp;via=orasultm\" title=\"Twitter\"><\/p>\n<div class=\"td-social-but-text\">Twitter<\/div>\n<p><\/a><a class=\"td-social-sharing-button td-social-sharing-button-js td-social-network td-social-whatsapp\" href=\"https:\/\/api.whatsapp.com\/send?text=Razie+pe+DN+6+%C3%AEn+Timi%C8%99%3A+151+de+amenzi+%C8%99i+nou%C4%83+permise+re%C8%9Binute+%28foto%29%20%0A%0A%20https:\/\/orasul-timisoara.ro\/local-40025\/\" title=\"WhatsApp\"><\/p>\n<div class=\"td-social-but-text\">WhatsApp<\/div>\n<p><\/a><a class=\"td-social-sharing-button td-social-sharing-button-js td-social-network td-social-linkedin\" href=\"https:\/\/www.linkedin.com\/shareArticle?mini=true&amp;url=https:\/\/orasul-timisoara.ro\/local-40025\/&amp;title=Razie+pe+DN+6+%C3%AEn+Timi%C8%99%3A+151+de+amenzi+%C8%99i+nou%C4%83+permise+re%C8%9Binute+%28foto%29\" title=\"Linkedin\"><\/p>\n<div class=\"td-social-but-text\">Linkedin<\/div>\n<p><\/a><a class=\"td-social-sharing-button td-social-sharing-button-js td-social-network td-social-reddit\" href=\"https:\/\/reddit.com\/submit?url=https:\/\/orasul-timisoara.ro\/local-40025\/&amp;title=Razie+pe+DN+6+%C3%AEn+Timi%C8%99%3A+151+de+amenzi+%C8%99i+nou%C4%83+permise+re%C8%9Binute+%28foto%29\" title=\"ReddIt\"><\/p>\n<div class=\"td-social-but-text\">ReddIt<\/div>\n<p><\/a><a class=\"td-social-sharing-button td-social-sharing-button-js td-social-network td-social-mail\" href=\"mailto:?subject=Razie%20pe%20DN%206%20%C3%AEn%20Timi%C8%99:%20151%20de%20amenzi%20%C8%99i%20nou%C4%83%20permise%20re%C8%9Binute%20(foto)&amp;body=https:\/\/orasul-timisoara.ro\/local-40025\/\" title=\"Email\"><\/p>\n<div class=\"td-social-but-text\">Email<\/div>\n<p><\/a><a class=\"td-social-sharing-button td-social-sharing-button-js td-social-network td-social-print\" href=\"https:\/\/orasul-timisoara.ro\/local-40025\/\" title=\"Imprimare\"><\/p>\n<div class=\"td-social-but-text\">Imprimare<\/div>\n<p><\/a><\/div>\n<\/div>\n<\/div>\n<div class=\"td-block-row td-post-next-prev\">\n<div class=\"td-block-span6 td-post-prev-post\">\n<div class=\"td-post-next-prev-content\"><span>Articolul precedent<\/span><a href=\"https:\/\/orasul-timisoara.ro\/local-40022\/\">Dominic Fritz propune o strategie pentru promovarea multiculturalit\u0103\u021bii \u00een Timi\u0219oara<\/a><\/div>\n<\/div>\n<div class=\"td-block-span6 td-post-next-post\">\n<div class=\"td-post-next-prev-content\"><span>Articolul urm\u0103tor<\/span><a href=\"https:\/\/orasul-timisoara.ro\/local-40035\/\">Poli\u021bia Local\u0103 Timi\u0219oara \u00eencepe controalele dup\u0103 intrarea \u00een vigoare a noului regulament de tonaj. Camioanele de peste 3,5 tone au nevoie de autoriza\u021bie pentru acces \u00een zonele restric\u021bionate din ora\u0219<\/a><\/div>\n<\/div>\n<\/div>\n<div class=\"td-author-name vcard author\"><span class=\"fn\"><a href=\"https:\/\/orasul-timisoara.ro\/author\/timisoara\/\">redactia<\/a><\/span><\/div>\n<p><span class=\"td-page-meta\"><\/span><span class=\"td-page-meta\"><span class=\"td-page-meta\"><\/span><\/span><span class=\"td-page-meta\"><\/span><\/footer>\n<div class=\"td_block_wrap td_block_related_posts tdi_3 td_with_ajax_pagination td-pb-border-top td_block_template_8\" data-td-block-uid=\"tdi_3\">\n<h4 class=\"td-related-title td-block-title\"><a id=\"tdi_4\" class=\"td-related-left td-cur-simple-item\" data-td_filter_value data-td_block_id=\"tdi_3\" href=\"https:\/\/orasul-timisoara.ro\/local-40025\/\">ARTICOLE SIMILARE<\/a><a id=\"tdi_5\" class=\"td-related-right\" data-td_filter_value=\"td_related_more_from_author\" data-td_block_id=\"tdi_3\" href=\"https:\/\/orasul-timisoara.ro\/local-40025\/\">DE LA ACELA\u0218I AUTOR<\/a><\/h4>\n<div id=\"tdi_3\" class=\"td_block_inner\">\n<div class=\"td-related-row\">\n<div class=\"td-related-span4\">\n<div class=\"td_module_related_posts td-animation-stack td_mod_related_posts\">\n<div class=\"td-module-image\">\n<div class=\"td-module-thumb\"><a href=\"https:\/\/orasul-timisoara.ro\/local-40035\/\" rel=\"bookmark\" class=\"td-image-wrap \" title=\"Poli\u021bia Local\u0103 Timi\u0219oara \u00eencepe controalele dup\u0103 intrarea \u00een vigoare a noului regulament de tonaj. Camioanele de peste 3,5 tone au nevoie de autoriza\u021bie pentru acces \u00een zonele restric\u021bionate din ora\u0219\"><img loading=\"lazy\" decoding=\"async\" class=\"entry-thumb\" src=\"https:\/\/orasul-timisoara.ro\/wp-content\/uploads\/2026\/08\/auto2-1-436x300.jpg\" alt title=\"Poli\u021bia Local\u0103 Timi\u0219oara \u00eencepe controalele dup\u0103 intrarea \u00een vigoare a noului regulament de tonaj. Camioanele de peste 3,5 tone au nevoie de autoriza\u021bie pentru acces \u00een zonele restric\u021bionate din ora\u0219\" width=\"218\" height=\"150\"><\/a><\/div>\n<\/div>\n<div class=\"item-details\">\n<h3 class=\"entry-title td-module-title\"><a href=\"https:\/\/orasul-timisoara.ro\/local-40035\/\" rel=\"bookmark\" title=\"Poli\u021bia Local\u0103 Timi\u0219oara \u00eencepe controalele dup\u0103 intrarea \u00een vigoare a noului regulament de tonaj. Camioanele de peste 3,5 tone au nevoie de autoriza\u021bie pentru acces \u00een zonele restric\u021bionate din ora\u0219\">Poli\u021bia Local\u0103 Timi\u0219oara \u00eencepe controalele dup\u0103 intrarea \u00een vigoare a noului regulament de tonaj. Camioanele de peste 3,5 tone au nevoie de autoriza\u021bie pentru&#8230;<\/a><\/h3>\n<\/div>\n<\/div>\n<\/div>\n<div class=\"td-related-span4\">\n<div class=\"td_module_related_posts td-animation-stack td_mod_related_posts\">\n<div class=\"td-module-image\">\n<div class=\"td-module-thumb\"><a href=\"https:\/\/orasul-timisoara.ro\/local-40000\/\" rel=\"bookmark\" class=\"td-image-wrap \" title=\"\u0218oferi inteligen\u021bi : accident cu cinci ma\u0219ini pe DN 59A, \u00eentre Timi\u0219oara \u0219i S\u0103c\u0103laz\"><img loading=\"lazy\" decoding=\"async\" class=\"entry-thumb\" src=\"https:\/\/orasul-timisoara.ro\/wp-content\/uploads\/2026\/08\/WhatsApp-Image-2026-08-04-at-11.02.42-436x300.jpg\" alt title=\"\u0218oferi inteligen\u021bi : accident cu cinci ma\u0219ini pe DN 59A, \u00eentre Timi\u0219oara \u0219i S\u0103c\u0103laz\" width=\"218\" height=\"150\"><\/a><\/div>\n<\/div>\n<div class=\"item-details\">\n<h3 class=\"entry-title td-module-title\"><a href=\"https:\/\/orasul-timisoara.ro\/local-40000\/\" rel=\"bookmark\" title=\"\u0218oferi inteligen\u021bi : accident cu cinci ma\u0219ini pe DN 59A, \u00eentre Timi\u0219oara \u0219i S\u0103c\u0103laz\">\u0218oferi inteligen\u021bi : accident cu cinci ma\u0219ini pe DN 59A, \u00eentre Timi\u0219oara \u0219i S\u0103c\u0103laz<\/a><\/h3>\n<\/div>\n<\/div>\n<\/div>\n<div class=\"td-related-span4\">\n<div class=\"td_module_related_posts td-animation-stack td_mod_related_posts\">\n<div class=\"td-module-image\">\n<div class=\"td-module-thumb\"><a href=\"https:\/\/orasul-timisoara.ro\/local-39968\/\" rel=\"bookmark\" class=\"td-image-wrap \" title=\"Amenzi de peste 107.000 de lei pentru \u0219oferii care au blocat sta\u021biile de \u00eenc\u0103rcare din Timi\u0219oara\"><img loading=\"lazy\" decoding=\"async\" class=\"entry-thumb\" src=\"https:\/\/orasul-timisoara.ro\/wp-content\/uploads\/2026\/08\/BLOCAT-STATII-ALIMENTARE-436x300.jpg\" alt title=\"Amenzi de peste 107.000 de lei pentru \u0219oferii care au blocat sta\u021biile de \u00eenc\u0103rcare din Timi\u0219oara\" width=\"218\" height=\"150\"><\/a><\/div>\n<\/div>\n<div class=\"item-details\">\n<h3 class=\"entry-title td-module-title\"><a href=\"https:\/\/orasul-timisoara.ro\/local-39968\/\" rel=\"bookmark\" title=\"Amenzi de peste 107.000 de lei pentru \u0219oferii care au blocat sta\u021biile de \u00eenc\u0103rcare din Timi\u0219oara\">Amenzi de peste 107.000 de lei pentru \u0219oferii care au blocat sta\u021biile de \u00eenc\u0103rcare din Timi\u0219oara<\/a><\/h3>\n<\/div>\n<\/div>\n<\/div>\n<\/div>\n<\/div>\n<\/div>\n<div class=\"comments\" id=\"comments\">\n<div id=\"respond\" class=\"comment-respond\">\n<h3 id=\"reply-title\" class=\"comment-reply-title\">L\u0102SA\u021aI UN MESAJ<\/h3>\n<div class=\"comment-form-input-wrap td-form-comment\">\n<div class=\"td-warning-comment\">V\u0103 rug\u0103m s\u0103 introduce\u021bi comentariul dvs.!<\/div>\n<\/div>\n<div class=\"comment-form-input-wrap td-form-author\">\n<div class=\"td-warning-author\">Introduce\u021bi aici numele dvs.<\/div>\n<\/div>\n<div class=\"comment-form-input-wrap td-form-email\">\n<div class=\"td-warning-email-error\">A\u021bi introdus o adres\u0103 de e-mail incorect\u0103!<\/div>\n<div class=\"td-warning-email\">V\u0103 rug\u0103m s\u0103 introduce\u021bi adresa dvs. de e-mail aici<\/div>\n<\/div>\n<\/div>\n<p class=\"akismet_comment_form_privacy_notice\">Acest site folose\u0219te Akismet pentru a reduce spamul. <a href=\"https:\/\/akismet.com\/privacy\/\" target=\"_blank\" rel=\"nofollow noopener\">Afl\u0103 cum sunt procesate datele comentariilor tale<\/a>.<\/p>\n<\/div>\n<\/div>\n<\/div>\n<div class=\"td-pb-span4 td-main-sidebar\" role=\"complementary\">\n<div class=\"td-ss-main-sidebar\">\n<aside id=\"block-4\" class=\"td_block_template_8 widget block-4 widget_block widget_media_image\">\n<figure class=\"wp-block-image size-full\"><img decoding=\"async\" loading=\"lazy\" width=\"336\" height=\"280\" src=\"https:\/\/orasul-timisoara.ro\/wp-content\/uploads\/2024\/11\/ReTIM-Abonamentul-Verde-Google-Ads-336x280px.gif\" alt class=\"wp-image-29257\"><\/figure>\n<\/aside>\n<div class=\"td_block_wrap td_block_social_counter td_block_widget tdi_6 td-social-style5 td-social-boxed td-pb-border-top td_block_template_8\">\n<div class=\"td-block-title-wrap\">\n<h4 class=\"td-block-title\"><span>Urm\u0103re\u0219te-ne pe Social Media<\/span><\/h4>\n<\/div>\n<div class=\"td-social-list\">\n<div class=\"td_social_type td-pb-margin-side td_social_facebook\">\n<div class=\"td-social-box\"><span class=\"td_social_info td_social_info_counter\">344,595<\/span><span class=\"td_social_info td_social_info_name\">Fani<\/span><span class=\"td_social_button\"><a href=\"https:\/\/www.facebook.com\/247timisoara\" target=\"_blank\" rel=\"nofollow\">\u00cemi place<\/a><\/span><\/div>\n<\/div>\n<div class=\"td_social_type td-pb-margin-side td_social_instagram\">\n<div class=\"td-social-box\"><span class=\"td_social_info td_social_info_counter\">4,416<\/span><span class=\"td_social_info td_social_info_name\">Cititori<\/span><span class=\"td_social_button\"><a href=\"https:\/\/instagram.com\/orasultimisoararo\/\" target=\"_blank\" rel=\"nofollow\">Conecta\u021bi-v\u0103<\/a><\/span><\/div>\n<\/div>\n<div class=\"td_social_type td-pb-margin-side td_social_rss\">\n<div class=\"td-social-box\"><span class=\"td_social_info td_social_info_counter\">12,506<\/span><span class=\"td_social_info td_social_info_name\">Cititori<\/span><span class=\"td_social_button\"><a href=\"https:\/\/orasul-timisoara.ro\/feed\/\" target=\"_blank\" rel=\"nofollow\">Conecta\u021bi-v\u0103<\/a><\/span><\/div>\n<\/div>\n<div class=\"td_social_type td-pb-margin-side td_social_tiktok\">\n<div class=\"td-social-box\"><span class=\"td_social_info td_social_info_counter\">1,500<\/span><span class=\"td_social_info td_social_info_name\">Cititori<\/span><span class=\"td_social_button\"><a href=\"https:\/\/www.tiktok.com\/@orasultimisoara\" target=\"_blank\" rel=\"nofollow\">Conecta\u021bi-v\u0103<\/a><\/span><\/div>\n<\/div>\n<div class=\"td_social_type td-pb-margin-side td_social_twitter\">\n<div class=\"td-social-box\"><span class=\"td_social_info td_social_info_counter\">1,595<\/span><span class=\"td_social_info td_social_info_name\">Cititori<\/span><span class=\"td_social_button\"><a href=\"https:\/\/twitter.com\/orasultm\" target=\"_blank\" rel=\"nofollow\">Conecta\u021bi-v\u0103<\/a><\/span><\/div>\n<\/div>\n<div class=\"td_social_type td-pb-margin-side td_social_youtube\">\n<div class=\"td-social-box\"><span class=\"td_social_info td_social_info_counter\">3,506<\/span><span class=\"td_social_info td_social_info_name\">Abona\u021bi<\/span><span class=\"td_social_button\"><a href=\"https:\/\/www.youtube.com\/channel\/UCQNsQvs2XCSIm1Z-AHRturw?sub_confirmation=1\" target=\"_blank\" rel=\"nofollow\">Abona\u021bi-v\u0103<\/a><\/span><\/div>\n<\/div>\n<\/div>\n<\/div>\n<aside id=\"text-7\" class=\"td_block_template_8 widget text-7 widget_text\">\n<h4 class=\"td-block-title\"><span>C\u0103ut\u0103ri populare pe OTM<\/span><\/h4>\n<div class=\"textwidget\"><a href=\"https:\/\/orasul-timisoara.ro\/?s=timisoara\"><span>Timisoara<\/span><\/a><a href=\"https:\/\/orasul-timisoara.ro\/?s=calin+dobra\"><span>Calin Dobra<\/span><\/a><a href=\"https:\/\/orasul-timisoara.ro\/?s=primaria+timisoara\"><span>Primaria Timisoara<\/span><\/a><a href=\"https:\/\/orasul-timisoara.ro\/?s=dominic+fritz\"><span>Dominic Fritz<\/span><\/a><a href=\"https:\/\/orasul-timisoara.ro\/?s=nicolae+robu\"><span>Nicolae Robu<\/span><\/a><a href=\"https:\/\/orasul-timisoara.ro\/?s=consiliul+local+timisoara\">Consiliul Local Timisoara<\/a><a href=\"https:\/\/orasul-timisoara.ro\/?s=consiliul+judetean+timis\"><span>Consiliul Judetean Timis<\/span><\/a><a href=\"https:\/\/orasul-timisoara.ro\/?s=cjt\"><span>CJT<\/span><\/a><a href=\"https:\/\/orasul-timisoara.ro\/?s=Alfred+Simonis\"><span>Alfred Simonis<\/span><\/a><a href=\"https:\/\/orasul-timisoara.ro\/?s=PNL\"><span>PNL<\/span><\/a><a href=\"https:\/\/orasul-timisoara.ro\/?s=coronavirus\"><span>coronavirus<\/span><\/a><a href=\"https:\/\/orasul-timisoara.ro\/?s=teatru+timisoara\">teatru Timisoara<\/a><a href=\"https:\/\/orasul-timisoara.ro\/?s=restaurante\"><span>restaurante Timisoara<\/span><\/a><a href=\"https:\/\/orasul-timisoara.ro\/?s=diskoteka\"><span>Diskoteka<\/span><\/a><a href=\"https:\/\/orasul-timisoara.ro\/?s=iulius+town\"><span>Iulius Town<\/span><\/a><a href=\"https:\/\/orasul-timisoara.ro\/?s=iulius+mall\"><span>Iulius Mall<\/span><\/a><a href=\"https:\/\/orasul-timisoara.ro\/?s=stpt\"><span>STPT<\/span><\/a><a href=\"https:\/\/orasul-timisoara.ro\/?s=alin+nica\"><span>Alin Nica<\/span><\/a><a href=\"https:\/\/orasul-timisoara.ro\/?s=psd\"><span>PSD<\/span><\/a><a href=\"https:\/\/orasul-timisoara.ro\/?s=aeroport\"><span>Aeroportul International Timisoara<\/span><\/a><a href=\"https:\/\/orasul-timisoara.ro\/?s=babes\"><span>Spitalul Victor Babes Timisoara<\/span><\/a><a href=\"https:\/\/orasul-timisoara.ro\/?s=poli\"><span>Poli Timi\u0219oara<\/span><\/a><a href=\"https:\/\/orasul-timisoara.ro\/?s=carantina\"><span>carantina<\/span><\/a><a href=\"https:\/\/orasul-timisoara.ro\/?s=aquatim\"><span>Aquatim<\/span><\/a><a href=\"https:\/\/orasul-timisoara.ro\/local-category\/stiri-timisoara\/\"><span>Stiri Timisoara<\/span><\/a><a href=\"https:\/\/orasul-timisoara.ro\/local-category\/investitii-in-timisoara\/\"><span>Investi\u021bii in Timi\u0219oara<\/span><\/a><a href=\"https:\/\/orasul-timisoara.ro\/local-9463\/\"><span>shaorma<\/span><\/a><a href=\"https:\/\/orasul-timisoara.ro\/?s=trafic\"><span>trafic rutier<\/span><\/a><a href=\"https:\/\/orasul-timisoara.ro\/?s=politia\"><span>politia locala timisoara<\/span><\/a><a href=\"https:\/\/orasul-timisoara.ro\/?s=roxana\"><span>Roxana Iliescu<\/span><\/a><a href=\"https:\/\/orasul-timisoara.ro\/?s=colterm\"><span>Colterm<\/span><\/a><a href=\"https:\/\/orasul-timisoara.ro\/?s=latcau\"><span>Ruben La\u021bc\u0103u<\/span><\/a><a href=\"https:\/\/orasul-timisoara.ro\/?s=timis\"><span>\u0218tiri din Timi\u0219<\/span><\/a><a href=\"https:\/\/orasul-timisoara.ro\/?s=spital\"><span>Spitale din Timi\u0219oara<\/span><\/a><a href=\"https:\/\/orasul-timisoara.ro\/?s=tabara\"><span>Cosmin Tab\u0103r\u0103<\/span><\/a><\/div>\n<\/aside>\n<aside id=\"rss-2\" class=\"td_block_template_8 widget rss-2 widget_rss\">\n<h4 class=\"td-block-title\"><span><a class=\"rsswidget rss-widget-feed\" href=\"https:\/\/fashionfridays.ro\/feed\"><img decoding=\"async\" class=\"rss-widget-icon\" width=\"14\" height=\"14\" src=\"https:\/\/orasul-timisoara.ro\/wp-includes\/images\/rss.png\" alt=\"RSS\" loading=\"lazy\"><\/a><a class=\"rsswidget rss-widget-title\" href=\"https:\/\/fashionfridays.ro\/\">Fashion Fridays<\/a><\/span><\/h4>\n<ul>\n<li><a class=\"rsswidget\" href=\"https:\/\/fashionfridays.ro\/romania-devine-a-29-a-piata-vogue-o-noua-era-pentru-industria-locala-de-moda\/\">Rom\u00e2nia devine a 29-a pia\u021b\u0103 Vogue: o nou\u0103 er\u0103 pentru industria local\u0103 de mod\u0103<\/a>\n<div class=\"rssSummary\">Revista Vogue \u00ee\u0219i extinde prezen\u021ba global\u0103 \u0219i va fi lansat\u0103 oficial \u00een Rom\u00e2nia \u00een prim\u0103vara anului 2027, marc\u00e2nd intrarea pe cea de-a 29-a pia\u021b\u0103 interna\u021bional\u0103. Proiectul este realizat \u00een parteneriat cu AEMME Publishing, o companie media recent \u00eenfiin\u021bat\u0103, care va publica edi\u021bia local\u0103 sub licen\u021b\u0103. Noua edi\u021bie, Vogue Rom\u00e2nia, \u00ee\u0219i propune s\u0103 combine autoritatea global\u0103 [\u2026]<\/div>\n<\/li>\n<\/ul>\n<\/aside>\n<aside id=\"rss-4\" class=\"td_block_template_8 widget rss-4 widget_rss\">\n<h4 class=\"td-block-title\"><span><a class=\"rsswidget rss-widget-feed\" href=\"https:\/\/emasini.ro\/feed\"><img decoding=\"async\" class=\"rss-widget-icon\" width=\"14\" height=\"14\" src=\"https:\/\/orasul-timisoara.ro\/wp-includes\/images\/rss.png\" alt=\"RSS\" loading=\"lazy\"><\/a><a class=\"rsswidget rss-widget-title\" href=\"https:\/\/emasini.ro\/\">eMasini<\/a><\/span><\/h4>\n<ul>\n<li><a class=\"rsswidget\" href=\"https:\/\/emasini.ro\/bmw-testeaza-noul-i4-convertible-primul-cabrio-electric-accesibil-al-marcii\/\">BMW testeaz\u0103 noul i4 Convertible, primul cabrio electric accesibil al m\u0103rcii<\/a>\n<div class=\"rssSummary\">BMW accelereaz\u0103 dezvoltarea noii genera\u021bii de modele electrice bazate pe platforma Neue Klasse, iar unul dintre cele mai interesante proiecte aflate \u00een teste este viitorul BMW i4 Convertible. Prototipul camuflat a fost surprins pe \u0219osele, confirm\u00e2nd c\u0103 produc\u0103torul german preg\u0103te\u0219te o decapotabil\u0103 electric\u0103 destinat\u0103 unui segment \u00een care oferta este, \u00een prezent, extrem de limitat\u0103. [\u2026]<\/div>\n<\/li>\n<\/ul>\n<\/aside>\n<\/div>\n<\/div>\n<\/div>\n<\/div>\n<\/article>\n<div class=\"td-post-content tagdiv-type\">\n<p class=\"wp-block-paragraph\">Poli\u021bi\u0219tii din jude\u021bul Timi\u0219 au desf\u0103\u0219urat o ampl\u0103 ac\u021biune pentru cre\u0219terea siguran\u021bei rutiere pe Drumul Na\u021bional 6, \u00een colaborare cu reprezentan\u021bi ai Registrului Auto Rom\u00e2n (RAR) \u0219i ai Inspectoratului de Stat pentru Controlul \u00een Transportul Rutier (ISCTR). \u00cen urma controalelor au fost aplicate 151 de sanc\u021biuni contraven\u021bionale, iar nou\u0103 permise de conducere au fost re\u021binute.<\/p>\n<p class=\"wp-block-paragraph\">Ac\u021biunea a avut loc \u00een data de 3 august 2026, \u00een intervalul orar 11:00 \u2013 15:00, \u0219i a urm\u0103rit prevenirea accidentelor de circula\u021bie \u0219i depistarea principalelor abateri care pun \u00een pericol siguran\u021ba participan\u021bilor la trafic.<\/p>\n<h2 class=\"wp-block-heading\">Peste 150 de sanc\u021biuni aplicate pe DN 6<\/h2>\n<p class=\"wp-block-paragraph\">\u00cen timpul controalelor, poli\u021bi\u0219tii au aplicat 151 de sanc\u021biuni contraven\u021bionale, valoarea total\u0103 a amenzilor ridic\u00e2ndu-se la 54.062 de lei.<\/p>\n<p class=\"wp-block-paragraph\">Cele mai multe dintre sanc\u021biuni, respectiv 99, au fost aplicate pentru dep\u0103\u0219irea limitei legale de vitez\u0103. Alte dou\u0103 amenzi au vizat dep\u0103\u0219irile neregulamentare, 11 au fost aplicate pentru neportul centurii de siguran\u021b\u0103, iar 39 au sanc\u021bionat alte abateri de la legisla\u021bia rutier\u0103.<\/p>\n<h2 class=\"wp-block-heading\">Nou\u0103 permise de conducere au fost re\u021binute<\/h2>\n<p class=\"wp-block-paragraph\">Ca m\u0103suri complementare, poli\u021bi\u0219tii au re\u021binut nou\u0103 permise de conducere.<\/p>\n<p class=\"wp-block-paragraph\">\u0218apte dintre acestea au fost suspendate dup\u0103 ce \u0219oferii au dep\u0103\u0219it cu peste 50 km\/h limita legal\u0103 de vitez\u0103, iar alte dou\u0103 au fost re\u021binute pentru dep\u0103\u0219iri neregulamentare.<\/p>\n<figure class=\"wp-block-gallery has-nested-images columns-6 is-cropped td-modal-on-gallery wp-block-gallery-1 is-layout-flex wp-block-gallery-is-layout-flex\">\n<figure class=\"wp-block-image size-large\"><img loading=\"lazy\" decoding=\"async\" width=\"1200\" height=\"1600\" data-id=\"40026\" src=\"https:\/\/orasul-timisoara.ro\/wp-content\/uploads\/2026\/08\/WhatsApp-Image-2026-08-04-at-09.21.53-2.jpeg\" alt class=\"wp-image-40026\"><\/figure>\n<figure class=\"wp-block-image size-large\"><img loading=\"lazy\" decoding=\"async\" width=\"1536\" height=\"2048\" data-id=\"40029\" src=\"https:\/\/orasul-timisoara.ro\/wp-content\/uploads\/2026\/08\/WhatsApp-Image-2026-08-04-at-09.21.52-1.jpeg\" alt class=\"wp-image-40029\"><\/figure>\n<figure class=\"wp-block-image size-large\"><img loading=\"lazy\" decoding=\"async\" width=\"1200\" height=\"1600\" data-id=\"40028\" src=\"https:\/\/orasul-timisoara.ro\/wp-content\/uploads\/2026\/08\/WhatsApp-Image-2026-08-04-at-09.21.54.jpeg\" alt class=\"wp-image-40028\"><\/figure>\n<figure class=\"wp-block-image size-large\"><img decoding=\"async\" loading=\"lazy\" width=\"1200\" height=\"1600\" data-id=\"40027\" src=\"https:\/\/orasul-timisoara.ro\/wp-content\/uploads\/2026\/08\/WhatsApp-Image-2026-08-04-at-09.21.53-1.jpeg\" alt class=\"wp-image-40027\"><\/figure>\n<figure class=\"wp-block-image size-large\"><img decoding=\"async\" loading=\"lazy\" width=\"1600\" height=\"1200\" data-id=\"40030\" src=\"https:\/\/orasul-timisoara.ro\/wp-content\/uploads\/2026\/08\/WhatsApp-Image-2026-08-04-at-09.21.53.jpeg\" alt class=\"wp-image-40030\"><\/figure>\n<figure class=\"wp-block-image size-large\"><img decoding=\"async\" loading=\"lazy\" width=\"1600\" height=\"1200\" data-id=\"40031\" src=\"https:\/\/orasul-timisoara.ro\/wp-content\/uploads\/2026\/08\/WhatsApp-Image-2026-08-04-at-09.21.52.jpeg\" alt class=\"wp-image-40031\"><\/figure>\n<\/figure>\n<p class=\"wp-block-paragraph\">Totodat\u0103, au fost retrase 10 certificate de \u00eenmatriculare.<\/p>\n<h2 class=\"wp-block-heading\">Controale tehnice \u0219i test\u0103ri pentru alcool \u0219i droguri<\/h2>\n<p class=\"wp-block-paragraph\">\u00cen cadrul ac\u021biunii au fost efectuate 31 de test\u0103ri cu aparatul etilotest \u0219i dou\u0103 test\u0103ri pentru depistarea consumului de substan\u021be psihoactive.<\/p>\n<p class=\"wp-block-paragraph\">Poli\u021bi\u0219tii precizeaz\u0103 c\u0103, \u00een urma verific\u0103rilor, nu au fost constatate infrac\u021biuni la regimul circula\u021biei.<\/p>\n<p class=\"wp-block-paragraph\">Cu sprijinul speciali\u0219tilor Registrului Auto Rom\u00e2n au fost verificate din punct de vedere tehnic 18 autovehicule.<\/p>\n<h2 class=\"wp-block-heading\">Recomand\u0103ri pentru \u0219oferi \u0219i materiale preventive distribuite<\/h2>\n<p class=\"wp-block-paragraph\">Pe l\u00e2ng\u0103 activitatea de control, poli\u021bi\u0219tii au desf\u0103\u0219urat \u0219i ac\u021biuni de informare dedicate conduc\u0103torilor auto.<\/p>\n<p class=\"wp-block-paragraph\">Ace\u0219tia au oferit recomand\u0103ri privind adoptarea unui comportament responsabil \u00een trafic \u0219i au distribuit 19 pliante cu caracter preventiv, precum \u0219i trei veste reflectorizante.<\/p>\n<h2 class=\"wp-block-heading\">F\u0103r\u0103 accidente pe durata ac\u021biunii<\/h2>\n<p class=\"wp-block-paragraph\">Poli\u021bi\u0219tii anun\u021b\u0103 c\u0103, pe perioada desf\u0103\u0219ur\u0103rii controalelor, pe sectorul de drum vizat nu au fost \u00eenregistrate accidente rutiere.<\/p>\n<p class=\"wp-block-paragraph\">Inspectoratul de Poli\u021bie Jude\u021bean Timi\u0219 precizeaz\u0103 c\u0103 astfel de ac\u021biuni vor continua \u0219i \u00een perioada urm\u0103toare, scopul principal fiind prevenirea principalelor cauze generatoare de accidente \u0219i cre\u0219terea gradului de siguran\u021b\u0103 pentru to\u021bi participan\u021bii la trafic.<\/p>\n<\/div>\n<p>[analyse_source url=&#8221;https:\/\/orasul-timisoara.ro\/local-40025\/&#8221;]<\/p>\n","protected":false},"excerpt":{"rendered":"<p>[analyse_image type=&#8221;featured&#8221; src=&#8221;https:\/\/orasul-timisoara.ro\/wp-content\/uploads\/2026\/08\/WhatsApp-Image-2026-08-04-at-09.21.52.jpg&#8221;] \u0218tiri LocaleRazie pe DN 6 \u00een Timi\u0219: 151 de amenzi \u0219i nou\u0103 permise&#8230; \u0218tiri Locale Razie pe DN 6 \u00een Timi\u0219: 151 de amenzi \u0219i nou\u0103 permise re\u021binute (foto) De c\u0103tre redactia &#8211; 04\/08\/2026 Facebook Twitter WhatsApp Linkedin ReddIt Email Imprimare Poli\u021bi\u0219tii din jude\u021bul Timi\u0219 au desf\u0103\u0219urat o ampl\u0103 ac\u021biune pentru cre\u0219terea [&hellip;]<\/p>\n","protected":false},"author":1,"featured_media":0,"comment_status":"open","ping_status":"","sticky":false,"template":"","format":"standard","meta":{"footnotes":""},"categories":[89],"tags":[226,189],"class_list":["post-2082018","post","type-post","status-publish","format-standard","hentry","category-romania","tag-crawlmanager","tag-orasul-timisoara-ro"],"_links":{"self":[{"href":"https:\/\/analyse.optim.biz\/index.php?rest_route=\/wp\/v2\/posts\/2082018","targetHints":{"allow":["GET"]}}],"collection":[{"href":"https:\/\/analyse.optim.biz\/index.php?rest_route=\/wp\/v2\/posts"}],"about":[{"href":"https:\/\/analyse.optim.biz\/index.php?rest_route=\/wp\/v2\/types\/post"}],"author":[{"embeddable":true,"href":"https:\/\/analyse.optim.biz\/index.php?rest_route=\/wp\/v2\/users\/1"}],"replies":[{"embeddable":true,"href":"https:\/\/analyse.optim.biz\/index.php?rest_route=%2Fwp%2Fv2%2Fcomments&post=2082018"}],"version-history":[{"count":0,"href":"https:\/\/analyse.optim.biz\/index.php?rest_route=\/wp\/v2\/posts\/2082018\/revisions"}],"wp:attachment":[{"href":"https:\/\/analyse.optim.biz\/index.php?rest_route=%2Fwp%2Fv2%2Fmedia&parent=2082018"}],"wp:term":[{"taxonomy":"category","embeddable":true,"href":"https:\/\/analyse.optim.biz\/index.php?rest_route=%2Fwp%2Fv2%2Fcategories&post=2082018"},{"taxonomy":"post_tag","embeddable":true,"href":"https:\/\/analyse.optim.biz\/index.php?rest_route=%2Fwp%2Fv2%2Ftags&post=2082018"}],"curies":[{"name":"wp","href":"https:\/\/api.w.org\/{rel}","templated":true}]}}