{"id":2082010,"date":"2026-08-07T07:13:43","date_gmt":"2026-08-07T04:13:43","guid":{"rendered":"https:\/\/analyse.optim.biz\/?p=2082010"},"modified":"2026-08-07T07:13:43","modified_gmt":"2026-08-07T04:13:43","slug":"sprijin-integrat-pentru-educatia-timpurie-in-judetul-teleorman-prin-programul-start-in-educatie-1020","status":"publish","type":"post","link":"https:\/\/analyse.optim.biz\/?p=2082010","title":{"rendered":"Sprijin integrat pentru educa\u021bia timpurie \u00een jude\u021bul\u00a0Teleorman, prin programul \u201eStart \u00een\u00a0educa\u021bie\u201d: 1020"},"content":{"rendered":"<p>[analyse_image type=&#8221;featured&#8221; src=&#8221;https:\/\/liberinteleorman.ro\/wp-content\/uploads\/2026\/08\/IMG_9865-1024&#215;681.jpeg&#8221;]<\/p>\n<div class=\"entry-content single56__content single56__post_content single56__body_area\">\n<p>\u00cen perioada\u00a0<strong>octombrie 2025 \u2013 septembrie 2026<\/strong>,\u00a0<strong>20<\/strong>\u00a0de\u00a0comunit\u0103\u021bi vulnerabile din jude\u021bul\u00a0Teleorman\u00a0sunt incluse \u00een proiectul\u00a0\u201eStart \u00een educa\u021bie\u201d,\u00a0cel mai amplu program na\u021bional dedicat educa\u021biei timpurii, derulat de Funda\u021bia World Vision Rom\u00e2nia \u0219i Funda\u021bia OMV Petrom.<\/p>\n<p>Programul urm\u0103re\u0219te s\u0103 ofere copiilor pre\u0219colari \u0219anse mai bune la educa\u021bie \u00eenc\u0103 din primii ani de via\u021b\u0103, prin interven\u021bii\u00a0complementare\u00a0care sprijin\u0103 simultan copilul, familia,\u00a0gr\u0103dini\u021ba\u0219i cadrele didactice.\u00a0Activit\u0103\u021bile programului includ distribuirea de resurse educa\u021bionale pentru copiii pre\u0219colari, sesiuni de educa\u021bie parental\u0103\u00a0\u00een cadrul\u00a0\u201e\u0218coala P\u0103rin\u021bilor\u201d, dotarea gr\u0103dini\u021belor\u00a0cu\u00a0kit-ul educa\u021bional \u201eABC Gr\u0103di\u201d\u00a0\u0219i formarea cadrelor didactice\u00a0\u00een cadrul unui curs acreditat.<\/p>\n<p><strong>\u201eGhiozd\u0103nel cu viitor\u201d\u00a0<\/strong><strong>pentru copii<\/strong><strong>i pre\u0219colari<\/strong><strong>\u00a0<\/strong>\u00a0<\/p>\n<p>Fiecare copil\u00a0pre\u0219colar inclus\u00a0\u00een program prime\u0219te\u00a0un\u00a0<strong>\u201eGhiozd\u0103nel cu viitor\u201d,<\/strong>\u00a0care cuprinde\u00a0materiale educa\u021bionale\u00a0moderne\u00a0\u0219i adaptate nevoilor de dezvoltare ale v\u00e2rstei. Rechizitele, c\u0103r\u021bile, jocurile educative \u0219i materialele pentru activit\u0103\u021bi practice \u00eei ajut\u0103 pe copii s\u0103 \u00eenve\u021be prin joac\u0103 \u0219i s\u0103 \u00ee\u0219i dezvolte abilit\u0103\u021bile cognitive, motrice \u0219i sociale.<\/p>\n<p>Interven\u021bia urm\u0103re\u0219te s\u0103 \u00eencurajeze participarea constant\u0103 la gr\u0103dini\u021b\u0103 \u0219i s\u0103 ofere familiilor resurse care sus\u021bin continuarea \u00eenv\u0103\u021b\u0103rii \u0219i acas\u0103.<\/p>\n<p><em>\u201ePrimirea ghiozdanelor a fost un moment deosebit pentru copii. Ghiozdanul a \u00eensemnat mai mult dec\u00e2t rechizite \u0219i materiale utile; a adus bucurie, \u00eencredere \u0219i sentimentul c\u0103 sunt importan\u021bi. Pentru familiile vulnerabile, acest sprijin este extrem de valoros \u0219i contribuie la o participare mai constant\u0103 a copiilor la activit\u0103\u021bile educative.\u201d<\/em><em>\u00a0<\/em>a povestit un educator.<\/p>\n<p><em>\u201e<\/em><em>\u00cen comunitatea noastr\u0103, multe familii se confrunt\u0103 cu dificult\u0103\u021bi financiare. De aceea, bucuria copiilor atunci c\u00e2nd au primit ghiozdanele a fost sincer\u0103 \u0219i profund\u0103. Ca educatoare, este emo\u021bionant s\u0103 vezi cum un gest aparent simplu poate cre\u0219te motiva\u021bia copiilor \u0219i poate aduce speran\u021b\u0103 familiilor. Aceste resurse \u00eei ajut\u0103 pe cei mici s\u0103 porneasc\u0103 pe drumul educa\u021biei cu \u00eencredere \u0219i entuziasm<\/em><em>.\u201d<\/em><em>,\u00a0<\/em>a declarat un educator.<\/p>\n<p><strong>Gr\u0103dini\u021be dotate cu materiale educa\u021bionale<\/strong><\/p>\n<p><strong>21<\/strong><strong>\u00a0<\/strong><strong>de\u00a0<\/strong><strong>gr<\/strong><strong>\u0103<\/strong><strong>dini<\/strong><strong>\u021b<\/strong><strong>e<\/strong>\u00a0din program au primit kitul\u00a0<strong>educa\u021bional \u201eABC Gr\u0103di\u201d<\/strong>, care con\u021bine\u00a0materiale educa\u021bionale \u0219i jocuri adaptate v\u00e2rstei copiilor.\u00a0Resursele contribuie la dezvoltarea limbajului, motricit\u0103\u021bii, aten\u021biei \u0219i colabor\u0103rii \u00eentre copii,\u00a0sprijin\u0103 procesul de\u00eenv\u0103\u021bare \u00eentr-un mod interactiv \u0219i<\/p>\n<p>ofer\u0103 educatorilor instrumente suplimentare pentru lucrul cu pre\u0219colarii, fiind integrate\u00a0\u00een activit\u0103\u021bile zilnice.\u00a0<\/p>\n<p><em>\u201eKitul ABC Gr\u0103di a adus mai mult\u0103 bucurie \u0219i implicare \u00een activit\u0103\u021bile de la gr\u0103dini\u021b\u0103. Materialele atractive \u0219i adaptate v\u00e2rstei copiilor i-au \u00eencurajat s\u0103 \u00eenve\u021be prin joc, s\u0103 comunice mai u\u0219or \u0219i s\u0103 participe cu mai mult entuziasm. Pentru mul\u021bi dintre ei, aceste resurse au \u00eensemnat acces la oportunit\u0103\u021bi de \u00eenv\u0103\u021bare valoroase, care le sus\u021bin dezvoltarea \u0219i \u00eencrederea \u00een propriile abilit\u0103\u021bi<\/em><em>.\u201d<\/em>\u00a0a declarat un educator.<\/p>\n<p><strong>Ateliere pentru p\u0103rin\u021bi \u0219i resurse pentru\u00a0<\/strong><strong>consolidarea\u00a0<\/strong><strong>rela\u021bi<\/strong><strong>ei<\/strong><strong>\u00a0p\u0103rinte\u2013copil<\/strong><\/p>\n<p>\u00cen cadrul componentei\u00a0<strong>\u201e\u0218coala p\u0103rin\u021bilor\u201d<\/strong>, p\u0103rin\u021bii particip\u0103 la\u00a0ateliere\u00a0de educa\u021bie parental\u0103, unde discut\u0103 despre dezvoltarea emo\u021bional\u0103 a copiilor, comunicarea \u00een familie \u0219i metode de sprijin adaptate v\u00e2rstei pre\u0219colare.\u00a0Programul ofer\u0103\u00a0p\u0103rin\u021bilor\u00a0acces la instrumente practice \u0219i resurse care pot fi folosite \u00een activit\u0103\u021bile de zi cu zi cu cei mici, precum\u00a0<a href=\"https:\/\/worldvision.ro\/wp-content\/uploads\/2025\/12\/Ghidul-Parintilor-editia-a-4-a.pdf\" target=\"_blank\" rel=\"noopener\">Ghidul p\u0103rin\u021bilor pentru educa\u021bia timpurie.<\/a><\/p>\n<p>Totodat\u0103, ace\u0219tia au acces la o bibliotec\u0103 video cu tutoriale disponibile online pe canalul\u00a0<a href=\"https:\/\/www.youtube.com\/watch?v=kZm2pWegKLk&amp;list=PLQxRCPcTPKmP9OOTGg9cUg0j2c0yrs6ua\" target=\"_blank\" rel=\"noopener\"><strong>Youtube\u00a0<\/strong><strong><em>Start \u00een educa\u021bie<\/em><\/strong><\/a>, resurs\u0103 disponibil\u0103 tuturor p\u0103rin\u021bilor interesa\u021bi s\u0103 sus\u021bin\u0103 dezvoltarea copiilor \u00eentre 0 \u0219i 6 ani.<\/p>\n<p><em>\u201e<\/em><em>Am venit la<\/em><em>\u00a0\u0218coala P\u0103rin\u021bilor<\/em><em>\u00a0<\/em><em>mai mult din curiozitate<\/em><em>, nu<\/em><em>credeam c\u0103 voi \u00eenv\u0103\u021ba ceva nou despre cre\u0219terea copiilor. Dup\u0103 primele \u00eent\u00e2lniri, \u00eens\u0103, mi-am dat seama c\u0103 pot deveni o mam\u0103 mai bun\u0103. Am \u00eenv\u0103\u021bat s\u0103 \u00eemi ascult feti\u021ba cu adev\u0103rat, s\u0103 \u00eei \u00een\u021beleg emo\u021biile \u0219i s\u0103 o \u00eencurajez atunci c\u00e2nd gre\u0219e\u0219te, nu doar s\u0103 o critic. Atmosfera a fost una cald\u0103 \u0219i sincer\u0103, iar formatoarea ne-a f\u0103cut s\u0103 ne sim\u021bim \u00een siguran\u021b\u0103 s\u0103 vorbim despre provoc\u0103rile din familiile noastre. Pentru mine, \u0218coala P\u0103rin\u021bilor a fost mai mult dec\u00e2t un curs, a fost o experien\u021b\u0103 care mi-a schimbat perspectiva asupra rolului de p\u0103rinte<\/em><em>.\u201d,\u00a0<\/em>a declarat unul dintre p\u0103rin\u021bii participan\u021bi la activit\u0103\u021bile programului.<\/p>\n<p><em>\u201eParticiparea la \u0218coala P\u0103rin\u021bilor a fost o experien\u021b\u0103 valoroas\u0103 pentru mine. Aici am g\u0103sit un spa\u021biu \u00een care am putut vorbi deschis despre provoc\u0103rile \u0219i bucuriile de zi cu zi ale rolului de p\u0103rinte \u0219i am \u00een\u021beles c\u0103 nu suntem singuri \u00een acest parcurs. Discu\u021biile \u0219i activit\u0103\u021bile m-au ajutat s\u0103 privesc lucrurile dintr-o perspectiv\u0103 nou\u0103, s\u0103 fiu mai r\u0103bd\u0103toare \u0219i s\u0103 acord mai mult\u0103 aten\u021bie nevoilor copilului meu. Am \u00eenv\u0103\u021bat c\u00e2t de important este s\u0103 ascult, s\u0103 \u00eencurajez \u0219i s\u0103 construiesc o rela\u021bie bazat\u0103 pe \u00eencredere \u0219i comunicare.\u201d<\/em><em>,\u00a0<\/em>a povestit unul dintre p\u0103rin\u021bii participan\u021bi.<\/p>\n<p><strong>Cadre didactice formate\u00a0<\/strong><strong>pentru a sus\u021bine \u00eentreaga comunitate\u00a0<\/strong><\/p>\n<p><strong>1<\/strong><strong>2<\/strong><strong>\u00a0<\/strong><strong>e<\/strong><strong>ducatori<\/strong>\u00a0din jude\u021bul\u00a0Teleorman\u00a0particip\u0103 la cursul acreditat \u201eBune practici \u00een educa\u021bia parental\u0103\u201d, prin care \u00ee\u0219i dezvolt\u0103 competen\u021bele de colaborare cu p\u0103rin\u021bii \u0219i metodele de lucru centrate pe nevoile copilului.\u00a0Ace\u0219tia devin, la r\u00e2ndul lor, resurse valoroase pentru p\u0103rin\u021bi \u0219i comunit\u0103\u021bi, consolid\u00e2nd leg\u0103tura dintre gr\u0103dini\u021b\u0103, familie \u0219i copil.<\/p>\n<p>Programul contribuie la consolidarea rela\u021biei dintre familie \u0219i gr\u0103dini\u021b\u0103 \u0219i sus\u021bine crearea unui mediu educa\u021bional bazat pe comunicare, empatie \u0219i implicare activ\u0103.<\/p>\n<p><em>\u201e<\/em><em>Participarea la cursul Bune practici \u00een educa\u021bia parental\u0103 a fost o experien\u021b\u0103 valoroas\u0103. Am descoperit idei \u0219i instrumente utile, pe care le pot aplica \u00een activitatea cu copiii \u0219i familiile lor. Cursul m-a ajutat s\u0103 \u00een\u021beleg mai bine importan\u021ba parteneriatului dintre familie \u0219i gr\u0103dini\u021b\u0103 \u0219i mi-a oferit mai mult\u0103 \u00eencredere \u00een abordarea activit\u0103\u021bilor de educa\u021bie parental\u0103.\u201d<\/em><em>,<\/em>\u00a0a declarat unul dintre cadrele didactice participante.<\/p>\n<p>Cadrele didactice au la dispozi\u021bie \u0219i un\u00a0<a href=\"https:\/\/worldvision.ro\/wp-content\/uploads\/2025\/06\/Ghid-Jocurile-copilariei_A5-online-4.pdf\" target=\"_blank\" rel=\"noopener\">ghid\u00a0de activit\u0103\u021bi pentru p\u0103rin\u021bi \u0219i educatori<\/a>\u00a0\u2013 \u201eJoc \u0219i Joac\u0103 \u2013 mi\u0219care \u0219i distrac\u021bie pentru cei mici\u201d. \u00a0<\/p>\n<p>\u00cencep\u00e2nd din acest an, p\u0103rin\u021bii, educatorii \u0219i speciali\u0219tii au acces la\u00a0<a href=\"\/Users\/Oana48\/AppData\/Local\/Microsoft\/Windows\/INetCache\/Content.Outlook\/EUY75W1N\/startineducatie.ro\">startineducatie.ro<\/a>, primul hub na\u021bional dedicat educa\u021biei timpurii din Rom\u00e2nia, lansat de Funda\u021bia World Vision Rom\u00e2nia \u0219i Funda\u021bia OMV Petrom. Platforma ofer\u0103 gratuit resurse \u0219i instrumente pentru p\u0103rin\u021bi, educatori \u0219i gr\u0103dini\u021be: de la ghiduri \u0219i activit\u0103\u021bi practice, la webinare, cursuri \u0219i programe de mentorat dedicate dezvolt\u0103rii copiilor \u00een primii ani de via\u021b\u0103.<\/p>\n<p><strong>Patru ani de interven\u021bii dedicate educa\u021biei timpurii<\/strong><\/p>\n<p>\u201dStart \u00een educa\u021bie\u201d vine \u00een sprijinul a\u00a0240.000\u00a0de copii cu v\u00e2rste \u00eentre 3-6 ani,\u00a050.000\u00a0de p\u0103rin\u021bi,\u00a09.000 de educatori \u0219i\u00a04.500\u00a0de gr\u0103dini\u021be din comunit\u0103\u021bile\u00a0defavorizate din toat\u0103 \u021bara.\u00a0Ajuns la al patrulea an de implementare, \u201eStart \u00een educa\u021bie\u201d continu\u0103 s\u0103 dezvolte un model integrat de interven\u021bie care sus\u021bine accesul copiilor vulnerabili la educa\u021bie timpurie de calitate.\u00a0<\/p>\n<p>De asemenea, programul contribuie la \u00eent\u0103rirea parteneriatului dintre familie, \u0219coal\u0103 \u0219i comunitate \u0219i promoveaz\u0103 importan\u021ba primilor ani de via\u021b\u0103 \u00een dezvoltarea copiilor.<\/p>\n<p><strong><em>Despre World Vision Rom\u00e2nia<\/em><\/strong><\/p>\n<p><em>World Vision Rom\u00e2nia este o organiza\u021bie care desf\u0103\u0219oar\u0103 programe de educa\u0163ie, interven\u021bie umanitar\u0103, dezvoltare \u0219i advocacy, av\u00e2nd \u00een centru bun\u0103starea copilului. \u00cen 32 de ani de activitate, a sprijinit peste 500.000 de copii \u0219i adul\u021bi din aproape 3.000 de comunit\u0103\u021bi din 41 de jude\u021be. Organiza\u021bia face parte din re\u021beaua World Vision International, prezent\u0103 \u00een aproape 100 de \u021b\u0103ri.<\/em><\/p>\n<p><strong><em>Despre Funda\u021bia OMV Petrom<\/em><\/strong><\/p>\n<p><em>Lansat\u0103 \u00een 2022, Funda\u021bia OMV Petrom sus\u021bine programe \u0219i investi\u021bii pe termen lung pentru comunit\u0103\u021bi dezavantajate, \u00een trei domenii cheie: educa\u021bie, mediu \u0219i s\u0103n\u0103tate. Mai multe detalii pe\u00a0<\/em><a href=\"http:\/\/www.fundatiaomvpetrom.ro\/\" target=\"_blank\" rel=\"noopener\"><em>www.fundatiaomvpetrom.ro<\/em><\/a><em>.<\/em><\/p>\n<p>Localit\u0103\u021bile din jude\u021bul\u00a0Teleorman\u00a0care au beneficiat de proiect \u00een anul \u0219colar 2025 \u2013 2026:<\/p>\n<p>1.\u00a0\u00a0<\/p>\n<p>2.\u00a0Alexandria<\/p>\n<p>3.\u00a0B\u0103c\u0103le\u0219ti<\/p>\n<p>4.\u00a0C\u0103lm\u0103\u021buiu de Sus<\/p>\n<p>5.\u00a0Dracea<\/p>\n<p>6.\u00a0Guruieni<\/p>\n<p>7.\u00a0Iona\u0219cu<\/p>\n<p>8.\u00a0Islaz<\/p>\n<p>9.\u00a0M\u0103gura<\/p>\n<p>10.\u00a0Nenciule\u0219ti<\/p>\n<p>11.\u00a0Ogr\u0103zile<\/p>\n<p>12.\u00a0P\u0103ru Rotund<\/p>\n<p>13.\u00a0Purani<\/p>\n<p>14.\u00a0Rot\u0103re\u0219ti<\/p>\n<p>15.\u00a0Saelele<\/p>\n<p>16.\u00a0\u0218torob\u0103neasa<\/p>\n<p>17.\u00a0Talpa-Ogr\u0103zile<\/p>\n<p>18.\u00a0Talpa-Rot\u0103re\u0219ti<\/p>\n<p>19.\u00a0\u021aig\u0103ne\u0219ti<\/p>\n<p>20.\u00a0Vii\u0219oara<\/p>\n<p>21.\u00a0Vit\u0103ne\u0219ti<\/p>\n<\/div>\n<p>[analyse_source url=&#8221;https:\/\/liberinteleorman.ro\/sprijin-integrat-pentru-educatia-timpurie-in-judetul-teleorman-prin-programul-start-in-educatie-1020-copii-137-parinti-si-12-educatori-beneficiaza-de\/&#8221;]<\/p>\n","protected":false},"excerpt":{"rendered":"<p>[analyse_image type=&#8221;featured&#8221; src=&#8221;https:\/\/liberinteleorman.ro\/wp-content\/uploads\/2026\/08\/IMG_9865-1024&#215;681.jpeg&#8221;] \u00cen perioada\u00a0octombrie 2025 \u2013 septembrie 2026,\u00a020\u00a0de\u00a0comunit\u0103\u021bi vulnerabile din jude\u021bul\u00a0Teleorman\u00a0sunt incluse \u00een proiectul\u00a0\u201eStart \u00een educa\u021bie\u201d,\u00a0cel mai amplu program na\u021bional dedicat educa\u021biei timpurii, derulat de Funda\u021bia World Vision Rom\u00e2nia \u0219i Funda\u021bia OMV Petrom. Programul urm\u0103re\u0219te s\u0103 ofere copiilor pre\u0219colari \u0219anse mai bune la educa\u021bie \u00eenc\u0103 din primii ani de via\u021b\u0103, prin interven\u021bii\u00a0complementare\u00a0care sprijin\u0103 simultan [&hellip;]<\/p>\n","protected":false},"author":1,"featured_media":0,"comment_status":"open","ping_status":"","sticky":false,"template":"","format":"standard","meta":{"footnotes":""},"categories":[89],"tags":[226,181],"class_list":["post-2082010","post","type-post","status-publish","format-standard","hentry","category-romania","tag-crawlmanager","tag-liberinteleorman-ro"],"_links":{"self":[{"href":"https:\/\/analyse.optim.biz\/index.php?rest_route=\/wp\/v2\/posts\/2082010","targetHints":{"allow":["GET"]}}],"collection":[{"href":"https:\/\/analyse.optim.biz\/index.php?rest_route=\/wp\/v2\/posts"}],"about":[{"href":"https:\/\/analyse.optim.biz\/index.php?rest_route=\/wp\/v2\/types\/post"}],"author":[{"embeddable":true,"href":"https:\/\/analyse.optim.biz\/index.php?rest_route=\/wp\/v2\/users\/1"}],"replies":[{"embeddable":true,"href":"https:\/\/analyse.optim.biz\/index.php?rest_route=%2Fwp%2Fv2%2Fcomments&post=2082010"}],"version-history":[{"count":0,"href":"https:\/\/analyse.optim.biz\/index.php?rest_route=\/wp\/v2\/posts\/2082010\/revisions"}],"wp:attachment":[{"href":"https:\/\/analyse.optim.biz\/index.php?rest_route=%2Fwp%2Fv2%2Fmedia&parent=2082010"}],"wp:term":[{"taxonomy":"category","embeddable":true,"href":"https:\/\/analyse.optim.biz\/index.php?rest_route=%2Fwp%2Fv2%2Fcategories&post=2082010"},{"taxonomy":"post_tag","embeddable":true,"href":"https:\/\/analyse.optim.biz\/index.php?rest_route=%2Fwp%2Fv2%2Ftags&post=2082010"}],"curies":[{"name":"wp","href":"https:\/\/api.w.org\/{rel}","templated":true}]}}