{"id":2082004,"date":"2026-08-07T08:46:00","date_gmt":"2026-08-07T05:46:00","guid":{"rendered":"https:\/\/analyse.optim.biz\/?p=2082004"},"modified":"2026-08-07T08:46:00","modified_gmt":"2026-08-07T05:46:00","slug":"minora-disparuta-fara-urma-la-costana-ipj-suceava-apel-pentru-ajutor-din-partea-populatiei","status":"publish","type":"post","link":"https:\/\/analyse.optim.biz\/?p=2082004","title":{"rendered":"Minor\u0103 disp\u0103rut\u0103 f\u0103r\u0103 urm\u0103, la Cost\u00e2na! IPJ Suceava, apel pentru ajutor din partea popula\u021biei"},"content":{"rendered":"<p>[analyse_image type=&#8221;featured&#8221; src=&#8221;https:\/\/blogger.googleusercontent.com\/img\/b\/R29vZ2xl\/AVvXsEgwPKaJQu3qjT8gTqFmm7m4UrPM-78HlilxVCJyZQW6kIw-Cd8Sj61Y8-HVRNrwXmiSn4-vNC4aiqkiAanJtJ8dwMOkUTLuPDQBs2t2stWcEYEf_d7UJwb2giN__cY4WpjZ1dh_OanQ4FCzl2p9HapBCpiqu1T61xRF1l6WPbZbhgEM98c8hRcMz6JSrkU\/w1600\/morosac-elena-alexandra.jpg&#8221;]<\/p>\n<div class=\"post-body entry-content\" id=\"post-body\">\n<div class=\"separator\"><a href=\"https:\/\/blogger.googleusercontent.com\/img\/b\/R29vZ2xl\/AVvXsEgwPKaJQu3qjT8gTqFmm7m4UrPM-78HlilxVCJyZQW6kIw-Cd8Sj61Y8-HVRNrwXmiSn4-vNC4aiqkiAanJtJ8dwMOkUTLuPDQBs2t2stWcEYEf_d7UJwb2giN__cY4WpjZ1dh_OanQ4FCzl2p9HapBCpiqu1T61xRF1l6WPbZbhgEM98c8hRcMz6JSrkU\/s1200\/morosac-elena-alexandra.jpg\"><img decoding=\"async\" alt=\"Minor\u0103 disp\u0103rut\u0103 f\u0103r\u0103 urm\u0103, la Cost\u00e2na! IPJ Suceava, apel pentru ajutor din partea popula\u021biei\" border=\"0\" height=\"335\" loading=\"lazy\" src=\"https:\/\/blogger.googleusercontent.com\/img\/b\/R29vZ2xl\/AVvXsEgwPKaJQu3qjT8gTqFmm7m4UrPM-78HlilxVCJyZQW6kIw-Cd8Sj61Y8-HVRNrwXmiSn4-vNC4aiqkiAanJtJ8dwMOkUTLuPDQBs2t2stWcEYEf_d7UJwb2giN__cY4WpjZ1dh_OanQ4FCzl2p9HapBCpiqu1T61xRF1l6WPbZbhgEM98c8hRcMz6JSrkU\/w640-h335-rw\/morosac-elena-alexandra.jpg\" title=\"Minor\u0103 disp\u0103rut\u0103 f\u0103r\u0103 urm\u0103, la Cost\u00e2na! IPJ Suceava, apel pentru ajutor din partea popula\u021biei\" width=\"640\"><\/a><\/div>\n<p>Poli\u021bi\u0219tii desf\u0103\u0219oar\u0103 activit\u0103\u021bi de c\u0103utare \u0219i identificare a minorei MOROSAC ELENA ALEXANDRA de 12 ani \u0219i 3 luni, domiciliat\u0103 \u00een sat Cost\u00e2na, comuna Todire\u0219ti, jud. Suceava, care \u00een cursul zilei de ieri, \u00een jurul.orei 15:30, a plecat voluntar de la domiciliu f\u0103r\u0103 a reveni p\u00e2n\u0103 \u00een prezent.<\/p>\n<p>Semnalmente: \u00een\u0103l\u021bime cca. 150 cm, greutate aproximativ 40 kg, par lung \u0219aten, ochi c\u0103prui, f\u0103r\u0103 semne distinctive.<\/p>\n<p>La momentul plec\u0103rii, minora era \u00eembr\u0103cat\u0103 cu pantaloni negri, tricou negru, pantofi sport de culoare alb\u0103.<\/p>\n<p>Orice date de interes vor fi comunicate de \u00eendat\u0103 prin apelare SNUAU 112 sau celei mai apropiate unit\u0103\u021bi de poli\u021bie.<\/div>\n<div class=\"post-body entry-content\" id=\"post-body\">\n<div class=\"separator\"><a href=\"https:\/\/blogger.googleusercontent.com\/img\/b\/R29vZ2xl\/AVvXsEgwPKaJQu3qjT8gTqFmm7m4UrPM-78HlilxVCJyZQW6kIw-Cd8Sj61Y8-HVRNrwXmiSn4-vNC4aiqkiAanJtJ8dwMOkUTLuPDQBs2t2stWcEYEf_d7UJwb2giN__cY4WpjZ1dh_OanQ4FCzl2p9HapBCpiqu1T61xRF1l6WPbZbhgEM98c8hRcMz6JSrkU\/s1200\/morosac-elena-alexandra.jpg\"><img decoding=\"async\" alt=\"Minor\u0103 disp\u0103rut\u0103 f\u0103r\u0103 urm\u0103, la Cost\u00e2na! IPJ Suceava, apel pentru ajutor din partea popula\u021biei\" border=\"0\" height=\"335\" loading=\"lazy\" src=\"https:\/\/blogger.googleusercontent.com\/img\/b\/R29vZ2xl\/AVvXsEgwPKaJQu3qjT8gTqFmm7m4UrPM-78HlilxVCJyZQW6kIw-Cd8Sj61Y8-HVRNrwXmiSn4-vNC4aiqkiAanJtJ8dwMOkUTLuPDQBs2t2stWcEYEf_d7UJwb2giN__cY4WpjZ1dh_OanQ4FCzl2p9HapBCpiqu1T61xRF1l6WPbZbhgEM98c8hRcMz6JSrkU\/w640-h335-rw\/morosac-elena-alexandra.jpg\" title=\"Minor\u0103 disp\u0103rut\u0103 f\u0103r\u0103 urm\u0103, la Cost\u00e2na! IPJ Suceava, apel pentru ajutor din partea popula\u021biei\" width=\"640\"><\/a><\/div>\n<p>Poli\u021bi\u0219tii desf\u0103\u0219oar\u0103 activit\u0103\u021bi de c\u0103utare \u0219i identificare a minorei MOROSAC ELENA ALEXANDRA de 12 ani \u0219i 3 luni, domiciliat\u0103 \u00een sat Cost\u00e2na, comuna Todire\u0219ti, jud. Suceava, care \u00een cursul zilei de ieri, \u00een jurul.orei 15:30, a plecat voluntar de la domiciliu f\u0103r\u0103 a reveni p\u00e2n\u0103 \u00een prezent.<\/p>\n<p>Semnalmente: \u00een\u0103l\u021bime cca. 150 cm, greutate aproximativ 40 kg, par lung \u0219aten, ochi c\u0103prui, f\u0103r\u0103 semne distinctive.<\/p>\n<p>La momentul plec\u0103rii, minora era \u00eembr\u0103cat\u0103 cu pantaloni negri, tricou negru, pantofi sport de culoare alb\u0103.<\/p>\n<p>Orice date de interes vor fi comunicate de \u00eendat\u0103 prin apelare SNUAU 112 sau celei mai apropiate unit\u0103\u021bi de poli\u021bie.<\/div>\n<p>[analyse_source url=&#8221;https:\/\/www.stirisuceava.net\/2026\/08\/minora-disparuta-fara-urma-la-costana.html&#8221;]<\/p>\n","protected":false},"excerpt":{"rendered":"<p>[analyse_image type=&#8221;featured&#8221; src=&#8221;https:\/\/blogger.googleusercontent.com\/img\/b\/R29vZ2xl\/AVvXsEgwPKaJQu3qjT8gTqFmm7m4UrPM-78HlilxVCJyZQW6kIw-Cd8Sj61Y8-HVRNrwXmiSn4-vNC4aiqkiAanJtJ8dwMOkUTLuPDQBs2t2stWcEYEf_d7UJwb2giN__cY4WpjZ1dh_OanQ4FCzl2p9HapBCpiqu1T61xRF1l6WPbZbhgEM98c8hRcMz6JSrkU\/w1600\/morosac-elena-alexandra.jpg&#8221;] Poli\u021bi\u0219tii desf\u0103\u0219oar\u0103 activit\u0103\u021bi de c\u0103utare \u0219i identificare a minorei MOROSAC ELENA ALEXANDRA de 12 ani \u0219i 3 luni, domiciliat\u0103 \u00een sat Cost\u00e2na, comuna Todire\u0219ti, jud. Suceava, care \u00een cursul zilei de ieri, \u00een jurul.orei 15:30, a plecat voluntar de la domiciliu f\u0103r\u0103 a reveni p\u00e2n\u0103 \u00een prezent. Semnalmente: \u00een\u0103l\u021bime cca. 150 cm, [&hellip;]<\/p>\n","protected":false},"author":1,"featured_media":0,"comment_status":"open","ping_status":"","sticky":false,"template":"","format":"standard","meta":{"footnotes":""},"categories":[89],"tags":[226,172],"class_list":["post-2082004","post","type-post","status-publish","format-standard","hentry","category-romania","tag-crawlmanager","tag-stirisuceava-net"],"_links":{"self":[{"href":"https:\/\/analyse.optim.biz\/index.php?rest_route=\/wp\/v2\/posts\/2082004","targetHints":{"allow":["GET"]}}],"collection":[{"href":"https:\/\/analyse.optim.biz\/index.php?rest_route=\/wp\/v2\/posts"}],"about":[{"href":"https:\/\/analyse.optim.biz\/index.php?rest_route=\/wp\/v2\/types\/post"}],"author":[{"embeddable":true,"href":"https:\/\/analyse.optim.biz\/index.php?rest_route=\/wp\/v2\/users\/1"}],"replies":[{"embeddable":true,"href":"https:\/\/analyse.optim.biz\/index.php?rest_route=%2Fwp%2Fv2%2Fcomments&post=2082004"}],"version-history":[{"count":0,"href":"https:\/\/analyse.optim.biz\/index.php?rest_route=\/wp\/v2\/posts\/2082004\/revisions"}],"wp:attachment":[{"href":"https:\/\/analyse.optim.biz\/index.php?rest_route=%2Fwp%2Fv2%2Fmedia&parent=2082004"}],"wp:term":[{"taxonomy":"category","embeddable":true,"href":"https:\/\/analyse.optim.biz\/index.php?rest_route=%2Fwp%2Fv2%2Fcategories&post=2082004"},{"taxonomy":"post_tag","embeddable":true,"href":"https:\/\/analyse.optim.biz\/index.php?rest_route=%2Fwp%2Fv2%2Ftags&post=2082004"}],"curies":[{"name":"wp","href":"https:\/\/api.w.org\/{rel}","templated":true}]}}