{"id":2081996,"date":"2026-08-07T08:40:00","date_gmt":"2026-08-07T05:40:00","guid":{"rendered":"https:\/\/analyse.optim.biz\/?p=2081996"},"modified":"2026-08-07T08:40:00","modified_gmt":"2026-08-07T05:40:00","slug":"asociatia-energie-inteligenta-romania-a-inchis-capacitati-energetice-printr-un-mecanism-obligatoriu-si-a-lasat-inlocuirea-lor-intr-un-mecanism-financiar-nesigur-intarziat-si-subfinantat","status":"publish","type":"post","link":"https:\/\/analyse.optim.biz\/?p=2081996","title":{"rendered":"Asocia\u021bia Energie Inteligent\u0103: Rom\u00e2nia a \u00eenchis capacit\u0103\u021bi energetice printr-un mecanism obligatoriu \u0219i a l\u0103sat \u00eenlocuirea lor \u00eentr-un mecanism financiar nesigur, \u00eent\u00e2rziat \u0219i subfinan\u021bat"},"content":{"rendered":"<p>[analyse_image type=&#8221;featured&#8221; src=&#8221;https:\/\/r3media.ro\/wp-content\/uploads\/2026\/08\/termocentrala-turceni-e1786091830447.jpghttps:\/\/r3media.ro\/wp-content\/uploads\/2026\/08\/termocentrala-turceni-e1786091830447.jpg&#8221;]<\/p>\n<article id=\"template-id-109\" class=\"post-109 tdb_templates type-tdb_templates status-publish post\">\n<div id=\"tdi_2\" class=\"tdc-zone\">\n<div class=\"tdc_zone tdi_3  wpb_row td-pb-row\">\n<div id=\"tdi_4\" class=\"tdc-row\">\n<div class=\"vc_row tdi_5  wpb_row td-pb-row\">\n<div class=\"vc_column tdi_7  wpb_column vc_column_container tdc-column td-pb-span8\">\n<div class=\"wpb_wrapper\">\n<div class=\"td_block_wrap tdb_breadcrumbs tdi_8 td-pb-border-top td_block_template_1 tdb-breadcrumbs \" data-td-block-uid=\"tdi_8\">\n<div class=\"tdb-block-inner td-fix-index\"><span><a title=\"Vede\u021bi toate articolele \u00een ENERGIE\" class=\"tdb-entry-crumb\" href=\"https:\/\/r3media.ro\/category\/energie\/\">ENERGIE<\/a><\/span><span class=\"tdb-bred-no-url-last\">Asocia\u021bia Energie Inteligent\u0103: Rom\u00e2nia a \u00eenchis capacit\u0103\u021bi energetice printr-un mecanism obligatoriu \u0219i&#8230;<\/span><\/div>\n<\/div>\n<div class=\"td_block_wrap tdb_single_categories tdi_9 td-pb-border-top td_block_template_1 \" data-td-block-uid=\"tdi_9\">\n<div class=\"tdb-category td-fix-index\"><a class=\"tdb-entry-category\" href=\"https:\/\/r3media.ro\/category\/energie\/\">ENERGIE<\/a><a class=\"tdb-entry-category\" href=\"https:\/\/r3media.ro\/category\/featured\/\">FEATURED<\/a><a class=\"tdb-entry-category\" href=\"https:\/\/r3media.ro\/category\/stiri\/\">\u0218TIRI<\/a><\/div>\n<\/div>\n<div class=\"td_block_wrap tdb_title tdi_10 tdb-single-title td-pb-border-top td_block_template_1\" data-td-block-uid=\"tdi_10\">\n<div class=\"tdb-block-inner td-fix-index\">\n<h1 class=\"tdb-title-text\">Asocia\u021bia Energie Inteligent\u0103: Rom\u00e2nia a \u00eenchis capacit\u0103\u021bi energetice printr-un mecanism obligatoriu \u0219i a l\u0103sat \u00eenlocuirea lor \u00eentr-un mecanism financiar nesigur, \u00eent\u00e2rziat \u0219i subfinan\u021bat<\/h1>\n<\/div>\n<\/div>\n<div class=\"vc_row_inner tdi_12  vc_row vc_inner wpb_row td-pb-row\">\n<div class=\"vc_column_inner tdi_14  wpb_column vc_column_container tdc-inner-column td-pb-span12\">\n<div class=\"vc_column-inner\">\n<div class=\"wpb_wrapper\">\n<div class=\"td_block_wrap tdb_single_author tdi_15 td-pb-border-top td_block_template_1 tdb-post-meta\" data-td-block-uid=\"tdi_15\">\n<div class=\"tdb-block-inner td-fix-index\">\n<div class=\"tdb-author-name-wrap\"><a class=\"tdb-author-name\" href=\"https:\/\/r3media.ro\/author\/redactia\/\">Redac\u021bia<\/a><\/div>\n<\/div>\n<\/div>\n<div class=\"td_block_wrap tdb_single_date tdi_16 td-pb-border-top td_block_template_1 tdb-post-meta\" data-td-block-uid=\"tdi_16\">\n<div class=\"tdb-block-inner td-fix-index\"><time class=\"entry-date updated td-module-date\" datetime=\"2026-08-07T11:40:00+03:00\">07\/08\/2026<\/time><\/div>\n<\/div>\n<\/div>\n<\/div>\n<\/div>\n<\/div>\n<div class=\"td_block_wrap tdb_single_featured_image tdi_17 tdb-content-horiz-left td-pb-border-top td_block_template_1\" data-td-block-uid=\"tdi_17\">\n<div class=\"tdb-block-inner td-fix-index\">\n<figure><figcaption class=\"tdb-caption-text\">Sursa foto: Agerpres<\/figcaption><\/figure>\n<\/div>\n<\/div>\n<div class=\"td_block_wrap tdb_single_content tdi_18 td-pb-border-top td_block_template_1 td-post-content tagdiv-type\" data-td-block-uid=\"tdi_18\">\n<div class=\"tdb-block-inner td-fix-index\">\n<p><strong>Asocia\u021bia Energie Inteligent\u0103 (AEI) afirm\u0103 c\u0103 Rom\u00e2nia a \u00eenchis capacit\u0103\u021bi energetice printr-un mecanism obligatoriu \u0219i a l\u0103sat \u00eenlocuirea lor \u00eentr-un mecanism financiar nesigur, \u00eent\u00e2rziat \u0219i subfinan\u021bat, scrie ziarul<a href=\"https:\/\/www.bursa.ro\/dumitru-chisalita-aei-pnrr-a-impus-inchiderea-carbunelui-dar-nu-a-finantat-direct-centralele-pe-gaze-de-la-turceni-si-isalnita-87797954?shem=dsdf,sharefoc,agadiscoversdl,,sh\/x\/discover\/m1\/4\" target=\"_blank\" rel=\"noopener\"> Bursa<\/a>.<\/strong><\/p>\n<p>Rom\u00e2nia a avut \u00een PNRR bani condi\u0163iona\u0163i de \u00eenchiderea c\u0103rbunelui, dar nu bani PNRR pentru construirea celor dou\u0103 centrale \u00eenlocuitoare.<\/p>\n<p>AEI a analizat situa\u021bia energetic\u0103 a \u021b\u0103rii \u0219i concluziile sunt necru\u021b\u0103toare: Rom\u00e2nia a legat juridic \u0219i financiar \u00eenchiderea a 3.780 MW pe c\u0103rbune de perspectiva construirii unor noi capacita\u021bi, care \u00eensumeaz\u0103 numai 1.325 MW \u0219i nici acestea nu au fost construite.<\/p>\n<p>Pe scurt:<\/p>\n<p>-\u00eenlocuitorii pe gaze au r\u0103mas proiecte separate, dependente de Fondul pentru Modernizare, contribu\u021biile partenerilor \u0219i credite;<\/p>\n<p>-statul a semnat scoaterea din func\u021biune \u00eenainte s\u0103 existe contracte ferme pentru echipamentele de \u00eenlocuire;<\/p>\n<p>-cele dou\u0103 societ\u0103\u021bi de proiect au fost constituite, conducerile au func\u021bionat \u0219i contractele de finan\u021bare au fost semnate;<\/p>\n<p>-p\u00e2n\u0103 \u00een 2026, nici Turceni, nici I\u015falni\u0163a nu intraser\u0103 efectiv \u00een construc\u021bie;<\/p>\n<p>-costul cumulat a crescut de la aproximativ 4,17 miliarde lei la peste 6,4 miliarde lei;<\/p>\n<p>-granturile europene au r\u0103mas la valorile ini\u021biale, astfel \u00eenc\u00e2t asocia\u021bii trebuie s\u0103 g\u0103seasc\u0103 \u00eenc\u0103 peste 2 miliarde lei numai pentru acoperirea scumpirilor.<\/p>\n<p>\u00cen aceste condi\u021bii, nu este o surpriz\u0103 c\u0103 Rom\u00e2nia a intrat \u00eentr-o criz\u0103 energetic\u0103.<\/p>\n<p>Totu\u0219i, guvernul Bolojan d\u0103 vina pe secet\u0103.<\/p>\n<figure id=\"attachment_120979\" aria-describedby=\"caption-attachment-120979\" class=\"wp-caption aligncenter\"><figcaption id=\"caption-attachment-120979\" class=\"wp-caption-text\">Ce capacit\u0103\u021bi energetice s-au \u00eenchis<\/figcaption><\/figure>\n<figure id=\"attachment_120978\" aria-describedby=\"caption-attachment-120978\" class=\"wp-caption alignleft\"><figcaption id=\"caption-attachment-120978\" class=\"wp-caption-text\">Capacit\u0103\u021bi energetice ce trebuiau deschise<\/figcaption><\/figure>\n<div class=\"crp_related     crp-masonry\">\n<h2>\u00ceN CONTEXT<\/h2>\n<ul>\n<li><a href=\"https:\/\/r3media.ro\/ni-se-spune-ca-epoca-energiei-ieftine-pentru-romani-s-a-incheiat-dar-se-ocoleste-cu-grija-motivul-de-ce\/\" class=\"crp_link post-113596\"><span class=\"crp_title\">Ni se spune c\u0103 \u201eEpoca energiei ieftine pentru rom\u00e2ni s-a \u00eencheiat!\u201d dar se ocole\u0219te cu grij\u0103\u2026<\/span><\/a><\/li>\n<li><a href=\"https:\/\/r3media.ro\/dacia-ford-suspendare-productie-19-august-criza-energetica\/\" class=\"crp_link post-120794\"><span class=\"crp_title\">Dacia \u0219i Ford au suspendat produc\u021bia p\u00e2n\u0103 pe 19 august din cauza crizei energetice<\/span><\/a><\/li>\n<li><a href=\"https:\/\/r3media.ro\/oficial-1989-rationalizare-consum-energie\/\" class=\"crp_link post-120921\"><span class=\"crp_title\">E oficial, ne \u00eentoarcem \u00eenainte de 89: Guvernul ra\u021bionalizeaz\u0103 consumul de energie printr-un\u2026<\/span><\/a><\/li>\n<li><a href=\"https:\/\/r3media.ro\/cehia-capacitati-carbune-romania-criza-energetica\/\" class=\"crp_link post-120782\"><span class=\"crp_title\">Cehia a \u00eenchis doar o treime din capacit\u0103\u021bile pe c\u0103rbune, \u00een ultimii 14 ani \u0219i nu trece prin\u2026<\/span><\/a><\/li>\n<li><a href=\"https:\/\/r3media.ro\/sursa-crizei-energetice-radu-miruta-romania-capacitati-carbune-seceta\/\" class=\"crp_link post-120768\"><span class=\"crp_title\">Sursa crizei energetice. Ministrul Radu Miru\u021b\u0103: Rom\u00e2nia a \u00eenchis capacit\u0103\u021bi de produc\u021bie pe\u2026<\/span><\/a><\/li>\n<li><a href=\"https:\/\/r3media.ro\/romania-importa-energie-ucraina-ilie-bolojan-stare-de-alerta\/\" class=\"crp_link post-120674\"><span class=\"crp_title\">Rom\u00e2nia a ajuns s\u0103 importe energie de la Ucraina, stat aflat \u00een r\u0103zboi. Ilie Bolojan a\u2026<\/span><\/a><\/li>\n<li><a href=\"https:\/\/r3media.ro\/niculina-stelea-aur-green-deal-bruxelles-energie\/\" class=\"crp_link post-120824\"><span class=\"crp_title\">Niculina Stelea (AUR): \u201eDelirul verde\u201d, intitulat pompos Green Deal de c\u0103tre Bruxelles, este\u2026<\/span><\/a><\/li>\n<li><a href=\"https:\/\/r3media.ro\/ilie-bolojan-dacia-ford-suspendare-productie-economie-energie\/\" class=\"crp_link post-120837\"><span class=\"crp_title\">Controvers\u0103: Dacia \u0219i Ford \u00ee\u0219i suspend\u0103 produc\u021bia pentru a face economie la energie sau nu?<\/span><\/a><\/li>\n<\/ul>\n<\/div>\n<\/div>\n<\/div>\n<div class=\"td_block_wrap tdb_single_tags tdi_19 td-pb-border-top td_block_template_1\" data-td-block-uid=\"tdi_19\">\n<div class=\"tdb-block-inner td-fix-index\">\n<ul class=\"tdb-tags\">\n<li><span>SUBIECTE FIERBIN\u021aI<\/span><\/li>\n<li><a href=\"https:\/\/r3media.ro\/tag\/criza-energetica\/\">criza energetica<\/a><\/li>\n<li><a href=\"https:\/\/r3media.ro\/tag\/energie-romania\/\">energie romania<\/a><\/li>\n<li><a href=\"https:\/\/r3media.ro\/tag\/planul-national-de-redresare-si-rezilienta-pnrr\/\">Planul Na\u0163ional de Redresare \u015fi Rezilien\u0163\u0103 (PNRR)<\/a><\/li>\n<\/ul>\n<\/div>\n<\/div>\n<div class=\"td_block_wrap td_block_9 tdi_20 td_with_ajax_pagination td-pb-border-top td_block_template_1 td-column-2 td_block_padding td_block_bot_line\" data-td-block-uid=\"tdi_20\">\n<div class=\"td-block-title-wrap\">\n<h4 class=\"block-title td-block-title\"><span class=\"td-pulldown-size\">CITE\u0218TE MAI MULT<\/span><\/h4>\n<\/div>\n<div id=\"tdi_20\" class=\"td_block_inner\">\n<div class=\"td-block-row\">\n<div class=\"td-block-span6\">\n<div class=\"td_module_8 td_module_wrap\">\n<div class=\"item-details\">\n<h3 class=\"entry-title td-module-title\"><a href=\"https:\/\/r3media.ro\/drona-gasita-mare-mamaia-zona-loft-video\/\" rel=\"bookmark\" title=\"VIDEO | O dron\u0103 a fost g\u0103sit\u0103 \u00een mare, \u00een Mamaia, \u00een zona Loft\">VIDEO | O dron\u0103 a fost g\u0103sit\u0103 \u00een mare, \u00een Mamaia, \u00een zona Loft<\/a><\/h3>\n<div class=\"td-module-meta-info\"><a href=\"https:\/\/r3media.ro\/category\/actualitate\/\" class=\"td-post-category\">ACTUALITATE<\/a><span class=\"td-post-author-name\"><a href=\"https:\/\/r3media.ro\/author\/oana\/\">Oana Ivan<\/a><span>&#8211;<\/span><\/span><span class=\"td-post-date\"><time class=\"entry-date updated td-module-date\" datetime=\"2026-08-05T21:48:11+03:00\">05\/08\/2026<\/time><\/span><\/div>\n<\/div>\n<\/div>\n<\/div>\n<div class=\"td-block-span6\">\n<div class=\"td_module_8 td_module_wrap\">\n<div class=\"item-details\">\n<h3 class=\"entry-title td-module-title\"><a href=\"https:\/\/r3media.ro\/show-iluzie-si-realitate-de-la-the-truman-show-la-son-of-a-rich\/\" rel=\"bookmark\" title=\"Show, iluzie \u0219i realitate: de la The Truman Show la Son of a Rich\">Show, iluzie \u0219i realitate: de la The Truman Show la Son of a Rich<\/a><\/h3>\n<div class=\"td-module-meta-info\"><a href=\"https:\/\/r3media.ro\/category\/opinii\/\" class=\"td-post-category\">OPINII<\/a><span class=\"td-post-author-name\"><a href=\"https:\/\/r3media.ro\/author\/costi_balasoiu\/\">Constantin B\u0103l\u0103\u0219oiu<\/a><span>&#8211;<\/span><\/span><span class=\"td-post-date\"><time class=\"entry-date updated td-module-date\" datetime=\"2026-08-04T21:41:25+03:00\">04\/08\/2026<\/time><\/span><\/div>\n<\/div>\n<\/div>\n<\/div>\n<\/div>\n<div class=\"td-block-row\">\n<div class=\"td-block-span6\">\n<div class=\"td_module_8 td_module_wrap\">\n<div class=\"item-details\">\n<h3 class=\"entry-title td-module-title\"><a href=\"https:\/\/r3media.ro\/cand-incepe-scoala-in-2026-structura-an-nou-scolar\/\" rel=\"bookmark\" title=\"C\u00e2nd \u00eencepe \u0219coala \u00een 2026: Structura noului an \u0219colar, vacan\u021bele \u0219i zilele libere\">C\u00e2nd \u00eencepe \u0219coala \u00een 2026: Structura noului an \u0219colar, vacan\u021bele \u0219i zilele libere<\/a><\/h3>\n<div class=\"td-module-meta-info\"><a href=\"https:\/\/r3media.ro\/category\/actualitate\/\" class=\"td-post-category\">ACTUALITATE<\/a><span class=\"td-post-author-name\"><a href=\"https:\/\/r3media.ro\/author\/oana\/\">Oana Ivan<\/a><span>&#8211;<\/span><\/span><span class=\"td-post-date\"><time class=\"entry-date updated td-module-date\" datetime=\"2026-08-03T22:23:20+03:00\">03\/08\/2026<\/time><\/span><\/div>\n<\/div>\n<\/div>\n<\/div>\n<div class=\"td-block-span6\">\n<div class=\"td_module_8 td_module_wrap\">\n<div class=\"item-details\">\n<h3 class=\"entry-title td-module-title\"><a href=\"https:\/\/r3media.ro\/tara-europa-norvegia-masini-electrice-inmatriculate-cota-ridicata\/\" rel=\"bookmark\" title=\"\u021aara din Europa unde aproape toate ma\u0219inile \u00eenmatriculate sune electrice. Cota a ajuns la 97,6% \u00een iulie\">\u021aara din Europa unde aproape toate ma\u0219inile \u00eenmatriculate sune electrice. Cota a ajuns la&#8230;<\/a><\/h3>\n<div class=\"td-module-meta-info\"><a href=\"https:\/\/r3media.ro\/category\/actualitate\/\" class=\"td-post-category\">ACTUALITATE<\/a><span class=\"td-post-author-name\"><a href=\"https:\/\/r3media.ro\/author\/oana\/\">Oana Ivan<\/a><span>&#8211;<\/span><\/span><span class=\"td-post-date\"><time class=\"entry-date updated td-module-date\" datetime=\"2026-08-03T17:01:21+03:00\">03\/08\/2026<\/time><\/span><\/div>\n<\/div>\n<\/div>\n<\/div>\n<\/div>\n<div class=\"td-block-row\">\n<div class=\"td-block-span6\">\n<div class=\"td_module_8 td_module_wrap\">\n<div class=\"item-details\">\n<h3 class=\"entry-title td-module-title\"><a href=\"https:\/\/r3media.ro\/puterea-mitologica-instalata-a-romaniei\/\" rel=\"bookmark\" title=\"Puterea mitologic\u0103 instalat\u0103 a Rom\u00e2niei\">Puterea mitologic\u0103 instalat\u0103 a Rom\u00e2niei<\/a><\/h3>\n<div class=\"td-module-meta-info\"><a href=\"https:\/\/r3media.ro\/category\/opinii\/\" class=\"td-post-category\">OPINII<\/a><span class=\"td-post-author-name\"><a href=\"https:\/\/r3media.ro\/author\/tru\/\">TRU (Traian Ungureanu)<\/a><span>&#8211;<\/span><\/span><span class=\"td-post-date\"><time class=\"entry-date updated td-module-date\" datetime=\"2026-08-02T22:08:04+03:00\">02\/08\/2026<\/time><\/span><\/div>\n<\/div>\n<\/div>\n<\/div>\n<div class=\"td-block-span6\">\n<div class=\"td_module_8 td_module_wrap\">\n<div class=\"item-details\">\n<h3 class=\"entry-title td-module-title\"><a href=\"https:\/\/r3media.ro\/hyundai-recheama-service-masini-electrice-inster-risc-incendiu\/\" rel=\"bookmark\" title=\"Hyundai recheam\u0103 \u00een service zeci de mii de ma\u0219ini electrice din cauza riscului de incendiu\">Hyundai recheam\u0103 \u00een service zeci de mii de ma\u0219ini electrice din cauza riscului de&#8230;<\/a><\/h3>\n<div class=\"td-module-meta-info\"><a href=\"https:\/\/r3media.ro\/category\/actualitate\/\" class=\"td-post-category\">ACTUALITATE<\/a><span class=\"td-post-author-name\"><a href=\"https:\/\/r3media.ro\/author\/oana\/\">Oana Ivan<\/a><span>&#8211;<\/span><\/span><span class=\"td-post-date\"><time class=\"entry-date updated td-module-date\" datetime=\"2026-08-02T08:34:05+03:00\">02\/08\/2026<\/time><\/span><\/div>\n<\/div>\n<\/div>\n<\/div>\n<\/div>\n<div class=\"td-block-row\">\n<div class=\"td-block-span6\">\n<div class=\"td_module_8 td_module_wrap\">\n<div class=\"item-details\">\n<h3 class=\"entry-title td-module-title\"><a href=\"https:\/\/r3media.ro\/dragostea-care-transcende-epoci-descult-in-parc-1967\/\" rel=\"bookmark\" title=\"Dragostea care transcende epoci \u2014 Descul\u021b \u00een parc (1967)\">Dragostea care transcende epoci \u2014 Descul\u021b \u00een parc (1967)<\/a><\/h3>\n<div class=\"td-module-meta-info\"><a href=\"https:\/\/r3media.ro\/category\/opinii\/\" class=\"td-post-category\">OPINII<\/a><span class=\"td-post-author-name\"><a href=\"https:\/\/r3media.ro\/author\/costi_balasoiu\/\">Constantin B\u0103l\u0103\u0219oiu<\/a><span>&#8211;<\/span><\/span><span class=\"td-post-date\"><time class=\"entry-date updated td-module-date\" datetime=\"2026-08-01T13:45:14+03:00\">01\/08\/2026<\/time><\/span><\/div>\n<\/div>\n<\/div>\n<\/div>\n<div class=\"td-block-span6\">\n<div class=\"td_module_8 td_module_wrap\">\n<div class=\"item-details\">\n<h3 class=\"entry-title td-module-title\"><a href=\"https:\/\/r3media.ro\/masina-electrica-foc-turcia-incarcat-vehicul-explozie-pompieri-stingere-incendiu-video\/\" rel=\"bookmark\" title=\"VIDEO | O ma\u0219in\u0103 electric\u0103 a luat foc \u00een timp ce se afla la \u00eenc\u0103rcat. Vehiculul a explodat chiar c\u00e2nd pompierii \u00eencercau s\u0103 sting\u0103 incendiul folosind o p\u0103tur\u0103 ignifug\u0103\">VIDEO | O ma\u0219in\u0103 electric\u0103 a luat foc \u00een timp ce se afla la&#8230;<\/a><\/h3>\n<div class=\"td-module-meta-info\"><a href=\"https:\/\/r3media.ro\/category\/actualitate\/\" class=\"td-post-category\">ACTUALITATE<\/a><span class=\"td-post-author-name\"><a href=\"https:\/\/r3media.ro\/author\/oana\/\">Oana Ivan<\/a><span>&#8211;<\/span><\/span><span class=\"td-post-date\"><time class=\"entry-date updated td-module-date\" datetime=\"2026-07-31T13:33:48+03:00\">31\/07\/2026<\/time><\/span><\/div>\n<\/div>\n<\/div>\n<\/div>\n<\/div>\n<div class=\"td-block-row\">\n<div class=\"td-block-span6\">\n<div class=\"td_module_8 td_module_wrap\">\n<div class=\"item-details\">\n<h3 class=\"entry-title td-module-title\"><a href=\"https:\/\/r3media.ro\/spania-asediu-migranti-exclava-ceuta-africa-madrid-trupe-securitate-video\/\" rel=\"bookmark\" title=\"VIDEO | Spania se afl\u0103 sub asediu: Mii de migran\u021bi au luat cu asalt exclava Ceuta din Africa. Madridul a trimis trupe pentru a consolida securitatea\">VIDEO | Spania se afl\u0103 sub asediu: Mii de migran\u021bi au luat cu asalt&#8230;<\/a><\/h3>\n<div class=\"td-module-meta-info\"><a href=\"https:\/\/r3media.ro\/category\/actualitate\/\" class=\"td-post-category\">ACTUALITATE<\/a><span class=\"td-post-author-name\"><a href=\"https:\/\/r3media.ro\/author\/oana\/\">Oana Ivan<\/a><span>&#8211;<\/span><\/span><span class=\"td-post-date\"><time class=\"entry-date updated td-module-date\" datetime=\"2026-07-31T12:39:57+03:00\">31\/07\/2026<\/time><\/span><\/div>\n<\/div>\n<\/div>\n<\/div>\n<div class=\"td-block-span6\">\n<div class=\"td_module_8 td_module_wrap\">\n<div class=\"item-details\">\n<h3 class=\"entry-title td-module-title\"><a href=\"https:\/\/r3media.ro\/expert-ucraina-faliment-agricultura-romaneasca-tehnologii-ue\/\" rel=\"bookmark\" title=\"Un expert explic\u0103 felul \u00een care concuren\u021ba din Ucraina bag\u0103 \u00een faliment agricultura rom\u00e2neasc\u0103: Folosesc tehnologii interzise \u00een UE\">Un expert explic\u0103 felul \u00een care concuren\u021ba din Ucraina bag\u0103 \u00een faliment agricultura rom\u00e2neasc\u0103:&#8230;<\/a><\/h3>\n<div class=\"td-module-meta-info\"><a href=\"https:\/\/r3media.ro\/category\/actualitate\/\" class=\"td-post-category\">ACTUALITATE<\/a><span class=\"td-post-author-name\"><a href=\"https:\/\/r3media.ro\/author\/radu_ursan\/\">Radu Ursan<\/a><span>&#8211;<\/span><\/span><span class=\"td-post-date\"><time class=\"entry-date updated td-module-date\" datetime=\"2026-07-30T09:51:48+03:00\">30\/07\/2026<\/time><\/span><\/div>\n<\/div>\n<\/div>\n<\/div>\n<\/div>\n<div class=\"td-block-row\">\n<div class=\"td-block-span6\">\n<div class=\"td_module_8 td_module_wrap\">\n<div class=\"item-details\">\n<h3 class=\"entry-title td-module-title\"><a href=\"https:\/\/r3media.ro\/cornel-nistorescu-drone-razboi-ucraina\/\" rel=\"bookmark\" title=\"Cornel Nistorescu, dup\u0103 incidentele cu drone: Adie a aer de r\u0103zboi. De mirare c\u0103 dronele ucrainene nu au st\u00e2rnit at\u00e2ta t\u0103r\u0103boi\">Cornel Nistorescu, dup\u0103 incidentele cu drone: Adie a aer de r\u0103zboi. De mirare c\u0103&#8230;<\/a><\/h3>\n<div class=\"td-module-meta-info\"><a href=\"https:\/\/r3media.ro\/category\/actualitate\/\" class=\"td-post-category\">ACTUALITATE<\/a><span class=\"td-post-author-name\"><a href=\"https:\/\/r3media.ro\/author\/radu_ursan\/\">Radu Ursan<\/a><span>&#8211;<\/span><\/span><span class=\"td-post-date\"><time class=\"entry-date updated td-module-date\" datetime=\"2026-07-28T10:21:51+03:00\">28\/07\/2026<\/time><\/span><\/div>\n<\/div>\n<\/div>\n<\/div>\n<div class=\"td-block-span6\">\n<div class=\"td_module_8 td_module_wrap\">\n<div class=\"item-details\">\n<h3 class=\"entry-title td-module-title\"><a href=\"https:\/\/r3media.ro\/bnr-recomanda-romani-rezerve-de-cash-atacuri-cibernetice-numerar-relevant-criza\/\" rel=\"bookmark\" title=\"BNR le recomand\u0103 rom\u00e2nilor s\u0103 p\u0103streze rezerve de cash: Numerarul se poate dovedi relevant \u00een criz\u0103\">BNR le recomand\u0103 rom\u00e2nilor s\u0103 p\u0103streze rezerve de cash: Numerarul se poate dovedi relevant&#8230;<\/a><\/h3>\n<div class=\"td-module-meta-info\"><a href=\"https:\/\/r3media.ro\/category\/actualitate\/\" class=\"td-post-category\">ACTUALITATE<\/a><span class=\"td-post-author-name\"><a href=\"https:\/\/r3media.ro\/author\/oana\/\">Oana Ivan<\/a><span>&#8211;<\/span><\/span><span class=\"td-post-date\"><time class=\"entry-date updated td-module-date\" datetime=\"2026-07-27T13:11:47+03:00\">27\/07\/2026<\/time><\/span><\/div>\n<\/div>\n<\/div>\n<\/div>\n<\/div>\n<\/div>\n<div class=\"td-load-more-wrap td-load-more-infinite-wrap\" id=\"infinite-lm-tdi_20\"><a href=\"https:\/\/r3media.ro\/asociatia-energie-inteligenta-romania-inchidere-capacitati-energetice\/\" class=\"td_ajax_load_more td_ajax_load_more_js\" aria-label=\"\u00cenc\u0103rca\u021bi mai multe\" id=\"next-page-tdi_20\" data-td_block_id=\"tdi_20\">\u00cenc\u0103rca\u021bi mai multe<\/a><\/div>\n<\/div>\n<div class=\"td_block_wrap tdb_single_comments tdi_21 tdb-comm-layout2 td-pb-border-top td_block_template_1\" data-td-block-uid=\"tdi_21\">\n<div class=\"tdb-block-inner td-fix-index\">\n<div class=\"comments\" id=\"comments\">\n<div id=\"respond\" class=\"comment-respond\">\n<h3 id=\"reply-title\" class=\"comment-reply-title\">AI CEVA DE SPUS? <small><a rel=\"nofollow\" id=\"cancel-comment-reply-link\" href=\"https:\/\/r3media.ro\/asociatia-energie-inteligenta-romania-inchidere-capacitati-energetice\/#respond\">Renun\u021ba\u021bi la r\u0103spuns<\/a><\/small><\/h3>\n<div class=\"comment-form-input-wrap td-form-comment\">\n<div class=\"td-warning-comment\">V\u0103 rug\u0103m s\u0103 introduce\u021bi comentariul dvs.!<\/div>\n<\/div>\n<div class=\"comment-form-input-wrap td-form-author\">\n<div class=\"td-warning-author\">Introduce\u021bi aici numele dvs.<\/div>\n<\/div>\n<div class=\"comment-form-input-wrap td-form-email\">\n<div class=\"td-warning-email-error\">A\u021bi introdus o adres\u0103 de e-mail incorect\u0103!<\/div>\n<div class=\"td-warning-email\">V\u0103 rug\u0103m s\u0103 introduce\u021bi adresa dvs. de e-mail aici<\/div>\n<\/div>\n<\/div>\n<\/div>\n<\/div>\n<\/div>\n<\/div>\n<\/div>\n<div class=\"vc_column tdi_23  wpb_column vc_column_container tdc-column td-pb-span4 td-is-sticky\">\n<div class=\"wpb_wrapper\" data-sticky-enabled-on=\"W3RydWUsdHJ1ZSx0cnVlLHRydWVd\" data-sticky-offset=\"20\" data-sticky-is-width-auto=\"W2ZhbHNlLGZhbHNlLGZhbHNlLGZhbHNlXQ==\">\n<div class=\"wpb_wrapper td_block_wrap vc_widget_sidebar tdi_25 \">\n<div class=\"td_block_wrap td_block_7 td_block_widget tdi_26 td-pb-border-top td_block_template_1 td-column-1 td_block_padding\" data-td-block-uid=\"tdi_26\">\n<div class=\"td-block-title-wrap\">\n<h4 class=\"block-title td-block-title\"><span class=\"td-pulldown-size\">Articole RELA\u021aIONATE<\/span><\/h4>\n<\/div>\n<div id=\"tdi_26\" class=\"td_block_inner\">\n<div class=\"td-block-span12\">\n<div class=\"td_module_6 td_module_wrap td-animation-stack\">\n<div class=\"td-module-thumb\"><a href=\"https:\/\/r3media.ro\/untold-sadghuru-new-age-schimbarea-la-fata\/\" rel=\"bookmark\" class=\"td-image-wrap \" title=\"VIDEO | UNTOLD a adus un guru new age pe scen\u0103, \u00een ziua Schimb\u0103rii la Fa\u021b\u0103. UNTOLD ofer\u0103 gratuit participan\u021bilor medita\u021biile yoghinului\"><img loading=\"lazy\" decoding=\"async\" class=\"entry-thumb\" src=\"https:\/\/r3media.ro\/wp-content\/uploads\/2026\/08\/sadghuru-untold-100x70.jpg\" alt title=\"VIDEO | UNTOLD a adus un guru new age pe scen\u0103, \u00een ziua Schimb\u0103rii la Fa\u021b\u0103. UNTOLD ofer\u0103 gratuit participan\u021bilor medita\u021biile yoghinului\" width=\"100\" height=\"70\"><\/a><\/div>\n<div class=\"item-details\">\n<h3 class=\"entry-title td-module-title\"><a href=\"https:\/\/r3media.ro\/untold-sadghuru-new-age-schimbarea-la-fata\/\" rel=\"bookmark\" title=\"VIDEO | UNTOLD a adus un guru new age pe scen\u0103, \u00een ziua Schimb\u0103rii la Fa\u021b\u0103. UNTOLD ofer\u0103 gratuit participan\u021bilor medita\u021biile yoghinului\">VIDEO | UNTOLD a adus un guru new age pe scen\u0103,&#8230;<\/a><\/h3>\n<div class=\"td-module-meta-info\"><span class=\"td-post-date\"><time class=\"entry-date updated td-module-date\" datetime=\"2026-08-07T12:51:06+03:00\">07\/08\/2026<\/time><\/span><\/div>\n<\/div>\n<\/div>\n<\/div>\n<div class=\"td-block-span12\">\n<div class=\"td_module_6 td_module_wrap td-animation-stack\">\n<div class=\"td-module-thumb\"><a href=\"https:\/\/r3media.ro\/foto-podul-constantin-cel-mare-nord-dunare-imperiu-roman\/\" rel=\"bookmark\" class=\"td-image-wrap \" title=\"FOTO | Podul lui Constantin cel Mare, construit pentru a lega nordul Dun\u0103rii cu Imperiul Roman, a ie\u0219it la iveal\u0103 din cauza nivelului sc\u0103zut al fluviului\"><img loading=\"lazy\" decoding=\"async\" class=\"entry-thumb\" src=\"https:\/\/r3media.ro\/wp-content\/uploads\/2026\/08\/pod-constantin-cel-mare-sucidava-100x70.jpg\" alt title=\"FOTO | Podul lui Constantin cel Mare, construit pentru a lega nordul Dun\u0103rii cu Imperiul Roman, a ie\u0219it la iveal\u0103 din cauza nivelului sc\u0103zut al fluviului\" width=\"100\" height=\"70\"><\/a><\/div>\n<div class=\"item-details\">\n<h3 class=\"entry-title td-module-title\"><a href=\"https:\/\/r3media.ro\/foto-podul-constantin-cel-mare-nord-dunare-imperiu-roman\/\" rel=\"bookmark\" title=\"FOTO | Podul lui Constantin cel Mare, construit pentru a lega nordul Dun\u0103rii cu Imperiul Roman, a ie\u0219it la iveal\u0103 din cauza nivelului sc\u0103zut al fluviului\">FOTO | Podul lui Constantin cel Mare, construit pentru a lega&#8230;<\/a><\/h3>\n<div class=\"td-module-meta-info\"><span class=\"td-post-date\"><time class=\"entry-date updated td-module-date\" datetime=\"2026-08-07T10:41:02+03:00\">07\/08\/2026<\/time><\/span><\/div>\n<\/div>\n<\/div>\n<\/div>\n<div class=\"td-block-span12\">\n<div class=\"td_module_6 td_module_wrap td-animation-stack\">\n<div class=\"td-module-thumb\"><a href=\"https:\/\/r3media.ro\/calendarul-zilei-7-august-sf-teodora-de-la-sihla\/\" rel=\"bookmark\" class=\"td-image-wrap \" title=\"Calendarul zilei 7 august: Sf. Teodora de la Sihla\"><img loading=\"lazy\" decoding=\"async\" class=\"entry-thumb\" src=\"https:\/\/r3media.ro\/wp-content\/uploads\/2021\/08\/Sfanta-Teodora-de-la-Sihla-100x70.jpg\" alt title=\"Calendarul zilei 7 august: Sf. Teodora de la Sihla\" width=\"100\" height=\"70\"><\/a><\/div>\n<div class=\"item-details\">\n<h3 class=\"entry-title td-module-title\"><a href=\"https:\/\/r3media.ro\/calendarul-zilei-7-august-sf-teodora-de-la-sihla\/\" rel=\"bookmark\" title=\"Calendarul zilei 7 august: Sf. Teodora de la Sihla\">Calendarul zilei 7 august: Sf. Teodora de la Sihla<\/a><\/h3>\n<div class=\"td-module-meta-info\"><span class=\"td-post-date\"><time class=\"entry-date updated td-module-date\" datetime=\"2026-08-06T22:30:30+03:00\">06\/08\/2026<\/time><\/span><\/div>\n<\/div>\n<\/div>\n<\/div>\n<div class=\"td-block-span12\">\n<div class=\"td_module_6 td_module_wrap td-animation-stack\">\n<div class=\"td-module-thumb\"><a href=\"https:\/\/r3media.ro\/un-tongalez-un-sud-african-si-un-australian-vor-evolua-pentru-nationala-de-rugby-a-romaniei\/\" rel=\"bookmark\" class=\"td-image-wrap \" title=\"Rugby: Un tongalez, un sud-african \u0219i un australian au depus jur\u0103m\u00e2ntul de credin\u021b\u0103 fa\u021b\u0103 de Rom\u00e2nia\"><img loading=\"lazy\" decoding=\"async\" class=\"entry-thumb\" src=\"https:\/\/r3media.ro\/wp-content\/uploads\/2026\/08\/rugby-romania-e1786027644471-100x70.jpg\" alt title=\"Rugby: Un tongalez, un sud-african \u0219i un australian au depus jur\u0103m\u00e2ntul de credin\u021b\u0103 fa\u021b\u0103 de Rom\u00e2nia\" width=\"100\" height=\"70\"><\/a><\/div>\n<div class=\"item-details\">\n<h3 class=\"entry-title td-module-title\"><a href=\"https:\/\/r3media.ro\/un-tongalez-un-sud-african-si-un-australian-vor-evolua-pentru-nationala-de-rugby-a-romaniei\/\" rel=\"bookmark\" title=\"Rugby: Un tongalez, un sud-african \u0219i un australian au depus jur\u0103m\u00e2ntul de credin\u021b\u0103 fa\u021b\u0103 de Rom\u00e2nia\">Rugby: Un tongalez, un sud-african \u0219i un australian au depus jur\u0103m\u00e2ntul&#8230;<\/a><\/h3>\n<div class=\"td-module-meta-info\"><span class=\"td-post-date\"><time class=\"entry-date updated td-module-date\" datetime=\"2026-08-06T18:40:30+03:00\">06\/08\/2026<\/time><\/span><\/div>\n<\/div>\n<\/div>\n<\/div>\n<div class=\"td-block-span12\">\n<div class=\"td_module_6 td_module_wrap td-animation-stack\">\n<div class=\"td-module-thumb\"><a href=\"https:\/\/r3media.ro\/senat-sua-vot-punere-acuzare-anthony-fauci-refuz-gestionare-pandemie-covid-19\/\" rel=\"bookmark\" class=\"td-image-wrap \" title=\"Senatul SUA a votat pentru punerea sub acuzare a lui Anthony Fauci. A refuzat s\u0103 spun\u0103 cum a gestionat pandemia de Covid-19\"><img loading=\"lazy\" decoding=\"async\" class=\"entry-thumb\" src=\"https:\/\/r3media.ro\/wp-content\/uploads\/2021\/02\/anthony-fauci-vaccinarea-planetei-100x70.jpg\" alt title=\"Senatul SUA a votat pentru punerea sub acuzare a lui Anthony Fauci. A refuzat s\u0103 spun\u0103 cum a gestionat pandemia de Covid-19\" width=\"100\" height=\"70\"><\/a><\/div>\n<div class=\"item-details\">\n<h3 class=\"entry-title td-module-title\"><a href=\"https:\/\/r3media.ro\/senat-sua-vot-punere-acuzare-anthony-fauci-refuz-gestionare-pandemie-covid-19\/\" rel=\"bookmark\" title=\"Senatul SUA a votat pentru punerea sub acuzare a lui Anthony Fauci. A refuzat s\u0103 spun\u0103 cum a gestionat pandemia de Covid-19\">Senatul SUA a votat pentru punerea sub acuzare a lui Anthony&#8230;<\/a><\/h3>\n<div class=\"td-module-meta-info\"><span class=\"td-post-date\"><time class=\"entry-date updated td-module-date\" datetime=\"2026-08-06T17:58:49+03:00\">06\/08\/2026<\/time><\/span><\/div>\n<\/div>\n<\/div>\n<\/div>\n<div class=\"td-block-span12\">\n<div class=\"td_module_6 td_module_wrap td-animation-stack\">\n<div class=\"td-module-thumb\"><a href=\"https:\/\/r3media.ro\/danemarca-introduce-reguli-stricte-combatere-frauda-inteligenta-artificiala-scoli\/\" rel=\"bookmark\" class=\"td-image-wrap \" title=\"Danemarca introduce reguli stricte pentru combaterea fraudei cu inteligen\u021b\u0103 artificial\u0103 (IA) \u00een \u0219coli\"><img loading=\"lazy\" decoding=\"async\" class=\"entry-thumb\" src=\"https:\/\/r3media.ro\/wp-content\/uploads\/2026\/08\/copil-la-calculator-100x70.jpg\" alt title=\"Danemarca introduce reguli stricte pentru combaterea fraudei cu inteligen\u021b\u0103 artificial\u0103 (IA) \u00een \u0219coli\" width=\"100\" height=\"70\"><\/a><\/div>\n<div class=\"item-details\">\n<h3 class=\"entry-title td-module-title\"><a href=\"https:\/\/r3media.ro\/danemarca-introduce-reguli-stricte-combatere-frauda-inteligenta-artificiala-scoli\/\" rel=\"bookmark\" title=\"Danemarca introduce reguli stricte pentru combaterea fraudei cu inteligen\u021b\u0103 artificial\u0103 (IA) \u00een \u0219coli\">Danemarca introduce reguli stricte pentru combaterea fraudei cu inteligen\u021b\u0103 artificial\u0103 (IA)&#8230;<\/a><\/h3>\n<div class=\"td-module-meta-info\"><span class=\"td-post-date\"><time class=\"entry-date updated td-module-date\" datetime=\"2026-08-06T17:27:27+03:00\">06\/08\/2026<\/time><\/span><\/div>\n<\/div>\n<\/div>\n<\/div>\n<div class=\"td-block-span12\">\n<div class=\"td_module_6 td_module_wrap td-animation-stack\">\n<div class=\"td-module-thumb\"><a href=\"https:\/\/r3media.ro\/kia-recheama-service-prima-generatie-masini-electrice-e-niro-risc-incendiu\/\" rel=\"bookmark\" class=\"td-image-wrap \" title=\"Kia recheam\u0103 \u00een service prima genera\u021bie de ma\u0219ini electrice e-Niro din cauza riscului de incendiu\"><img loading=\"lazy\" decoding=\"async\" class=\"entry-thumb\" src=\"https:\/\/r3media.ro\/wp-content\/uploads\/2026\/08\/masina-kia-motors-100x70.jpg\" alt title=\"Kia recheam\u0103 \u00een service prima genera\u021bie de ma\u0219ini electrice e-Niro din cauza riscului de incendiu\" width=\"100\" height=\"70\"><\/a><\/div>\n<div class=\"item-details\">\n<h3 class=\"entry-title td-module-title\"><a href=\"https:\/\/r3media.ro\/kia-recheama-service-prima-generatie-masini-electrice-e-niro-risc-incendiu\/\" rel=\"bookmark\" title=\"Kia recheam\u0103 \u00een service prima genera\u021bie de ma\u0219ini electrice e-Niro din cauza riscului de incendiu\">Kia recheam\u0103 \u00een service prima genera\u021bie de ma\u0219ini electrice e-Niro din&#8230;<\/a><\/h3>\n<div class=\"td-module-meta-info\"><span class=\"td-post-date\"><time class=\"entry-date updated td-module-date\" datetime=\"2026-08-06T17:07:42+03:00\">06\/08\/2026<\/time><\/span><\/div>\n<\/div>\n<\/div>\n<\/div>\n<\/div>\n<\/div>\n<aside class=\"td_block_template_1 widget widget_recent_comments\">\n<h4 class=\"block-title\"><span>INTR\u0102 \u00ceN DISCU\u021aIE!<\/span><\/h4>\n<ul id=\"recentcomments\">\n<li class=\"recentcomments\"><span class=\"comment-author-link\">IvanHose<\/span> la <a href=\"https:\/\/r3media.ro\/kia-recheama-service-prima-generatie-masini-electrice-e-niro-risc-incendiu\/#comment-40354\">Kia recheam\u0103 \u00een service prima genera\u021bie de ma\u0219ini electrice e-Niro din cauza riscului de incendiu<\/a><\/li>\n<li class=\"recentcomments\"><span class=\"comment-author-link\">Gelu<\/span> la <a href=\"https:\/\/r3media.ro\/un-tongalez-un-sud-african-si-un-australian-vor-evolua-pentru-nationala-de-rugby-a-romaniei\/#comment-40353\">Rugby: Un tongalez, un sud-african \u0219i un australian au depus jur\u0103m\u00e2ntul de credin\u021b\u0103 fa\u021b\u0103 de Rom\u00e2nia<\/a><\/li>\n<li class=\"recentcomments\"><span class=\"comment-author-link\">George<\/span> la <a href=\"https:\/\/r3media.ro\/mariuca-zaharia-fetita-12-ani-marasesti\/#comment-40352\">Calendarul zilei 6 august: M\u0103riuca Zaharia, feti\u021ba de 12 ani c\u0103zut\u0103 la M\u0103r\u0103\u0219e\u0219ti, care nu mai are loc \u00een manualele de istorie<\/a><\/li>\n<li class=\"recentcomments\"><span class=\"comment-author-link\">Nicu<\/span> la <a href=\"https:\/\/r3media.ro\/ucraina-scuze-grecia-drona-marina-insula-lefkada-expolozie-portul-constanta\/#comment-40351\">Ucraina i-a cerut scuze Greciei pentru c\u0103 o dron\u0103 marin\u0103 a ajuns l\u00e2ng\u0103 Insula Lefkada. Nicio vorb\u0103 despre drona care putea s\u0103 arunce \u00een aer Portul Constan\u021ba<\/a><\/li>\n<li class=\"recentcomments\"><span class=\"comment-author-link\">Nicu<\/span> la <a href=\"https:\/\/r3media.ro\/bulgaria-nivelul-scazut-al-apelor-dunarii-nu-afecteaza-centrala-nucleara-de-la-kozlodui\/#comment-40350\">Bulgaria: Nivelul sc\u0103zut al apelor Dun\u0103rii NU afecteaz\u0103 centrala nuclear\u0103 de la Kozlodui<\/a><\/li>\n<li class=\"recentcomments\"><span class=\"comment-author-link\">Cristian<\/span> la <a href=\"https:\/\/r3media.ro\/4-august-1919-armata-romana-budapesta\/#comment-40349\">Calendarul zilei: 4 august 1919, cucerirea Budapestei de c\u0103tre Armata Rom\u00e2n\u0103<\/a><\/li>\n<li class=\"recentcomments\"><span class=\"comment-author-link\">Nicu<\/span> la <a href=\"https:\/\/r3media.ro\/ministr-securitate-energetica-marea-britanie-subventii-net-zero-umfla-facturi-cetateni-energie\/#comment-40348\">Ministrul Securit\u0103\u021bii Energetice din Marea Britanie neag\u0103 faptul c\u0103 subven\u021biile Net Zero umfl\u0103 facturile cet\u0103\u021benilor la energie<\/a><\/li>\n<\/ul>\n<\/aside>\n<aside class=\"td_block_template_1 widget widget_search\">\n<h4 class=\"block-title\"><span>CAUT\u0102 \u0218I VEI G\u0102SI<\/span><\/h4>\n<\/aside>\n<\/div>\n<\/div>\n<\/div>\n<\/div>\n<\/div>\n<\/div>\n<\/div>\n<p><span class=\"td-page-meta\"><\/span><span class=\"td-page-meta\"><span class=\"td-page-meta\"><\/span><\/span><span class=\"td-page-meta\"><\/span><\/article>\n<\/p>\n<div class=\"td_block_wrap tdb_single_content tdi_18 td-pb-border-top td_block_template_1 td-post-content tagdiv-type\" data-td-block-uid=\"tdi_18\">\n<div class=\"tdb-block-inner td-fix-index\">\n<p><strong>Asocia\u021bia Energie Inteligent\u0103 (AEI) afirm\u0103 c\u0103 Rom\u00e2nia a \u00eenchis capacit\u0103\u021bi energetice printr-un mecanism obligatoriu \u0219i a l\u0103sat \u00eenlocuirea lor \u00eentr-un mecanism financiar nesigur, \u00eent\u00e2rziat \u0219i subfinan\u021bat, scrie ziarul<a href=\"https:\/\/www.bursa.ro\/dumitru-chisalita-aei-pnrr-a-impus-inchiderea-carbunelui-dar-nu-a-finantat-direct-centralele-pe-gaze-de-la-turceni-si-isalnita-87797954?shem=dsdf,sharefoc,agadiscoversdl,,sh\/x\/discover\/m1\/4\" target=\"_blank\" rel=\"noopener\"> Bursa<\/a>.<\/strong><\/p>\n<p>Rom\u00e2nia a avut \u00een PNRR bani condi\u0163iona\u0163i de \u00eenchiderea c\u0103rbunelui, dar nu bani PNRR pentru construirea celor dou\u0103 centrale \u00eenlocuitoare.<\/p>\n<p>AEI a analizat situa\u021bia energetic\u0103 a \u021b\u0103rii \u0219i concluziile sunt necru\u021b\u0103toare: Rom\u00e2nia a legat juridic \u0219i financiar \u00eenchiderea a 3.780 MW pe c\u0103rbune de perspectiva construirii unor noi capacita\u021bi, care \u00eensumeaz\u0103 numai 1.325 MW \u0219i nici acestea nu au fost construite.<\/p>\n<p>Pe scurt:<\/p>\n<p>-\u00eenlocuitorii pe gaze au r\u0103mas proiecte separate, dependente de Fondul pentru Modernizare, contribu\u021biile partenerilor \u0219i credite;<\/p>\n<p>-statul a semnat scoaterea din func\u021biune \u00eenainte s\u0103 existe contracte ferme pentru echipamentele de \u00eenlocuire;<\/p>\n<p>-cele dou\u0103 societ\u0103\u021bi de proiect au fost constituite, conducerile au func\u021bionat \u0219i contractele de finan\u021bare au fost semnate;<\/p>\n<p>-p\u00e2n\u0103 \u00een 2026, nici Turceni, nici I\u015falni\u0163a nu intraser\u0103 efectiv \u00een construc\u021bie;<\/p>\n<p>-costul cumulat a crescut de la aproximativ 4,17 miliarde lei la peste 6,4 miliarde lei;<\/p>\n<p>-granturile europene au r\u0103mas la valorile ini\u021biale, astfel \u00eenc\u00e2t asocia\u021bii trebuie s\u0103 g\u0103seasc\u0103 \u00eenc\u0103 peste 2 miliarde lei numai pentru acoperirea scumpirilor.<\/p>\n<p>\u00cen aceste condi\u021bii, nu este o surpriz\u0103 c\u0103 Rom\u00e2nia a intrat \u00eentr-o criz\u0103 energetic\u0103.<\/p>\n<p>Totu\u0219i, guvernul Bolojan d\u0103 vina pe secet\u0103.<\/p>\n<figure id=\"attachment_120979\" aria-describedby=\"caption-attachment-120979\" class=\"wp-caption aligncenter\"><figcaption id=\"caption-attachment-120979\" class=\"wp-caption-text\">Ce capacit\u0103\u021bi energetice s-au \u00eenchis<\/figcaption><\/figure>\n<figure id=\"attachment_120978\" aria-describedby=\"caption-attachment-120978\" class=\"wp-caption alignleft\"><figcaption id=\"caption-attachment-120978\" class=\"wp-caption-text\">Capacit\u0103\u021bi energetice ce trebuiau deschise<\/figcaption><\/figure>\n<div class=\"crp_related     crp-masonry\">\n<h2>\u00ceN CONTEXT<\/h2>\n<ul>\n<li><a href=\"https:\/\/r3media.ro\/ni-se-spune-ca-epoca-energiei-ieftine-pentru-romani-s-a-incheiat-dar-se-ocoleste-cu-grija-motivul-de-ce\/\" class=\"crp_link post-113596\"><span class=\"crp_title\">Ni se spune c\u0103 \u201eEpoca energiei ieftine pentru rom\u00e2ni s-a \u00eencheiat!\u201d dar se ocole\u0219te cu grij\u0103\u2026<\/span><\/a><\/li>\n<li><a href=\"https:\/\/r3media.ro\/dacia-ford-suspendare-productie-19-august-criza-energetica\/\" class=\"crp_link post-120794\"><span class=\"crp_title\">Dacia \u0219i Ford au suspendat produc\u021bia p\u00e2n\u0103 pe 19 august din cauza crizei energetice<\/span><\/a><\/li>\n<li><a href=\"https:\/\/r3media.ro\/oficial-1989-rationalizare-consum-energie\/\" class=\"crp_link post-120921\"><span class=\"crp_title\">E oficial, ne \u00eentoarcem \u00eenainte de 89: Guvernul ra\u021bionalizeaz\u0103 consumul de energie printr-un\u2026<\/span><\/a><\/li>\n<li><a href=\"https:\/\/r3media.ro\/cehia-capacitati-carbune-romania-criza-energetica\/\" class=\"crp_link post-120782\"><span class=\"crp_title\">Cehia a \u00eenchis doar o treime din capacit\u0103\u021bile pe c\u0103rbune, \u00een ultimii 14 ani \u0219i nu trece prin\u2026<\/span><\/a><\/li>\n<li><a href=\"https:\/\/r3media.ro\/sursa-crizei-energetice-radu-miruta-romania-capacitati-carbune-seceta\/\" class=\"crp_link post-120768\"><span class=\"crp_title\">Sursa crizei energetice. Ministrul Radu Miru\u021b\u0103: Rom\u00e2nia a \u00eenchis capacit\u0103\u021bi de produc\u021bie pe\u2026<\/span><\/a><\/li>\n<li><a href=\"https:\/\/r3media.ro\/romania-importa-energie-ucraina-ilie-bolojan-stare-de-alerta\/\" class=\"crp_link post-120674\"><span class=\"crp_title\">Rom\u00e2nia a ajuns s\u0103 importe energie de la Ucraina, stat aflat \u00een r\u0103zboi. Ilie Bolojan a\u2026<\/span><\/a><\/li>\n<li><a href=\"https:\/\/r3media.ro\/niculina-stelea-aur-green-deal-bruxelles-energie\/\" class=\"crp_link post-120824\"><span class=\"crp_title\">Niculina Stelea (AUR): \u201eDelirul verde\u201d, intitulat pompos Green Deal de c\u0103tre Bruxelles, este\u2026<\/span><\/a><\/li>\n<li><a href=\"https:\/\/r3media.ro\/ilie-bolojan-dacia-ford-suspendare-productie-economie-energie\/\" class=\"crp_link post-120837\"><span class=\"crp_title\">Controvers\u0103: Dacia \u0219i Ford \u00ee\u0219i suspend\u0103 produc\u021bia pentru a face economie la energie sau nu?<\/span><\/a><\/li>\n<\/ul>\n<\/div>\n<\/div>\n<\/div>\n<p>[analyse_source url=&#8221;https:\/\/r3media.ro\/asociatia-energie-inteligenta-romania-inchidere-capacitati-energetice\/&#8221;]<\/p>\n","protected":false},"excerpt":{"rendered":"<p>[analyse_image type=&#8221;featured&#8221; src=&#8221;https:\/\/r3media.ro\/wp-content\/uploads\/2026\/08\/termocentrala-turceni-e1786091830447.jpghttps:\/\/r3media.ro\/wp-content\/uploads\/2026\/08\/termocentrala-turceni-e1786091830447.jpg&#8221;] ENERGIEAsocia\u021bia Energie Inteligent\u0103: Rom\u00e2nia a \u00eenchis capacit\u0103\u021bi energetice printr-un mecanism obligatoriu \u0219i&#8230; ENERGIEFEATURED\u0218TIRI Asocia\u021bia Energie Inteligent\u0103: Rom\u00e2nia a \u00eenchis capacit\u0103\u021bi energetice printr-un mecanism obligatoriu \u0219i a l\u0103sat \u00eenlocuirea lor \u00eentr-un mecanism financiar nesigur, \u00eent\u00e2rziat \u0219i subfinan\u021bat Redac\u021bia 07\/08\/2026 Sursa foto: Agerpres Asocia\u021bia Energie Inteligent\u0103 (AEI) afirm\u0103 c\u0103 Rom\u00e2nia a \u00eenchis capacit\u0103\u021bi energetice [&hellip;]<\/p>\n","protected":false},"author":1,"featured_media":0,"comment_status":"open","ping_status":"","sticky":false,"template":"","format":"standard","meta":{"footnotes":""},"categories":[89],"tags":[226,93],"class_list":["post-2081996","post","type-post","status-publish","format-standard","hentry","category-romania","tag-crawlmanager","tag-r3media-ro"],"_links":{"self":[{"href":"https:\/\/analyse.optim.biz\/index.php?rest_route=\/wp\/v2\/posts\/2081996","targetHints":{"allow":["GET"]}}],"collection":[{"href":"https:\/\/analyse.optim.biz\/index.php?rest_route=\/wp\/v2\/posts"}],"about":[{"href":"https:\/\/analyse.optim.biz\/index.php?rest_route=\/wp\/v2\/types\/post"}],"author":[{"embeddable":true,"href":"https:\/\/analyse.optim.biz\/index.php?rest_route=\/wp\/v2\/users\/1"}],"replies":[{"embeddable":true,"href":"https:\/\/analyse.optim.biz\/index.php?rest_route=%2Fwp%2Fv2%2Fcomments&post=2081996"}],"version-history":[{"count":0,"href":"https:\/\/analyse.optim.biz\/index.php?rest_route=\/wp\/v2\/posts\/2081996\/revisions"}],"wp:attachment":[{"href":"https:\/\/analyse.optim.biz\/index.php?rest_route=%2Fwp%2Fv2%2Fmedia&parent=2081996"}],"wp:term":[{"taxonomy":"category","embeddable":true,"href":"https:\/\/analyse.optim.biz\/index.php?rest_route=%2Fwp%2Fv2%2Fcategories&post=2081996"},{"taxonomy":"post_tag","embeddable":true,"href":"https:\/\/analyse.optim.biz\/index.php?rest_route=%2Fwp%2Fv2%2Ftags&post=2081996"}],"curies":[{"name":"wp","href":"https:\/\/api.w.org\/{rel}","templated":true}]}}