{"id":2081969,"date":"2026-08-06T13:21:01","date_gmt":"2026-08-06T10:21:01","guid":{"rendered":"https:\/\/analyse.optim.biz\/?p=2081969"},"modified":"2026-08-06T13:21:01","modified_gmt":"2026-08-06T10:21:01","slug":"contractul-climatic-continua-prin-compania-de-apa-haritina-craita-isi-sustine-acuzatia-cu-documente-si-o-cronologie-a-deciziilor","status":"publish","type":"post","link":"https:\/\/analyse.optim.biz\/?p=2081969","title":{"rendered":"Contractul Climatic continu\u0103 prin Compania de Ap\u0103? Haritina Crai\u021ba \u00ee\u0219i sus\u021bine acuza\u021bia cu documente \u0219i o cronologie a deciziilor"},"content":{"rendered":"<p>[analyse_image type=&#8221;featured&#8221; src=&#8221;https:\/\/gazetabuzoiana.ro\/wp-content\/uploads\/2026\/07\/haritina.jpeg&#8221;]<\/p>\n<div class=\"entry-content entry clearfix\">\n<p class=\"wp-block-paragraph\">Contractul Climatic M100 a fost anulat definitiv \u00een instan\u021b\u0103, \u00eens\u0103 unele dintre proiectele cuprinse \u00een acesta ar putea fi continuate pe o alt\u0103 cale, prin Compania de Ap\u0103 Buz\u0103u. Este ipoteza formulat\u0103 de expertul juridic Haritina Crai\u021ba, cea care a ob\u021binut \u00een justi\u021bie anularea Contractului Climatic \u0219i care pune acum cap la cap o succesiune de acte \u0219i decizii ale municipalit\u0103\u021bii. La numai 14 zile dup\u0103 hot\u0103r\u00e2rea instan\u021bei, Compania de Ap\u0103 declan\u0219a procedura pentru o schimbare ampl\u0103 a obiectului de activitate, iar ulterior primarul Constantin Toma a ini\u021biat proiectul prin care CLM a acordat mandat pentru aceste modific\u0103ri, pentru ca pe 5 august acestea s\u0103 ajung\u0103 pe masa ac\u021bionarilor societ\u0103\u021bii. Vede\u021bi <strong><a href=\"https:\/\/primariabuzau.ro\/wp-content\/uploads\/2026\/03\/HCL-129-AGEA-Compania-de-Apa.pdf\">AICI<\/a><\/strong> !<\/p>\n<p class=\"wp-block-paragraph\">Haritina Crai\u021ba sus\u021bine c\u0103 nu este vorba despre o simpl\u0103 \u00eenfiin\u021bare a unor noi coduri CAEN. Aceasta sus\u021bine c\u0103, privite \u00eempreun\u0103, modific\u0103rile ar putea crea cadrul juridic \u0219i administrativ prin care Compania de Ap\u0103 s\u0103 poat\u0103 desf\u0103\u0219ura inclusiv tipuri de lucr\u0103ri necesare unor proiecte care figurau \u00een Contractul Climatic M100, iar \u00een centrul suspiciunilor sale se afl\u0103 proiectul privind Canalul Iazul Morilor.<\/p>\n<h1 class=\"wp-block-heading\">11 iunie: Contractul Climatic M100 este anulat definitiv<\/h1>\n<p class=\"wp-block-paragraph\">Punctul de plecare al \u00eentregii cronologii este<strong> 11 iunie 2026<\/strong>, data la care, potrivit documentelor \u0219i informa\u021biilor prezentate de Haritina Crai\u021ba, instan\u021ba a anulat definitiv Contractul Climatic M100.<\/p>\n<p class=\"wp-block-paragraph\">Crai\u021ba este chiar persoana care a atacat documentul \u00een justi\u021bie \u0219i a ob\u021binut anularea acestuia.<\/p>\n<p class=\"wp-block-paragraph\">\u00cen documenta\u021bia Contractului Climatic se reg\u0103sea \u0219i proiectul referitor la Iazul Morilor, asupra c\u0103ruia aceasta atr\u0103sese anterior aten\u021bia.<\/p>\n<p class=\"wp-block-paragraph\">Din acest moment trebuie urm\u0103rit\u0103 succesiunea actelor care privesc Compania de Ap\u0103 Buz\u0103u.<\/p>\n<h1 class=\"wp-block-heading\">25 iunie: la numai 14 zile apare convocatorul Companiei de Ap\u0103<\/h1>\n<p class=\"wp-block-paragraph\">Pe 25 iunie 2026, adic\u0103 la numai dou\u0103 s\u0103pt\u0103m\u00e2ni dup\u0103 anularea definitiv\u0103 a Contractului Climatic, Compania de Ap\u0103 Buz\u0103u emite Convocatorul nr. 82 pentru Adunarea General\u0103 Extraordinar\u0103 a Ac\u021bionarilor.<\/p>\n<p class=\"wp-block-paragraph\">Documentul prevedea o modificare substan\u021bial\u0103 a obiectului de activitate al societ\u0103\u021bii.<\/p>\n<p class=\"wp-block-paragraph\">Concret, urma s\u0103 fie radiat \u00eentregul obiect secundar de activitate existent \u0219i \u00eenscris\u0103 o nou\u0103 list\u0103 de activit\u0103\u021bi.<\/p>\n<p class=\"wp-block-paragraph\">Activitatea principal\u0103 r\u0103m\u00e2nea CAEN 3600, respectiv \u201eCaptarea, tratarea \u0219i distribu\u021bia apei\u201d, \u00eens\u0103 printre activit\u0103\u021bile secundare propuse apar numeroase coduri din domeniul construc\u021biilor \u0219i lucr\u0103rilor inginere\u0219ti.<\/p>\n<p class=\"wp-block-paragraph\">Printre acestea:<\/p>\n<ul class=\"wp-block-list\">\n<li>CAEN 4100 \u2013 lucr\u0103ri de construc\u021bii ale cl\u0103dirilor reziden\u021biale \u0219i nereziden\u021biale;<\/li>\n<li>CAEN 4221 \u2013 lucr\u0103ri de construc\u021bii ale proiectelor utilitare pentru fluide;<\/li>\n<li>CAEN 4222 \u2013 lucr\u0103ri de construc\u021bii ale proiectelor utilitare pentru electricitate \u0219i telecomunica\u021bii;<\/li>\n<li>CAEN 4299 \u2013 lucr\u0103ri de construc\u021bii ale altor proiecte inginere\u0219ti;<\/li>\n<li>CAEN 4311 \u2013 lucr\u0103ri de demolare a construc\u021biilor;<\/li>\n<li>CAEN 4312 \u2013 lucr\u0103ri de preg\u0103tire a terenului;<\/li>\n<li>CAEN 4322 \u2013 lucr\u0103ri de instala\u021bii sanitare, de \u00eenc\u0103lzire \u0219i de aer condi\u021bionat;<\/li>\n<li>CAEN 4329 \u2013 alte lucr\u0103ri de instala\u021bii;<\/li>\n<li>CAEN 4399 \u2013 alte lucr\u0103ri speciale de construc\u021bii.<\/li>\n<\/ul>\n<p class=\"wp-block-paragraph\">Noua list\u0103 mai cuprinde activit\u0103\u021bi privind producerea energiei electrice din surse regenerabile, inginerie \u0219i consultan\u021b\u0103 tehnic\u0103, test\u0103ri \u0219i analize.<\/p>\n<p class=\"wp-block-paragraph\">Haritina Crai\u021ba consider\u0103 relevant faptul c\u0103 extinderea ampl\u0103 a obiectului de activitate al Companiei de Ap\u0103 a fost pus\u0103 \u00een mi\u0219care la numai 14 zile dup\u0103 anularea definitiv\u0103 a Contractului Climatic, o succesiune pe care o leag\u0103 de posibilitatea continu\u0103rii, pe o alt\u0103 cale, a unor proiecte cuprinse \u00een M100.<\/p>\n<h1 class=\"wp-block-heading\">Primarul Constantin Toma duce modific\u0103rile \u00een CLM<\/h1>\n<p class=\"wp-block-paragraph\">Pentru ca reprezentantul Municipiului Buz\u0103u s\u0103 poat\u0103 vota \u00een Adunarea General\u0103 a Ac\u021bionarilor Companiei de Ap\u0103, era necesar mandatul Consiliului Local.<\/p>\n<p class=\"wp-block-paragraph\">Primarul Constantin Toma a ini\u021biat proiectul de hot\u0103r\u00e2re prin care acest mandat urma s\u0103 fie acordat.<\/p>\n<p class=\"wp-block-paragraph\">Astfel, modificarea nu a r\u0103mas doar la nivelul unui document intern al Companiei de Ap\u0103. Propunerea a intrat \u00een circuitul administrativ al Municipiului Buz\u0103u \u0219i a ajuns \u00een fa\u021ba consilierilor locali.<\/p>\n<p class=\"wp-block-paragraph\">Pe 30 iulie 2026, CLM Buz\u0103u a aprobat proiectul.<\/p>\n<p class=\"wp-block-paragraph\">Prin votul Consiliului Local, reprezentantul Municipiului Buz\u0103u a fost mandatat s\u0103 voteze \u00een AGA Companiei de Ap\u0103 asupra modific\u0103rilor respective.<\/p>\n<p class=\"wp-block-paragraph\">Tocmai \u00een aceast\u0103 \u0219edin\u021b\u0103 intervine pentru prima dat\u0103 public Haritina Crai\u021ba.<\/p>\n<h1 class=\"wp-block-heading\">\u201eDe ce alege\u021bi CAEN 4221?\u201d<\/h1>\n<p class=\"wp-block-paragraph\">Prezent\u0103 la \u0219edin\u021ba CLM din 30 iulie, Cr\u0103i\u021ba spune c\u0103 a \u00eentrebat direct care este motivul introducerii CAEN 4221 \u2013 \u201eLucr\u0103ri de construc\u021bii ale proiectelor utilitare pentru fluide\u201d.<\/p>\n<p class=\"wp-block-paragraph\">\u00centrebarea sa a fost legat\u0103 explicit de proiectul Iazul Morilor:<\/p>\n<p class=\"wp-block-paragraph\"><strong><mark class=\"has-inline-color has-vivid-red-color\">\u201eDe ce alege\u021bi codul CAEN 4221 \u2013 Lucr\u0103ri de construc\u021bii ale proiectelor utilitare pentru fluide? Nu cumva este utilizat pentru promovarea Proiectului Pilot de iriga\u021bii cu ape uzate de pe Canalul Iazul Morilor?\u201d<\/mark><\/strong><\/p>\n<p class=\"wp-block-paragraph\">Potrivit Haritinei Crai\u021ba, \u00eentrebarea nu a primit un r\u0103spuns \u00een plen, iar proiectul a fost aprobat.<\/p>\n<p class=\"wp-block-paragraph\">Acesta este \u0219i motivul pentru care post\u0103rile sale de pe re\u021belele de socializare trebuie privite ca reac\u021bii la un proces deja \u00eenceput, \u0219i nu ca punct de plecare al acestuia.<\/p>\n<h1 class=\"wp-block-heading\">5 august: modific\u0103rile ajung \u00een AGA Companiei de Ap\u0103<\/h1>\n<p class=\"wp-block-paragraph\">Circuitul continu\u0103 la nivelul Companiei de Ap\u0103.<\/p>\n<p class=\"wp-block-paragraph\">Convocatorul nr. 82 din 25 iunie stabilea pentru<strong> 5 august 2026<\/strong> \u0219edin\u021ba Adun\u0103rii Generale Extraordinare a Ac\u021bionarilor, dup\u0103 convocarea ini\u021bial\u0103 din 4 august.<\/p>\n<p class=\"wp-block-paragraph\">Pe ordinea de zi se afla modificarea obiectului de activitate al societ\u0103\u021bii, inclusiv radierea vechilor activit\u0103\u021bi secundare \u0219i \u00eenscrierea noii liste.<\/p>\n<p class=\"wp-block-paragraph\">Avem astfel o succesiune administrativ\u0103 care poate fi urm\u0103rit\u0103 \u00een documente:<\/p>\n<p class=\"wp-block-paragraph\">Succesiunea documentelor arat\u0103 c\u0103, dup\u0103 anularea Contractului Climatic, Compania de Ap\u0103 a ini\u021biat demersurile pentru extinderea obiectului de activitate, modific\u0103rile au fost apoi introduse \u00eentr-un proiect ini\u021biat de primarul Constantin Toma \u0219i supuse votului Consiliului Local, iar dup\u0103 acordarea mandatului de c\u0103tre CLM au ajuns la vot \u00een Adunarea General\u0103 a Ac\u021bionarilor Companiei de Ap\u0103.<\/p>\n<p class=\"wp-block-paragraph\">Aceasta este cronologia pe care Haritina Crai\u021ba \u00ee\u0219i construie\u0219te acuza\u021bia c\u0103 s-ar preg\u0103ti o alt\u0103 cale pentru continuarea unor proiecte r\u0103mase f\u0103r\u0103 cadrul oferit de Contractul Climatic.<\/p>\n<h1 class=\"wp-block-heading\">Ce poate face Compania de Ap\u0103 dup\u0103 modificarea obiectului de activitate?<\/h1>\n<p class=\"wp-block-paragraph\">Un operator de ap\u0103-canal are, evident, nevoie de capacitatea de a realiza lucr\u0103ri asupra re\u021belelor pe care le exploateaz\u0103, iar unele dintre codurile introduse au o leg\u0103tur\u0103 direct\u0103 cu activitatea societ\u0103\u021bii.<\/p>\n<p class=\"wp-block-paragraph\">Haritina Crai\u021ba atrage \u00eens\u0103 aten\u021bia asupra ansamblului modific\u0103rilor.<\/p>\n<p class=\"wp-block-paragraph\">Compania dob\u00e2nde\u0219te \u00een obiectul de activitate posibilitatea de a desf\u0103\u0219ura lucr\u0103ri pentru proiecte utilitare destinate fluidelor, proiecte pentru electricitate, alte proiecte inginere\u0219ti, demol\u0103ri, excav\u0103ri \u0219i preg\u0103tirea terenului, construc\u021bii \u0219i alte lucr\u0103ri speciale.<\/p>\n<p class=\"wp-block-paragraph\">De aici \u00eentrebarea sa: <strong><mark class=\"has-inline-color has-vivid-red-color\">\u201epentru ce proiecte concrete sunt necesare toate aceste activit\u0103\u021bi?\u201d<\/mark><\/strong><\/p>\n<p class=\"wp-block-paragraph\">\u00cen postarea publicat\u0103 dup\u0103 \u0219edin\u021ba AGA, Crai\u021ba formuleaz\u0103 direct urm[toareasuspiciune:<\/p>\n<p class=\"wp-block-paragraph\"><strong><mark class=\"has-inline-color has-vivid-red-color\">\u201eSe \u00eencearc\u0103 cumva ocolirea unei hot\u0103r\u00e2ri judec\u0103tore\u0219ti definitive prin mutarea artificial\u0103 a unui proiect blocat din curtea Prim\u0103riei \u00een curtea Companiei de Ap\u0103?\u201d<\/mark><\/strong><\/p>\n<p class=\"wp-block-paragraph\">Este o acuza\u021bie care, \u00een acest moment, \u00eei apar\u021bine Haritinei Crai\u021ba. Documentele prezentate confirm\u0103 succesiunea modific\u0103rilor administrative, dar nu con\u021bin, \u00eenc\u0103, o decizie explicit\u0103 prin care proiectul Iazul Morilor s\u0103 fie transferat Companiei de Ap\u0103.<\/p>\n<h1 class=\"wp-block-heading\">Crai\u021ba invoc\u0103 \u0219i posibilitatea mecanismului \u201ein-house\u201d<\/h1>\n<p class=\"wp-block-paragraph\">Un alt element din argumenta\u021bia sa prive\u0219te posibilitatea atribuirii unor lucr\u0103ri prin mecanismul cunoscut drept \u201ein-house\u201d.<\/p>\n<p class=\"wp-block-paragraph\">Crai\u021ba sus\u021bine c\u0103 introducerea activit\u0103\u021bilor de construc\u021bii \u00een obiectul societ\u0103\u021bii ar putea contribui la crearea cadrului necesar pentru ca anumite lucr\u0103ri s\u0103 fie realizate prin intermediul Companiei de Ap\u0103 f\u0103r\u0103 o procedur\u0103 clasic\u0103 de licita\u021bie deschis\u0103, dac\u0103 sunt \u00eendeplinite condi\u021biile legale pentru o asemenea atribuire.<\/p>\n<p class=\"wp-block-paragraph\">Este necesar\u0103 \u00eens\u0103 o precizare \u0219i anume c\u0103 simpla introducere a unui cod CAEN nu permite automat atribuirea direct\u0103 a unui contract unei societ\u0103\u021bi controlate de o autoritate public\u0103. Regimul \u201ein-house\u201d este condi\u021bionat de \u00eendeplinirea unor cerin\u021be distincte prev\u0103zute de legisla\u021bia achizi\u021biilor publice.<\/p>\n<p class=\"wp-block-paragraph\">Prin urmare, Crai\u021ba indic\u0103 \u00een acest moment o posibilitate juridic\u0103 pe care consider\u0103 c\u0103 noile modific\u0103ri ar putea-o facilita, nu existen\u021ba unei atribuiri deja realizate.<\/p>\n<h1 class=\"wp-block-heading\">\u00cen acela\u0219i timp, se schimb\u0103 \u0219i Consiliul de Administra\u021bie<\/h1>\n<p class=\"wp-block-paragraph\">\u00cen paralel cu modificarea obiectului de activitate, documentele publicate arat\u0103 c\u0103 la Compania de Ap\u0103 se produce \u0219i o schimbare important\u0103 la nivelul conducerii.<\/p>\n<p class=\"wp-block-paragraph\">Mandatele administratorilor existen\u021bi expirau la 5 august, iar procedura de selec\u021bie pentru noul Consiliu de Administra\u021bie nu fusese finalizat\u0103.<\/p>\n<p class=\"wp-block-paragraph\">Documenta\u021bia Prim\u0103riei prevedea, \u00een consecin\u021b\u0103, numirea pentru cinci luni a cinci administratori provizorii, cu posibilitatea prelungirii mandatelor pentru \u00eenc\u0103 dou\u0103 luni.<\/p>\n<p class=\"wp-block-paragraph\">Persoanele propuse erau Delia Negoit\u0103, Mariana-Simona S\u0103vulescu, Maria Laz\u0103r, Dan Cuza \u0219i Eduard Pistol.<\/p>\n<p class=\"wp-block-paragraph\">Haritina Crai\u021ba atrage aten\u021bia asupra faptului c\u0103 printre persoanele desemnate se reg\u0103sesc un reprezentant important al aparatului Prim\u0103riei \u0219i persoane din conducerea Urbis Serv \u0219i pune problema modului \u00een care va mai func\u021biona controlul administrativ \u00eentre structurile implicate.<\/p>\n<p class=\"wp-block-paragraph\">\u0218i aici exist\u0103 un element concret \u00een documentele administra\u021biei.<\/p>\n<p class=\"wp-block-paragraph\">Numirea administratorilor provizorii era prev\u0103zut\u0103 \u201econdi\u021bionat de ob\u021binerea avizului AMEPIP p\u00e2n\u0103 la data \u0219edin\u021bei Adun\u0103rii Generale Ordinare a Ac\u021bionarilor\u201d.<\/p>\n<p class=\"wp-block-paragraph\">Cr\u0103i\u021ba cere acum s\u0103 se precizeze public dac\u0103 acest aviz exista efectiv la momentul \u00een care numirile au fost aprobate.<\/p>\n<h1 class=\"wp-block-heading\">De la CLM c\u0103tre structurile Companiei de Ap\u0103<\/h1>\n<p class=\"wp-block-paragraph\">Haritina Crai\u021ba mai sus\u021bine \u0219i c\u0103, dac\u0103 anumite proiecte vor fi preluate de Compania de Ap\u0103, o parte dintre deciziile ulterioare nu s-ar mai desf\u0103\u0219ura \u00een aceea\u0219i form\u0103 \u00een plenul Consiliului Local Municipal, ci \u00een interiorul mecanismelor corporative \u0219i asociative care guverneaz\u0103 operatorul regional.<\/p>\n<p class=\"wp-block-paragraph\">\u00cen acest context, aceasta invoc\u0103 \u0219i rolul<strong> ADI \u201eBuz\u0103u 2008\u201d<\/strong> \u0219i pozi\u021biile de\u021binute de primarul Constantin Toma \u00een cadrul asocia\u021biei.<\/p>\n<p class=\"wp-block-paragraph\">Pe 4 august, Crai\u021ba sintetiza acuza\u021bia spun\u021bnd c\u0103 <strong><mark class=\"has-inline-color has-vivid-red-color\">\u201eCLM va fi de decor, al\u021bii decid cu adev\u0103rat.\u201d<\/mark><\/strong><\/p>\n<p class=\"wp-block-paragraph\">Afirma\u021bia reprezint\u0103 interpretarea sa asupra efectelor viitoare ale acestor modific\u0103ri. Tocmai de aceea, una dintre clarific\u0103rile necesare din partea administra\u021biei locale este dac\u0103 extinderea obiectului de activitate are \u00een vedere proiecte care p\u00e2n\u0103 acum erau promovate direct de Municipiul Buz\u0103u.<\/p>\n<h1 class=\"wp-block-heading\">Pot ajunge eventualele investi\u021bii \u00een tariful apei?<\/h1>\n<p class=\"wp-block-paragraph\">Haritina Cr\u0103i\u021b\u0103 \u00eentreab\u0103 ce s-ar \u00eent\u00e2mpla dac\u0103 noul Consiliu de Administra\u021bie ar aproba \u00eemprumuturi pentru investi\u021bii care nu \u021bin strict de serviciul public de alimentare cu ap\u0103 \u0219i canalizare.<\/p>\n<p class=\"wp-block-paragraph\">Mai exact, aceasta cere s\u0103 se explice dac\u0103 exist\u0103 posibilitatea ca eventualele costuri ale unor asemenea investi\u021bii s\u0103 influen\u021beze, direct sau indirect, tariful suportat de consumatori.<\/p>\n<p class=\"wp-block-paragraph\">Este, deocamdat\u0103, un scenariu asupra c\u0103ruia Cr\u0103i\u021ba cere explica\u021bii. Documentele prezentate nu demonstreaz\u0103 \u00een momentul de fa\u021b\u0103 existen\u021ba unui credit contractat pentru Iazul Morilor sau pentru un alt proiect din fostul Contract Climatic.<\/p>\n<h1 class=\"wp-block-heading\">Dup\u0103 AGA, documentele au ajuns la Registrul Comer\u021bului<\/h1>\n<p class=\"wp-block-paragraph\">Dup\u0103 \u0219edin\u021ba din 5 august, Haritina Crai\u021ba a revenit public cu documentele \u0219i cu o serie de \u00eentreb\u0103ri adresate administra\u021biei.<\/p>\n<p class=\"wp-block-paragraph\">Aceasta anun\u021b\u0103 totodat\u0103 c\u0103 a depus documenta\u021bia la Oficiul Registrului Comer\u021bului Buz\u0103u, solicit\u00e2nd verificarea procedurilor.<\/p>\n<p class=\"wp-block-paragraph\"><strong><mark class=\"has-inline-color has-vivid-red-color\">\u201eDosarul complet a fost deja depus la Registrul Comer\u021bului (ONRC) Buz\u0103u pentru a cere verificarea strict\u0103 a acestor proceduri. A\u0219tept r\u0103spunsuri oficiale \u0219i transparente, nu perdele de fum!\u201d<\/mark><\/strong> \u0218i mai este un aspect care atrage aten\u021bia. Contractul Climatic a disp\u0103rut, dar nu se \u0219tie ce se \u00eent\u00e2mpl\u0103 cu proiectele din interiorul lui.<\/p>\n<p class=\"wp-block-paragraph\">Aceasta este, \u00een cele din urm\u0103, \u00eentrebarea care rezult\u0103 \u0219i din documentele \u0219i argumentele puse cap la cap de Haritina Crai\u021ba.<\/p>\n<p class=\"wp-block-paragraph\">Contractul Climatic M100 a fost anulat definitiv de instan\u021b\u0103.<strong> La 14 zile dup\u0103 aceast\u0103 decizie,<\/strong> Compania de Ap\u0103 emitea convocatorul prin care \u00eencepea procedura pentru o modificare ampl\u0103 a obiectului s\u0103u de activitate.<\/p>\n<p class=\"wp-block-paragraph\">Ulterior, primarul Constantin Toma a ini\u021biat proiectul prin care CLM Buz\u0103u a fost chemat s\u0103 mandateze reprezentantul Municipiului pentru votul din AGA. Consilierii au acordat mandatul, iar modific\u0103rile au ajuns apoi \u00een Adunarea General\u0103 a Ac\u021bionarilor Companiei de Ap\u0103.<\/p>\n<p class=\"wp-block-paragraph\">\u00cen urma acestui circuit, operatorul regional dispune de un obiect de activitate care cuprinde o gam\u0103 mult mai larg\u0103 de lucr\u0103ri de construc\u021bii \u0219i inginerie.<\/p>\n<p class=\"wp-block-paragraph\">Aceste elemente nu demonstreaz\u0103, \u00een acest moment, c\u0103 proiectul Iazul Morilor a fost deja transferat Companiei de Ap\u0103. Ele contureaz\u0103 \u00eens\u0103 o succesiune de decizii  pe care Haritina Crai\u021ba o interpreteaz\u0103 drept preg\u0103tirea cadrului necesar pentru ca unele proiecte r\u0103mase f\u0103r\u0103 suportul Contractului Climatic M100 s\u0103 poat\u0103 fi continuate prin intermediul Companiei de Ap\u0103.<\/p>\n<p class=\"wp-block-paragraph\">Clarificarea acestei situa\u021bii ]i revine Prim\u0103riei Buz\u0103u \u0219i Companiei de Ap\u0103, care pot explica public proiectele concrete pentru care au fost introduse noile coduri CAEN \u0219i dac\u0103 printre acestea se reg\u0103sesc Iazul Morilor sau alte investi\u021bii care au f\u0103cut parte din Contractul Climatic M100, anulat definitiv de instan\u021b\u0103.<\/p>\n<p class=\"wp-block-paragraph\">\u00cen concluzie, pentru Haritina Crai\u021ba, documentele puse cap la cap indic\u0103 o schimbare de traseu, nu abandonarea proiectelor d ec\u0103tre municipalitate. Contractul Climatic a fost anulat de instan\u021b\u0103, dar Compania de Ap\u0103 ar putea deveni noul vehicul pentru continuarea unora dintre proiectele primarului Constantin Toma.<\/p>\n<\/div>\n<p>[analyse_source url=&#8221;https:\/\/gazetabuzoiana.ro\/2026\/08\/06\/contractul-climatic-continua-prin-compania-de-apa-haritina-craita-isi-sustine-acuzatia-cu-documente-si-o-cronologie-a-deciziilor\/&#8221;]<\/p>\n","protected":false},"excerpt":{"rendered":"<p>[analyse_image type=&#8221;featured&#8221; src=&#8221;https:\/\/gazetabuzoiana.ro\/wp-content\/uploads\/2026\/07\/haritina.jpeg&#8221;] Contractul Climatic M100 a fost anulat definitiv \u00een instan\u021b\u0103, \u00eens\u0103 unele dintre proiectele cuprinse \u00een acesta ar putea fi continuate pe o alt\u0103 cale, prin Compania de Ap\u0103 Buz\u0103u. Este ipoteza formulat\u0103 de expertul juridic Haritina Crai\u021ba, cea care a ob\u021binut \u00een justi\u021bie anularea Contractului Climatic \u0219i care pune acum cap la [&hellip;]<\/p>\n","protected":false},"author":1,"featured_media":0,"comment_status":"open","ping_status":"","sticky":false,"template":"","format":"standard","meta":{"footnotes":""},"categories":[2],"tags":[226,38],"class_list":["post-2081969","post","type-post","status-publish","format-standard","hentry","category-politics","tag-crawlmanager","tag-gazetabuzoiana-ro"],"_links":{"self":[{"href":"https:\/\/analyse.optim.biz\/index.php?rest_route=\/wp\/v2\/posts\/2081969","targetHints":{"allow":["GET"]}}],"collection":[{"href":"https:\/\/analyse.optim.biz\/index.php?rest_route=\/wp\/v2\/posts"}],"about":[{"href":"https:\/\/analyse.optim.biz\/index.php?rest_route=\/wp\/v2\/types\/post"}],"author":[{"embeddable":true,"href":"https:\/\/analyse.optim.biz\/index.php?rest_route=\/wp\/v2\/users\/1"}],"replies":[{"embeddable":true,"href":"https:\/\/analyse.optim.biz\/index.php?rest_route=%2Fwp%2Fv2%2Fcomments&post=2081969"}],"version-history":[{"count":0,"href":"https:\/\/analyse.optim.biz\/index.php?rest_route=\/wp\/v2\/posts\/2081969\/revisions"}],"wp:attachment":[{"href":"https:\/\/analyse.optim.biz\/index.php?rest_route=%2Fwp%2Fv2%2Fmedia&parent=2081969"}],"wp:term":[{"taxonomy":"category","embeddable":true,"href":"https:\/\/analyse.optim.biz\/index.php?rest_route=%2Fwp%2Fv2%2Fcategories&post=2081969"},{"taxonomy":"post_tag","embeddable":true,"href":"https:\/\/analyse.optim.biz\/index.php?rest_route=%2Fwp%2Fv2%2Ftags&post=2081969"}],"curies":[{"name":"wp","href":"https:\/\/api.w.org\/{rel}","templated":true}]}}