{"id":208193,"date":"2014-04-07T10:07:44","date_gmt":"2014-04-07T07:07:44","guid":{"rendered":"https:\/\/analyse.optim.biz\/?p=208193"},"modified":"2014-04-07T10:07:44","modified_gmt":"2014-04-07T07:07:44","slug":"victor-ponta-nu-ma-dezic-de-adrian-duicu","status":"publish","type":"post","link":"https:\/\/analyse.optim.biz\/?p=208193","title":{"rendered":"Victor Ponta: Nu m\u0103 dezic de Adrian Duicu"},"content":{"rendered":"<div class=\"entry data-app-meta data-app-meta-article\" data-embed-base-url-canonical=\"https:\/\/www.digi24.ro\/embed\/stiri\/actualitate\/politica\/victor-ponta-nu-ma-dezic-de-adrian-duicu-225402\">\n<p data-index=\"1\">\u201eCred c\u0103 la Mehedin\u0163i vom lua mai multe voturi. Nu m\u0103 dezic nici de <strong>Adrian Duicu<\/strong>, nici de Prioteasa (pre\u015fedintele Consiliului Jude\u0163ean Dolj, Ion Prioteasa, urm\u0103rit penal \u00eentr-un dosar privind licita\u0163iile trucate-n.r.), nici de ceilal\u0163i care doar pentru c\u0103 sunt din jude\u0163e unde PSD st\u0103 foarte bine au probleme. \u015etiam foarte bine c\u0103 vom avea probleme p\u00e2n\u0103 \u00een noiembrie. De cur\u00e2nd am v\u0103zut un breaking news cu perchezi\u0163ii la Piatra Neam\u0163, dup\u0103 care domnul Pinalti, un om simpatic pe care \u00eel apreciez, a trecut la PMP. Ce s\u0103 fac? S\u0103 \u00eei zic \u015fi lui Duicu s\u0103 treac\u0103 la PMP?\u201d, a declarat<strong> Victor Ponta. \u00a0<\/strong><\/p>\n<p data-index=\"2\">\u201eSunt absolut convins c\u0103, a\u015fa cum \u00een Rom\u00e2nia pre\u015fedin\u0163ii de consilii jude\u0163ene sunt oamenii cei mai vota\u0163i \u015fi \u00een care rom\u00e2nii au cea mai mare \u00eencredere &#8211; chiar dac\u0103 sunt \u015fi \u0163int\u0103 pentru procurori, asta vine odat\u0103 cu popularitatea \u015fi cu faptul c\u0103 sunt vota\u0163i \u015fi, atunci, e \u015fi o meserie periculoas\u0103\u201d, <a href=\"https:\/\/www.digi24.ro\/Stiri\/Digi24\/Actualitate\/Politica\/Victor+Ponta+ii+apara+pe+liderii+locali+ai+PSD+Sunt+anchetati+de\" target=\"_blank\" data-skip-linkfix=\"1\" rel=\"noopener\"><strong>a declarat \u00een urm\u0103 cu c\u00e2teva zile premierul Victor Ponta<\/strong>.<\/a><\/p>\n<p data-index=\"3\">Pre\u015fedintele Consiliului Jude\u0163ean Mehedin\u0163i, fostul \u015fef al Inspectoratului de Poli\u0163ie \u015fi pre\u015fedintele PSD Or\u015fova au fost aresta\u0163i preventiv vineri, pentru 30 de zile.<\/p>\n<p data-index=\"4\">Procurorii spun c\u0103 pre\u015fedintele Consiliului Jude\u0163ean Mehedin\u0163i, Adrian Duicu, \u015fi-a folosit influen\u0163a pentru ca dou\u0103 terenuri din Or\u015fova s\u0103 ajung\u0103 la familia lui \u015etefan Ponea,\u015feful Poli\u0163iei Mehedin\u0163i, \u00een schimbul unor servicii pe care i le f\u0103cea acesta. Adrian Duicu i-ar fi promis comisarului \u0219ef \u015fi men\u021binerea \u00een func\u021bie \u0219i chiar o avansare la Bucure\u0219ti. La r\u00e2ndul s\u0103u, \u0218tefan Ponea s-ar fi ar\u0103tat dispus s\u0103 intervin\u0103 la Curtea de Apel Craiova, unde \u0219eful Consiliului Jude\u021bean se lupt\u0103 cu Agen\u0163ia Na\u0163ional\u0103 de Integritate \u00eentr-un proces de conflict de interese. \u00a0<\/p>\n<p data-index=\"5\">PSD se confrunt\u0103 cu un val de anchete care au ca \u0163int\u0103 pre\u015fedin\u0163ii de consilii jude\u0163ene. \u015eeful de la Prahova, Mircea Cosma, este urm\u0103rit penal pentru luare de mit\u0103 \u015fi abuz \u00een serviciu, iar fiul s\u0103u, deputatul PSD Vlad Cosma, este cercetat pentru trafic de influen\u0163\u0103.<\/p>\n<p data-index=\"6\">\u015ei pre\u015fedintele CJ Constan\u0163a, Nicu\u015for Constantinescu este urm\u0103rit penal pentru abuz \u00een serviciu \u015fi a fost eliberat din arest, sub control judiciar.<\/p>\n<\/div>\n<p> Source URL: https:\/\/www.digi24.ro\/stiri\/actualitate\/politica\/victor-ponta-nu-ma-dezic-de-adrian-duicu-225402<\/p>\n","protected":false},"excerpt":{"rendered":"<p>\u201eCred c\u0103 la Mehedin\u0163i vom lua mai multe voturi. Nu m\u0103 dezic nici de Adrian Duicu, nici de Prioteasa (pre\u015fedintele Consiliului Jude\u0163ean Dolj, Ion Prioteasa, urm\u0103rit penal \u00eentr-un dosar privind licita\u0163iile trucate-n.r.), nici de ceilal\u0163i care doar pentru c\u0103 sunt din jude\u0163e unde PSD st\u0103 foarte bine au probleme. \u015etiam foarte bine c\u0103 vom avea [&hellip;]<\/p>\n","protected":false},"author":1,"featured_media":208194,"comment_status":"open","ping_status":"","sticky":false,"template":"","format":"standard","meta":{"footnotes":""},"categories":[2],"tags":[11],"class_list":["post-208193","post","type-post","status-publish","format-standard","has-post-thumbnail","hentry","category-politics","tag-digi24"],"_links":{"self":[{"href":"https:\/\/analyse.optim.biz\/index.php?rest_route=\/wp\/v2\/posts\/208193","targetHints":{"allow":["GET"]}}],"collection":[{"href":"https:\/\/analyse.optim.biz\/index.php?rest_route=\/wp\/v2\/posts"}],"about":[{"href":"https:\/\/analyse.optim.biz\/index.php?rest_route=\/wp\/v2\/types\/post"}],"author":[{"embeddable":true,"href":"https:\/\/analyse.optim.biz\/index.php?rest_route=\/wp\/v2\/users\/1"}],"replies":[{"embeddable":true,"href":"https:\/\/analyse.optim.biz\/index.php?rest_route=%2Fwp%2Fv2%2Fcomments&post=208193"}],"version-history":[{"count":0,"href":"https:\/\/analyse.optim.biz\/index.php?rest_route=\/wp\/v2\/posts\/208193\/revisions"}],"wp:featuredmedia":[{"embeddable":true,"href":"https:\/\/analyse.optim.biz\/index.php?rest_route=\/wp\/v2\/media\/208194"}],"wp:attachment":[{"href":"https:\/\/analyse.optim.biz\/index.php?rest_route=%2Fwp%2Fv2%2Fmedia&parent=208193"}],"wp:term":[{"taxonomy":"category","embeddable":true,"href":"https:\/\/analyse.optim.biz\/index.php?rest_route=%2Fwp%2Fv2%2Fcategories&post=208193"},{"taxonomy":"post_tag","embeddable":true,"href":"https:\/\/analyse.optim.biz\/index.php?rest_route=%2Fwp%2Fv2%2Ftags&post=208193"}],"curies":[{"name":"wp","href":"https:\/\/api.w.org\/{rel}","templated":true}]}}