{"id":2081814,"date":"2026-08-06T16:23:56","date_gmt":"2026-08-06T13:23:56","guid":{"rendered":"https:\/\/analyse.optim.biz\/?p=2081814"},"modified":"2026-08-06T16:23:56","modified_gmt":"2026-08-06T13:23:56","slug":"viorel-marcuti-au-inceput-lucrarile-la-terenul-sintetic-de-fotbal-din-sanmihaiu-roman-foto","status":"publish","type":"post","link":"https:\/\/analyse.optim.biz\/?p=2081814","title":{"rendered":"Viorel M\u0103rcu\u021bi: Au \u00eenceput lucr\u0103rile la terenul sintetic de fotbal din S\u00e2nmihaiu Rom\u00e2n (foto)"},"content":{"rendered":"<p>[analyse_image type=&#8221;featured&#8221; src=&#8221;https:\/\/orasul-timisoara.ro\/wp-content\/uploads\/2026\/08\/teren-sport-sanmihaiu-roman-1-1.jpg&#8221;]<\/p>\n<article id=\"post-40107\" class=\"td-post-template-7 post-40107 post type-post status-publish format-standard has-post-thumbnail category-administratie category-featured category-investitii-in-timisoara category-sport-local category-stiri-timisoara tag-baza-sportiva-2 tag-copii tag-fotbal tag-investitii-2 tag-judetul-timis-2 tag-primaria-sanmihaiu-roman tag-sanmihaiu-roman-2 tag-sport tag-teren-sintetic tag-tineri tag-viorel-marcuti-2 td-container-wrap\">\n<div class=\"td-full-screen-header-image-wrap\">\n<div class=\"td-container td-post-header\">\n<div class=\"td-crumb-container\">\n<div class=\"entry-crumbs\"><span><a title=\"Vede\u021bi toate articolele \u00een Administra\u021bie local\u0103\" class=\"entry-crumb\" href=\"https:\/\/orasul-timisoara.ro\/local-category\/administratie\/\">Administra\u021bie local\u0103<\/a><\/span><span class=\"td-bred-no-url-last\">Viorel M\u0103rcu\u021bi: Au \u00eenceput lucr\u0103rile la terenul sintetic de fotbal din S\u00e2nmihaiu&#8230;<\/span><\/div>\n<\/div>\n<div class=\"td-post-header-holder\">\n<div class=\"td-parallax-header\">\n<header class=\"td-post-title\">\n<ul class=\"td-category\">\n<li class=\"entry-category\"><a href=\"https:\/\/orasul-timisoara.ro\/local-category\/administratie\/\">Administra\u021bie local\u0103<\/a><\/li>\n<li class=\"entry-category\"><a href=\"https:\/\/orasul-timisoara.ro\/local-category\/investitii-in-timisoara\/\">Investitii in Timisoara<\/a><\/li>\n<li class=\"entry-category\"><a href=\"https:\/\/orasul-timisoara.ro\/local-category\/sport-local\/\">Sport Local<\/a><\/li>\n<li class=\"entry-category\"><a href=\"https:\/\/orasul-timisoara.ro\/local-category\/stiri-timisoara\/\">\u0218tiri Locale<\/a><\/li>\n<\/ul>\n<h1 class=\"entry-title\">Viorel M\u0103rcu\u021bi: Au \u00eenceput lucr\u0103rile la terenul sintetic de fotbal din S\u00e2nmihaiu Rom\u00e2n (foto)<\/h1>\n<div class=\"td-module-meta-info\">\n<div class=\"td-post-author-name\">\n<div class=\"td-author-by\">De c\u0103tre<\/div>\n<p><a href=\"https:\/\/orasul-timisoara.ro\/author\/timisoara\/\">redactia<\/a><\/p>\n<div class=\"td-author-line\"> &#8211; <\/div>\n<\/div>\n<p><span class=\"td-post-date\"><time class=\"entry-date updated td-module-date\" datetime=\"2026-08-06T19:23:56+03:00\">06\/08\/2026<\/time><\/span><\/div>\n<\/header>\n<\/div>\n<\/div>\n<\/div>\n<div id=\"td-full-screen-header-image\" class=\"td-image-gradient-style7\"><img decoding=\"async\" class=\"td-backstretch\" src=\"https:\/\/orasul-timisoara.ro\/wp-content\/uploads\/2026\/08\/teren-sport-sanmihaiu-roman-1-1.jpg\"><\/div>\n<\/div>\n<div class=\"td-container\">\n<div class=\"td-pb-row\">\n<div class=\"td-pb-span8 td-main-content\" role=\"main\">\n<div class=\"td-ss-main-content\">\n<div class=\"td-post-sharing-top\">\n<div class=\"td-post-sharing-classic\"><iframe title=\"topFacebookLike\" frameborder src=\"https:\/\/www.facebook.com\/plugins\/like.php?href=https:\/\/orasul-timisoara.ro\/local-40107\/&amp;layout=button_count&amp;show_faces=false&amp;width=105&amp;action=like&amp;colorscheme=light&amp;height=21\"><\/iframe><\/div>\n<div id=\"td_social_sharing_article_top\" class=\"td-post-sharing td-ps-bg td-ps-notext td-post-sharing-style1 \">\n<div class=\"td-post-sharing-visible\"><a class=\"td-social-sharing-button td-social-sharing-button-js td-social-network td-social-facebook\" href=\"https:\/\/www.facebook.com\/sharer.php?u=https%3A%2F%2Forasul-timisoara.ro%2Flocal-40107%2F\" title=\"Facebook\"><\/p>\n<div class=\"td-social-but-text\">Facebook<\/div>\n<p><\/a><a class=\"td-social-sharing-button td-social-sharing-button-js td-social-network td-social-twitter\" href=\"https:\/\/twitter.com\/intent\/tweet?text=Viorel+M%C4%83rcu%C8%9Bi%3A+Au+%C3%AEnceput+lucr%C4%83rile+la+terenul+sintetic+de+fotbal+din+S%C3%A2nmihaiu+Rom%C3%A2n+%28foto%29&amp;url=https%3A%2F%2Forasul-timisoara.ro%2Flocal-40107%2F&amp;via=orasultm\" title=\"Twitter\"><\/p>\n<div class=\"td-social-but-text\">Twitter<\/div>\n<p><\/a><a class=\"td-social-sharing-button td-social-sharing-button-js td-social-network td-social-whatsapp\" href=\"https:\/\/api.whatsapp.com\/send?text=Viorel+M%C4%83rcu%C8%9Bi%3A+Au+%C3%AEnceput+lucr%C4%83rile+la+terenul+sintetic+de+fotbal+din+S%C3%A2nmihaiu+Rom%C3%A2n+%28foto%29%20%0A%0A%20https:\/\/orasul-timisoara.ro\/local-40107\/\" title=\"WhatsApp\"><\/p>\n<div class=\"td-social-but-text\">WhatsApp<\/div>\n<p><\/a><a class=\"td-social-sharing-button td-social-sharing-button-js td-social-network td-social-linkedin\" href=\"https:\/\/www.linkedin.com\/shareArticle?mini=true&amp;url=https:\/\/orasul-timisoara.ro\/local-40107\/&amp;title=Viorel+M%C4%83rcu%C8%9Bi%3A+Au+%C3%AEnceput+lucr%C4%83rile+la+terenul+sintetic+de+fotbal+din+S%C3%A2nmihaiu+Rom%C3%A2n+%28foto%29\" title=\"Linkedin\"><\/p>\n<div class=\"td-social-but-text\">Linkedin<\/div>\n<p><\/a><a class=\"td-social-sharing-button td-social-sharing-button-js td-social-network td-social-reddit\" href=\"https:\/\/reddit.com\/submit?url=https:\/\/orasul-timisoara.ro\/local-40107\/&amp;title=Viorel+M%C4%83rcu%C8%9Bi%3A+Au+%C3%AEnceput+lucr%C4%83rile+la+terenul+sintetic+de+fotbal+din+S%C3%A2nmihaiu+Rom%C3%A2n+%28foto%29\" title=\"ReddIt\"><\/p>\n<div class=\"td-social-but-text\">ReddIt<\/div>\n<p><\/a><a class=\"td-social-sharing-button td-social-sharing-button-js td-social-network td-social-mail\" href=\"mailto:?subject=Viorel%20M%C4%83rcu%C8%9Bi:%20Au%20%C3%AEnceput%20lucr%C4%83rile%20la%20terenul%20sintetic%20de%20fotbal%20din%20S%C3%A2nmihaiu%20Rom%C3%A2n%20(foto)&amp;body=https:\/\/orasul-timisoara.ro\/local-40107\/\" title=\"Email\"><\/p>\n<div class=\"td-social-but-text\">Email<\/div>\n<p><\/a><a class=\"td-social-sharing-button td-social-sharing-button-js td-social-network td-social-print\" href=\"https:\/\/orasul-timisoara.ro\/local-40107\/\" title=\"Imprimare\"><\/p>\n<div class=\"td-social-but-text\">Imprimare<\/div>\n<p><\/a><\/div>\n<\/div>\n<\/div>\n<div class=\"td-post-content tagdiv-type\">\n<p class=\"wp-block-paragraph\">Primarul comunei S\u00e2nmihaiu Rom\u00e2n, Viorel M\u0103rcu\u021bi, anun\u021b\u0103 \u00eenceperea lucr\u0103rilor pentru construirea unui teren sintetic de fotbal \u00een localitatea S\u00e2nmihaiu Rom\u00e2n, investi\u021bie destinat\u0103 \u00een principal copiilor \u0219i tinerilor din comun\u0103.<\/p>\n<h2 class=\"wp-block-heading\">Un nou spa\u021biu pentru sport \u0219i recreere<\/h2>\n<p class=\"wp-block-paragraph\">Potrivit edilului, terenul sintetic va fi amenajat pe o suprafa\u021b\u0103 total\u0103 de <strong>2.199 de metri p\u0103tra\u021bi<\/strong>, iar suprafa\u021ba efectiv\u0103 de joc va m\u0103sura aproximativ <strong>928 de metri p\u0103tra\u021bi<\/strong>, av\u00e2nd dimensiunile de <strong>44,06 metri lungime \u0219i 22,06 metri l\u0103\u021bime<\/strong>.<\/p>\n<p class=\"wp-block-paragraph\">Noua baz\u0103 sportiv\u0103 va fi amplasat\u0103 \u00een apropierea Pie\u021bei Agroalimentare din S\u00e2nmihaiu Rom\u00e2n, oferind un spa\u021biu modern destinat practic\u0103rii fotbalului \u0219i activit\u0103\u021bilor sportive.<\/p>\n<h2 class=\"wp-block-heading\">Investi\u021bie pentru genera\u021biile tinere<\/h2>\n<p class=\"wp-block-paragraph\">Primarul Viorel M\u0103rcu\u021bi subliniaz\u0103 c\u0103 proiectul urm\u0103re\u0219te s\u0103 le ofere copiilor \u0219i tinerilor din comun\u0103 mai multe oportunit\u0103\u021bi pentru practicarea sportului \u0219i petrecerea timpului liber \u00eentr-un mod s\u0103n\u0103tos.<\/p>\n<p class=\"wp-block-paragraph\">\u201eInvesti\u021bia \u00een sport \u00eenseamn\u0103 mai multe oportunit\u0103\u021bi pentru genera\u021biile tinere de a face mi\u0219care, de a-\u0219i petrece timpul \u00eentr-un mod s\u0103n\u0103tos \u0219i de a descoperi valorile sportului: disciplin\u0103, perseveren\u021b\u0103, spirit de echip\u0103 \u0219i fair-play\u201d, a transmis edilul.<\/p>\n<h2 class=\"wp-block-heading\">Administra\u021bia local\u0103 continu\u0103 investi\u021biile<\/h2>\n<p class=\"wp-block-paragraph\">Conducerea Prim\u0103riei S\u00e2nmihaiu Rom\u00e2n afirm\u0103 c\u0103 proiectul face parte din planul de dezvoltare a infrastructurii destinate comunit\u0103\u021bii \u0219i promov\u0103rii unui stil de via\u021b\u0103 activ.<\/p>\n<p class=\"wp-block-paragraph\">\u201eContinu\u0103m s\u0103 investim \u00een proiecte care aduc valoare comunit\u0103\u021bii \u0219i creeaz\u0103 mijloace s\u0103n\u0103toase de recreere pentru genera\u021biile de ast\u0103zi \u0219i de m\u00e2ine\u201d, a mai transmis primarul Viorel M\u0103rcu\u021bi.<\/p>\n<p class=\"wp-block-paragraph\">Noua investi\u021bie completeaz\u0103 proiectele administra\u021biei locale dedicate dezvolt\u0103rii infrastructurii sportive \u0219i recreative din comuna S\u00e2nmihaiu Rom\u00e2n.<\/p>\n<figure class=\"wp-block-gallery has-nested-images columns-6 is-cropped wp-block-gallery-1 is-layout-flex wp-block-gallery-is-layout-flex\">\n<figure class=\"wp-block-image size-large\"><img loading=\"lazy\" decoding=\"async\" width=\"1182\" height=\"835\" data-id=\"40108\" src=\"https:\/\/orasul-timisoara.ro\/wp-content\/uploads\/2026\/08\/teren-sport-sanmihaiu-roman-2.jpg\" alt class=\"wp-image-40108\"><\/figure>\n<figure class=\"wp-block-image size-large\"><img loading=\"lazy\" decoding=\"async\" width=\"1600\" height=\"900\" data-id=\"40110\" src=\"https:\/\/orasul-timisoara.ro\/wp-content\/uploads\/2026\/08\/teren-sport-sanmihaiu-roman-3.jpg\" alt class=\"wp-image-40110\"><\/figure>\n<figure class=\"wp-block-image size-large\"><img loading=\"lazy\" decoding=\"async\" width=\"1600\" height=\"900\" data-id=\"40109\" src=\"https:\/\/orasul-timisoara.ro\/wp-content\/uploads\/2026\/08\/teren-sport-sanmihaiu-roman-4.jpg\" alt class=\"wp-image-40109\"><\/figure>\n<figure class=\"wp-block-image size-large\"><img decoding=\"async\" loading=\"lazy\" width=\"1600\" height=\"900\" data-id=\"40112\" src=\"https:\/\/orasul-timisoara.ro\/wp-content\/uploads\/2026\/08\/teren-sport-sanmihaiu-roman-5.jpg\" alt class=\"wp-image-40112\"><\/figure>\n<figure class=\"wp-block-image size-large\"><img decoding=\"async\" loading=\"lazy\" width=\"1600\" height=\"900\" data-id=\"40113\" src=\"https:\/\/orasul-timisoara.ro\/wp-content\/uploads\/2026\/08\/teren-sport-sanmihaiu-roman-6.jpg\" alt class=\"wp-image-40113\"><\/figure>\n<figure class=\"wp-block-image size-large\"><img decoding=\"async\" loading=\"lazy\" width=\"1600\" height=\"900\" data-id=\"40114\" src=\"https:\/\/orasul-timisoara.ro\/wp-content\/uploads\/2026\/08\/teren-sport-sanmihaiu-roman-7.jpg\" alt class=\"wp-image-40114\"><\/figure>\n<figure class=\"wp-block-image size-large\"><img decoding=\"async\" loading=\"lazy\" width=\"1600\" height=\"900\" data-id=\"40111\" src=\"https:\/\/orasul-timisoara.ro\/wp-content\/uploads\/2026\/08\/teren-sport-sanmihaiu-roman-1.jpg\" alt class=\"wp-image-40111\"><\/figure>\n<\/figure>\n<\/div>\n<footer>\n<div class=\"td-post-source-tags\">\n<ul class=\"td-tags td-post-small-box clearfix\">\n<li><span>ETICHETE<\/span><\/li>\n<li><a href=\"https:\/\/orasul-timisoara.ro\/local-tag\/baza-sportiva-2\/\">baz\u0103 sportiv\u0103<\/a><\/li>\n<li><a href=\"https:\/\/orasul-timisoara.ro\/local-tag\/copii\/\">copii<\/a><\/li>\n<li><a href=\"https:\/\/orasul-timisoara.ro\/local-tag\/fotbal\/\">fotbal<\/a><\/li>\n<li><a href=\"https:\/\/orasul-timisoara.ro\/local-tag\/investitii-2\/\">investi\u021bii<\/a><\/li>\n<li><a href=\"https:\/\/orasul-timisoara.ro\/local-tag\/judetul-timis-2\/\">jude\u021bul Timi\u0219<\/a><\/li>\n<li><a href=\"https:\/\/orasul-timisoara.ro\/local-tag\/primaria-sanmihaiu-roman\/\">Prim\u0103ria S\u00e2nmihaiu Rom\u00e2n<\/a><\/li>\n<li><a href=\"https:\/\/orasul-timisoara.ro\/local-tag\/sanmihaiu-roman-2\/\">S\u00e2nmihaiu Rom\u00e2n<\/a><\/li>\n<li><a href=\"https:\/\/orasul-timisoara.ro\/local-tag\/sport\/\">sport<\/a><\/li>\n<li><a href=\"https:\/\/orasul-timisoara.ro\/local-tag\/teren-sintetic\/\">teren sintetic<\/a><\/li>\n<li><a href=\"https:\/\/orasul-timisoara.ro\/local-tag\/tineri\/\">tineri<\/a><\/li>\n<li><a href=\"https:\/\/orasul-timisoara.ro\/local-tag\/viorel-marcuti-2\/\">Viorel M\u0103rcu\u021bi<\/a><\/li>\n<\/ul>\n<\/div>\n<div class=\"td-post-sharing-bottom\">\n<div class=\"td-post-sharing-classic\"><iframe title=\"bottomFacebookLike\" frameborder src=\"https:\/\/www.facebook.com\/plugins\/like.php?href=https:\/\/orasul-timisoara.ro\/local-40107\/&amp;layout=button_count&amp;show_faces=false&amp;width=105&amp;action=like&amp;colorscheme=light&amp;height=21\"><\/iframe><\/div>\n<div id=\"td_social_sharing_article_bottom\" class=\"td-post-sharing td-ps-bg td-ps-notext td-post-sharing-style1 \">\n<div class=\"td-post-sharing-visible\"><a class=\"td-social-sharing-button td-social-sharing-button-js td-social-network td-social-facebook\" href=\"https:\/\/www.facebook.com\/sharer.php?u=https%3A%2F%2Forasul-timisoara.ro%2Flocal-40107%2F\" title=\"Facebook\"><\/p>\n<div class=\"td-social-but-text\">Facebook<\/div>\n<p><\/a><a class=\"td-social-sharing-button td-social-sharing-button-js td-social-network td-social-twitter\" href=\"https:\/\/twitter.com\/intent\/tweet?text=Viorel+M%C4%83rcu%C8%9Bi%3A+Au+%C3%AEnceput+lucr%C4%83rile+la+terenul+sintetic+de+fotbal+din+S%C3%A2nmihaiu+Rom%C3%A2n+%28foto%29&amp;url=https%3A%2F%2Forasul-timisoara.ro%2Flocal-40107%2F&amp;via=orasultm\" title=\"Twitter\"><\/p>\n<div class=\"td-social-but-text\">Twitter<\/div>\n<p><\/a><a class=\"td-social-sharing-button td-social-sharing-button-js td-social-network td-social-whatsapp\" href=\"https:\/\/api.whatsapp.com\/send?text=Viorel+M%C4%83rcu%C8%9Bi%3A+Au+%C3%AEnceput+lucr%C4%83rile+la+terenul+sintetic+de+fotbal+din+S%C3%A2nmihaiu+Rom%C3%A2n+%28foto%29%20%0A%0A%20https:\/\/orasul-timisoara.ro\/local-40107\/\" title=\"WhatsApp\"><\/p>\n<div class=\"td-social-but-text\">WhatsApp<\/div>\n<p><\/a><a class=\"td-social-sharing-button td-social-sharing-button-js td-social-network td-social-linkedin\" href=\"https:\/\/www.linkedin.com\/shareArticle?mini=true&amp;url=https:\/\/orasul-timisoara.ro\/local-40107\/&amp;title=Viorel+M%C4%83rcu%C8%9Bi%3A+Au+%C3%AEnceput+lucr%C4%83rile+la+terenul+sintetic+de+fotbal+din+S%C3%A2nmihaiu+Rom%C3%A2n+%28foto%29\" title=\"Linkedin\"><\/p>\n<div class=\"td-social-but-text\">Linkedin<\/div>\n<p><\/a><a class=\"td-social-sharing-button td-social-sharing-button-js td-social-network td-social-reddit\" href=\"https:\/\/reddit.com\/submit?url=https:\/\/orasul-timisoara.ro\/local-40107\/&amp;title=Viorel+M%C4%83rcu%C8%9Bi%3A+Au+%C3%AEnceput+lucr%C4%83rile+la+terenul+sintetic+de+fotbal+din+S%C3%A2nmihaiu+Rom%C3%A2n+%28foto%29\" title=\"ReddIt\"><\/p>\n<div class=\"td-social-but-text\">ReddIt<\/div>\n<p><\/a><a class=\"td-social-sharing-button td-social-sharing-button-js td-social-network td-social-mail\" href=\"mailto:?subject=Viorel%20M%C4%83rcu%C8%9Bi:%20Au%20%C3%AEnceput%20lucr%C4%83rile%20la%20terenul%20sintetic%20de%20fotbal%20din%20S%C3%A2nmihaiu%20Rom%C3%A2n%20(foto)&amp;body=https:\/\/orasul-timisoara.ro\/local-40107\/\" title=\"Email\"><\/p>\n<div class=\"td-social-but-text\">Email<\/div>\n<p><\/a><a class=\"td-social-sharing-button td-social-sharing-button-js td-social-network td-social-print\" href=\"https:\/\/orasul-timisoara.ro\/local-40107\/\" title=\"Imprimare\"><\/p>\n<div class=\"td-social-but-text\">Imprimare<\/div>\n<p><\/a><\/div>\n<\/div>\n<\/div>\n<div class=\"td-block-row td-post-next-prev\">\n<div class=\"td-block-span6 td-post-prev-post\">\n<div class=\"td-post-next-prev-content\"><span>Articolul precedent<\/span><a href=\"https:\/\/orasul-timisoara.ro\/local-40104\/\">Politehnica Timi\u0219oara joac\u0103 miercuri cu CSC Dumbr\u0103vi\u021ba \u00een Cupa Rom\u00e2niei<\/a><\/div>\n<\/div>\n<\/div>\n<div class=\"td-author-name vcard author\"><span class=\"fn\"><a href=\"https:\/\/orasul-timisoara.ro\/author\/timisoara\/\">redactia<\/a><\/span><\/div>\n<p><span class=\"td-page-meta\"><\/span><span class=\"td-page-meta\"><span class=\"td-page-meta\"><\/span><\/span><span class=\"td-page-meta\"><\/span><\/footer>\n<div class=\"td_block_wrap td_block_related_posts tdi_3 td_with_ajax_pagination td-pb-border-top td_block_template_8\" data-td-block-uid=\"tdi_3\">\n<h4 class=\"td-related-title td-block-title\"><a id=\"tdi_4\" class=\"td-related-left td-cur-simple-item\" data-td_filter_value data-td_block_id=\"tdi_3\" href=\"https:\/\/orasul-timisoara.ro\/local-40107\/\">ARTICOLE SIMILARE<\/a><a id=\"tdi_5\" class=\"td-related-right\" data-td_filter_value=\"td_related_more_from_author\" data-td_block_id=\"tdi_3\" href=\"https:\/\/orasul-timisoara.ro\/local-40107\/\">DE LA ACELA\u0218I AUTOR<\/a><\/h4>\n<div id=\"tdi_3\" class=\"td_block_inner\">\n<div class=\"td-related-row\">\n<div class=\"td-related-span4\">\n<div class=\"td_module_related_posts td-animation-stack td_mod_related_posts\">\n<div class=\"td-module-image\">\n<div class=\"td-module-thumb\"><a href=\"https:\/\/orasul-timisoara.ro\/local-40104\/\" rel=\"bookmark\" class=\"td-image-wrap \" title=\"Politehnica Timi\u0219oara joac\u0103 miercuri cu CSC Dumbr\u0103vi\u021ba \u00een Cupa Rom\u00e2niei\"><img loading=\"lazy\" decoding=\"async\" class=\"entry-thumb\" src=\"https:\/\/orasul-timisoara.ro\/wp-content\/uploads\/2026\/08\/767190377_1430328542279423_1307848591074700398_n-436x300.jpg\" alt title=\"Politehnica Timi\u0219oara joac\u0103 miercuri cu CSC Dumbr\u0103vi\u021ba \u00een Cupa Rom\u00e2niei\" width=\"218\" height=\"150\"><\/a><\/div>\n<\/div>\n<div class=\"item-details\">\n<h3 class=\"entry-title td-module-title\"><a href=\"https:\/\/orasul-timisoara.ro\/local-40104\/\" rel=\"bookmark\" title=\"Politehnica Timi\u0219oara joac\u0103 miercuri cu CSC Dumbr\u0103vi\u021ba \u00een Cupa Rom\u00e2niei\">Politehnica Timi\u0219oara joac\u0103 miercuri cu CSC Dumbr\u0103vi\u021ba \u00een Cupa Rom\u00e2niei<\/a><\/h3>\n<\/div>\n<\/div>\n<\/div>\n<div class=\"td-related-span4\">\n<div class=\"td_module_related_posts td-animation-stack td_mod_related_posts\">\n<div class=\"td-module-image\">\n<div class=\"td-module-thumb\"><a href=\"https:\/\/orasul-timisoara.ro\/local-40090\/\" rel=\"bookmark\" class=\"td-image-wrap \" title=\"Au \u00eenceput \u00eenscrierile la \u201eOra de Sport\u201d, programul gratuit dedicat copiilor din Timi\u0219oara\"><img loading=\"lazy\" decoding=\"async\" class=\"entry-thumb\" src=\"https:\/\/orasul-timisoara.ro\/wp-content\/uploads\/2026\/08\/Vasile-Deheleanu-436x300.jpg\" alt title=\"Au \u00eenceput \u00eenscrierile la \u201eOra de Sport\u201d, programul gratuit dedicat copiilor din Timi\u0219oara\" width=\"218\" height=\"150\"><\/a><\/div>\n<\/div>\n<div class=\"item-details\">\n<h3 class=\"entry-title td-module-title\"><a href=\"https:\/\/orasul-timisoara.ro\/local-40090\/\" rel=\"bookmark\" title=\"Au \u00eenceput \u00eenscrierile la \u201eOra de Sport\u201d, programul gratuit dedicat copiilor din Timi\u0219oara\">Au \u00eenceput \u00eenscrierile la \u201eOra de Sport\u201d, programul gratuit dedicat copiilor din Timi\u0219oara<\/a><\/h3>\n<\/div>\n<\/div>\n<\/div>\n<div class=\"td-related-span4\">\n<div class=\"td_module_related_posts td-animation-stack td_mod_related_posts\">\n<div class=\"td-module-image\">\n<div class=\"td-module-thumb\"><a href=\"https:\/\/orasul-timisoara.ro\/local-40073\/\" rel=\"bookmark\" class=\"td-image-wrap \" title=\"Lucr\u0103ri Aquatim vineri, 7 august. Patru localit\u0103\u021bi din Timi\u0219 vor avea presiune redus\u0103 la ap\u0103\"><img loading=\"lazy\" decoding=\"async\" class=\"entry-thumb\" src=\"https:\/\/orasul-timisoara.ro\/wp-content\/uploads\/2026\/07\/femeie-bea-apa-3-436x300.jpg\" alt title=\"Lucr\u0103ri Aquatim vineri, 7 august. Patru localit\u0103\u021bi din Timi\u0219 vor avea presiune redus\u0103 la ap\u0103\" width=\"218\" height=\"150\"><\/a><\/div>\n<\/div>\n<div class=\"item-details\">\n<h3 class=\"entry-title td-module-title\"><a href=\"https:\/\/orasul-timisoara.ro\/local-40073\/\" rel=\"bookmark\" title=\"Lucr\u0103ri Aquatim vineri, 7 august. Patru localit\u0103\u021bi din Timi\u0219 vor avea presiune redus\u0103 la ap\u0103\">Lucr\u0103ri Aquatim vineri, 7 august. Patru localit\u0103\u021bi din Timi\u0219 vor avea presiune redus\u0103 la ap\u0103<\/a><\/h3>\n<\/div>\n<\/div>\n<\/div>\n<\/div>\n<\/div>\n<\/div>\n<div class=\"comments\" id=\"comments\">\n<div id=\"respond\" class=\"comment-respond\">\n<h3 id=\"reply-title\" class=\"comment-reply-title\">L\u0102SA\u021aI UN MESAJ<\/h3>\n<div class=\"comment-form-input-wrap td-form-comment\">\n<div class=\"td-warning-comment\">V\u0103 rug\u0103m s\u0103 introduce\u021bi comentariul dvs.!<\/div>\n<\/div>\n<div class=\"comment-form-input-wrap td-form-author\">\n<div class=\"td-warning-author\">Introduce\u021bi aici numele dvs.<\/div>\n<\/div>\n<div class=\"comment-form-input-wrap td-form-email\">\n<div class=\"td-warning-email-error\">A\u021bi introdus o adres\u0103 de e-mail incorect\u0103!<\/div>\n<div class=\"td-warning-email\">V\u0103 rug\u0103m s\u0103 introduce\u021bi adresa dvs. de e-mail aici<\/div>\n<\/div>\n<\/div>\n<p class=\"akismet_comment_form_privacy_notice\">Acest site folose\u0219te Akismet pentru a reduce spamul. <a href=\"https:\/\/akismet.com\/privacy\/\" target=\"_blank\" rel=\"nofollow noopener\">Afl\u0103 cum sunt procesate datele comentariilor tale<\/a>.<\/p>\n<\/div>\n<\/div>\n<\/div>\n<div class=\"td-pb-span4 td-main-sidebar\" role=\"complementary\">\n<div class=\"td-ss-main-sidebar\">\n<aside id=\"block-4\" class=\"td_block_template_8 widget block-4 widget_block widget_media_image\">\n<figure class=\"wp-block-image size-full\"><img decoding=\"async\" loading=\"lazy\" width=\"336\" height=\"280\" src=\"https:\/\/orasul-timisoara.ro\/wp-content\/uploads\/2024\/11\/ReTIM-Abonamentul-Verde-Google-Ads-336x280px.gif\" alt class=\"wp-image-29257\"><\/figure>\n<\/aside>\n<div class=\"td_block_wrap td_block_social_counter td_block_widget tdi_6 td-social-style5 td-social-boxed td-pb-border-top td_block_template_8\">\n<div class=\"td-block-title-wrap\">\n<h4 class=\"td-block-title\"><span>Urm\u0103re\u0219te-ne pe Social Media<\/span><\/h4>\n<\/div>\n<div class=\"td-social-list\">\n<div class=\"td_social_type td-pb-margin-side td_social_facebook\">\n<div class=\"td-social-box\"><span class=\"td_social_info td_social_info_counter\">344,595<\/span><span class=\"td_social_info td_social_info_name\">Fani<\/span><span class=\"td_social_button\"><a href=\"https:\/\/www.facebook.com\/247timisoara\" target=\"_blank\" rel=\"nofollow\">\u00cemi place<\/a><\/span><\/div>\n<\/div>\n<div class=\"td_social_type td-pb-margin-side td_social_instagram\">\n<div class=\"td-social-box\"><span class=\"td_social_info td_social_info_counter\">4,416<\/span><span class=\"td_social_info td_social_info_name\">Cititori<\/span><span class=\"td_social_button\"><a href=\"https:\/\/instagram.com\/orasultimisoararo\/\" target=\"_blank\" rel=\"nofollow\">Conecta\u021bi-v\u0103<\/a><\/span><\/div>\n<\/div>\n<div class=\"td_social_type td-pb-margin-side td_social_rss\">\n<div class=\"td-social-box\"><span class=\"td_social_info td_social_info_counter\">12,506<\/span><span class=\"td_social_info td_social_info_name\">Cititori<\/span><span class=\"td_social_button\"><a href=\"https:\/\/orasul-timisoara.ro\/feed\/\" target=\"_blank\" rel=\"nofollow\">Conecta\u021bi-v\u0103<\/a><\/span><\/div>\n<\/div>\n<div class=\"td_social_type td-pb-margin-side td_social_tiktok\">\n<div class=\"td-social-box\"><span class=\"td_social_info td_social_info_counter\">1,500<\/span><span class=\"td_social_info td_social_info_name\">Cititori<\/span><span class=\"td_social_button\"><a href=\"https:\/\/www.tiktok.com\/@orasultimisoara\" target=\"_blank\" rel=\"nofollow\">Conecta\u021bi-v\u0103<\/a><\/span><\/div>\n<\/div>\n<div class=\"td_social_type td-pb-margin-side td_social_twitter\">\n<div class=\"td-social-box\"><span class=\"td_social_info td_social_info_counter\">1,595<\/span><span class=\"td_social_info td_social_info_name\">Cititori<\/span><span class=\"td_social_button\"><a href=\"https:\/\/twitter.com\/orasultm\" target=\"_blank\" rel=\"nofollow\">Conecta\u021bi-v\u0103<\/a><\/span><\/div>\n<\/div>\n<div class=\"td_social_type td-pb-margin-side td_social_youtube\">\n<div class=\"td-social-box\"><span class=\"td_social_info td_social_info_counter\">3,506<\/span><span class=\"td_social_info td_social_info_name\">Abona\u021bi<\/span><span class=\"td_social_button\"><a href=\"https:\/\/www.youtube.com\/channel\/UCQNsQvs2XCSIm1Z-AHRturw?sub_confirmation=1\" target=\"_blank\" rel=\"nofollow\">Abona\u021bi-v\u0103<\/a><\/span><\/div>\n<\/div>\n<\/div>\n<\/div>\n<aside id=\"text-7\" class=\"td_block_template_8 widget text-7 widget_text\">\n<h4 class=\"td-block-title\"><span>C\u0103ut\u0103ri populare pe OTM<\/span><\/h4>\n<div class=\"textwidget\"><a href=\"https:\/\/orasul-timisoara.ro\/?s=timisoara\"><span>Timisoara<\/span><\/a><a href=\"https:\/\/orasul-timisoara.ro\/?s=calin+dobra\"><span>Calin Dobra<\/span><\/a><a href=\"https:\/\/orasul-timisoara.ro\/?s=primaria+timisoara\"><span>Primaria Timisoara<\/span><\/a><a href=\"https:\/\/orasul-timisoara.ro\/?s=dominic+fritz\"><span>Dominic Fritz<\/span><\/a><a href=\"https:\/\/orasul-timisoara.ro\/?s=nicolae+robu\"><span>Nicolae Robu<\/span><\/a><a href=\"https:\/\/orasul-timisoara.ro\/?s=consiliul+local+timisoara\">Consiliul Local Timisoara<\/a><a href=\"https:\/\/orasul-timisoara.ro\/?s=consiliul+judetean+timis\"><span>Consiliul Judetean Timis<\/span><\/a><a href=\"https:\/\/orasul-timisoara.ro\/?s=cjt\"><span>CJT<\/span><\/a><a href=\"https:\/\/orasul-timisoara.ro\/?s=Alfred+Simonis\"><span>Alfred Simonis<\/span><\/a><a href=\"https:\/\/orasul-timisoara.ro\/?s=PNL\"><span>PNL<\/span><\/a><a href=\"https:\/\/orasul-timisoara.ro\/?s=coronavirus\"><span>coronavirus<\/span><\/a><a href=\"https:\/\/orasul-timisoara.ro\/?s=teatru+timisoara\">teatru Timisoara<\/a><a href=\"https:\/\/orasul-timisoara.ro\/?s=restaurante\"><span>restaurante Timisoara<\/span><\/a><a href=\"https:\/\/orasul-timisoara.ro\/?s=diskoteka\"><span>Diskoteka<\/span><\/a><a href=\"https:\/\/orasul-timisoara.ro\/?s=iulius+town\"><span>Iulius Town<\/span><\/a><a href=\"https:\/\/orasul-timisoara.ro\/?s=iulius+mall\"><span>Iulius Mall<\/span><\/a><a href=\"https:\/\/orasul-timisoara.ro\/?s=stpt\"><span>STPT<\/span><\/a><a href=\"https:\/\/orasul-timisoara.ro\/?s=alin+nica\"><span>Alin Nica<\/span><\/a><a href=\"https:\/\/orasul-timisoara.ro\/?s=psd\"><span>PSD<\/span><\/a><a href=\"https:\/\/orasul-timisoara.ro\/?s=aeroport\"><span>Aeroportul International Timisoara<\/span><\/a><a href=\"https:\/\/orasul-timisoara.ro\/?s=babes\"><span>Spitalul Victor Babes Timisoara<\/span><\/a><a href=\"https:\/\/orasul-timisoara.ro\/?s=poli\"><span>Poli Timi\u0219oara<\/span><\/a><a href=\"https:\/\/orasul-timisoara.ro\/?s=carantina\"><span>carantina<\/span><\/a><a href=\"https:\/\/orasul-timisoara.ro\/?s=aquatim\"><span>Aquatim<\/span><\/a><a href=\"https:\/\/orasul-timisoara.ro\/local-category\/stiri-timisoara\/\"><span>Stiri Timisoara<\/span><\/a><a href=\"https:\/\/orasul-timisoara.ro\/local-category\/investitii-in-timisoara\/\"><span>Investi\u021bii in Timi\u0219oara<\/span><\/a><a href=\"https:\/\/orasul-timisoara.ro\/local-9463\/\"><span>shaorma<\/span><\/a><a href=\"https:\/\/orasul-timisoara.ro\/?s=trafic\"><span>trafic rutier<\/span><\/a><a href=\"https:\/\/orasul-timisoara.ro\/?s=politia\"><span>politia locala timisoara<\/span><\/a><a href=\"https:\/\/orasul-timisoara.ro\/?s=roxana\"><span>Roxana Iliescu<\/span><\/a><a href=\"https:\/\/orasul-timisoara.ro\/?s=colterm\"><span>Colterm<\/span><\/a><a href=\"https:\/\/orasul-timisoara.ro\/?s=latcau\"><span>Ruben La\u021bc\u0103u<\/span><\/a><a href=\"https:\/\/orasul-timisoara.ro\/?s=timis\"><span>\u0218tiri din Timi\u0219<\/span><\/a><a href=\"https:\/\/orasul-timisoara.ro\/?s=spital\"><span>Spitale din Timi\u0219oara<\/span><\/a><a href=\"https:\/\/orasul-timisoara.ro\/?s=tabara\"><span>Cosmin Tab\u0103r\u0103<\/span><\/a><\/div>\n<\/aside>\n<aside id=\"rss-2\" class=\"td_block_template_8 widget rss-2 widget_rss\">\n<h4 class=\"td-block-title\"><span><a class=\"rsswidget rss-widget-feed\" href=\"https:\/\/fashionfridays.ro\/feed\"><img decoding=\"async\" class=\"rss-widget-icon\" width=\"14\" height=\"14\" src=\"https:\/\/orasul-timisoara.ro\/wp-includes\/images\/rss.png\" alt=\"RSS\" loading=\"lazy\"><\/a><a class=\"rsswidget rss-widget-title\" href=\"https:\/\/fashionfridays.ro\/\">Fashion Fridays<\/a><\/span><\/h4>\n<ul>\n<li><a class=\"rsswidget\" href=\"https:\/\/fashionfridays.ro\/romania-devine-a-29-a-piata-vogue-o-noua-era-pentru-industria-locala-de-moda\/\">Rom\u00e2nia devine a 29-a pia\u021b\u0103 Vogue: o nou\u0103 er\u0103 pentru industria local\u0103 de mod\u0103<\/a>\n<div class=\"rssSummary\">Revista Vogue \u00ee\u0219i extinde prezen\u021ba global\u0103 \u0219i va fi lansat\u0103 oficial \u00een Rom\u00e2nia \u00een prim\u0103vara anului 2027, marc\u00e2nd intrarea pe cea de-a 29-a pia\u021b\u0103 interna\u021bional\u0103. Proiectul este realizat \u00een parteneriat cu AEMME Publishing, o companie media recent \u00eenfiin\u021bat\u0103, care va publica edi\u021bia local\u0103 sub licen\u021b\u0103. Noua edi\u021bie, Vogue Rom\u00e2nia, \u00ee\u0219i propune s\u0103 combine autoritatea global\u0103 [\u2026]<\/div>\n<\/li>\n<\/ul>\n<\/aside>\n<aside id=\"rss-4\" class=\"td_block_template_8 widget rss-4 widget_rss\">\n<h4 class=\"td-block-title\"><span><a class=\"rsswidget rss-widget-feed\" href=\"https:\/\/emasini.ro\/feed\"><img decoding=\"async\" class=\"rss-widget-icon\" width=\"14\" height=\"14\" src=\"https:\/\/orasul-timisoara.ro\/wp-includes\/images\/rss.png\" alt=\"RSS\" loading=\"lazy\"><\/a><a class=\"rsswidget rss-widget-title\" href=\"https:\/\/emasini.ro\/\">eMasini<\/a><\/span><\/h4>\n<ul>\n<li><a class=\"rsswidget\" href=\"https:\/\/emasini.ro\/bmw-testeaza-noul-i4-convertible-primul-cabrio-electric-accesibil-al-marcii\/\">BMW testeaz\u0103 noul i4 Convertible, primul cabrio electric accesibil al m\u0103rcii<\/a>\n<div class=\"rssSummary\">BMW accelereaz\u0103 dezvoltarea noii genera\u021bii de modele electrice bazate pe platforma Neue Klasse, iar unul dintre cele mai interesante proiecte aflate \u00een teste este viitorul BMW i4 Convertible. Prototipul camuflat a fost surprins pe \u0219osele, confirm\u00e2nd c\u0103 produc\u0103torul german preg\u0103te\u0219te o decapotabil\u0103 electric\u0103 destinat\u0103 unui segment \u00een care oferta este, \u00een prezent, extrem de limitat\u0103. [\u2026]<\/div>\n<\/li>\n<\/ul>\n<\/aside>\n<\/div>\n<\/div>\n<\/div>\n<\/div>\n<\/article>\n<div class=\"td-post-content tagdiv-type\">\n<p class=\"wp-block-paragraph\">Primarul comunei S\u00e2nmihaiu Rom\u00e2n, Viorel M\u0103rcu\u021bi, anun\u021b\u0103 \u00eenceperea lucr\u0103rilor pentru construirea unui teren sintetic de fotbal \u00een localitatea S\u00e2nmihaiu Rom\u00e2n, investi\u021bie destinat\u0103 \u00een principal copiilor \u0219i tinerilor din comun\u0103.<\/p>\n<h2 class=\"wp-block-heading\">Un nou spa\u021biu pentru sport \u0219i recreere<\/h2>\n<p class=\"wp-block-paragraph\">Potrivit edilului, terenul sintetic va fi amenajat pe o suprafa\u021b\u0103 total\u0103 de <strong>2.199 de metri p\u0103tra\u021bi<\/strong>, iar suprafa\u021ba efectiv\u0103 de joc va m\u0103sura aproximativ <strong>928 de metri p\u0103tra\u021bi<\/strong>, av\u00e2nd dimensiunile de <strong>44,06 metri lungime \u0219i 22,06 metri l\u0103\u021bime<\/strong>.<\/p>\n<p class=\"wp-block-paragraph\">Noua baz\u0103 sportiv\u0103 va fi amplasat\u0103 \u00een apropierea Pie\u021bei Agroalimentare din S\u00e2nmihaiu Rom\u00e2n, oferind un spa\u021biu modern destinat practic\u0103rii fotbalului \u0219i activit\u0103\u021bilor sportive.<\/p>\n<h2 class=\"wp-block-heading\">Investi\u021bie pentru genera\u021biile tinere<\/h2>\n<p class=\"wp-block-paragraph\">Primarul Viorel M\u0103rcu\u021bi subliniaz\u0103 c\u0103 proiectul urm\u0103re\u0219te s\u0103 le ofere copiilor \u0219i tinerilor din comun\u0103 mai multe oportunit\u0103\u021bi pentru practicarea sportului \u0219i petrecerea timpului liber \u00eentr-un mod s\u0103n\u0103tos.<\/p>\n<p class=\"wp-block-paragraph\">\u201eInvesti\u021bia \u00een sport \u00eenseamn\u0103 mai multe oportunit\u0103\u021bi pentru genera\u021biile tinere de a face mi\u0219care, de a-\u0219i petrece timpul \u00eentr-un mod s\u0103n\u0103tos \u0219i de a descoperi valorile sportului: disciplin\u0103, perseveren\u021b\u0103, spirit de echip\u0103 \u0219i fair-play\u201d, a transmis edilul.<\/p>\n<h2 class=\"wp-block-heading\">Administra\u021bia local\u0103 continu\u0103 investi\u021biile<\/h2>\n<p class=\"wp-block-paragraph\">Conducerea Prim\u0103riei S\u00e2nmihaiu Rom\u00e2n afirm\u0103 c\u0103 proiectul face parte din planul de dezvoltare a infrastructurii destinate comunit\u0103\u021bii \u0219i promov\u0103rii unui stil de via\u021b\u0103 activ.<\/p>\n<p class=\"wp-block-paragraph\">\u201eContinu\u0103m s\u0103 investim \u00een proiecte care aduc valoare comunit\u0103\u021bii \u0219i creeaz\u0103 mijloace s\u0103n\u0103toase de recreere pentru genera\u021biile de ast\u0103zi \u0219i de m\u00e2ine\u201d, a mai transmis primarul Viorel M\u0103rcu\u021bi.<\/p>\n<p class=\"wp-block-paragraph\">Noua investi\u021bie completeaz\u0103 proiectele administra\u021biei locale dedicate dezvolt\u0103rii infrastructurii sportive \u0219i recreative din comuna S\u00e2nmihaiu Rom\u00e2n.<\/p>\n<figure class=\"wp-block-gallery has-nested-images columns-6 is-cropped wp-block-gallery-1 is-layout-flex wp-block-gallery-is-layout-flex\">\n<figure class=\"wp-block-image size-large\"><img loading=\"lazy\" decoding=\"async\" width=\"1182\" height=\"835\" data-id=\"40108\" src=\"https:\/\/orasul-timisoara.ro\/wp-content\/uploads\/2026\/08\/teren-sport-sanmihaiu-roman-2.jpg\" alt class=\"wp-image-40108\"><\/figure>\n<figure class=\"wp-block-image size-large\"><img loading=\"lazy\" decoding=\"async\" width=\"1600\" height=\"900\" data-id=\"40110\" src=\"https:\/\/orasul-timisoara.ro\/wp-content\/uploads\/2026\/08\/teren-sport-sanmihaiu-roman-3.jpg\" alt class=\"wp-image-40110\"><\/figure>\n<figure class=\"wp-block-image size-large\"><img loading=\"lazy\" decoding=\"async\" width=\"1600\" height=\"900\" data-id=\"40109\" src=\"https:\/\/orasul-timisoara.ro\/wp-content\/uploads\/2026\/08\/teren-sport-sanmihaiu-roman-4.jpg\" alt class=\"wp-image-40109\"><\/figure>\n<figure class=\"wp-block-image size-large\"><img decoding=\"async\" loading=\"lazy\" width=\"1600\" height=\"900\" data-id=\"40112\" src=\"https:\/\/orasul-timisoara.ro\/wp-content\/uploads\/2026\/08\/teren-sport-sanmihaiu-roman-5.jpg\" alt class=\"wp-image-40112\"><\/figure>\n<figure class=\"wp-block-image size-large\"><img decoding=\"async\" loading=\"lazy\" width=\"1600\" height=\"900\" data-id=\"40113\" src=\"https:\/\/orasul-timisoara.ro\/wp-content\/uploads\/2026\/08\/teren-sport-sanmihaiu-roman-6.jpg\" alt class=\"wp-image-40113\"><\/figure>\n<figure class=\"wp-block-image size-large\"><img decoding=\"async\" loading=\"lazy\" width=\"1600\" height=\"900\" data-id=\"40114\" src=\"https:\/\/orasul-timisoara.ro\/wp-content\/uploads\/2026\/08\/teren-sport-sanmihaiu-roman-7.jpg\" alt class=\"wp-image-40114\"><\/figure>\n<figure class=\"wp-block-image size-large\"><img decoding=\"async\" loading=\"lazy\" width=\"1600\" height=\"900\" data-id=\"40111\" src=\"https:\/\/orasul-timisoara.ro\/wp-content\/uploads\/2026\/08\/teren-sport-sanmihaiu-roman-1.jpg\" alt class=\"wp-image-40111\"><\/figure>\n<\/figure>\n<\/div>\n<p>[analyse_source url=&#8221;https:\/\/orasul-timisoara.ro\/local-40107\/&#8221;]<\/p>\n","protected":false},"excerpt":{"rendered":"<p>[analyse_image type=&#8221;featured&#8221; src=&#8221;https:\/\/orasul-timisoara.ro\/wp-content\/uploads\/2026\/08\/teren-sport-sanmihaiu-roman-1-1.jpg&#8221;] Administra\u021bie local\u0103Viorel M\u0103rcu\u021bi: Au \u00eenceput lucr\u0103rile la terenul sintetic de fotbal din S\u00e2nmihaiu&#8230; Administra\u021bie local\u0103 Investitii in Timisoara Sport Local \u0218tiri Locale Viorel M\u0103rcu\u021bi: Au \u00eenceput lucr\u0103rile la terenul sintetic de fotbal din S\u00e2nmihaiu Rom\u00e2n (foto) De c\u0103tre redactia &#8211; 06\/08\/2026 Facebook Twitter WhatsApp Linkedin ReddIt Email Imprimare Primarul comunei S\u00e2nmihaiu Rom\u00e2n, [&hellip;]<\/p>\n","protected":false},"author":1,"featured_media":0,"comment_status":"open","ping_status":"","sticky":false,"template":"","format":"standard","meta":{"footnotes":""},"categories":[89],"tags":[226,189],"class_list":["post-2081814","post","type-post","status-publish","format-standard","hentry","category-romania","tag-crawlmanager","tag-orasul-timisoara-ro"],"_links":{"self":[{"href":"https:\/\/analyse.optim.biz\/index.php?rest_route=\/wp\/v2\/posts\/2081814","targetHints":{"allow":["GET"]}}],"collection":[{"href":"https:\/\/analyse.optim.biz\/index.php?rest_route=\/wp\/v2\/posts"}],"about":[{"href":"https:\/\/analyse.optim.biz\/index.php?rest_route=\/wp\/v2\/types\/post"}],"author":[{"embeddable":true,"href":"https:\/\/analyse.optim.biz\/index.php?rest_route=\/wp\/v2\/users\/1"}],"replies":[{"embeddable":true,"href":"https:\/\/analyse.optim.biz\/index.php?rest_route=%2Fwp%2Fv2%2Fcomments&post=2081814"}],"version-history":[{"count":0,"href":"https:\/\/analyse.optim.biz\/index.php?rest_route=\/wp\/v2\/posts\/2081814\/revisions"}],"wp:attachment":[{"href":"https:\/\/analyse.optim.biz\/index.php?rest_route=%2Fwp%2Fv2%2Fmedia&parent=2081814"}],"wp:term":[{"taxonomy":"category","embeddable":true,"href":"https:\/\/analyse.optim.biz\/index.php?rest_route=%2Fwp%2Fv2%2Fcategories&post=2081814"},{"taxonomy":"post_tag","embeddable":true,"href":"https:\/\/analyse.optim.biz\/index.php?rest_route=%2Fwp%2Fv2%2Ftags&post=2081814"}],"curies":[{"name":"wp","href":"https:\/\/api.w.org\/{rel}","templated":true}]}}