{"id":2081812,"date":"2026-08-06T15:56:46","date_gmt":"2026-08-06T12:56:46","guid":{"rendered":"https:\/\/analyse.optim.biz\/?p=2081812"},"modified":"2026-08-06T15:56:46","modified_gmt":"2026-08-06T12:56:46","slug":"incep-lucrarile-la-pasarela-indragostitilor-accesul-catre-parcul-copiilor-va-fi-inchis","status":"publish","type":"post","link":"https:\/\/analyse.optim.biz\/?p=2081812","title":{"rendered":"\u00cencep lucr\u0103rile la Pasarela \u00cendr\u0103gosti\u021bilor. Accesul c\u0103tre Parcul Copiilor va fi \u00eenchis"},"content":{"rendered":"<p>[analyse_image type=&#8221;featured&#8221; src=&#8221;https:\/\/orasul-timisoara.ro\/wp-content\/uploads\/2026\/08\/766762691_3001037763435111_8604233095333467403_n-1.jpghttps:\/\/orasul-timisoara.ro\/wp-content\/uploads\/2026\/08\/766762691_3001037763435111_8604233095333467403_n-1.jpg&#8221;]<\/p>\n<article id=\"post-40095\" class=\"post-40095 post type-post status-publish format-standard category-administratie category-featured category-investitii-in-timisoara category-stiri-timisoara tag-biciclisti-2 tag-infrastructura-2 tag-lucrari-2 tag-mobilitate-urbana-2 tag-parcul-copiilor tag-pasarela-indragostitilor-2 tag-pod-pietonal tag-primaria-timisoara-2 tag-santier-2 tag-timisoara-2\">\n<div class=\"td-post-header\">\n<ul class=\"td-category\">\n<li class=\"entry-category\"><a href=\"https:\/\/orasul-timisoara.ro\/local-category\/administratie\/\">Administra\u021bie local\u0103<\/a><\/li>\n<li class=\"entry-category\"><a href=\"https:\/\/orasul-timisoara.ro\/local-category\/investitii-in-timisoara\/\">Investitii in Timisoara<\/a><\/li>\n<li class=\"entry-category\"><a href=\"https:\/\/orasul-timisoara.ro\/local-category\/stiri-timisoara\/\">\u0218tiri Locale<\/a><\/li>\n<\/ul>\n<header class=\"td-post-title\">\n<h1 class=\"entry-title\">\u00cencep lucr\u0103rile la Pasarela \u00cendr\u0103gosti\u021bilor. Accesul c\u0103tre Parcul Copiilor va fi \u00eenchis<\/h1>\n<div class=\"td-module-meta-info\">\n<div class=\"td-post-author-name\">\n<div class=\"td-author-by\">De c\u0103tre<\/div>\n<p><a href=\"https:\/\/orasul-timisoara.ro\/author\/timisoara\/\">redactia<\/a><\/p>\n<div class=\"td-author-line\"> &#8211; <\/div>\n<\/div>\n<p><span class=\"td-post-date\"><time class=\"entry-date updated td-module-date\" datetime=\"2026-08-06T18:56:46+03:00\">06\/08\/2026<\/time><\/span><\/div>\n<\/header>\n<\/div>\n<div class=\"td-post-content\">\n<div class=\"td-post-featured-image\"><img loading=\"lazy\" decoding=\"async\" width=\"696\" height=\"392\" class=\"entry-thumb\" src=\"https:\/\/orasul-timisoara.ro\/wp-content\/uploads\/2026\/08\/766762691_3001037763435111_8604233095333467403_n-1-696x392.jpg\" alt title=\"766762691_3001037763435111_8604233095333467403_n\"><\/div>\n<div class=\"td-post-sharing-top\">\n<div id=\"td_social_sharing_article_top\" class=\"td-post-sharing td-ps-bg td-ps-notext td-post-sharing-style1 \">\n<div class=\"td-post-sharing-visible\"><a class=\"td-social-sharing-button td-social-sharing-button-js td-social-network td-social-facebook\" href=\"https:\/\/www.facebook.com\/sharer.php?u=https%3A%2F%2Forasul-timisoara.ro%2Flocal-40095%2F\" title=\"Facebook\"><\/p>\n<div class=\"td-social-but-text\">Facebook<\/div>\n<p><\/a><a class=\"td-social-sharing-button td-social-sharing-button-js td-social-network td-social-twitter\" href=\"https:\/\/twitter.com\/intent\/tweet?text=%C3%8Encep+lucr%C4%83rile+la+Pasarela+%C3%8Endr%C4%83gosti%C8%9Bilor.+Accesul+c%C4%83tre+Parcul+Copiilor+va+fi+%C3%AEnchis&amp;url=https%3A%2F%2Forasul-timisoara.ro%2Flocal-40095%2F&amp;via=orasultm\" title=\"Twitter\"><\/p>\n<div class=\"td-social-but-text\">Twitter<\/div>\n<p><\/a><a class=\"td-social-sharing-button td-social-sharing-button-js td-social-network td-social-whatsapp\" href=\"https:\/\/api.whatsapp.com\/send?text=%C3%8Encep+lucr%C4%83rile+la+Pasarela+%C3%8Endr%C4%83gosti%C8%9Bilor.+Accesul+c%C4%83tre+Parcul+Copiilor+va+fi+%C3%AEnchis%20%0A%0A%20https:\/\/orasul-timisoara.ro\/local-40095\/\" title=\"WhatsApp\"><\/p>\n<div class=\"td-social-but-text\">WhatsApp<\/div>\n<p><\/a><a class=\"td-social-sharing-button td-social-sharing-button-js td-social-network td-social-linkedin\" href=\"https:\/\/www.linkedin.com\/shareArticle?mini=true&amp;url=https:\/\/orasul-timisoara.ro\/local-40095\/&amp;title=%C3%8Encep+lucr%C4%83rile+la+Pasarela+%C3%8Endr%C4%83gosti%C8%9Bilor.+Accesul+c%C4%83tre+Parcul+Copiilor+va+fi+%C3%AEnchis\" title=\"Linkedin\"><\/p>\n<div class=\"td-social-but-text\">Linkedin<\/div>\n<p><\/a><a class=\"td-social-sharing-button td-social-sharing-button-js td-social-network td-social-reddit\" href=\"https:\/\/reddit.com\/submit?url=https:\/\/orasul-timisoara.ro\/local-40095\/&amp;title=%C3%8Encep+lucr%C4%83rile+la+Pasarela+%C3%8Endr%C4%83gosti%C8%9Bilor.+Accesul+c%C4%83tre+Parcul+Copiilor+va+fi+%C3%AEnchis\" title=\"ReddIt\"><\/p>\n<div class=\"td-social-but-text\">ReddIt<\/div>\n<p><\/a><a class=\"td-social-sharing-button td-social-sharing-button-js td-social-network td-social-mail\" href=\"mailto:?subject=%C3%8Encep%20lucr%C4%83rile%20la%20Pasarela%20%C3%8Endr%C4%83gosti%C8%9Bilor.%20Accesul%20c%C4%83tre%20Parcul%20Copiilor%20va%20fi%20%C3%AEnchis&amp;body=https:\/\/orasul-timisoara.ro\/local-40095\/\" title=\"Email\"><\/p>\n<div class=\"td-social-but-text\">Email<\/div>\n<p><\/a><a class=\"td-social-sharing-button td-social-sharing-button-js td-social-network td-social-print\" href=\"https:\/\/orasul-timisoara.ro\/local-40095\/\" title=\"Print\"><\/p>\n<div class=\"td-social-but-text\">Print<\/div>\n<p><\/a><\/div>\n<\/div>\n<\/div>\n<p class=\"wp-block-paragraph\">Prim\u0103ria Municipiului Timi\u0219oara anun\u021b\u0103 \u00eenceperea primelor lucr\u0103ri pentru transformarea Pasarelei \u00cendr\u0103gosti\u021bilor \u00eentr-un pod modern destinat pietonilor \u0219i bicicli\u0219tilor. Constructorul intr\u0103 \u00een teren, iar \u0219antierul va fi organizat \u00eencep\u00e2nd din aceste zile.<\/p>\n<h2 class=\"wp-block-heading\">Se monteaz\u0103 organizarea de \u0219antier<\/h2>\n<p class=\"wp-block-paragraph\">Potrivit reprezentan\u021bilor Prim\u0103riei Timi\u0219oara, prima etap\u0103 a proiectului const\u0103 \u00een \u00eemprejmuirea \u0219antierului \u0219i preg\u0103tirea zonei pentru lucr\u0103rile propriu-zise.<\/p>\n<p class=\"wp-block-paragraph\">Pe durata interven\u021biilor, accesul dinspre promenad\u0103 c\u0103tre Parcul Copiilor va fi \u00eenchis, iar circula\u021bia pietonilor \u0219i bicicli\u0219tilor va fi deviat\u0103 pe trasee alternative.<\/p>\n<h2 class=\"wp-block-heading\">Urmeaz\u0103 relocarea utilit\u0103\u021bilor \u0219i demolarea pasarelei<\/h2>\n<p class=\"wp-block-paragraph\">Dup\u0103 organizarea \u0219antierului, constructorul va \u00eencepe relocarea utilit\u0103\u021bilor existente pe pasarel\u0103, etap\u0103 necesar\u0103 \u00eenaintea demol\u0103rii structurii actuale.<\/p>\n<figure class=\"wp-block-gallery has-nested-images columns-default is-cropped td-modal-on-gallery wp-block-gallery-1 is-layout-flex wp-block-gallery-is-layout-flex\">\n<figure class=\"wp-block-image size-full\"><img loading=\"lazy\" decoding=\"async\" width=\"2048\" height=\"1536\" data-id=\"40100\" src=\"https:\/\/orasul-timisoara.ro\/wp-content\/uploads\/2026\/08\/766762691_3001037763435111_8604233095333467403_n.jpg\" alt class=\"wp-image-40100\"><figcaption class=\"wp-element-caption\">DCIM104MEDIADJI_0327.JPG<\/figcaption><\/figure>\n<figure class=\"wp-block-image size-full\"><img loading=\"lazy\" decoding=\"async\" width=\"1600\" height=\"1200\" data-id=\"40099\" src=\"https:\/\/orasul-timisoara.ro\/wp-content\/uploads\/2026\/08\/764845092_2606069456509240_5823846787640234630_n.jpg\" alt class=\"wp-image-40099\"><\/figure>\n<figure class=\"wp-block-image size-full\"><img loading=\"lazy\" decoding=\"async\" width=\"1600\" height=\"1200\" data-id=\"40098\" src=\"https:\/\/orasul-timisoara.ro\/wp-content\/uploads\/2026\/08\/763339456_1358535886394956_4614712506210612434_n.jpg\" alt class=\"wp-image-40098\"><\/figure>\n<\/figure>\n<p class=\"wp-block-paragraph\">Conform administra\u021biei locale, demolarea efectiv\u0103 a Pasarelei \u00cendr\u0103gosti\u021bilor este programat\u0103 s\u0103 \u00eenceap\u0103 p\u00e2n\u0103 la sf\u00e2r\u0219itul acestei luni.<\/p>\n<h2 class=\"wp-block-heading\">Recomand\u0103ri pentru pietoni \u0219i bicicli\u0219ti<\/h2>\n<p class=\"wp-block-paragraph\">Prim\u0103ria le recomand\u0103 bicicli\u0219tilor s\u0103 utilizeze pistele amenajate pe str\u0103zile adiacente, precum strada C. D. Loga, iar pietonilor s\u0103 foloseasc\u0103 traseele alternative disponibile \u00een zon\u0103.<\/p>\n<p class=\"wp-block-paragraph\">Autorit\u0103\u021bile le solicit\u0103 participan\u021bilor la trafic s\u0103 respecte semnalizarea temporar\u0103 \u0219i restric\u021biile instituite pe durata desf\u0103\u0219ur\u0103rii lucr\u0103rilor.<\/p>\n<h2 class=\"wp-block-heading\">Pasarela va fi \u00eenlocuit\u0103 cu un pod modern<\/h2>\n<p class=\"wp-block-paragraph\">Proiectul prevede \u00eenlocuirea actualei Pasarele a \u00cendr\u0103gosti\u021bilor cu o structur\u0103 nou\u0103, adaptat\u0103 cerin\u021belor moderne de mobilitate urban\u0103, care va oferi condi\u021bii mai bune pentru deplasarea pietonilor \u0219i bicicli\u0219tilor.<\/p>\n<figure class=\"wp-block-gallery has-nested-images columns-default is-cropped td-modal-on-gallery wp-block-gallery-2 is-layout-flex wp-block-gallery-is-layout-flex\">\n<figure class=\"wp-block-image size-full\"><img decoding=\"async\" loading=\"lazy\" width=\"1265\" height=\"934\" data-id=\"40097\" src=\"https:\/\/orasul-timisoara.ro\/wp-content\/uploads\/2026\/08\/766287905_1736980310891066_3093549117523687887_n.jpg\" alt class=\"wp-image-40097\"><\/figure>\n<figure class=\"wp-block-image size-full\"><img decoding=\"async\" loading=\"lazy\" width=\"1265\" height=\"768\" data-id=\"40096\" src=\"https:\/\/orasul-timisoara.ro\/wp-content\/uploads\/2026\/08\/765116505_993130267068362_2666268901855011055_n.jpg\" alt class=\"wp-image-40096\"><\/figure>\n<\/figure>\n<p class=\"wp-block-paragraph\">Investi\u021bia face parte din planurile municipalit\u0103\u021bii de modernizare a infrastructurii \u0219i de dezvoltare a mobilit\u0103\u021bii alternative \u00een Timi\u0219oara.<\/p>\n<\/div>\n<footer>\n<div class=\"td-post-source-tags\">\n<ul class=\"td-tags td-post-small-box clearfix\">\n<li><span>ETICHETE<\/span><\/li>\n<li><a href=\"https:\/\/orasul-timisoara.ro\/local-tag\/biciclisti-2\/\">bicicli\u0219ti<\/a><\/li>\n<li><a href=\"https:\/\/orasul-timisoara.ro\/local-tag\/infrastructura-2\/\">infrastructur\u0103<\/a><\/li>\n<li><a href=\"https:\/\/orasul-timisoara.ro\/local-tag\/lucrari-2\/\">lucr\u0103ri<\/a><\/li>\n<li><a href=\"https:\/\/orasul-timisoara.ro\/local-tag\/mobilitate-urbana-2\/\">mobilitate urban\u0103<\/a><\/li>\n<li><a href=\"https:\/\/orasul-timisoara.ro\/local-tag\/parcul-copiilor\/\">parcul copiilor<\/a><\/li>\n<li><a href=\"https:\/\/orasul-timisoara.ro\/local-tag\/pasarela-indragostitilor-2\/\">Pasarela \u00cendr\u0103gosti\u021bilor<\/a><\/li>\n<li><a href=\"https:\/\/orasul-timisoara.ro\/local-tag\/pod-pietonal\/\">pod pietonal<\/a><\/li>\n<li><a href=\"https:\/\/orasul-timisoara.ro\/local-tag\/primaria-timisoara-2\/\">Prim\u0103ria Timi\u0219oara<\/a><\/li>\n<li><a href=\"https:\/\/orasul-timisoara.ro\/local-tag\/santier-2\/\">\u0219antier<\/a><\/li>\n<li><a href=\"https:\/\/orasul-timisoara.ro\/local-tag\/timisoara-2\/\">timi\u0219oara<\/a><\/li>\n<\/ul>\n<\/div>\n<div class=\"td-post-sharing-bottom\">\n<div id=\"td_social_sharing_article_bottom\" class=\"td-post-sharing td-ps-bg td-ps-notext td-post-sharing-style1 \">\n<div class=\"td-post-sharing-visible\"><a class=\"td-social-sharing-button td-social-sharing-button-js td-social-network td-social-facebook\" href=\"https:\/\/www.facebook.com\/sharer.php?u=https%3A%2F%2Forasul-timisoara.ro%2Flocal-40095%2F\" title=\"Facebook\"><\/p>\n<div class=\"td-social-but-text\">Facebook<\/div>\n<p><\/a><a class=\"td-social-sharing-button td-social-sharing-button-js td-social-network td-social-twitter\" href=\"https:\/\/twitter.com\/intent\/tweet?text=%C3%8Encep+lucr%C4%83rile+la+Pasarela+%C3%8Endr%C4%83gosti%C8%9Bilor.+Accesul+c%C4%83tre+Parcul+Copiilor+va+fi+%C3%AEnchis&amp;url=https%3A%2F%2Forasul-timisoara.ro%2Flocal-40095%2F&amp;via=orasultm\" title=\"Twitter\"><\/p>\n<div class=\"td-social-but-text\">Twitter<\/div>\n<p><\/a><a class=\"td-social-sharing-button td-social-sharing-button-js td-social-network td-social-whatsapp\" href=\"https:\/\/api.whatsapp.com\/send?text=%C3%8Encep+lucr%C4%83rile+la+Pasarela+%C3%8Endr%C4%83gosti%C8%9Bilor.+Accesul+c%C4%83tre+Parcul+Copiilor+va+fi+%C3%AEnchis%20%0A%0A%20https:\/\/orasul-timisoara.ro\/local-40095\/\" title=\"WhatsApp\"><\/p>\n<div class=\"td-social-but-text\">WhatsApp<\/div>\n<p><\/a><a class=\"td-social-sharing-button td-social-sharing-button-js td-social-network td-social-linkedin\" href=\"https:\/\/www.linkedin.com\/shareArticle?mini=true&amp;url=https:\/\/orasul-timisoara.ro\/local-40095\/&amp;title=%C3%8Encep+lucr%C4%83rile+la+Pasarela+%C3%8Endr%C4%83gosti%C8%9Bilor.+Accesul+c%C4%83tre+Parcul+Copiilor+va+fi+%C3%AEnchis\" title=\"Linkedin\"><\/p>\n<div class=\"td-social-but-text\">Linkedin<\/div>\n<p><\/a><a class=\"td-social-sharing-button td-social-sharing-button-js td-social-network td-social-reddit\" href=\"https:\/\/reddit.com\/submit?url=https:\/\/orasul-timisoara.ro\/local-40095\/&amp;title=%C3%8Encep+lucr%C4%83rile+la+Pasarela+%C3%8Endr%C4%83gosti%C8%9Bilor.+Accesul+c%C4%83tre+Parcul+Copiilor+va+fi+%C3%AEnchis\" title=\"ReddIt\"><\/p>\n<div class=\"td-social-but-text\">ReddIt<\/div>\n<p><\/a><a class=\"td-social-sharing-button td-social-sharing-button-js td-social-network td-social-mail\" href=\"mailto:?subject=%C3%8Encep%20lucr%C4%83rile%20la%20Pasarela%20%C3%8Endr%C4%83gosti%C8%9Bilor.%20Accesul%20c%C4%83tre%20Parcul%20Copiilor%20va%20fi%20%C3%AEnchis&amp;body=https:\/\/orasul-timisoara.ro\/local-40095\/\" title=\"Email\"><\/p>\n<div class=\"td-social-but-text\">Email<\/div>\n<p><\/a><a class=\"td-social-sharing-button td-social-sharing-button-js td-social-network td-social-print\" href=\"https:\/\/orasul-timisoara.ro\/local-40095\/\" title=\"Print\"><\/p>\n<div class=\"td-social-but-text\">Print<\/div>\n<p><\/a><\/div>\n<\/div>\n<\/div>\n<div class=\"td-block-row td-post-next-prev\">\n<div class=\"td-block-span6 td-post-prev-post\">\n<div class=\"td-post-next-prev-content\"><span>Articolul precedent<\/span><a href=\"https:\/\/orasul-timisoara.ro\/local-40090\/\">Au \u00eenceput \u00eenscrierile la \u201eOra de Sport\u201d, programul gratuit dedicat copiilor din Timi\u0219oara<\/a><\/div>\n<\/div>\n<div class=\"td-block-span6 td-post-next-post\">\n<div class=\"td-post-next-prev-content\"><span>Articolul urm\u0103tor<\/span><a href=\"https:\/\/orasul-timisoara.ro\/local-40104\/\">Politehnica Timi\u0219oara joac\u0103 miercuri cu CSC Dumbr\u0103vi\u021ba \u00een Cupa Rom\u00e2niei<\/a><\/div>\n<\/div>\n<\/div>\n<div class=\"td-author-name vcard author\"><span class=\"fn\"><a href=\"https:\/\/orasul-timisoara.ro\/author\/timisoara\/\">redactia<\/a><\/span><\/div>\n<p><span class=\"td-page-meta\"><\/span><span class=\"td-page-meta\"><span class=\"td-page-meta\"><\/span><\/span><span class=\"td-page-meta\"><\/span><\/footer>\n<\/article>\n<div class=\"td-post-content\">\n<div class=\"td-post-featured-image\"><img loading=\"lazy\" decoding=\"async\" width=\"696\" height=\"392\" class=\"entry-thumb\" src=\"https:\/\/orasul-timisoara.ro\/wp-content\/uploads\/2026\/08\/766762691_3001037763435111_8604233095333467403_n-1-696x392.jpg\" alt title=\"766762691_3001037763435111_8604233095333467403_n\"><\/div>\n<div class=\"td-post-sharing-top\">\n<div id=\"td_social_sharing_article_top\" class=\"td-post-sharing td-ps-bg td-ps-notext td-post-sharing-style1 \">\n<div class=\"td-post-sharing-visible\"><a class=\"td-social-sharing-button td-social-sharing-button-js td-social-network td-social-facebook\" href=\"https:\/\/www.facebook.com\/sharer.php?u=https%3A%2F%2Forasul-timisoara.ro%2Flocal-40095%2F\" title=\"Facebook\"><\/p>\n<div class=\"td-social-but-text\">Facebook<\/div>\n<p><\/a><a class=\"td-social-sharing-button td-social-sharing-button-js td-social-network td-social-twitter\" href=\"https:\/\/twitter.com\/intent\/tweet?text=%C3%8Encep+lucr%C4%83rile+la+Pasarela+%C3%8Endr%C4%83gosti%C8%9Bilor.+Accesul+c%C4%83tre+Parcul+Copiilor+va+fi+%C3%AEnchis&amp;url=https%3A%2F%2Forasul-timisoara.ro%2Flocal-40095%2F&amp;via=orasultm\" title=\"Twitter\"><\/p>\n<div class=\"td-social-but-text\">Twitter<\/div>\n<p><\/a><a class=\"td-social-sharing-button td-social-sharing-button-js td-social-network td-social-whatsapp\" href=\"https:\/\/api.whatsapp.com\/send?text=%C3%8Encep+lucr%C4%83rile+la+Pasarela+%C3%8Endr%C4%83gosti%C8%9Bilor.+Accesul+c%C4%83tre+Parcul+Copiilor+va+fi+%C3%AEnchis%20%0A%0A%20https:\/\/orasul-timisoara.ro\/local-40095\/\" title=\"WhatsApp\"><\/p>\n<div class=\"td-social-but-text\">WhatsApp<\/div>\n<p><\/a><a class=\"td-social-sharing-button td-social-sharing-button-js td-social-network td-social-linkedin\" href=\"https:\/\/www.linkedin.com\/shareArticle?mini=true&amp;url=https:\/\/orasul-timisoara.ro\/local-40095\/&amp;title=%C3%8Encep+lucr%C4%83rile+la+Pasarela+%C3%8Endr%C4%83gosti%C8%9Bilor.+Accesul+c%C4%83tre+Parcul+Copiilor+va+fi+%C3%AEnchis\" title=\"Linkedin\"><\/p>\n<div class=\"td-social-but-text\">Linkedin<\/div>\n<p><\/a><a class=\"td-social-sharing-button td-social-sharing-button-js td-social-network td-social-reddit\" href=\"https:\/\/reddit.com\/submit?url=https:\/\/orasul-timisoara.ro\/local-40095\/&amp;title=%C3%8Encep+lucr%C4%83rile+la+Pasarela+%C3%8Endr%C4%83gosti%C8%9Bilor.+Accesul+c%C4%83tre+Parcul+Copiilor+va+fi+%C3%AEnchis\" title=\"ReddIt\"><\/p>\n<div class=\"td-social-but-text\">ReddIt<\/div>\n<p><\/a><a class=\"td-social-sharing-button td-social-sharing-button-js td-social-network td-social-mail\" href=\"mailto:?subject=%C3%8Encep%20lucr%C4%83rile%20la%20Pasarela%20%C3%8Endr%C4%83gosti%C8%9Bilor.%20Accesul%20c%C4%83tre%20Parcul%20Copiilor%20va%20fi%20%C3%AEnchis&amp;body=https:\/\/orasul-timisoara.ro\/local-40095\/\" title=\"Email\"><\/p>\n<div class=\"td-social-but-text\">Email<\/div>\n<p><\/a><a class=\"td-social-sharing-button td-social-sharing-button-js td-social-network td-social-print\" href=\"https:\/\/orasul-timisoara.ro\/local-40095\/\" title=\"Print\"><\/p>\n<div class=\"td-social-but-text\">Print<\/div>\n<p><\/a><\/div>\n<\/div>\n<\/div>\n<p class=\"wp-block-paragraph\">Prim\u0103ria Municipiului Timi\u0219oara anun\u021b\u0103 \u00eenceperea primelor lucr\u0103ri pentru transformarea Pasarelei \u00cendr\u0103gosti\u021bilor \u00eentr-un pod modern destinat pietonilor \u0219i bicicli\u0219tilor. Constructorul intr\u0103 \u00een teren, iar \u0219antierul va fi organizat \u00eencep\u00e2nd din aceste zile.<\/p>\n<h2 class=\"wp-block-heading\">Se monteaz\u0103 organizarea de \u0219antier<\/h2>\n<p class=\"wp-block-paragraph\">Potrivit reprezentan\u021bilor Prim\u0103riei Timi\u0219oara, prima etap\u0103 a proiectului const\u0103 \u00een \u00eemprejmuirea \u0219antierului \u0219i preg\u0103tirea zonei pentru lucr\u0103rile propriu-zise.<\/p>\n<p class=\"wp-block-paragraph\">Pe durata interven\u021biilor, accesul dinspre promenad\u0103 c\u0103tre Parcul Copiilor va fi \u00eenchis, iar circula\u021bia pietonilor \u0219i bicicli\u0219tilor va fi deviat\u0103 pe trasee alternative.<\/p>\n<h2 class=\"wp-block-heading\">Urmeaz\u0103 relocarea utilit\u0103\u021bilor \u0219i demolarea pasarelei<\/h2>\n<p class=\"wp-block-paragraph\">Dup\u0103 organizarea \u0219antierului, constructorul va \u00eencepe relocarea utilit\u0103\u021bilor existente pe pasarel\u0103, etap\u0103 necesar\u0103 \u00eenaintea demol\u0103rii structurii actuale.<\/p>\n<figure class=\"wp-block-gallery has-nested-images columns-default is-cropped td-modal-on-gallery wp-block-gallery-1 is-layout-flex wp-block-gallery-is-layout-flex\">\n<figure class=\"wp-block-image size-full\"><img loading=\"lazy\" decoding=\"async\" width=\"2048\" height=\"1536\" data-id=\"40100\" src=\"https:\/\/orasul-timisoara.ro\/wp-content\/uploads\/2026\/08\/766762691_3001037763435111_8604233095333467403_n.jpg\" alt class=\"wp-image-40100\"><figcaption class=\"wp-element-caption\">DCIM104MEDIADJI_0327.JPG<\/figcaption><\/figure>\n<figure class=\"wp-block-image size-full\"><img loading=\"lazy\" decoding=\"async\" width=\"1600\" height=\"1200\" data-id=\"40099\" src=\"https:\/\/orasul-timisoara.ro\/wp-content\/uploads\/2026\/08\/764845092_2606069456509240_5823846787640234630_n.jpg\" alt class=\"wp-image-40099\"><\/figure>\n<figure class=\"wp-block-image size-full\"><img loading=\"lazy\" decoding=\"async\" width=\"1600\" height=\"1200\" data-id=\"40098\" src=\"https:\/\/orasul-timisoara.ro\/wp-content\/uploads\/2026\/08\/763339456_1358535886394956_4614712506210612434_n.jpg\" alt class=\"wp-image-40098\"><\/figure>\n<\/figure>\n<p class=\"wp-block-paragraph\">Conform administra\u021biei locale, demolarea efectiv\u0103 a Pasarelei \u00cendr\u0103gosti\u021bilor este programat\u0103 s\u0103 \u00eenceap\u0103 p\u00e2n\u0103 la sf\u00e2r\u0219itul acestei luni.<\/p>\n<h2 class=\"wp-block-heading\">Recomand\u0103ri pentru pietoni \u0219i bicicli\u0219ti<\/h2>\n<p class=\"wp-block-paragraph\">Prim\u0103ria le recomand\u0103 bicicli\u0219tilor s\u0103 utilizeze pistele amenajate pe str\u0103zile adiacente, precum strada C. D. Loga, iar pietonilor s\u0103 foloseasc\u0103 traseele alternative disponibile \u00een zon\u0103.<\/p>\n<p class=\"wp-block-paragraph\">Autorit\u0103\u021bile le solicit\u0103 participan\u021bilor la trafic s\u0103 respecte semnalizarea temporar\u0103 \u0219i restric\u021biile instituite pe durata desf\u0103\u0219ur\u0103rii lucr\u0103rilor.<\/p>\n<h2 class=\"wp-block-heading\">Pasarela va fi \u00eenlocuit\u0103 cu un pod modern<\/h2>\n<p class=\"wp-block-paragraph\">Proiectul prevede \u00eenlocuirea actualei Pasarele a \u00cendr\u0103gosti\u021bilor cu o structur\u0103 nou\u0103, adaptat\u0103 cerin\u021belor moderne de mobilitate urban\u0103, care va oferi condi\u021bii mai bune pentru deplasarea pietonilor \u0219i bicicli\u0219tilor.<\/p>\n<figure class=\"wp-block-gallery has-nested-images columns-default is-cropped td-modal-on-gallery wp-block-gallery-2 is-layout-flex wp-block-gallery-is-layout-flex\">\n<figure class=\"wp-block-image size-full\"><img decoding=\"async\" loading=\"lazy\" width=\"1265\" height=\"934\" data-id=\"40097\" src=\"https:\/\/orasul-timisoara.ro\/wp-content\/uploads\/2026\/08\/766287905_1736980310891066_3093549117523687887_n.jpg\" alt class=\"wp-image-40097\"><\/figure>\n<figure class=\"wp-block-image size-full\"><img decoding=\"async\" loading=\"lazy\" width=\"1265\" height=\"768\" data-id=\"40096\" src=\"https:\/\/orasul-timisoara.ro\/wp-content\/uploads\/2026\/08\/765116505_993130267068362_2666268901855011055_n.jpg\" alt class=\"wp-image-40096\"><\/figure>\n<\/figure>\n<p class=\"wp-block-paragraph\">Investi\u021bia face parte din planurile municipalit\u0103\u021bii de modernizare a infrastructurii \u0219i de dezvoltare a mobilit\u0103\u021bii alternative \u00een Timi\u0219oara.<\/p>\n<\/div>\n<p>[analyse_source url=&#8221;https:\/\/orasul-timisoara.ro\/local-40095\/&#8221;]<\/p>\n","protected":false},"excerpt":{"rendered":"<p>[analyse_image type=&#8221;featured&#8221; src=&#8221;https:\/\/orasul-timisoara.ro\/wp-content\/uploads\/2026\/08\/766762691_3001037763435111_8604233095333467403_n-1.jpghttps:\/\/orasul-timisoara.ro\/wp-content\/uploads\/2026\/08\/766762691_3001037763435111_8604233095333467403_n-1.jpg&#8221;] Administra\u021bie local\u0103 Investitii in Timisoara \u0218tiri Locale \u00cencep lucr\u0103rile la Pasarela \u00cendr\u0103gosti\u021bilor. Accesul c\u0103tre Parcul Copiilor va fi \u00eenchis De c\u0103tre redactia &#8211; 06\/08\/2026 Facebook Twitter WhatsApp Linkedin ReddIt Email Print Prim\u0103ria Municipiului Timi\u0219oara anun\u021b\u0103 \u00eenceperea primelor lucr\u0103ri pentru transformarea Pasarelei \u00cendr\u0103gosti\u021bilor \u00eentr-un pod modern destinat pietonilor \u0219i bicicli\u0219tilor. Constructorul intr\u0103 \u00een [&hellip;]<\/p>\n","protected":false},"author":1,"featured_media":0,"comment_status":"open","ping_status":"","sticky":false,"template":"","format":"standard","meta":{"footnotes":""},"categories":[89],"tags":[226,189],"class_list":["post-2081812","post","type-post","status-publish","format-standard","hentry","category-romania","tag-crawlmanager","tag-orasul-timisoara-ro"],"_links":{"self":[{"href":"https:\/\/analyse.optim.biz\/index.php?rest_route=\/wp\/v2\/posts\/2081812","targetHints":{"allow":["GET"]}}],"collection":[{"href":"https:\/\/analyse.optim.biz\/index.php?rest_route=\/wp\/v2\/posts"}],"about":[{"href":"https:\/\/analyse.optim.biz\/index.php?rest_route=\/wp\/v2\/types\/post"}],"author":[{"embeddable":true,"href":"https:\/\/analyse.optim.biz\/index.php?rest_route=\/wp\/v2\/users\/1"}],"replies":[{"embeddable":true,"href":"https:\/\/analyse.optim.biz\/index.php?rest_route=%2Fwp%2Fv2%2Fcomments&post=2081812"}],"version-history":[{"count":0,"href":"https:\/\/analyse.optim.biz\/index.php?rest_route=\/wp\/v2\/posts\/2081812\/revisions"}],"wp:attachment":[{"href":"https:\/\/analyse.optim.biz\/index.php?rest_route=%2Fwp%2Fv2%2Fmedia&parent=2081812"}],"wp:term":[{"taxonomy":"category","embeddable":true,"href":"https:\/\/analyse.optim.biz\/index.php?rest_route=%2Fwp%2Fv2%2Fcategories&post=2081812"},{"taxonomy":"post_tag","embeddable":true,"href":"https:\/\/analyse.optim.biz\/index.php?rest_route=%2Fwp%2Fv2%2Ftags&post=2081812"}],"curies":[{"name":"wp","href":"https:\/\/api.w.org\/{rel}","templated":true}]}}