{"id":2081802,"date":"2026-08-06T14:30:52","date_gmt":"2026-08-06T11:30:52","guid":{"rendered":"https:\/\/analyse.optim.biz\/?p=2081802"},"modified":"2026-08-06T14:30:52","modified_gmt":"2026-08-06T11:30:52","slug":"ziua-timisoarei-a-ajuns-si-in-penitenciar-atelier-de-caricatura-si-expozitie-la-ferma-din-kuncz-foto","status":"publish","type":"post","link":"https:\/\/analyse.optim.biz\/?p=2081802","title":{"rendered":"Ziua Timi\u0219oarei a ajuns \u0219i \u00een Penitenciar. Atelier de caricatur\u0103 \u0219i expozi\u021bie la ferma din Kuncz (foto)"},"content":{"rendered":"<p>[analyse_image type=&#8221;featured&#8221; src=&#8221;https:\/\/orasul-timisoara.ro\/wp-content\/uploads\/2026\/08\/ziuw-tm-penitenciar-2026-6.jpghttps:\/\/orasul-timisoara.ro\/wp-content\/uploads\/2026\/08\/ziuw-tm-penitenciar-2026-6.jpg&#8221;]<\/p>\n<article id=\"post-40056\" class=\"post-40056 post type-post status-publish format-standard category-evenimente-in-timisoara category-featured category-stiri-timisoara tag-andrea-herczeg tag-asociatia-documentor tag-centrul-de-proiecte-timisoara tag-cultura-2 tag-diana-bilec tag-florin-iepan tag-kuncz tag-penitenciarul-timisoara-2 tag-radu-cletiu tag-reintegrare-sociala tag-rod-festival tag-ziua-timisoarei-2\">\n<div class=\"td-post-header\">\n<ul class=\"td-category\">\n<li class=\"entry-category\"><a href=\"https:\/\/orasul-timisoara.ro\/local-category\/evenimente-in-timisoara\/\">Evenimente in Timisoara<\/a><\/li>\n<li class=\"entry-category\"><a href=\"https:\/\/orasul-timisoara.ro\/local-category\/stiri-timisoara\/\">\u0218tiri Locale<\/a><\/li>\n<\/ul>\n<header class=\"td-post-title\">\n<h1 class=\"entry-title\">Ziua Timi\u0219oarei a ajuns \u0219i \u00een Penitenciar. Atelier de caricatur\u0103 \u0219i expozi\u021bie la ferma din Kuncz (foto)<\/h1>\n<div class=\"td-module-meta-info\">\n<div class=\"td-post-author-name\">\n<div class=\"td-author-by\">De c\u0103tre<\/div>\n<p><a href=\"https:\/\/orasul-timisoara.ro\/author\/timisoara\/\">redactia<\/a><\/p>\n<div class=\"td-author-line\"> &#8211; <\/div>\n<\/div>\n<p><span class=\"td-post-date\"><time class=\"entry-date updated td-module-date\" datetime=\"2026-08-06T17:30:52+03:00\">06\/08\/2026<\/time><\/span><\/div>\n<\/header>\n<\/div>\n<div class=\"td-post-content\">\n<div class=\"td-post-featured-image\"><img loading=\"lazy\" decoding=\"async\" width=\"696\" height=\"392\" class=\"entry-thumb\" src=\"https:\/\/orasul-timisoara.ro\/wp-content\/uploads\/2026\/08\/ziuw-tm-penitenciar-2026-6-696x392.jpg\" alt title=\"ziuw-tm-penitenciar-2026 (6)\"><\/div>\n<div class=\"td-post-sharing-top\">\n<div id=\"td_social_sharing_article_top\" class=\"td-post-sharing td-ps-bg td-ps-notext td-post-sharing-style1 \">\n<div class=\"td-post-sharing-visible\"><a class=\"td-social-sharing-button td-social-sharing-button-js td-social-network td-social-facebook\" href=\"https:\/\/www.facebook.com\/sharer.php?u=https%3A%2F%2Forasul-timisoara.ro%2Flocal-40056%2F\" title=\"Facebook\"><\/p>\n<div class=\"td-social-but-text\">Facebook<\/div>\n<p><\/a><a class=\"td-social-sharing-button td-social-sharing-button-js td-social-network td-social-twitter\" href=\"https:\/\/twitter.com\/intent\/tweet?text=Ziua+Timi%C8%99oarei+a+ajuns+%C8%99i+%C3%AEn+Penitenciar.+Atelier+de+caricatur%C4%83+%C8%99i+expozi%C8%9Bie+la+ferma+din+Kuncz+%28foto%29&amp;url=https%3A%2F%2Forasul-timisoara.ro%2Flocal-40056%2F&amp;via=orasultm\" title=\"Twitter\"><\/p>\n<div class=\"td-social-but-text\">Twitter<\/div>\n<p><\/a><a class=\"td-social-sharing-button td-social-sharing-button-js td-social-network td-social-whatsapp\" href=\"https:\/\/api.whatsapp.com\/send?text=Ziua+Timi%C8%99oarei+a+ajuns+%C8%99i+%C3%AEn+Penitenciar.+Atelier+de+caricatur%C4%83+%C8%99i+expozi%C8%9Bie+la+ferma+din+Kuncz+%28foto%29%20%0A%0A%20https:\/\/orasul-timisoara.ro\/local-40056\/\" title=\"WhatsApp\"><\/p>\n<div class=\"td-social-but-text\">WhatsApp<\/div>\n<p><\/a><a class=\"td-social-sharing-button td-social-sharing-button-js td-social-network td-social-linkedin\" href=\"https:\/\/www.linkedin.com\/shareArticle?mini=true&amp;url=https:\/\/orasul-timisoara.ro\/local-40056\/&amp;title=Ziua+Timi%C8%99oarei+a+ajuns+%C8%99i+%C3%AEn+Penitenciar.+Atelier+de+caricatur%C4%83+%C8%99i+expozi%C8%9Bie+la+ferma+din+Kuncz+%28foto%29\" title=\"Linkedin\"><\/p>\n<div class=\"td-social-but-text\">Linkedin<\/div>\n<p><\/a><a class=\"td-social-sharing-button td-social-sharing-button-js td-social-network td-social-reddit\" href=\"https:\/\/reddit.com\/submit?url=https:\/\/orasul-timisoara.ro\/local-40056\/&amp;title=Ziua+Timi%C8%99oarei+a+ajuns+%C8%99i+%C3%AEn+Penitenciar.+Atelier+de+caricatur%C4%83+%C8%99i+expozi%C8%9Bie+la+ferma+din+Kuncz+%28foto%29\" title=\"ReddIt\"><\/p>\n<div class=\"td-social-but-text\">ReddIt<\/div>\n<p><\/a><a class=\"td-social-sharing-button td-social-sharing-button-js td-social-network td-social-mail\" href=\"mailto:?subject=Ziua%20Timi%C8%99oarei%20a%20ajuns%20%C8%99i%20%C3%AEn%20Penitenciar.%20Atelier%20de%20caricatur%C4%83%20%C8%99i%20expozi%C8%9Bie%20la%20ferma%20din%20Kuncz%20(foto)&amp;body=https:\/\/orasul-timisoara.ro\/local-40056\/\" title=\"Email\"><\/p>\n<div class=\"td-social-but-text\">Email<\/div>\n<p><\/a><a class=\"td-social-sharing-button td-social-sharing-button-js td-social-network td-social-print\" href=\"https:\/\/orasul-timisoara.ro\/local-40056\/\" title=\"Print\"><\/p>\n<div class=\"td-social-but-text\">Print<\/div>\n<p><\/a><\/div>\n<\/div>\n<\/div>\n<p class=\"wp-block-paragraph\">Ziua Timi\u0219oarei 2026 a fost marcat\u0103 \u0219i \u00eentr-un loc mai pu\u021bin obi\u0219nuit. \u00cen timp ce centrul ora\u0219ului g\u0103zduia concerte \u0219i evenimente dedicate s\u0103rb\u0103torii municipiului, la ferma agricol\u0103 a Penitenciarului Timi\u0219oara, din cartierul Kuncz, de\u021binu\u021bii au participat la un atelier de caricatur\u0103 \u0219i la o expozi\u021bie de fotografie.<\/p>\n<p class=\"wp-block-paragraph\">Evenimentul a fost organizat de Asocia\u021bia Documentor, \u00een cadrul Rod Festival \u0219i al programului dedicat Zilei Timi\u0219oarei 2026, finan\u021bat de Municipiul Timi\u0219oara prin Centrul de Proiecte. Scopul ini\u021biativei a fost de a aduce actul cultural \u0219i \u00een comunit\u0103\u021bile care au acces limitat la astfel de manifest\u0103ri.<\/p>\n<h2 class=\"wp-block-heading\">Atelier de caricatur\u0103 \u0219i expozi\u021bie de fotografie \u00een interiorul penitenciarului<\/h2>\n<p class=\"wp-block-paragraph\">Programul preg\u0103tit pentru de\u021binu\u021bii care lucreaz\u0103 la ferma agricol\u0103 din Kuncz a inclus un atelier sus\u021binut de caricaturistul Radu Cle\u021biu \u0219i o expozi\u021bie de fotografie semnat\u0103 de Diana Bilec \u0219i Andrea Herczeg.<\/p>\n<p class=\"wp-block-paragraph\">Organizatorii spun c\u0103 au dorit ca o parte din atmosfera Zilei Timi\u0219oarei s\u0103 ajung\u0103 \u0219i \u00een spatele por\u021bilor penitenciarului, oferind participan\u021bilor o experien\u021b\u0103 cultural\u0103 diferit\u0103 de activit\u0103\u021bile cotidiene.<\/p>\n<h2 class=\"wp-block-heading\">Florin Iepan: \u201eExist\u0103 o Timi\u0219oar\u0103 care nu are acces la marile evenimente\u201d<\/h2>\n<p class=\"wp-block-paragraph\">Directorul Asocia\u021biei Documentor, Florin Iepan, afirm\u0103 c\u0103 proiectul porne\u0219te de la ideea c\u0103 accesul la cultur\u0103 ar trebui s\u0103 ajung\u0103 \u0219i la persoanele care nu pot participa la evenimentele organizate \u00een centrul ora\u0219ului.<\/p>\n<figure class=\"wp-block-gallery has-nested-images columns-7 is-cropped td-modal-on-gallery wp-block-gallery-1 is-layout-flex wp-block-gallery-is-layout-flex\">\n<figure class=\"wp-block-image size-large\"><img loading=\"lazy\" decoding=\"async\" width=\"1920\" height=\"1080\" data-id=\"40060\" src=\"https:\/\/orasul-timisoara.ro\/wp-content\/uploads\/2026\/08\/ziuw-tm-penitenciar-2026-2.jpg\" alt class=\"wp-image-40060\"><\/figure>\n<figure class=\"wp-block-image size-large\"><img loading=\"lazy\" decoding=\"async\" width=\"1920\" height=\"1080\" data-id=\"40062\" src=\"https:\/\/orasul-timisoara.ro\/wp-content\/uploads\/2026\/08\/ziuw-tm-penitenciar-2026-3.jpg\" alt class=\"wp-image-40062\"><\/figure>\n<figure class=\"wp-block-image size-large\"><img loading=\"lazy\" decoding=\"async\" width=\"1920\" height=\"1080\" data-id=\"40066\" src=\"https:\/\/orasul-timisoara.ro\/wp-content\/uploads\/2026\/08\/ziuw-tm-penitenciar-2026-4.jpg\" alt class=\"wp-image-40066\"><\/figure>\n<figure class=\"wp-block-image size-large\"><img decoding=\"async\" loading=\"lazy\" width=\"1920\" height=\"1080\" data-id=\"40061\" src=\"https:\/\/orasul-timisoara.ro\/wp-content\/uploads\/2026\/08\/ziuw-tm-penitenciar-2026-5.jpg\" alt class=\"wp-image-40061\"><\/figure>\n<figure class=\"wp-block-image size-large\"><img decoding=\"async\" loading=\"lazy\" width=\"1920\" height=\"1080\" data-id=\"40058\" src=\"https:\/\/orasul-timisoara.ro\/wp-content\/uploads\/2026\/08\/ziuw-tm-penitenciar-2026-6.jpg\" alt class=\"wp-image-40058\"><\/figure>\n<figure class=\"wp-block-image size-large\"><img decoding=\"async\" loading=\"lazy\" width=\"1920\" height=\"1080\" data-id=\"40071\" src=\"https:\/\/orasul-timisoara.ro\/wp-content\/uploads\/2026\/08\/ziuw-tm-penitenciar-2026-7.jpg\" alt class=\"wp-image-40071\"><\/figure>\n<figure class=\"wp-block-image size-large\"><img decoding=\"async\" loading=\"lazy\" width=\"1920\" height=\"1080\" data-id=\"40057\" src=\"https:\/\/orasul-timisoara.ro\/wp-content\/uploads\/2026\/08\/ziuw-tm-penitenciar-2026-8.jpg\" alt class=\"wp-image-40057\"><\/figure>\n<figure class=\"wp-block-image size-large\"><img decoding=\"async\" loading=\"lazy\" width=\"1920\" height=\"1080\" data-id=\"40070\" src=\"https:\/\/orasul-timisoara.ro\/wp-content\/uploads\/2026\/08\/ziuw-tm-penitenciar-2026-9.jpg\" alt class=\"wp-image-40070\"><\/figure>\n<figure class=\"wp-block-image size-large\"><img decoding=\"async\" loading=\"lazy\" width=\"1920\" height=\"1076\" data-id=\"40065\" src=\"https:\/\/orasul-timisoara.ro\/wp-content\/uploads\/2026\/08\/ziuw-tm-penitenciar-2026-10.jpg\" alt class=\"wp-image-40065\"><\/figure>\n<figure class=\"wp-block-image size-large\"><img decoding=\"async\" loading=\"lazy\" width=\"1920\" height=\"1080\" data-id=\"40059\" src=\"https:\/\/orasul-timisoara.ro\/wp-content\/uploads\/2026\/08\/ziuw-tm-penitenciar-2026-11.jpg\" alt class=\"wp-image-40059\"><\/figure>\n<figure class=\"wp-block-image size-large\"><img decoding=\"async\" loading=\"lazy\" width=\"1920\" height=\"1080\" data-id=\"40068\" src=\"https:\/\/orasul-timisoara.ro\/wp-content\/uploads\/2026\/08\/ziuw-tm-penitenciar-2026-12.jpg\" alt class=\"wp-image-40068\"><\/figure>\n<figure class=\"wp-block-image size-large\"><img decoding=\"async\" loading=\"lazy\" width=\"1920\" height=\"1080\" data-id=\"40069\" src=\"https:\/\/orasul-timisoara.ro\/wp-content\/uploads\/2026\/08\/ziuw-tm-penitenciar-2026-13.jpg\" alt class=\"wp-image-40069\"><\/figure>\n<figure class=\"wp-block-image size-large\"><img decoding=\"async\" loading=\"lazy\" width=\"1920\" height=\"1080\" data-id=\"40064\" src=\"https:\/\/orasul-timisoara.ro\/wp-content\/uploads\/2026\/08\/ziuw-tm-penitenciar-2026-14.jpg\" alt class=\"wp-image-40064\"><\/figure>\n<figure class=\"wp-block-image size-large\"><img decoding=\"async\" loading=\"lazy\" width=\"1920\" height=\"1080\" data-id=\"40063\" src=\"https:\/\/orasul-timisoara.ro\/wp-content\/uploads\/2026\/08\/ziuw-tm-penitenciar-2026-15.jpg\" alt class=\"wp-image-40063\"><\/figure>\n<figure class=\"wp-block-image size-large\"><img decoding=\"async\" loading=\"lazy\" width=\"1920\" height=\"1080\" data-id=\"40067\" src=\"https:\/\/orasul-timisoara.ro\/wp-content\/uploads\/2026\/08\/ziuw-tm-penitenciar-2026-1.jpg\" alt class=\"wp-image-40067\"><\/figure>\n<\/figure>\n<p class=\"wp-block-paragraph\">\u201eExist\u0103 o Timi\u0219oar\u0103 care nu are acces la marile evenimente din centrul ora\u0219ului. Printre ace\u0219ti oameni se num\u0103r\u0103 \u0219i cei \u00eencarcera\u021bi la Penitenciarul Timi\u0219oara\u201d, a declarat acesta.<\/p>\n<p class=\"wp-block-paragraph\">Potrivit lui Florin Iepan, colaborarea dintre Asocia\u021bia Documentor \u0219i Penitenciarul Timi\u0219oara dureaz\u0103 de aproape \u0219apte ani, timp \u00een care au fost organizate mai multe proiecte culturale dedicate persoanelor private de libertate.<\/p>\n<h2 class=\"wp-block-heading\">Ferma din Kuncz, loc de munc\u0103 \u0219i reintegrare pentru de\u021binu\u021bi<\/h2>\n<p class=\"wp-block-paragraph\">Ferma agricol\u0103 a Penitenciarului Timi\u0219oara este situat\u0103 \u00een cartierul Kuncz \u0219i cuprinde sere \u0219i livezi \u00een care sunt cultivate ro\u0219ii, castrave\u021bi, varz\u0103, precum \u0219i alte legume \u0219i pomi fructiferi.<\/p>\n<p class=\"wp-block-paragraph\">Produsele ob\u021binute sunt destinate consumului propriu al penitenciarului, iar activitatea agricol\u0103 are \u0219i un rol educativ, oferindu-le de\u021binu\u021bilor posibilitatea de a \u00eenv\u0103\u021ba o meserie \u0219i de a dob\u00e2ndi experien\u021b\u0103 practic\u0103 \u00een domeniul agriculturii.<\/p>\n<h2 class=\"wp-block-heading\">Participan\u021bii spun c\u0103 astfel de evenimente \u00eei ajut\u0103 s\u0103 se reintegreze<\/h2>\n<p class=\"wp-block-paragraph\">De\u021binu\u021bii care au participat la activit\u0103\u021bi au apreciat ini\u021biativa \u0219i au spus c\u0103 astfel de momente \u00eei ajut\u0103 s\u0103 ias\u0103 din rutina zilnic\u0103 \u0219i s\u0103 se simt\u0103 mai aproape de comunitate.<\/p>\n<p class=\"wp-block-paragraph\">\u201eEste un lucru foarte bine primit. Intr\u0103m \u0219i noi \u00eentr-o normalitate prin acest atelier de desen. Este minunat c\u0103 Rod Festival s-a g\u00e2ndit \u0219i la noi de Ziua Timi\u0219oarei\u201d, a declarat unul dintre participan\u021bi.<\/p>\n<p class=\"wp-block-paragraph\">Un alt de\u021binut a explicat c\u0103 experien\u021ba de la ferm\u0103 \u0219i contactul cu astfel de proiecte culturale \u00eel ajut\u0103 \u00een procesul de reintegrare: \u201eEu mai am un an p\u00e2n\u0103 ies. Aici muncesc la ferm\u0103 \u0219i m\u0103 simt ca acas\u0103. \u00cemi v\u0103d de treab\u0103 \u0219i m\u0103 bucur de astfel de evenimente. M\u0103 ajut\u0103. Simt umanitatea.\u201d<\/p>\n<h2 class=\"wp-block-heading\">Cultura, adus\u0103 \u0219i \u00een comunit\u0103\u021bile cu acces limitat<\/h2>\n<p class=\"wp-block-paragraph\">Organizatorii consider\u0103 c\u0103 proiectele culturale ar trebui s\u0103 ajung\u0103 \u0219i \u00een locurile unde accesul la astfel de evenimente este redus.<\/p>\n<p class=\"wp-block-paragraph\">Prin aceast\u0103 ini\u021biativ\u0103, o parte din programul Zilei Timi\u0219oarei a fost extins \u0219i c\u0103tre persoanele private de libertate, promov\u00e2nd ideea c\u0103 actul cultural poate contribui la dialog, incluziune \u0219i reintegrare social\u0103.<\/p>\n<\/div>\n<footer>\n<div class=\"td-post-source-tags\">\n<ul class=\"td-tags td-post-small-box clearfix\">\n<li><span>ETICHETE<\/span><\/li>\n<li><a href=\"https:\/\/orasul-timisoara.ro\/local-tag\/andrea-herczeg\/\">Andrea Herczeg<\/a><\/li>\n<li><a href=\"https:\/\/orasul-timisoara.ro\/local-tag\/asociatia-documentor\/\">Asocia\u021bia Documentor<\/a><\/li>\n<li><a href=\"https:\/\/orasul-timisoara.ro\/local-tag\/centrul-de-proiecte-timisoara\/\">Centrul de Proiecte Timi\u0219oara<\/a><\/li>\n<li><a href=\"https:\/\/orasul-timisoara.ro\/local-tag\/cultura-2\/\">Cultur\u0103<\/a><\/li>\n<li><a href=\"https:\/\/orasul-timisoara.ro\/local-tag\/diana-bilec\/\">Diana Bilec<\/a><\/li>\n<li><a href=\"https:\/\/orasul-timisoara.ro\/local-tag\/florin-iepan\/\">florin iepan<\/a><\/li>\n<li><a href=\"https:\/\/orasul-timisoara.ro\/local-tag\/kuncz\/\">Kuncz<\/a><\/li>\n<li><a href=\"https:\/\/orasul-timisoara.ro\/local-tag\/penitenciarul-timisoara-2\/\">Penitenciarul Timi\u0219oara<\/a><\/li>\n<li><a href=\"https:\/\/orasul-timisoara.ro\/local-tag\/radu-cletiu\/\">Radu Cle\u021biu<\/a><\/li>\n<li><a href=\"https:\/\/orasul-timisoara.ro\/local-tag\/reintegrare-sociala\/\">reintegrare social\u0103<\/a><\/li>\n<li><a href=\"https:\/\/orasul-timisoara.ro\/local-tag\/rod-festival\/\">rod festival<\/a><\/li>\n<li><a href=\"https:\/\/orasul-timisoara.ro\/local-tag\/ziua-timisoarei-2\/\">Ziua Timi\u0219oarei<\/a><\/li>\n<\/ul>\n<\/div>\n<div class=\"td-post-sharing-bottom\">\n<div id=\"td_social_sharing_article_bottom\" class=\"td-post-sharing td-ps-bg td-ps-notext td-post-sharing-style1 \">\n<div class=\"td-post-sharing-visible\"><a class=\"td-social-sharing-button td-social-sharing-button-js td-social-network td-social-facebook\" href=\"https:\/\/www.facebook.com\/sharer.php?u=https%3A%2F%2Forasul-timisoara.ro%2Flocal-40056%2F\" title=\"Facebook\"><\/p>\n<div class=\"td-social-but-text\">Facebook<\/div>\n<p><\/a><a class=\"td-social-sharing-button td-social-sharing-button-js td-social-network td-social-twitter\" href=\"https:\/\/twitter.com\/intent\/tweet?text=Ziua+Timi%C8%99oarei+a+ajuns+%C8%99i+%C3%AEn+Penitenciar.+Atelier+de+caricatur%C4%83+%C8%99i+expozi%C8%9Bie+la+ferma+din+Kuncz+%28foto%29&amp;url=https%3A%2F%2Forasul-timisoara.ro%2Flocal-40056%2F&amp;via=orasultm\" title=\"Twitter\"><\/p>\n<div class=\"td-social-but-text\">Twitter<\/div>\n<p><\/a><a class=\"td-social-sharing-button td-social-sharing-button-js td-social-network td-social-whatsapp\" href=\"https:\/\/api.whatsapp.com\/send?text=Ziua+Timi%C8%99oarei+a+ajuns+%C8%99i+%C3%AEn+Penitenciar.+Atelier+de+caricatur%C4%83+%C8%99i+expozi%C8%9Bie+la+ferma+din+Kuncz+%28foto%29%20%0A%0A%20https:\/\/orasul-timisoara.ro\/local-40056\/\" title=\"WhatsApp\"><\/p>\n<div class=\"td-social-but-text\">WhatsApp<\/div>\n<p><\/a><a class=\"td-social-sharing-button td-social-sharing-button-js td-social-network td-social-linkedin\" href=\"https:\/\/www.linkedin.com\/shareArticle?mini=true&amp;url=https:\/\/orasul-timisoara.ro\/local-40056\/&amp;title=Ziua+Timi%C8%99oarei+a+ajuns+%C8%99i+%C3%AEn+Penitenciar.+Atelier+de+caricatur%C4%83+%C8%99i+expozi%C8%9Bie+la+ferma+din+Kuncz+%28foto%29\" title=\"Linkedin\"><\/p>\n<div class=\"td-social-but-text\">Linkedin<\/div>\n<p><\/a><a class=\"td-social-sharing-button td-social-sharing-button-js td-social-network td-social-reddit\" href=\"https:\/\/reddit.com\/submit?url=https:\/\/orasul-timisoara.ro\/local-40056\/&amp;title=Ziua+Timi%C8%99oarei+a+ajuns+%C8%99i+%C3%AEn+Penitenciar.+Atelier+de+caricatur%C4%83+%C8%99i+expozi%C8%9Bie+la+ferma+din+Kuncz+%28foto%29\" title=\"ReddIt\"><\/p>\n<div class=\"td-social-but-text\">ReddIt<\/div>\n<p><\/a><a class=\"td-social-sharing-button td-social-sharing-button-js td-social-network td-social-mail\" href=\"mailto:?subject=Ziua%20Timi%C8%99oarei%20a%20ajuns%20%C8%99i%20%C3%AEn%20Penitenciar.%20Atelier%20de%20caricatur%C4%83%20%C8%99i%20expozi%C8%9Bie%20la%20ferma%20din%20Kuncz%20(foto)&amp;body=https:\/\/orasul-timisoara.ro\/local-40056\/\" title=\"Email\"><\/p>\n<div class=\"td-social-but-text\">Email<\/div>\n<p><\/a><a class=\"td-social-sharing-button td-social-sharing-button-js td-social-network td-social-print\" href=\"https:\/\/orasul-timisoara.ro\/local-40056\/\" title=\"Print\"><\/p>\n<div class=\"td-social-but-text\">Print<\/div>\n<p><\/a><\/div>\n<\/div>\n<\/div>\n<div class=\"td-block-row td-post-next-prev\">\n<div class=\"td-block-span6 td-post-prev-post\">\n<div class=\"td-post-next-prev-content\"><span>Articolul precedent<\/span><a href=\"https:\/\/orasul-timisoara.ro\/local-40053\/\">Timi\u0219orenii sunt invita\u021bi la un concert caritabil pentru renovarea Spitalului de Copii<\/a><\/div>\n<\/div>\n<div class=\"td-block-span6 td-post-next-post\">\n<div class=\"td-post-next-prev-content\"><span>Articolul urm\u0103tor<\/span><a href=\"https:\/\/orasul-timisoara.ro\/local-40073\/\">Lucr\u0103ri Aquatim vineri, 7 august. Patru localit\u0103\u021bi din Timi\u0219 vor avea presiune redus\u0103 la ap\u0103<\/a><\/div>\n<\/div>\n<\/div>\n<div class=\"td-author-name vcard author\"><span class=\"fn\"><a href=\"https:\/\/orasul-timisoara.ro\/author\/timisoara\/\">redactia<\/a><\/span><\/div>\n<p><span class=\"td-page-meta\"><\/span><span class=\"td-page-meta\"><span class=\"td-page-meta\"><\/span><\/span><span class=\"td-page-meta\"><\/span><\/footer>\n<\/article>\n<div class=\"td-post-content\">\n<div class=\"td-post-featured-image\"><img loading=\"lazy\" decoding=\"async\" width=\"696\" height=\"392\" class=\"entry-thumb\" src=\"https:\/\/orasul-timisoara.ro\/wp-content\/uploads\/2026\/08\/ziuw-tm-penitenciar-2026-6-696x392.jpg\" alt title=\"ziuw-tm-penitenciar-2026 (6)\"><\/div>\n<div class=\"td-post-sharing-top\">\n<div id=\"td_social_sharing_article_top\" class=\"td-post-sharing td-ps-bg td-ps-notext td-post-sharing-style1 \">\n<div class=\"td-post-sharing-visible\"><a class=\"td-social-sharing-button td-social-sharing-button-js td-social-network td-social-facebook\" href=\"https:\/\/www.facebook.com\/sharer.php?u=https%3A%2F%2Forasul-timisoara.ro%2Flocal-40056%2F\" title=\"Facebook\"><\/p>\n<div class=\"td-social-but-text\">Facebook<\/div>\n<p><\/a><a class=\"td-social-sharing-button td-social-sharing-button-js td-social-network td-social-twitter\" href=\"https:\/\/twitter.com\/intent\/tweet?text=Ziua+Timi%C8%99oarei+a+ajuns+%C8%99i+%C3%AEn+Penitenciar.+Atelier+de+caricatur%C4%83+%C8%99i+expozi%C8%9Bie+la+ferma+din+Kuncz+%28foto%29&amp;url=https%3A%2F%2Forasul-timisoara.ro%2Flocal-40056%2F&amp;via=orasultm\" title=\"Twitter\"><\/p>\n<div class=\"td-social-but-text\">Twitter<\/div>\n<p><\/a><a class=\"td-social-sharing-button td-social-sharing-button-js td-social-network td-social-whatsapp\" href=\"https:\/\/api.whatsapp.com\/send?text=Ziua+Timi%C8%99oarei+a+ajuns+%C8%99i+%C3%AEn+Penitenciar.+Atelier+de+caricatur%C4%83+%C8%99i+expozi%C8%9Bie+la+ferma+din+Kuncz+%28foto%29%20%0A%0A%20https:\/\/orasul-timisoara.ro\/local-40056\/\" title=\"WhatsApp\"><\/p>\n<div class=\"td-social-but-text\">WhatsApp<\/div>\n<p><\/a><a class=\"td-social-sharing-button td-social-sharing-button-js td-social-network td-social-linkedin\" href=\"https:\/\/www.linkedin.com\/shareArticle?mini=true&amp;url=https:\/\/orasul-timisoara.ro\/local-40056\/&amp;title=Ziua+Timi%C8%99oarei+a+ajuns+%C8%99i+%C3%AEn+Penitenciar.+Atelier+de+caricatur%C4%83+%C8%99i+expozi%C8%9Bie+la+ferma+din+Kuncz+%28foto%29\" title=\"Linkedin\"><\/p>\n<div class=\"td-social-but-text\">Linkedin<\/div>\n<p><\/a><a class=\"td-social-sharing-button td-social-sharing-button-js td-social-network td-social-reddit\" href=\"https:\/\/reddit.com\/submit?url=https:\/\/orasul-timisoara.ro\/local-40056\/&amp;title=Ziua+Timi%C8%99oarei+a+ajuns+%C8%99i+%C3%AEn+Penitenciar.+Atelier+de+caricatur%C4%83+%C8%99i+expozi%C8%9Bie+la+ferma+din+Kuncz+%28foto%29\" title=\"ReddIt\"><\/p>\n<div class=\"td-social-but-text\">ReddIt<\/div>\n<p><\/a><a class=\"td-social-sharing-button td-social-sharing-button-js td-social-network td-social-mail\" href=\"mailto:?subject=Ziua%20Timi%C8%99oarei%20a%20ajuns%20%C8%99i%20%C3%AEn%20Penitenciar.%20Atelier%20de%20caricatur%C4%83%20%C8%99i%20expozi%C8%9Bie%20la%20ferma%20din%20Kuncz%20(foto)&amp;body=https:\/\/orasul-timisoara.ro\/local-40056\/\" title=\"Email\"><\/p>\n<div class=\"td-social-but-text\">Email<\/div>\n<p><\/a><a class=\"td-social-sharing-button td-social-sharing-button-js td-social-network td-social-print\" href=\"https:\/\/orasul-timisoara.ro\/local-40056\/\" title=\"Print\"><\/p>\n<div class=\"td-social-but-text\">Print<\/div>\n<p><\/a><\/div>\n<\/div>\n<\/div>\n<p class=\"wp-block-paragraph\">Ziua Timi\u0219oarei 2026 a fost marcat\u0103 \u0219i \u00eentr-un loc mai pu\u021bin obi\u0219nuit. \u00cen timp ce centrul ora\u0219ului g\u0103zduia concerte \u0219i evenimente dedicate s\u0103rb\u0103torii municipiului, la ferma agricol\u0103 a Penitenciarului Timi\u0219oara, din cartierul Kuncz, de\u021binu\u021bii au participat la un atelier de caricatur\u0103 \u0219i la o expozi\u021bie de fotografie.<\/p>\n<p class=\"wp-block-paragraph\">Evenimentul a fost organizat de Asocia\u021bia Documentor, \u00een cadrul Rod Festival \u0219i al programului dedicat Zilei Timi\u0219oarei 2026, finan\u021bat de Municipiul Timi\u0219oara prin Centrul de Proiecte. Scopul ini\u021biativei a fost de a aduce actul cultural \u0219i \u00een comunit\u0103\u021bile care au acces limitat la astfel de manifest\u0103ri.<\/p>\n<h2 class=\"wp-block-heading\">Atelier de caricatur\u0103 \u0219i expozi\u021bie de fotografie \u00een interiorul penitenciarului<\/h2>\n<p class=\"wp-block-paragraph\">Programul preg\u0103tit pentru de\u021binu\u021bii care lucreaz\u0103 la ferma agricol\u0103 din Kuncz a inclus un atelier sus\u021binut de caricaturistul Radu Cle\u021biu \u0219i o expozi\u021bie de fotografie semnat\u0103 de Diana Bilec \u0219i Andrea Herczeg.<\/p>\n<p class=\"wp-block-paragraph\">Organizatorii spun c\u0103 au dorit ca o parte din atmosfera Zilei Timi\u0219oarei s\u0103 ajung\u0103 \u0219i \u00een spatele por\u021bilor penitenciarului, oferind participan\u021bilor o experien\u021b\u0103 cultural\u0103 diferit\u0103 de activit\u0103\u021bile cotidiene.<\/p>\n<h2 class=\"wp-block-heading\">Florin Iepan: \u201eExist\u0103 o Timi\u0219oar\u0103 care nu are acces la marile evenimente\u201d<\/h2>\n<p class=\"wp-block-paragraph\">Directorul Asocia\u021biei Documentor, Florin Iepan, afirm\u0103 c\u0103 proiectul porne\u0219te de la ideea c\u0103 accesul la cultur\u0103 ar trebui s\u0103 ajung\u0103 \u0219i la persoanele care nu pot participa la evenimentele organizate \u00een centrul ora\u0219ului.<\/p>\n<figure class=\"wp-block-gallery has-nested-images columns-7 is-cropped td-modal-on-gallery wp-block-gallery-1 is-layout-flex wp-block-gallery-is-layout-flex\">\n<figure class=\"wp-block-image size-large\"><img loading=\"lazy\" decoding=\"async\" width=\"1920\" height=\"1080\" data-id=\"40060\" src=\"https:\/\/orasul-timisoara.ro\/wp-content\/uploads\/2026\/08\/ziuw-tm-penitenciar-2026-2.jpg\" alt class=\"wp-image-40060\"><\/figure>\n<figure class=\"wp-block-image size-large\"><img loading=\"lazy\" decoding=\"async\" width=\"1920\" height=\"1080\" data-id=\"40062\" src=\"https:\/\/orasul-timisoara.ro\/wp-content\/uploads\/2026\/08\/ziuw-tm-penitenciar-2026-3.jpg\" alt class=\"wp-image-40062\"><\/figure>\n<figure class=\"wp-block-image size-large\"><img loading=\"lazy\" decoding=\"async\" width=\"1920\" height=\"1080\" data-id=\"40066\" src=\"https:\/\/orasul-timisoara.ro\/wp-content\/uploads\/2026\/08\/ziuw-tm-penitenciar-2026-4.jpg\" alt class=\"wp-image-40066\"><\/figure>\n<figure class=\"wp-block-image size-large\"><img decoding=\"async\" loading=\"lazy\" width=\"1920\" height=\"1080\" data-id=\"40061\" src=\"https:\/\/orasul-timisoara.ro\/wp-content\/uploads\/2026\/08\/ziuw-tm-penitenciar-2026-5.jpg\" alt class=\"wp-image-40061\"><\/figure>\n<figure class=\"wp-block-image size-large\"><img decoding=\"async\" loading=\"lazy\" width=\"1920\" height=\"1080\" data-id=\"40058\" src=\"https:\/\/orasul-timisoara.ro\/wp-content\/uploads\/2026\/08\/ziuw-tm-penitenciar-2026-6.jpg\" alt class=\"wp-image-40058\"><\/figure>\n<figure class=\"wp-block-image size-large\"><img decoding=\"async\" loading=\"lazy\" width=\"1920\" height=\"1080\" data-id=\"40071\" src=\"https:\/\/orasul-timisoara.ro\/wp-content\/uploads\/2026\/08\/ziuw-tm-penitenciar-2026-7.jpg\" alt class=\"wp-image-40071\"><\/figure>\n<figure class=\"wp-block-image size-large\"><img decoding=\"async\" loading=\"lazy\" width=\"1920\" height=\"1080\" data-id=\"40057\" src=\"https:\/\/orasul-timisoara.ro\/wp-content\/uploads\/2026\/08\/ziuw-tm-penitenciar-2026-8.jpg\" alt class=\"wp-image-40057\"><\/figure>\n<figure class=\"wp-block-image size-large\"><img decoding=\"async\" loading=\"lazy\" width=\"1920\" height=\"1080\" data-id=\"40070\" src=\"https:\/\/orasul-timisoara.ro\/wp-content\/uploads\/2026\/08\/ziuw-tm-penitenciar-2026-9.jpg\" alt class=\"wp-image-40070\"><\/figure>\n<figure class=\"wp-block-image size-large\"><img decoding=\"async\" loading=\"lazy\" width=\"1920\" height=\"1076\" data-id=\"40065\" src=\"https:\/\/orasul-timisoara.ro\/wp-content\/uploads\/2026\/08\/ziuw-tm-penitenciar-2026-10.jpg\" alt class=\"wp-image-40065\"><\/figure>\n<figure class=\"wp-block-image size-large\"><img decoding=\"async\" loading=\"lazy\" width=\"1920\" height=\"1080\" data-id=\"40059\" src=\"https:\/\/orasul-timisoara.ro\/wp-content\/uploads\/2026\/08\/ziuw-tm-penitenciar-2026-11.jpg\" alt class=\"wp-image-40059\"><\/figure>\n<figure class=\"wp-block-image size-large\"><img decoding=\"async\" loading=\"lazy\" width=\"1920\" height=\"1080\" data-id=\"40068\" src=\"https:\/\/orasul-timisoara.ro\/wp-content\/uploads\/2026\/08\/ziuw-tm-penitenciar-2026-12.jpg\" alt class=\"wp-image-40068\"><\/figure>\n<figure class=\"wp-block-image size-large\"><img decoding=\"async\" loading=\"lazy\" width=\"1920\" height=\"1080\" data-id=\"40069\" src=\"https:\/\/orasul-timisoara.ro\/wp-content\/uploads\/2026\/08\/ziuw-tm-penitenciar-2026-13.jpg\" alt class=\"wp-image-40069\"><\/figure>\n<figure class=\"wp-block-image size-large\"><img decoding=\"async\" loading=\"lazy\" width=\"1920\" height=\"1080\" data-id=\"40064\" src=\"https:\/\/orasul-timisoara.ro\/wp-content\/uploads\/2026\/08\/ziuw-tm-penitenciar-2026-14.jpg\" alt class=\"wp-image-40064\"><\/figure>\n<figure class=\"wp-block-image size-large\"><img decoding=\"async\" loading=\"lazy\" width=\"1920\" height=\"1080\" data-id=\"40063\" src=\"https:\/\/orasul-timisoara.ro\/wp-content\/uploads\/2026\/08\/ziuw-tm-penitenciar-2026-15.jpg\" alt class=\"wp-image-40063\"><\/figure>\n<figure class=\"wp-block-image size-large\"><img decoding=\"async\" loading=\"lazy\" width=\"1920\" height=\"1080\" data-id=\"40067\" src=\"https:\/\/orasul-timisoara.ro\/wp-content\/uploads\/2026\/08\/ziuw-tm-penitenciar-2026-1.jpg\" alt class=\"wp-image-40067\"><\/figure>\n<\/figure>\n<p class=\"wp-block-paragraph\">\u201eExist\u0103 o Timi\u0219oar\u0103 care nu are acces la marile evenimente din centrul ora\u0219ului. Printre ace\u0219ti oameni se num\u0103r\u0103 \u0219i cei \u00eencarcera\u021bi la Penitenciarul Timi\u0219oara\u201d, a declarat acesta.<\/p>\n<p class=\"wp-block-paragraph\">Potrivit lui Florin Iepan, colaborarea dintre Asocia\u021bia Documentor \u0219i Penitenciarul Timi\u0219oara dureaz\u0103 de aproape \u0219apte ani, timp \u00een care au fost organizate mai multe proiecte culturale dedicate persoanelor private de libertate.<\/p>\n<h2 class=\"wp-block-heading\">Ferma din Kuncz, loc de munc\u0103 \u0219i reintegrare pentru de\u021binu\u021bi<\/h2>\n<p class=\"wp-block-paragraph\">Ferma agricol\u0103 a Penitenciarului Timi\u0219oara este situat\u0103 \u00een cartierul Kuncz \u0219i cuprinde sere \u0219i livezi \u00een care sunt cultivate ro\u0219ii, castrave\u021bi, varz\u0103, precum \u0219i alte legume \u0219i pomi fructiferi.<\/p>\n<p class=\"wp-block-paragraph\">Produsele ob\u021binute sunt destinate consumului propriu al penitenciarului, iar activitatea agricol\u0103 are \u0219i un rol educativ, oferindu-le de\u021binu\u021bilor posibilitatea de a \u00eenv\u0103\u021ba o meserie \u0219i de a dob\u00e2ndi experien\u021b\u0103 practic\u0103 \u00een domeniul agriculturii.<\/p>\n<h2 class=\"wp-block-heading\">Participan\u021bii spun c\u0103 astfel de evenimente \u00eei ajut\u0103 s\u0103 se reintegreze<\/h2>\n<p class=\"wp-block-paragraph\">De\u021binu\u021bii care au participat la activit\u0103\u021bi au apreciat ini\u021biativa \u0219i au spus c\u0103 astfel de momente \u00eei ajut\u0103 s\u0103 ias\u0103 din rutina zilnic\u0103 \u0219i s\u0103 se simt\u0103 mai aproape de comunitate.<\/p>\n<p class=\"wp-block-paragraph\">\u201eEste un lucru foarte bine primit. Intr\u0103m \u0219i noi \u00eentr-o normalitate prin acest atelier de desen. Este minunat c\u0103 Rod Festival s-a g\u00e2ndit \u0219i la noi de Ziua Timi\u0219oarei\u201d, a declarat unul dintre participan\u021bi.<\/p>\n<p class=\"wp-block-paragraph\">Un alt de\u021binut a explicat c\u0103 experien\u021ba de la ferm\u0103 \u0219i contactul cu astfel de proiecte culturale \u00eel ajut\u0103 \u00een procesul de reintegrare: \u201eEu mai am un an p\u00e2n\u0103 ies. Aici muncesc la ferm\u0103 \u0219i m\u0103 simt ca acas\u0103. \u00cemi v\u0103d de treab\u0103 \u0219i m\u0103 bucur de astfel de evenimente. M\u0103 ajut\u0103. Simt umanitatea.\u201d<\/p>\n<h2 class=\"wp-block-heading\">Cultura, adus\u0103 \u0219i \u00een comunit\u0103\u021bile cu acces limitat<\/h2>\n<p class=\"wp-block-paragraph\">Organizatorii consider\u0103 c\u0103 proiectele culturale ar trebui s\u0103 ajung\u0103 \u0219i \u00een locurile unde accesul la astfel de evenimente este redus.<\/p>\n<p class=\"wp-block-paragraph\">Prin aceast\u0103 ini\u021biativ\u0103, o parte din programul Zilei Timi\u0219oarei a fost extins \u0219i c\u0103tre persoanele private de libertate, promov\u00e2nd ideea c\u0103 actul cultural poate contribui la dialog, incluziune \u0219i reintegrare social\u0103.<\/p>\n<\/div>\n<p>[analyse_source url=&#8221;https:\/\/orasul-timisoara.ro\/local-40056\/&#8221;]<\/p>\n","protected":false},"excerpt":{"rendered":"<p>[analyse_image type=&#8221;featured&#8221; src=&#8221;https:\/\/orasul-timisoara.ro\/wp-content\/uploads\/2026\/08\/ziuw-tm-penitenciar-2026-6.jpghttps:\/\/orasul-timisoara.ro\/wp-content\/uploads\/2026\/08\/ziuw-tm-penitenciar-2026-6.jpg&#8221;] Evenimente in Timisoara \u0218tiri Locale Ziua Timi\u0219oarei a ajuns \u0219i \u00een Penitenciar. Atelier de caricatur\u0103 \u0219i expozi\u021bie la ferma din Kuncz (foto) De c\u0103tre redactia &#8211; 06\/08\/2026 Facebook Twitter WhatsApp Linkedin ReddIt Email Print Ziua Timi\u0219oarei 2026 a fost marcat\u0103 \u0219i \u00eentr-un loc mai pu\u021bin obi\u0219nuit. \u00cen timp ce centrul ora\u0219ului g\u0103zduia [&hellip;]<\/p>\n","protected":false},"author":1,"featured_media":0,"comment_status":"open","ping_status":"","sticky":false,"template":"","format":"standard","meta":{"footnotes":""},"categories":[89],"tags":[226,189],"class_list":["post-2081802","post","type-post","status-publish","format-standard","hentry","category-romania","tag-crawlmanager","tag-orasul-timisoara-ro"],"_links":{"self":[{"href":"https:\/\/analyse.optim.biz\/index.php?rest_route=\/wp\/v2\/posts\/2081802","targetHints":{"allow":["GET"]}}],"collection":[{"href":"https:\/\/analyse.optim.biz\/index.php?rest_route=\/wp\/v2\/posts"}],"about":[{"href":"https:\/\/analyse.optim.biz\/index.php?rest_route=\/wp\/v2\/types\/post"}],"author":[{"embeddable":true,"href":"https:\/\/analyse.optim.biz\/index.php?rest_route=\/wp\/v2\/users\/1"}],"replies":[{"embeddable":true,"href":"https:\/\/analyse.optim.biz\/index.php?rest_route=%2Fwp%2Fv2%2Fcomments&post=2081802"}],"version-history":[{"count":0,"href":"https:\/\/analyse.optim.biz\/index.php?rest_route=\/wp\/v2\/posts\/2081802\/revisions"}],"wp:attachment":[{"href":"https:\/\/analyse.optim.biz\/index.php?rest_route=%2Fwp%2Fv2%2Fmedia&parent=2081802"}],"wp:term":[{"taxonomy":"category","embeddable":true,"href":"https:\/\/analyse.optim.biz\/index.php?rest_route=%2Fwp%2Fv2%2Fcategories&post=2081802"},{"taxonomy":"post_tag","embeddable":true,"href":"https:\/\/analyse.optim.biz\/index.php?rest_route=%2Fwp%2Fv2%2Ftags&post=2081802"}],"curies":[{"name":"wp","href":"https:\/\/api.w.org\/{rel}","templated":true}]}}