{"id":2081800,"date":"2026-08-05T14:45:34","date_gmt":"2026-08-05T11:45:34","guid":{"rendered":"https:\/\/analyse.optim.biz\/?p=2081800"},"modified":"2026-08-05T14:45:34","modified_gmt":"2026-08-05T11:45:34","slug":"publicul-decide-cine-primeste-premiul-peter-jecza-pentru-sculptura-anului-editia-a-3-a","status":"publish","type":"post","link":"https:\/\/analyse.optim.biz\/?p=2081800","title":{"rendered":"Publicul decide cine prime\u0219te Premiul Peter Jecza pentru SCULPTURA ANULUI \u2013 edi\u021bia a 3-a"},"content":{"rendered":"<p>[analyse_image type=&#8221;featured&#8221; src=&#8221;https:\/\/orasul-timisoara.ro\/wp-content\/uploads\/2026\/08\/sculptura-anului-11.jpeg&#8221;]<\/p>\n<article id=\"post-40050\" class=\"td-post-template-7 post-40050 post type-post status-publish format-standard has-post-thumbnail category-evenimente-in-timisoara category-featured category-stiri-timisoara tag-premiul-peter-jecza tag-public tag-sulptura-anului tag-timisoara tag-vot td-container-wrap\">\n<div class=\"td-full-screen-header-image-wrap\">\n<div class=\"td-container td-post-header\">\n<div class=\"td-crumb-container\">\n<div class=\"entry-crumbs\"><span><a title=\"Vede\u021bi toate articolele \u00een Evenimente in Timisoara\" class=\"entry-crumb\" href=\"https:\/\/orasul-timisoara.ro\/local-category\/evenimente-in-timisoara\/\">Evenimente in Timisoara<\/a><\/span><span class=\"td-bred-no-url-last\">Publicul decide cine prime\u0219te Premiul Peter Jecza pentru SCULPTURA ANULUI \u2013 edi\u021bia&#8230;<\/span><\/div>\n<\/div>\n<div class=\"td-post-header-holder\">\n<div class=\"td-parallax-header\">\n<header class=\"td-post-title\">\n<ul class=\"td-category\">\n<li class=\"entry-category\"><a href=\"https:\/\/orasul-timisoara.ro\/local-category\/evenimente-in-timisoara\/\">Evenimente in Timisoara<\/a><\/li>\n<li class=\"entry-category\"><a href=\"https:\/\/orasul-timisoara.ro\/local-category\/stiri-timisoara\/\">\u0218tiri Locale<\/a><\/li>\n<\/ul>\n<h1 class=\"entry-title\">Publicul decide cine prime\u0219te Premiul Peter Jecza pentru SCULPTURA ANULUI \u2013 edi\u021bia a 3-a<\/h1>\n<div class=\"td-module-meta-info\">\n<div class=\"td-post-author-name\">\n<div class=\"td-author-by\">De c\u0103tre<\/div>\n<p><a href=\"https:\/\/orasul-timisoara.ro\/author\/geta\/\">Georgiana Mihalache<\/a><\/p>\n<div class=\"td-author-line\"> &#8211; <\/div>\n<\/div>\n<p><span class=\"td-post-date\"><time class=\"entry-date updated td-module-date\" datetime=\"2026-08-05T17:45:34+03:00\">05\/08\/2026<\/time><\/span><\/div>\n<\/header>\n<\/div>\n<\/div>\n<\/div>\n<div id=\"td-full-screen-header-image\" class=\"td-image-gradient-style7\"><img decoding=\"async\" class=\"td-backstretch\" src=\"https:\/\/orasul-timisoara.ro\/wp-content\/uploads\/2026\/08\/sculptura-anului-11.jpeg\"><\/div>\n<\/div>\n<div class=\"td-container\">\n<div class=\"td-pb-row\">\n<div class=\"td-pb-span8 td-main-content\" role=\"main\">\n<div class=\"td-ss-main-content\">\n<div class=\"td-post-sharing-top\">\n<div class=\"td-post-sharing-classic\"><iframe title=\"topFacebookLike\" frameborder src=\"https:\/\/www.facebook.com\/plugins\/like.php?href=https:\/\/orasul-timisoara.ro\/local-40050\/&amp;layout=button_count&amp;show_faces=false&amp;width=105&amp;action=like&amp;colorscheme=light&amp;height=21\"><\/iframe><\/div>\n<div id=\"td_social_sharing_article_top\" class=\"td-post-sharing td-ps-bg td-ps-notext td-post-sharing-style1 \">\n<div class=\"td-post-sharing-visible\"><a class=\"td-social-sharing-button td-social-sharing-button-js td-social-network td-social-facebook\" href=\"https:\/\/www.facebook.com\/sharer.php?u=https%3A%2F%2Forasul-timisoara.ro%2Flocal-40050%2F\" title=\"Facebook\"><\/p>\n<div class=\"td-social-but-text\">Facebook<\/div>\n<p><\/a><a class=\"td-social-sharing-button td-social-sharing-button-js td-social-network td-social-twitter\" href=\"https:\/\/twitter.com\/intent\/tweet?text=Publicul+decide+cine+prime%C8%99te+Premiul+Peter+Jecza+pentru+SCULPTURA+ANULUI+%E2%80%93+edi%C8%9Bia+a+3-a&amp;url=https%3A%2F%2Forasul-timisoara.ro%2Flocal-40050%2F&amp;via=orasultm\" title=\"Twitter\"><\/p>\n<div class=\"td-social-but-text\">Twitter<\/div>\n<p><\/a><a class=\"td-social-sharing-button td-social-sharing-button-js td-social-network td-social-whatsapp\" href=\"https:\/\/api.whatsapp.com\/send?text=Publicul+decide+cine+prime%C8%99te+Premiul+Peter+Jecza+pentru+SCULPTURA+ANULUI+%E2%80%93+edi%C8%9Bia+a+3-a%20%0A%0A%20https:\/\/orasul-timisoara.ro\/local-40050\/\" title=\"WhatsApp\"><\/p>\n<div class=\"td-social-but-text\">WhatsApp<\/div>\n<p><\/a><a class=\"td-social-sharing-button td-social-sharing-button-js td-social-network td-social-linkedin\" href=\"https:\/\/www.linkedin.com\/shareArticle?mini=true&amp;url=https:\/\/orasul-timisoara.ro\/local-40050\/&amp;title=Publicul+decide+cine+prime%C8%99te+Premiul+Peter+Jecza+pentru+SCULPTURA+ANULUI+%E2%80%93+edi%C8%9Bia+a+3-a\" title=\"Linkedin\"><\/p>\n<div class=\"td-social-but-text\">Linkedin<\/div>\n<p><\/a><a class=\"td-social-sharing-button td-social-sharing-button-js td-social-network td-social-reddit\" href=\"https:\/\/reddit.com\/submit?url=https:\/\/orasul-timisoara.ro\/local-40050\/&amp;title=Publicul+decide+cine+prime%C8%99te+Premiul+Peter+Jecza+pentru+SCULPTURA+ANULUI+%E2%80%93+edi%C8%9Bia+a+3-a\" title=\"ReddIt\"><\/p>\n<div class=\"td-social-but-text\">ReddIt<\/div>\n<p><\/a><a class=\"td-social-sharing-button td-social-sharing-button-js td-social-network td-social-mail\" href=\"mailto:?subject=Publicul%20decide%20cine%20prime%C8%99te%20Premiul%20Peter%20Jecza%20pentru%20SCULPTURA%20ANULUI%20%E2%80%93%20edi%C8%9Bia%20a%203-a&amp;body=https:\/\/orasul-timisoara.ro\/local-40050\/\" title=\"Email\"><\/p>\n<div class=\"td-social-but-text\">Email<\/div>\n<p><\/a><a class=\"td-social-sharing-button td-social-sharing-button-js td-social-network td-social-print\" href=\"https:\/\/orasul-timisoara.ro\/local-40050\/\" title=\"Imprimare\"><\/p>\n<div class=\"td-social-but-text\">Imprimare<\/div>\n<p><\/a><\/div>\n<\/div>\n<\/div>\n<div class=\"td-post-content tagdiv-type\">\n<p class=\"wp-block-paragraph\">Fiecare ora\u0219 \u00ee\u0219i spune povestea, iar printre ele exist\u0103 ora\u0219e care aleg s\u0103 vorbeasc\u0103 prin art\u0103. La Timi\u0219oara, SCULPTURA nu este doar un obiect a\u0219ezat \u00eentr-o pia\u021b\u0103 sau \u00eentr-un parc, ci o form\u0103 de dialog \u00eentre artist \u0219i comunitate, \u00eentre piatr\u0103, metal sau lemn \u0219i privirea trec\u0103torului. Fiecare lucrare schimb\u0103 un spa\u021biu, \u00eei d\u0103 identitate \u0219i invit\u0103 la reflec\u021bie, chiar \u0219i pentru c\u00e2teva secunde.<\/p>\n<p class=\"wp-block-paragraph\">\u00cen aceast\u0103 idee, una dintre cele mai importante ini\u021biative dedicate sculpturii contemporane din Rom\u00e2nia revine cu o nou\u0103 edi\u021bie. Ajuns la edi\u021bia a 3-a, Premiul Peter Jecza pentru SCULPTURA ANULUI, creat \u00een memoria unuia dintre cei mai importan\u021bi sculptori rom\u00e2ni contemporani, propune \u00een 2026 o formul\u0103 aparte: dup\u0103 selec\u021bia realizat\u0103 de un juriu de specialitate, decizia final\u0103 nu va apar\u021bine criticilor sau curatorilor, ci publicului. Astfel, locuitorii Timi\u0219oarei sunt invita\u021bi s\u0103 aleag\u0103 lucrarea care va deveni parte din spa\u021biul public al ora\u0219ului, transform\u00e2nd votul \u00eentr-un gest de participare la construirea identit\u0103\u021bii culturale a comunit\u0103\u021bii.<\/p>\n<p class=\"wp-block-paragraph\">Premiul poart\u0103 numele sculptorului Peter Jecza, membru fondator al Funda\u021biei Triade, ca omagiu adus contribu\u021biei sale semnificative la sculptura rom\u00e2neasc\u0103 contemporan\u0103.<\/p>\n<p class=\"wp-block-paragraph\">Num\u0103rul mare de aplica\u021bii \u2013 55 de arti\u0219ti care au prezentat propuneri de lucr\u0103ri \u2013 este o dovad\u0103 de net\u0103g\u0103duit a ata\u0219amentului major al arti\u0219tilor fa\u021b\u0103 de sculptur\u0103.<\/p>\n<p class=\"wp-block-paragraph\">Selec\u021bia lucr\u0103rilor apar\u021bine\u00a0 juriului format din voci consacrate din domeniul sculpturii \u0219i al artelor vizuale: Celia Ghyka \u2013 arhitect, Andrei Petru Jecza \u2013 director executiv al Funda\u021biei Triade, Ana-Maria Mih\u0103escu \u2013 pre\u0219edinta Asocia\u021biei Castel Salbek, Aurelia Mocanu \u2013 critic de art\u0103, Ciprian Mure\u0219an \u2013 artist vizual, Alex Radu \u2013 manager cultural, fondator RAD Sculpture Park, Maria Rus-Bojan, critic de art\u0103, curator.<\/p>\n<p class=\"wp-block-paragraph\">Criteriile abordate de c\u0103tre juriu s-au referit la natura conving\u0103toare a proiectului propus, la claritatea inten\u021biilor, a abord\u0103rilor unice \u0219i contextului public (gradul de securitate, rela\u021bia morfologic\u0103 cu spa\u021biul public, materialitatea obiectului).<\/p>\n<p class=\"wp-block-paragraph\">Dup\u0103 experien\u021ba anilor anteriori, proiectul va p\u0103stra expozi\u021bia arti\u0219tilor nominaliza\u021bi, cu un num\u0103r de alte 12 lucr\u0103ri ce vor fi amplasarea \u00een spa\u021biu public, \u00een fa\u021ba Shopping City Timi\u0219oara, Calea \u0218agului nr. 100.<\/p>\n<p class=\"wp-block-paragraph\">Lucrarea c\u00e2\u0219tig\u0103toare a <strong>Premiului Peter Jecza pentru SCULPTURA ANULUI<\/strong> va fi aleas\u0103, \u00eens\u0103, \u00een mod diferit, prin implicarea publicului din Timi\u0219oara \u00een decizia final\u0103. Procedura propus\u0103 este ca, dup\u0103 selectarea de c\u0103tre juriul de specialitate a primilor clasa\u021bi, lucrarea c\u00e2\u0219tig\u0103toare s\u0103 se aleag\u0103 printr-o campanie de publicitate numit\u0103 \u201ePUBLICUL DECIDE\u201d, prin care publicul s\u0103 aib\u0103 acces la imaginile lucr\u0103rilor \u0219i s\u0103 aleag\u0103 lucrarea de art\u0103 pe care dore\u0219te s\u0103 devin\u0103 parte din spa\u021biul public al ora\u0219ului. Votarea se va putea face \u00een urma scan\u0103rii qr code-ului vizibil \u00een campania de promovare, care dirijeaz\u0103 spre pa\u0219ii de urmat.<\/p>\n<p class=\"wp-block-paragraph\">Lucr\u0103rile participante \u00een votul final sunt (\u00een ordinea alfabetic\u0103 a numelor arti\u0219tilor):<\/p>\n<p class=\"wp-block-paragraph\"><strong>\u0218erban\u00a0 IONESCU<\/strong>, <em>Turn\u0103torie<\/em><\/p>\n<p class=\"wp-block-paragraph\"><strong>Bogdan RA\u021aA + Dan VI\u0218OVAN<\/strong>, <em>Sculpturi t\u0103iate<\/em><\/p>\n<p class=\"wp-block-paragraph\"><strong>Virgil SCRIPCARIU<\/strong>, <em>Refugiu<\/em><\/p>\n<p class=\"wp-block-paragraph\"><strong>Larisa\u00a0 SITAR<\/strong>, <em>Figuri \u0219ez\u00e2nd<\/em><\/p>\n<p class=\"wp-block-paragraph\">Campania \u00eencepe s\u0103pt\u0103m\u00e2na aceasta, iar votarea se va desf\u0103\u0219ura\u00a0 \u00eentre 8 august \u0219i 3 septembrie, ora 23:59 (4 s\u0103pt\u0103m\u00e2ni). Anun\u021barea rezultatului final se va prezenta \u00eentr-un live stream pe Facebook, \u00een data de 4 septembrie, ora 11:00.<\/p>\n<p class=\"wp-block-paragraph\"><a>Dintre cele 4 lucr\u0103ri supuse votului final, una va deveni c\u00e2\u0219tig\u0103toarea Premiului Peter Jecza pentru SCULPTURA ANULUI, celelalte 3 al\u0103tur\u00e2ndu-se crea\u021biilor arti\u0219tilor nominaliza\u021bi pentru a-\u0219i prezenta lucr\u0103rile \u00een expozi\u021bia colectiv\u0103.<\/a><\/p>\n<p class=\"wp-block-paragraph\">Numele acestora sunt (\u00een ordine alfabetic\u0103):<\/p>\n<p class=\"wp-block-paragraph\"><strong>Alexandra BR\u00c2NZAC<\/strong>, <em>The Weight We Carry<\/em><\/p>\n<p class=\"wp-block-paragraph\"><strong>Maria-M\u0103d\u0103lina\u00a0 BR\u00ceNE\u021a<\/strong>, <em>Monument domestic<\/em><\/p>\n<p class=\"wp-block-paragraph\"><strong>\u0218tefan CRE\u021aU<\/strong>, <strong>\u00a0<\/strong><em>Polar Mountain Shrimp<\/em><\/p>\n<p class=\"wp-block-paragraph\"><strong>Vladimir FLORENTIN<\/strong>,\u00a0 <em>Blind Spot<\/em><\/p>\n<p class=\"wp-block-paragraph\"><strong>Mihai\u00a0 IEPURE-GORSKI<\/strong><em>, Pas\u0103re c\u0103zut\u0103<\/em><\/p>\n<p class=\"wp-block-paragraph\"><strong>Ana-Suzana IONESCU<\/strong>,<em>This will be my Time<\/em><\/p>\n<p class=\"wp-block-paragraph\"><strong>Zoltan KOVACS<\/strong>, <em>Darul ciobanului<\/em><\/p>\n<p class=\"wp-block-paragraph\"><strong>Ileana OANCEA<\/strong>, <em>Ora\u0219ul<\/em><\/p>\n<p class=\"wp-block-paragraph\"><strong>Mihai \u021aOPESCU<\/strong>, <em>Structuri emergente<\/em><\/p>\n<p class=\"wp-block-paragraph\">Decernarea Premiului Peter Jecza pentru SCULPTURA ANULUI \u0219i expunerea lucr\u0103rii c\u00e2\u0219tig\u0103toare \u00een spa\u021biul public se va face \u00een cadrul unui eveniment special, la care vor participa ca invita\u021bi sus\u021bin\u0103torii proiectului, organizatorii, membri ai juriului, arti\u0219ti, \u00een luna octombrie 2026. Paralel, se va prezenta \u00een spa\u021biul public \u0219i expozi\u021bia arti\u0219tilor nominaliza\u021bi \u00een selec\u021bie.<\/p>\n<p class=\"wp-block-paragraph\">Premiul Peter Jecza pentru SCULPTURA ANULUI este o ini\u021biativ\u0103 UniCredit Bank \u0219i Funda\u021bia JECZA, al\u0103turi de NEPI Rockcastle \u0219i Shopping City Timi\u0219oara, av\u00e2nd ca partener Prim\u0103ria Municipiului Timi\u0219oara.<\/p>\n<\/div>\n<footer>\n<div class=\"td-post-source-tags\">\n<ul class=\"td-tags td-post-small-box clearfix\">\n<li><span>ETICHETE<\/span><\/li>\n<li><a href=\"https:\/\/orasul-timisoara.ro\/local-tag\/premiul-peter-jecza\/\">premiul peter jecza<\/a><\/li>\n<li><a href=\"https:\/\/orasul-timisoara.ro\/local-tag\/public\/\">public<\/a><\/li>\n<li><a href=\"https:\/\/orasul-timisoara.ro\/local-tag\/sulptura-anului\/\">sulptura anului<\/a><\/li>\n<li><a href=\"https:\/\/orasul-timisoara.ro\/local-tag\/timisoara\/\">timisoara<\/a><\/li>\n<li><a href=\"https:\/\/orasul-timisoara.ro\/local-tag\/vot\/\">vot<\/a><\/li>\n<\/ul>\n<\/div>\n<div class=\"td-post-sharing-bottom\">\n<div class=\"td-post-sharing-classic\"><iframe title=\"bottomFacebookLike\" frameborder src=\"https:\/\/www.facebook.com\/plugins\/like.php?href=https:\/\/orasul-timisoara.ro\/local-40050\/&amp;layout=button_count&amp;show_faces=false&amp;width=105&amp;action=like&amp;colorscheme=light&amp;height=21\"><\/iframe><\/div>\n<div id=\"td_social_sharing_article_bottom\" class=\"td-post-sharing td-ps-bg td-ps-notext td-post-sharing-style1 \">\n<div class=\"td-post-sharing-visible\"><a class=\"td-social-sharing-button td-social-sharing-button-js td-social-network td-social-facebook\" href=\"https:\/\/www.facebook.com\/sharer.php?u=https%3A%2F%2Forasul-timisoara.ro%2Flocal-40050%2F\" title=\"Facebook\"><\/p>\n<div class=\"td-social-but-text\">Facebook<\/div>\n<p><\/a><a class=\"td-social-sharing-button td-social-sharing-button-js td-social-network td-social-twitter\" href=\"https:\/\/twitter.com\/intent\/tweet?text=Publicul+decide+cine+prime%C8%99te+Premiul+Peter+Jecza+pentru+SCULPTURA+ANULUI+%E2%80%93+edi%C8%9Bia+a+3-a&amp;url=https%3A%2F%2Forasul-timisoara.ro%2Flocal-40050%2F&amp;via=orasultm\" title=\"Twitter\"><\/p>\n<div class=\"td-social-but-text\">Twitter<\/div>\n<p><\/a><a class=\"td-social-sharing-button td-social-sharing-button-js td-social-network td-social-whatsapp\" href=\"https:\/\/api.whatsapp.com\/send?text=Publicul+decide+cine+prime%C8%99te+Premiul+Peter+Jecza+pentru+SCULPTURA+ANULUI+%E2%80%93+edi%C8%9Bia+a+3-a%20%0A%0A%20https:\/\/orasul-timisoara.ro\/local-40050\/\" title=\"WhatsApp\"><\/p>\n<div class=\"td-social-but-text\">WhatsApp<\/div>\n<p><\/a><a class=\"td-social-sharing-button td-social-sharing-button-js td-social-network td-social-linkedin\" href=\"https:\/\/www.linkedin.com\/shareArticle?mini=true&amp;url=https:\/\/orasul-timisoara.ro\/local-40050\/&amp;title=Publicul+decide+cine+prime%C8%99te+Premiul+Peter+Jecza+pentru+SCULPTURA+ANULUI+%E2%80%93+edi%C8%9Bia+a+3-a\" title=\"Linkedin\"><\/p>\n<div class=\"td-social-but-text\">Linkedin<\/div>\n<p><\/a><a class=\"td-social-sharing-button td-social-sharing-button-js td-social-network td-social-reddit\" href=\"https:\/\/reddit.com\/submit?url=https:\/\/orasul-timisoara.ro\/local-40050\/&amp;title=Publicul+decide+cine+prime%C8%99te+Premiul+Peter+Jecza+pentru+SCULPTURA+ANULUI+%E2%80%93+edi%C8%9Bia+a+3-a\" title=\"ReddIt\"><\/p>\n<div class=\"td-social-but-text\">ReddIt<\/div>\n<p><\/a><a class=\"td-social-sharing-button td-social-sharing-button-js td-social-network td-social-mail\" href=\"mailto:?subject=Publicul%20decide%20cine%20prime%C8%99te%20Premiul%20Peter%20Jecza%20pentru%20SCULPTURA%20ANULUI%20%E2%80%93%20edi%C8%9Bia%20a%203-a&amp;body=https:\/\/orasul-timisoara.ro\/local-40050\/\" title=\"Email\"><\/p>\n<div class=\"td-social-but-text\">Email<\/div>\n<p><\/a><a class=\"td-social-sharing-button td-social-sharing-button-js td-social-network td-social-print\" href=\"https:\/\/orasul-timisoara.ro\/local-40050\/\" title=\"Imprimare\"><\/p>\n<div class=\"td-social-but-text\">Imprimare<\/div>\n<p><\/a><\/div>\n<\/div>\n<\/div>\n<div class=\"td-block-row td-post-next-prev\">\n<div class=\"td-block-span6 td-post-prev-post\">\n<div class=\"td-post-next-prev-content\"><span>Articolul precedent<\/span><a href=\"https:\/\/orasul-timisoara.ro\/local-40046\/\">Timi\u0219oara opre\u0219te temporar iluminatul arhitectural pentru a economisi energie<\/a><\/div>\n<\/div>\n<div class=\"td-block-span6 td-post-next-post\">\n<div class=\"td-post-next-prev-content\"><span>Articolul urm\u0103tor<\/span><a href=\"https:\/\/orasul-timisoara.ro\/local-40053\/\">Timi\u0219orenii sunt invita\u021bi la un concert caritabil pentru renovarea Spitalului de Copii<\/a><\/div>\n<\/div>\n<\/div>\n<div class=\"td-author-name vcard author\"><span class=\"fn\"><a href=\"https:\/\/orasul-timisoara.ro\/author\/geta\/\">Georgiana Mihalache<\/a><\/span><\/div>\n<p><span class=\"td-page-meta\"><\/span><span class=\"td-page-meta\"><span class=\"td-page-meta\"><\/span><\/span><span class=\"td-page-meta\"><\/span><\/footer>\n<div class=\"td_block_wrap td_block_related_posts tdi_3 td_with_ajax_pagination td-pb-border-top td_block_template_8\" data-td-block-uid=\"tdi_3\">\n<h4 class=\"td-related-title td-block-title\"><a id=\"tdi_4\" class=\"td-related-left td-cur-simple-item\" data-td_filter_value data-td_block_id=\"tdi_3\" href=\"https:\/\/orasul-timisoara.ro\/local-40050\/\">ARTICOLE SIMILARE<\/a><a id=\"tdi_5\" class=\"td-related-right\" data-td_filter_value=\"td_related_more_from_author\" data-td_block_id=\"tdi_3\" href=\"https:\/\/orasul-timisoara.ro\/local-40050\/\">DE LA ACELA\u0218I AUTOR<\/a><\/h4>\n<div id=\"tdi_3\" class=\"td_block_inner\">\n<div class=\"td-related-row\">\n<div class=\"td-related-span4\">\n<div class=\"td_module_related_posts td-animation-stack td_mod_related_posts\">\n<div class=\"td-module-image\">\n<div class=\"td-module-thumb\"><a href=\"https:\/\/orasul-timisoara.ro\/local-39842\/\" rel=\"bookmark\" class=\"td-image-wrap \" title=\"Alfred Simonis: Prim\u0103ria Timi\u0219oara \u00eent\u00e2rzie r\u0103spunsul pentru parcarea de l\u00e2ng\u0103 Spitalul Jude\u021bean\"><img loading=\"lazy\" decoding=\"async\" class=\"entry-thumb\" src=\"https:\/\/orasul-timisoara.ro\/wp-content\/uploads\/2026\/07\/753231628_3510704022431789_1277640302881157203_n-436x300.jpg\" alt title=\"Alfred Simonis: Prim\u0103ria Timi\u0219oara \u00eent\u00e2rzie r\u0103spunsul pentru parcarea de l\u00e2ng\u0103 Spitalul Jude\u021bean\" width=\"218\" height=\"150\"><\/a><\/div>\n<\/div>\n<div class=\"item-details\">\n<h3 class=\"entry-title td-module-title\"><a href=\"https:\/\/orasul-timisoara.ro\/local-39842\/\" rel=\"bookmark\" title=\"Alfred Simonis: Prim\u0103ria Timi\u0219oara \u00eent\u00e2rzie r\u0103spunsul pentru parcarea de l\u00e2ng\u0103 Spitalul Jude\u021bean\">Alfred Simonis: Prim\u0103ria Timi\u0219oara \u00eent\u00e2rzie r\u0103spunsul pentru parcarea de l\u00e2ng\u0103 Spitalul Jude\u021bean<\/a><\/h3>\n<\/div>\n<\/div>\n<\/div>\n<div class=\"td-related-span4\">\n<div class=\"td_module_related_posts td-animation-stack td_mod_related_posts\">\n<div class=\"td-module-image\">\n<div class=\"td-module-thumb\"><a href=\"https:\/\/orasul-timisoara.ro\/local-39164\/\" rel=\"bookmark\" class=\"td-image-wrap \" title=\"Zeci de amenzi pentru fumat \u00een spa\u021bii interzise. Poli\u021bia Local\u0103 Timi\u0219oara intensific\u0103 verific\u0103rile\"><img loading=\"lazy\" decoding=\"async\" class=\"entry-thumb\" src=\"https:\/\/orasul-timisoara.ro\/wp-content\/uploads\/2026\/06\/fumat01-436x300.jpg\" alt title=\"Zeci de amenzi pentru fumat \u00een spa\u021bii interzise. Poli\u021bia Local\u0103 Timi\u0219oara intensific\u0103 verific\u0103rile\" width=\"218\" height=\"150\"><\/a><\/div>\n<\/div>\n<div class=\"item-details\">\n<h3 class=\"entry-title td-module-title\"><a href=\"https:\/\/orasul-timisoara.ro\/local-39164\/\" rel=\"bookmark\" title=\"Zeci de amenzi pentru fumat \u00een spa\u021bii interzise. Poli\u021bia Local\u0103 Timi\u0219oara intensific\u0103 verific\u0103rile\">Zeci de amenzi pentru fumat \u00een spa\u021bii interzise. Poli\u021bia Local\u0103 Timi\u0219oara intensific\u0103 verific\u0103rile<\/a><\/h3>\n<\/div>\n<\/div>\n<\/div>\n<div class=\"td-related-span4\">\n<div class=\"td_module_related_posts td-animation-stack td_mod_related_posts\">\n<div class=\"td-module-image\">\n<div class=\"td-module-thumb\"><a href=\"https:\/\/orasul-timisoara.ro\/local-38789\/\" rel=\"bookmark\" class=\"td-image-wrap \" title=\"Tura ciclist\u0103 \u201eBart\u00f3k\u201d Timi\u0219oara\u2013Szeged revine cu edi\u021bia a cincea \u0219i un traseu multicultural dedicat comunit\u0103\u021bii\"><img loading=\"lazy\" decoding=\"async\" class=\"entry-thumb\" src=\"https:\/\/orasul-timisoara.ro\/wp-content\/uploads\/2026\/05\/6-2-1-436x300.jpg\" alt title=\"Tura ciclist\u0103 \u201eBart\u00f3k\u201d Timi\u0219oara\u2013Szeged revine cu edi\u021bia a cincea \u0219i un traseu multicultural dedicat comunit\u0103\u021bii\" width=\"218\" height=\"150\"><\/a><\/div>\n<\/div>\n<div class=\"item-details\">\n<h3 class=\"entry-title td-module-title\"><a href=\"https:\/\/orasul-timisoara.ro\/local-38789\/\" rel=\"bookmark\" title=\"Tura ciclist\u0103 \u201eBart\u00f3k\u201d Timi\u0219oara\u2013Szeged revine cu edi\u021bia a cincea \u0219i un traseu multicultural dedicat comunit\u0103\u021bii\">Tura ciclist\u0103 \u201eBart\u00f3k\u201d Timi\u0219oara\u2013Szeged revine cu edi\u021bia a cincea \u0219i un traseu multicultural dedicat comunit\u0103\u021bii<\/a><\/h3>\n<\/div>\n<\/div>\n<\/div>\n<\/div>\n<\/div>\n<\/div>\n<div class=\"comments\" id=\"comments\">\n<div id=\"respond\" class=\"comment-respond\">\n<h3 id=\"reply-title\" class=\"comment-reply-title\">L\u0102SA\u021aI UN MESAJ<\/h3>\n<div class=\"comment-form-input-wrap td-form-comment\">\n<div class=\"td-warning-comment\">V\u0103 rug\u0103m s\u0103 introduce\u021bi comentariul dvs.!<\/div>\n<\/div>\n<div class=\"comment-form-input-wrap td-form-author\">\n<div class=\"td-warning-author\">Introduce\u021bi aici numele dvs.<\/div>\n<\/div>\n<div class=\"comment-form-input-wrap td-form-email\">\n<div class=\"td-warning-email-error\">A\u021bi introdus o adres\u0103 de e-mail incorect\u0103!<\/div>\n<div class=\"td-warning-email\">V\u0103 rug\u0103m s\u0103 introduce\u021bi adresa dvs. de e-mail aici<\/div>\n<\/div>\n<\/div>\n<p class=\"akismet_comment_form_privacy_notice\">Acest site folose\u0219te Akismet pentru a reduce spamul. <a href=\"https:\/\/akismet.com\/privacy\/\" target=\"_blank\" rel=\"nofollow noopener\">Afl\u0103 cum sunt procesate datele comentariilor tale<\/a>.<\/p>\n<\/div>\n<\/div>\n<\/div>\n<div class=\"td-pb-span4 td-main-sidebar\" role=\"complementary\">\n<div class=\"td-ss-main-sidebar\">\n<aside id=\"block-4\" class=\"td_block_template_8 widget block-4 widget_block widget_media_image\">\n<figure class=\"wp-block-image size-full\"><img loading=\"lazy\" decoding=\"async\" width=\"336\" height=\"280\" src=\"https:\/\/orasul-timisoara.ro\/wp-content\/uploads\/2024\/11\/ReTIM-Abonamentul-Verde-Google-Ads-336x280px.gif\" alt class=\"wp-image-29257\"><\/figure>\n<\/aside>\n<div class=\"td_block_wrap td_block_social_counter td_block_widget tdi_6 td-social-style5 td-social-boxed td-pb-border-top td_block_template_8\">\n<div class=\"td-block-title-wrap\">\n<h4 class=\"td-block-title\"><span>Urm\u0103re\u0219te-ne pe Social Media<\/span><\/h4>\n<\/div>\n<div class=\"td-social-list\">\n<div class=\"td_social_type td-pb-margin-side td_social_facebook\">\n<div class=\"td-social-box\"><span class=\"td_social_info td_social_info_counter\">344,595<\/span><span class=\"td_social_info td_social_info_name\">Fani<\/span><span class=\"td_social_button\"><a href=\"https:\/\/www.facebook.com\/247timisoara\" target=\"_blank\" rel=\"nofollow\">\u00cemi place<\/a><\/span><\/div>\n<\/div>\n<div class=\"td_social_type td-pb-margin-side td_social_instagram\">\n<div class=\"td-social-box\"><span class=\"td_social_info td_social_info_counter\">4,416<\/span><span class=\"td_social_info td_social_info_name\">Cititori<\/span><span class=\"td_social_button\"><a href=\"https:\/\/instagram.com\/orasultimisoararo\/\" target=\"_blank\" rel=\"nofollow\">Conecta\u021bi-v\u0103<\/a><\/span><\/div>\n<\/div>\n<div class=\"td_social_type td-pb-margin-side td_social_rss\">\n<div class=\"td-social-box\"><span class=\"td_social_info td_social_info_counter\">12,506<\/span><span class=\"td_social_info td_social_info_name\">Cititori<\/span><span class=\"td_social_button\"><a href=\"https:\/\/orasul-timisoara.ro\/feed\/\" target=\"_blank\" rel=\"nofollow\">Conecta\u021bi-v\u0103<\/a><\/span><\/div>\n<\/div>\n<div class=\"td_social_type td-pb-margin-side td_social_tiktok\">\n<div class=\"td-social-box\"><span class=\"td_social_info td_social_info_counter\">1,500<\/span><span class=\"td_social_info td_social_info_name\">Cititori<\/span><span class=\"td_social_button\"><a href=\"https:\/\/www.tiktok.com\/@orasultimisoara\" target=\"_blank\" rel=\"nofollow\">Conecta\u021bi-v\u0103<\/a><\/span><\/div>\n<\/div>\n<div class=\"td_social_type td-pb-margin-side td_social_twitter\">\n<div class=\"td-social-box\"><span class=\"td_social_info td_social_info_counter\">1,595<\/span><span class=\"td_social_info td_social_info_name\">Cititori<\/span><span class=\"td_social_button\"><a href=\"https:\/\/twitter.com\/orasultm\" target=\"_blank\" rel=\"nofollow\">Conecta\u021bi-v\u0103<\/a><\/span><\/div>\n<\/div>\n<div class=\"td_social_type td-pb-margin-side td_social_youtube\">\n<div class=\"td-social-box\"><span class=\"td_social_info td_social_info_counter\">3,506<\/span><span class=\"td_social_info td_social_info_name\">Abona\u021bi<\/span><span class=\"td_social_button\"><a href=\"https:\/\/www.youtube.com\/channel\/UCQNsQvs2XCSIm1Z-AHRturw?sub_confirmation=1\" target=\"_blank\" rel=\"nofollow\">Abona\u021bi-v\u0103<\/a><\/span><\/div>\n<\/div>\n<\/div>\n<\/div>\n<aside id=\"text-7\" class=\"td_block_template_8 widget text-7 widget_text\">\n<h4 class=\"td-block-title\"><span>C\u0103ut\u0103ri populare pe OTM<\/span><\/h4>\n<div class=\"textwidget\"><a href=\"https:\/\/orasul-timisoara.ro\/?s=timisoara\"><span>Timisoara<\/span><\/a><a href=\"https:\/\/orasul-timisoara.ro\/?s=calin+dobra\"><span>Calin Dobra<\/span><\/a><a href=\"https:\/\/orasul-timisoara.ro\/?s=primaria+timisoara\"><span>Primaria Timisoara<\/span><\/a><a href=\"https:\/\/orasul-timisoara.ro\/?s=dominic+fritz\"><span>Dominic Fritz<\/span><\/a><a href=\"https:\/\/orasul-timisoara.ro\/?s=nicolae+robu\"><span>Nicolae Robu<\/span><\/a><a href=\"https:\/\/orasul-timisoara.ro\/?s=consiliul+local+timisoara\">Consiliul Local Timisoara<\/a><a href=\"https:\/\/orasul-timisoara.ro\/?s=consiliul+judetean+timis\"><span>Consiliul Judetean Timis<\/span><\/a><a href=\"https:\/\/orasul-timisoara.ro\/?s=cjt\"><span>CJT<\/span><\/a><a href=\"https:\/\/orasul-timisoara.ro\/?s=Alfred+Simonis\"><span>Alfred Simonis<\/span><\/a><a href=\"https:\/\/orasul-timisoara.ro\/?s=PNL\"><span>PNL<\/span><\/a><a href=\"https:\/\/orasul-timisoara.ro\/?s=coronavirus\"><span>coronavirus<\/span><\/a><a href=\"https:\/\/orasul-timisoara.ro\/?s=teatru+timisoara\">teatru Timisoara<\/a><a href=\"https:\/\/orasul-timisoara.ro\/?s=restaurante\"><span>restaurante Timisoara<\/span><\/a><a href=\"https:\/\/orasul-timisoara.ro\/?s=diskoteka\"><span>Diskoteka<\/span><\/a><a href=\"https:\/\/orasul-timisoara.ro\/?s=iulius+town\"><span>Iulius Town<\/span><\/a><a href=\"https:\/\/orasul-timisoara.ro\/?s=iulius+mall\"><span>Iulius Mall<\/span><\/a><a href=\"https:\/\/orasul-timisoara.ro\/?s=stpt\"><span>STPT<\/span><\/a><a href=\"https:\/\/orasul-timisoara.ro\/?s=alin+nica\"><span>Alin Nica<\/span><\/a><a href=\"https:\/\/orasul-timisoara.ro\/?s=psd\"><span>PSD<\/span><\/a><a href=\"https:\/\/orasul-timisoara.ro\/?s=aeroport\"><span>Aeroportul International Timisoara<\/span><\/a><a href=\"https:\/\/orasul-timisoara.ro\/?s=babes\"><span>Spitalul Victor Babes Timisoara<\/span><\/a><a href=\"https:\/\/orasul-timisoara.ro\/?s=poli\"><span>Poli Timi\u0219oara<\/span><\/a><a href=\"https:\/\/orasul-timisoara.ro\/?s=carantina\"><span>carantina<\/span><\/a><a href=\"https:\/\/orasul-timisoara.ro\/?s=aquatim\"><span>Aquatim<\/span><\/a><a href=\"https:\/\/orasul-timisoara.ro\/local-category\/stiri-timisoara\/\"><span>Stiri Timisoara<\/span><\/a><a href=\"https:\/\/orasul-timisoara.ro\/local-category\/investitii-in-timisoara\/\"><span>Investi\u021bii in Timi\u0219oara<\/span><\/a><a href=\"https:\/\/orasul-timisoara.ro\/local-9463\/\"><span>shaorma<\/span><\/a><a href=\"https:\/\/orasul-timisoara.ro\/?s=trafic\"><span>trafic rutier<\/span><\/a><a href=\"https:\/\/orasul-timisoara.ro\/?s=politia\"><span>politia locala timisoara<\/span><\/a><a href=\"https:\/\/orasul-timisoara.ro\/?s=roxana\"><span>Roxana Iliescu<\/span><\/a><a href=\"https:\/\/orasul-timisoara.ro\/?s=colterm\"><span>Colterm<\/span><\/a><a href=\"https:\/\/orasul-timisoara.ro\/?s=latcau\"><span>Ruben La\u021bc\u0103u<\/span><\/a><a href=\"https:\/\/orasul-timisoara.ro\/?s=timis\"><span>\u0218tiri din Timi\u0219<\/span><\/a><a href=\"https:\/\/orasul-timisoara.ro\/?s=spital\"><span>Spitale din Timi\u0219oara<\/span><\/a><a href=\"https:\/\/orasul-timisoara.ro\/?s=tabara\"><span>Cosmin Tab\u0103r\u0103<\/span><\/a><\/div>\n<\/aside>\n<aside id=\"rss-2\" class=\"td_block_template_8 widget rss-2 widget_rss\">\n<h4 class=\"td-block-title\"><span><a class=\"rsswidget rss-widget-feed\" href=\"https:\/\/fashionfridays.ro\/feed\"><img decoding=\"async\" class=\"rss-widget-icon\" width=\"14\" height=\"14\" src=\"https:\/\/orasul-timisoara.ro\/wp-includes\/images\/rss.png\" alt=\"RSS\" loading=\"lazy\"><\/a><a class=\"rsswidget rss-widget-title\" href=\"https:\/\/fashionfridays.ro\/\">Fashion Fridays<\/a><\/span><\/h4>\n<ul>\n<li><a class=\"rsswidget\" href=\"https:\/\/fashionfridays.ro\/romania-devine-a-29-a-piata-vogue-o-noua-era-pentru-industria-locala-de-moda\/\">Rom\u00e2nia devine a 29-a pia\u021b\u0103 Vogue: o nou\u0103 er\u0103 pentru industria local\u0103 de mod\u0103<\/a>\n<div class=\"rssSummary\">Revista Vogue \u00ee\u0219i extinde prezen\u021ba global\u0103 \u0219i va fi lansat\u0103 oficial \u00een Rom\u00e2nia \u00een prim\u0103vara anului 2027, marc\u00e2nd intrarea pe cea de-a 29-a pia\u021b\u0103 interna\u021bional\u0103. Proiectul este realizat \u00een parteneriat cu AEMME Publishing, o companie media recent \u00eenfiin\u021bat\u0103, care va publica edi\u021bia local\u0103 sub licen\u021b\u0103. Noua edi\u021bie, Vogue Rom\u00e2nia, \u00ee\u0219i propune s\u0103 combine autoritatea global\u0103 [\u2026]<\/div>\n<\/li>\n<\/ul>\n<\/aside>\n<aside id=\"rss-4\" class=\"td_block_template_8 widget rss-4 widget_rss\">\n<h4 class=\"td-block-title\"><span><a class=\"rsswidget rss-widget-feed\" href=\"https:\/\/emasini.ro\/feed\"><img decoding=\"async\" class=\"rss-widget-icon\" width=\"14\" height=\"14\" src=\"https:\/\/orasul-timisoara.ro\/wp-includes\/images\/rss.png\" alt=\"RSS\" loading=\"lazy\"><\/a><a class=\"rsswidget rss-widget-title\" href=\"https:\/\/emasini.ro\/\">eMasini<\/a><\/span><\/h4>\n<ul>\n<li><a class=\"rsswidget\" href=\"https:\/\/emasini.ro\/bmw-testeaza-noul-i4-convertible-primul-cabrio-electric-accesibil-al-marcii\/\">BMW testeaz\u0103 noul i4 Convertible, primul cabrio electric accesibil al m\u0103rcii<\/a>\n<div class=\"rssSummary\">BMW accelereaz\u0103 dezvoltarea noii genera\u021bii de modele electrice bazate pe platforma Neue Klasse, iar unul dintre cele mai interesante proiecte aflate \u00een teste este viitorul BMW i4 Convertible. Prototipul camuflat a fost surprins pe \u0219osele, confirm\u00e2nd c\u0103 produc\u0103torul german preg\u0103te\u0219te o decapotabil\u0103 electric\u0103 destinat\u0103 unui segment \u00een care oferta este, \u00een prezent, extrem de limitat\u0103. [\u2026]<\/div>\n<\/li>\n<\/ul>\n<\/aside>\n<\/div>\n<\/div>\n<\/div>\n<\/div>\n<\/article>\n<div class=\"td-post-content tagdiv-type\">\n<p class=\"wp-block-paragraph\">Fiecare ora\u0219 \u00ee\u0219i spune povestea, iar printre ele exist\u0103 ora\u0219e care aleg s\u0103 vorbeasc\u0103 prin art\u0103. La Timi\u0219oara, SCULPTURA nu este doar un obiect a\u0219ezat \u00eentr-o pia\u021b\u0103 sau \u00eentr-un parc, ci o form\u0103 de dialog \u00eentre artist \u0219i comunitate, \u00eentre piatr\u0103, metal sau lemn \u0219i privirea trec\u0103torului. Fiecare lucrare schimb\u0103 un spa\u021biu, \u00eei d\u0103 identitate \u0219i invit\u0103 la reflec\u021bie, chiar \u0219i pentru c\u00e2teva secunde.<\/p>\n<p class=\"wp-block-paragraph\">\u00cen aceast\u0103 idee, una dintre cele mai importante ini\u021biative dedicate sculpturii contemporane din Rom\u00e2nia revine cu o nou\u0103 edi\u021bie. Ajuns la edi\u021bia a 3-a, Premiul Peter Jecza pentru SCULPTURA ANULUI, creat \u00een memoria unuia dintre cei mai importan\u021bi sculptori rom\u00e2ni contemporani, propune \u00een 2026 o formul\u0103 aparte: dup\u0103 selec\u021bia realizat\u0103 de un juriu de specialitate, decizia final\u0103 nu va apar\u021bine criticilor sau curatorilor, ci publicului. Astfel, locuitorii Timi\u0219oarei sunt invita\u021bi s\u0103 aleag\u0103 lucrarea care va deveni parte din spa\u021biul public al ora\u0219ului, transform\u00e2nd votul \u00eentr-un gest de participare la construirea identit\u0103\u021bii culturale a comunit\u0103\u021bii.<\/p>\n<p class=\"wp-block-paragraph\">Premiul poart\u0103 numele sculptorului Peter Jecza, membru fondator al Funda\u021biei Triade, ca omagiu adus contribu\u021biei sale semnificative la sculptura rom\u00e2neasc\u0103 contemporan\u0103.<\/p>\n<p class=\"wp-block-paragraph\">Num\u0103rul mare de aplica\u021bii \u2013 55 de arti\u0219ti care au prezentat propuneri de lucr\u0103ri \u2013 este o dovad\u0103 de net\u0103g\u0103duit a ata\u0219amentului major al arti\u0219tilor fa\u021b\u0103 de sculptur\u0103.<\/p>\n<p class=\"wp-block-paragraph\">Selec\u021bia lucr\u0103rilor apar\u021bine\u00a0 juriului format din voci consacrate din domeniul sculpturii \u0219i al artelor vizuale: Celia Ghyka \u2013 arhitect, Andrei Petru Jecza \u2013 director executiv al Funda\u021biei Triade, Ana-Maria Mih\u0103escu \u2013 pre\u0219edinta Asocia\u021biei Castel Salbek, Aurelia Mocanu \u2013 critic de art\u0103, Ciprian Mure\u0219an \u2013 artist vizual, Alex Radu \u2013 manager cultural, fondator RAD Sculpture Park, Maria Rus-Bojan, critic de art\u0103, curator.<\/p>\n<p class=\"wp-block-paragraph\">Criteriile abordate de c\u0103tre juriu s-au referit la natura conving\u0103toare a proiectului propus, la claritatea inten\u021biilor, a abord\u0103rilor unice \u0219i contextului public (gradul de securitate, rela\u021bia morfologic\u0103 cu spa\u021biul public, materialitatea obiectului).<\/p>\n<p class=\"wp-block-paragraph\">Dup\u0103 experien\u021ba anilor anteriori, proiectul va p\u0103stra expozi\u021bia arti\u0219tilor nominaliza\u021bi, cu un num\u0103r de alte 12 lucr\u0103ri ce vor fi amplasarea \u00een spa\u021biu public, \u00een fa\u021ba Shopping City Timi\u0219oara, Calea \u0218agului nr. 100.<\/p>\n<p class=\"wp-block-paragraph\">Lucrarea c\u00e2\u0219tig\u0103toare a <strong>Premiului Peter Jecza pentru SCULPTURA ANULUI<\/strong> va fi aleas\u0103, \u00eens\u0103, \u00een mod diferit, prin implicarea publicului din Timi\u0219oara \u00een decizia final\u0103. Procedura propus\u0103 este ca, dup\u0103 selectarea de c\u0103tre juriul de specialitate a primilor clasa\u021bi, lucrarea c\u00e2\u0219tig\u0103toare s\u0103 se aleag\u0103 printr-o campanie de publicitate numit\u0103 \u201ePUBLICUL DECIDE\u201d, prin care publicul s\u0103 aib\u0103 acces la imaginile lucr\u0103rilor \u0219i s\u0103 aleag\u0103 lucrarea de art\u0103 pe care dore\u0219te s\u0103 devin\u0103 parte din spa\u021biul public al ora\u0219ului. Votarea se va putea face \u00een urma scan\u0103rii qr code-ului vizibil \u00een campania de promovare, care dirijeaz\u0103 spre pa\u0219ii de urmat.<\/p>\n<p class=\"wp-block-paragraph\">Lucr\u0103rile participante \u00een votul final sunt (\u00een ordinea alfabetic\u0103 a numelor arti\u0219tilor):<\/p>\n<p class=\"wp-block-paragraph\"><strong>\u0218erban\u00a0 IONESCU<\/strong>, <em>Turn\u0103torie<\/em><\/p>\n<p class=\"wp-block-paragraph\"><strong>Bogdan RA\u021aA + Dan VI\u0218OVAN<\/strong>, <em>Sculpturi t\u0103iate<\/em><\/p>\n<p class=\"wp-block-paragraph\"><strong>Virgil SCRIPCARIU<\/strong>, <em>Refugiu<\/em><\/p>\n<p class=\"wp-block-paragraph\"><strong>Larisa\u00a0 SITAR<\/strong>, <em>Figuri \u0219ez\u00e2nd<\/em><\/p>\n<p class=\"wp-block-paragraph\">Campania \u00eencepe s\u0103pt\u0103m\u00e2na aceasta, iar votarea se va desf\u0103\u0219ura\u00a0 \u00eentre 8 august \u0219i 3 septembrie, ora 23:59 (4 s\u0103pt\u0103m\u00e2ni). Anun\u021barea rezultatului final se va prezenta \u00eentr-un live stream pe Facebook, \u00een data de 4 septembrie, ora 11:00.<\/p>\n<p class=\"wp-block-paragraph\"><a>Dintre cele 4 lucr\u0103ri supuse votului final, una va deveni c\u00e2\u0219tig\u0103toarea Premiului Peter Jecza pentru SCULPTURA ANULUI, celelalte 3 al\u0103tur\u00e2ndu-se crea\u021biilor arti\u0219tilor nominaliza\u021bi pentru a-\u0219i prezenta lucr\u0103rile \u00een expozi\u021bia colectiv\u0103.<\/a><\/p>\n<p class=\"wp-block-paragraph\">Numele acestora sunt (\u00een ordine alfabetic\u0103):<\/p>\n<p class=\"wp-block-paragraph\"><strong>Alexandra BR\u00c2NZAC<\/strong>, <em>The Weight We Carry<\/em><\/p>\n<p class=\"wp-block-paragraph\"><strong>Maria-M\u0103d\u0103lina\u00a0 BR\u00ceNE\u021a<\/strong>, <em>Monument domestic<\/em><\/p>\n<p class=\"wp-block-paragraph\"><strong>\u0218tefan CRE\u021aU<\/strong>, <strong>\u00a0<\/strong><em>Polar Mountain Shrimp<\/em><\/p>\n<p class=\"wp-block-paragraph\"><strong>Vladimir FLORENTIN<\/strong>,\u00a0 <em>Blind Spot<\/em><\/p>\n<p class=\"wp-block-paragraph\"><strong>Mihai\u00a0 IEPURE-GORSKI<\/strong><em>, Pas\u0103re c\u0103zut\u0103<\/em><\/p>\n<p class=\"wp-block-paragraph\"><strong>Ana-Suzana IONESCU<\/strong>,<em>This will be my Time<\/em><\/p>\n<p class=\"wp-block-paragraph\"><strong>Zoltan KOVACS<\/strong>, <em>Darul ciobanului<\/em><\/p>\n<p class=\"wp-block-paragraph\"><strong>Ileana OANCEA<\/strong>, <em>Ora\u0219ul<\/em><\/p>\n<p class=\"wp-block-paragraph\"><strong>Mihai \u021aOPESCU<\/strong>, <em>Structuri emergente<\/em><\/p>\n<p class=\"wp-block-paragraph\">Decernarea Premiului Peter Jecza pentru SCULPTURA ANULUI \u0219i expunerea lucr\u0103rii c\u00e2\u0219tig\u0103toare \u00een spa\u021biul public se va face \u00een cadrul unui eveniment special, la care vor participa ca invita\u021bi sus\u021bin\u0103torii proiectului, organizatorii, membri ai juriului, arti\u0219ti, \u00een luna octombrie 2026. Paralel, se va prezenta \u00een spa\u021biul public \u0219i expozi\u021bia arti\u0219tilor nominaliza\u021bi \u00een selec\u021bie.<\/p>\n<p class=\"wp-block-paragraph\">Premiul Peter Jecza pentru SCULPTURA ANULUI este o ini\u021biativ\u0103 UniCredit Bank \u0219i Funda\u021bia JECZA, al\u0103turi de NEPI Rockcastle \u0219i Shopping City Timi\u0219oara, av\u00e2nd ca partener Prim\u0103ria Municipiului Timi\u0219oara.<\/p>\n<\/div>\n<p>[analyse_source url=&#8221;https:\/\/orasul-timisoara.ro\/local-40050\/&#8221;]<\/p>\n","protected":false},"excerpt":{"rendered":"<p>[analyse_image type=&#8221;featured&#8221; src=&#8221;https:\/\/orasul-timisoara.ro\/wp-content\/uploads\/2026\/08\/sculptura-anului-11.jpeg&#8221;] Evenimente in TimisoaraPublicul decide cine prime\u0219te Premiul Peter Jecza pentru SCULPTURA ANULUI \u2013 edi\u021bia&#8230; Evenimente in Timisoara \u0218tiri Locale Publicul decide cine prime\u0219te Premiul Peter Jecza pentru SCULPTURA ANULUI \u2013 edi\u021bia a 3-a De c\u0103tre Georgiana Mihalache &#8211; 05\/08\/2026 Facebook Twitter WhatsApp Linkedin ReddIt Email Imprimare Fiecare ora\u0219 \u00ee\u0219i spune povestea, iar [&hellip;]<\/p>\n","protected":false},"author":1,"featured_media":0,"comment_status":"open","ping_status":"","sticky":false,"template":"","format":"standard","meta":{"footnotes":""},"categories":[89],"tags":[226,189],"class_list":["post-2081800","post","type-post","status-publish","format-standard","hentry","category-romania","tag-crawlmanager","tag-orasul-timisoara-ro"],"_links":{"self":[{"href":"https:\/\/analyse.optim.biz\/index.php?rest_route=\/wp\/v2\/posts\/2081800","targetHints":{"allow":["GET"]}}],"collection":[{"href":"https:\/\/analyse.optim.biz\/index.php?rest_route=\/wp\/v2\/posts"}],"about":[{"href":"https:\/\/analyse.optim.biz\/index.php?rest_route=\/wp\/v2\/types\/post"}],"author":[{"embeddable":true,"href":"https:\/\/analyse.optim.biz\/index.php?rest_route=\/wp\/v2\/users\/1"}],"replies":[{"embeddable":true,"href":"https:\/\/analyse.optim.biz\/index.php?rest_route=%2Fwp%2Fv2%2Fcomments&post=2081800"}],"version-history":[{"count":0,"href":"https:\/\/analyse.optim.biz\/index.php?rest_route=\/wp\/v2\/posts\/2081800\/revisions"}],"wp:attachment":[{"href":"https:\/\/analyse.optim.biz\/index.php?rest_route=%2Fwp%2Fv2%2Fmedia&parent=2081800"}],"wp:term":[{"taxonomy":"category","embeddable":true,"href":"https:\/\/analyse.optim.biz\/index.php?rest_route=%2Fwp%2Fv2%2Fcategories&post=2081800"},{"taxonomy":"post_tag","embeddable":true,"href":"https:\/\/analyse.optim.biz\/index.php?rest_route=%2Fwp%2Fv2%2Ftags&post=2081800"}],"curies":[{"name":"wp","href":"https:\/\/api.w.org\/{rel}","templated":true}]}}