{"id":2081798,"date":"2026-08-05T01:34:37","date_gmt":"2026-08-04T22:34:37","guid":{"rendered":"https:\/\/analyse.optim.biz\/?p=2081798"},"modified":"2026-08-05T01:34:37","modified_gmt":"2026-08-04T22:34:37","slug":"politehnica-timisoara-debuteaza-cu-victorie-in-liga-a-ii-a-1-0-cu-chindia","status":"publish","type":"post","link":"https:\/\/analyse.optim.biz\/?p=2081798","title":{"rendered":"Politehnica Timi\u0219oara debuteaz\u0103 cu victorie \u00een Liga a II-a: 1-0 cu Chindia"},"content":{"rendered":"<p>[analyse_image type=&#8221;featured&#8221; src=&#8221;https:\/\/orasul-timisoara.ro\/wp-content\/uploads\/2026\/08\/politehnica-timisoara-003.jpg&#8221;]<\/p>\n<article id=\"post-40042\" class=\"td-post-template-7 post-40042 post type-post status-publish format-standard has-post-thumbnail category-featured category-sport-local category-stiri-timisoara tag-alb-violetii tag-chindia-targoviste tag-dan-alexa tag-etapa-1 tag-fotbal tag-huszti tag-liga-a-ii-a tag-politehnica-timisoara-2 tag-sport-timis-2 tag-stadionul-electrica tag-suporteri-poli tag-timisoara-2 td-container-wrap\">\n<div class=\"td-full-screen-header-image-wrap\">\n<div class=\"td-container td-post-header\">\n<div class=\"td-crumb-container\">\n<div class=\"entry-crumbs\"><span><a title=\"Vede\u021bi toate articolele \u00een Sport Local\" class=\"entry-crumb\" href=\"https:\/\/orasul-timisoara.ro\/local-category\/sport-local\/\">Sport Local<\/a><\/span><span class=\"td-bred-no-url-last\">Politehnica Timi\u0219oara debuteaz\u0103 cu victorie \u00een Liga a II-a: 1-0 cu Chindia<\/span><\/div>\n<\/div>\n<div class=\"td-post-header-holder\">\n<div class=\"td-parallax-header\">\n<header class=\"td-post-title\">\n<ul class=\"td-category\">\n<li class=\"entry-category\"><a href=\"https:\/\/orasul-timisoara.ro\/local-category\/sport-local\/\">Sport Local<\/a><\/li>\n<li class=\"entry-category\"><a href=\"https:\/\/orasul-timisoara.ro\/local-category\/stiri-timisoara\/\">\u0218tiri Locale<\/a><\/li>\n<\/ul>\n<h1 class=\"entry-title\">Politehnica Timi\u0219oara debuteaz\u0103 cu victorie \u00een Liga a II-a: 1-0 cu Chindia<\/h1>\n<div class=\"td-module-meta-info\">\n<div class=\"td-post-author-name\">\n<div class=\"td-author-by\">De c\u0103tre<\/div>\n<p><a href=\"https:\/\/orasul-timisoara.ro\/author\/timisoara\/\">redactia<\/a><\/p>\n<div class=\"td-author-line\"> &#8211; <\/div>\n<\/div>\n<p><span class=\"td-post-date\"><time class=\"entry-date updated td-module-date\" datetime=\"2026-08-05T04:34:37+03:00\">05\/08\/2026<\/time><\/span><\/div>\n<\/header>\n<\/div>\n<\/div>\n<\/div>\n<div id=\"td-full-screen-header-image\" class=\"td-image-gradient-style7\"><img decoding=\"async\" class=\"td-backstretch\" src=\"https:\/\/orasul-timisoara.ro\/wp-content\/uploads\/2026\/08\/politehnica-timisoara-003.jpg\"><\/div>\n<\/div>\n<div class=\"td-container\">\n<div class=\"td-pb-row\">\n<div class=\"td-pb-span8 td-main-content\" role=\"main\">\n<div class=\"td-ss-main-content\">\n<div class=\"td-post-sharing-top\">\n<div class=\"td-post-sharing-classic\"><iframe title=\"topFacebookLike\" frameborder src=\"https:\/\/www.facebook.com\/plugins\/like.php?href=https:\/\/orasul-timisoara.ro\/local-40042\/&amp;layout=button_count&amp;show_faces=false&amp;width=105&amp;action=like&amp;colorscheme=light&amp;height=21\"><\/iframe><\/div>\n<div id=\"td_social_sharing_article_top\" class=\"td-post-sharing td-ps-bg td-ps-notext td-post-sharing-style1 \">\n<div class=\"td-post-sharing-visible\"><a class=\"td-social-sharing-button td-social-sharing-button-js td-social-network td-social-facebook\" href=\"https:\/\/www.facebook.com\/sharer.php?u=https%3A%2F%2Forasul-timisoara.ro%2Flocal-40042%2F\" title=\"Facebook\"><\/p>\n<div class=\"td-social-but-text\">Facebook<\/div>\n<p><\/a><a class=\"td-social-sharing-button td-social-sharing-button-js td-social-network td-social-twitter\" href=\"https:\/\/twitter.com\/intent\/tweet?text=Politehnica+Timi%C8%99oara+debuteaz%C4%83+cu+victorie+%C3%AEn+Liga+a+II-a%3A+1-0+cu+Chindia&amp;url=https%3A%2F%2Forasul-timisoara.ro%2Flocal-40042%2F&amp;via=orasultm\" title=\"Twitter\"><\/p>\n<div class=\"td-social-but-text\">Twitter<\/div>\n<p><\/a><a class=\"td-social-sharing-button td-social-sharing-button-js td-social-network td-social-whatsapp\" href=\"https:\/\/api.whatsapp.com\/send?text=Politehnica+Timi%C8%99oara+debuteaz%C4%83+cu+victorie+%C3%AEn+Liga+a+II-a%3A+1-0+cu+Chindia%20%0A%0A%20https:\/\/orasul-timisoara.ro\/local-40042\/\" title=\"WhatsApp\"><\/p>\n<div class=\"td-social-but-text\">WhatsApp<\/div>\n<p><\/a><a class=\"td-social-sharing-button td-social-sharing-button-js td-social-network td-social-linkedin\" href=\"https:\/\/www.linkedin.com\/shareArticle?mini=true&amp;url=https:\/\/orasul-timisoara.ro\/local-40042\/&amp;title=Politehnica+Timi%C8%99oara+debuteaz%C4%83+cu+victorie+%C3%AEn+Liga+a+II-a%3A+1-0+cu+Chindia\" title=\"Linkedin\"><\/p>\n<div class=\"td-social-but-text\">Linkedin<\/div>\n<p><\/a><a class=\"td-social-sharing-button td-social-sharing-button-js td-social-network td-social-reddit\" href=\"https:\/\/reddit.com\/submit?url=https:\/\/orasul-timisoara.ro\/local-40042\/&amp;title=Politehnica+Timi%C8%99oara+debuteaz%C4%83+cu+victorie+%C3%AEn+Liga+a+II-a%3A+1-0+cu+Chindia\" title=\"ReddIt\"><\/p>\n<div class=\"td-social-but-text\">ReddIt<\/div>\n<p><\/a><a class=\"td-social-sharing-button td-social-sharing-button-js td-social-network td-social-mail\" href=\"mailto:?subject=Politehnica%20Timi%C8%99oara%20debuteaz%C4%83%20cu%20victorie%20%C3%AEn%20Liga%20a%20II-a:%201-0%20cu%20Chindia&amp;body=https:\/\/orasul-timisoara.ro\/local-40042\/\" title=\"Email\"><\/p>\n<div class=\"td-social-but-text\">Email<\/div>\n<p><\/a><a class=\"td-social-sharing-button td-social-sharing-button-js td-social-network td-social-print\" href=\"https:\/\/orasul-timisoara.ro\/local-40042\/\" title=\"Imprimare\"><\/p>\n<div class=\"td-social-but-text\">Imprimare<\/div>\n<p><\/a><\/div>\n<\/div>\n<\/div>\n<div class=\"td-post-content tagdiv-type\">\n<p class=\"wp-block-paragraph\">Politehnica Timi\u0219oara a debutat cu dreptul \u00een noul sezon al Ligii a II-a, dup\u0103 victoria cu 1-0 \u00een fa\u021ba forma\u021biei Chindia T\u00e2rgovi\u0219te. Partida disputat\u0103 pe stadionul Electrica a adus primele trei puncte pentru echipa preg\u0103tit\u0103 de Dan Alexa, \u00eentr-o atmosfer\u0103 de s\u0103rb\u0103toare creat\u0103 de miile de suporteri alb-viole\u021bi.<\/p>\n<p class=\"wp-block-paragraph\">\u00cen ciuda temperaturilor extreme \u0219i a Codului Ro\u0219u de canicul\u0103, stadionul a fost plin. Fanii au ocupat inclusiv tribunele mobile montate recent pentru a suplimenta capacitatea arenei Electrica, demonstr\u00e2nd \u00eenc\u0103 o dat\u0103 ata\u0219amentul fa\u021b\u0103 de Politehnica Timi\u0219oara.<\/p>\n<h2 class=\"wp-block-heading\">Huszti a decis partida cu un gol spectaculos<\/h2>\n<p class=\"wp-block-paragraph\">Unicul gol al \u00eent\u00e2lnirii a fost \u00eenscris \u00een minutul 29 de funda\u0219ul central Huszti, unul dintre transferurile realizate \u00een aceast\u0103 var\u0103.<\/p>\n<p class=\"wp-block-paragraph\">Acesta a trimis un \u0219ut puternic de la aproximativ 28 de metri, direct \u00een vinclul por\u021bii ap\u0103rate de Chindia T\u00e2rgovi\u0219te, f\u0103r\u0103 nicio \u0219ans\u0103 pentru portar.<\/p>\n<p class=\"wp-block-paragraph\">P\u00e2n\u0103 la pauz\u0103, acela\u0219i Huszti a fost aproape de dubl\u0103, \u00eens\u0103 reluarea sa cu capul, \u00een urma unui corner, a trecut pu\u021bin peste transversal\u0103.<\/p>\n<h2 class=\"wp-block-heading\">Poli a controlat \u00eenceputul meciului<\/h2>\n<p class=\"wp-block-paragraph\">Alb-viole\u021bii au intrat hot\u0103r\u00e2\u021bi pe teren \u0219i \u0219i-au creat prima ocazie \u00eenc\u0103 din minutul 2, c\u00e2nd Dr\u0103ghici a reluat cu capul o centrare venit\u0103 din partea st\u00e2ng\u0103, \u00eens\u0103 portarul oaspe\u021bilor a re\u021binut f\u0103r\u0103 emo\u021bii.<\/p>\n<p class=\"wp-block-paragraph\">Chindia a r\u0103spuns \u00een minutul 21 prin Briceag, al c\u0103rui \u0219ut de la distan\u021b\u0103 a fost respins de portarul Micu.<\/p>\n<p class=\"wp-block-paragraph\">Golul marcat de Huszti a \u00eenclinat definitiv balan\u021ba \u00een favoarea gazdelor, care au intrat \u00een avantaj la cabine.<\/p>\n<h2 class=\"wp-block-heading\">Chindia a presat pe final, dar Poli a rezistat<\/h2>\n<p class=\"wp-block-paragraph\">\u00cen repriza secund\u0103, Politehnica \u0219i-a creat mai multe situa\u021bii periculoase, beneficiind \u0219i de numeroase lovituri de col\u021b.<\/p>\n<p class=\"wp-block-paragraph\">Pe m\u0103sur\u0103 ce timpul trecea, Chindia a \u00eencercat s\u0103 for\u021beze egalarea, \u00eens\u0103 defensiva timi\u0219orean\u0103 a rezistat p\u00e2n\u0103 la final.<\/p>\n<p class=\"wp-block-paragraph\">Cea mai mare ocazie a oaspe\u021bilor a venit \u00een minutul 90+6, c\u00e2nd B. Petre a reluat din apropierea por\u021bii, \u00eens\u0103 mingea a trecut pu\u021bin peste transversal\u0103.<\/p>\n<p class=\"wp-block-paragraph\">Dup\u0103 c\u00e2teva momente tensionate \u0219i mai multe cartona\u0219e galbene acordate \u00een prelungiri, arbitrul a fluierat finalul partidei, iar Politehnica s-a impus cu 1-0.<\/p>\n<h2 class=\"wp-block-heading\">Dan Alexa a mizat pe \u0219ase dintre noile transferuri<\/h2>\n<p class=\"wp-block-paragraph\">Antrenorul Dan Alexa a trimis \u00een teren o formul\u0103 \u00een care s-au reg\u0103sit \u0219ase dintre juc\u0103torii transfera\u021bi \u00een perioada de mercato.<\/p>\n<p class=\"wp-block-paragraph\">Formula de start a Politehnicii Timi\u0219oara a fost: Micu \u2013 Huszti, P. Paul, C. Toma (51, C. Ene) \u2013 R. Benzar, Dr\u0103ghici, Artean (c\u0103pitan), Ov. Popescu (88, D. Popa), Burlacu-Luca \u2013 Doan\u0103 (86, E. Adam), Chi\u021bu.<\/p>\n<p class=\"wp-block-paragraph\">Pe banca de rezerve s-au aflat Ungureanu, Vlaicu, G\u00e2rlon\u021ba, \u0218tefanovici, Vasluian \u0219i Sp\u0103taru.<\/p>\n<h2 class=\"wp-block-heading\">Start perfect pentru alb-viole\u021bi \u00een noul sezon<\/h2>\n<p class=\"wp-block-paragraph\">Victoria cu Chindia T\u00e2rgovi\u0219te le aduce timi\u0219orenilor primele trei puncte din noua edi\u021bie a Ligii a II-a \u0219i confirm\u0103 entuziasmul creat \u00een jurul echipei dup\u0103 promovare.<\/p>\n<p class=\"wp-block-paragraph\">Atmosfera din tribune, stadionul plin \u0219i debutul cu succes reprezint\u0103 un \u00eenceput promi\u021b\u0103tor pentru forma\u021bia preg\u0103tit\u0103 de Dan Alexa, care \u00ee\u0219i propune un sezon c\u00e2t mai solid \u00een e\u0219alonul secund.<\/p>\n<p class=\"wp-block-paragraph\">Credit foto : sspolitehnica.ro<\/p>\n<\/div>\n<footer>\n<div class=\"td-post-source-tags\">\n<ul class=\"td-tags td-post-small-box clearfix\">\n<li><span>ETICHETE<\/span><\/li>\n<li><a href=\"https:\/\/orasul-timisoara.ro\/local-tag\/alb-violetii\/\">alb-viole\u021bii<\/a><\/li>\n<li><a href=\"https:\/\/orasul-timisoara.ro\/local-tag\/chindia-targoviste\/\">Chindia T\u00e2rgovi\u0219te<\/a><\/li>\n<li><a href=\"https:\/\/orasul-timisoara.ro\/local-tag\/dan-alexa\/\">dan alexa<\/a><\/li>\n<li><a href=\"https:\/\/orasul-timisoara.ro\/local-tag\/etapa-1\/\">etapa 1<\/a><\/li>\n<li><a href=\"https:\/\/orasul-timisoara.ro\/local-tag\/fotbal\/\">fotbal<\/a><\/li>\n<li><a href=\"https:\/\/orasul-timisoara.ro\/local-tag\/huszti\/\">Huszti<\/a><\/li>\n<li><a href=\"https:\/\/orasul-timisoara.ro\/local-tag\/liga-a-ii-a\/\">Liga a II-a<\/a><\/li>\n<li><a href=\"https:\/\/orasul-timisoara.ro\/local-tag\/politehnica-timisoara-2\/\">Politehnica Timi\u0219oara<\/a><\/li>\n<li><a href=\"https:\/\/orasul-timisoara.ro\/local-tag\/sport-timis-2\/\">sport Timi\u0219<\/a><\/li>\n<li><a href=\"https:\/\/orasul-timisoara.ro\/local-tag\/stadionul-electrica\/\">Stadionul Electrica<\/a><\/li>\n<li><a href=\"https:\/\/orasul-timisoara.ro\/local-tag\/suporteri-poli\/\">suporteri Poli<\/a><\/li>\n<li><a href=\"https:\/\/orasul-timisoara.ro\/local-tag\/timisoara-2\/\">timi\u0219oara<\/a><\/li>\n<\/ul>\n<\/div>\n<div class=\"td-post-sharing-bottom\">\n<div class=\"td-post-sharing-classic\"><iframe title=\"bottomFacebookLike\" frameborder src=\"https:\/\/www.facebook.com\/plugins\/like.php?href=https:\/\/orasul-timisoara.ro\/local-40042\/&amp;layout=button_count&amp;show_faces=false&amp;width=105&amp;action=like&amp;colorscheme=light&amp;height=21\"><\/iframe><\/div>\n<div id=\"td_social_sharing_article_bottom\" class=\"td-post-sharing td-ps-bg td-ps-notext td-post-sharing-style1 \">\n<div class=\"td-post-sharing-visible\"><a class=\"td-social-sharing-button td-social-sharing-button-js td-social-network td-social-facebook\" href=\"https:\/\/www.facebook.com\/sharer.php?u=https%3A%2F%2Forasul-timisoara.ro%2Flocal-40042%2F\" title=\"Facebook\"><\/p>\n<div class=\"td-social-but-text\">Facebook<\/div>\n<p><\/a><a class=\"td-social-sharing-button td-social-sharing-button-js td-social-network td-social-twitter\" href=\"https:\/\/twitter.com\/intent\/tweet?text=Politehnica+Timi%C8%99oara+debuteaz%C4%83+cu+victorie+%C3%AEn+Liga+a+II-a%3A+1-0+cu+Chindia&amp;url=https%3A%2F%2Forasul-timisoara.ro%2Flocal-40042%2F&amp;via=orasultm\" title=\"Twitter\"><\/p>\n<div class=\"td-social-but-text\">Twitter<\/div>\n<p><\/a><a class=\"td-social-sharing-button td-social-sharing-button-js td-social-network td-social-whatsapp\" href=\"https:\/\/api.whatsapp.com\/send?text=Politehnica+Timi%C8%99oara+debuteaz%C4%83+cu+victorie+%C3%AEn+Liga+a+II-a%3A+1-0+cu+Chindia%20%0A%0A%20https:\/\/orasul-timisoara.ro\/local-40042\/\" title=\"WhatsApp\"><\/p>\n<div class=\"td-social-but-text\">WhatsApp<\/div>\n<p><\/a><a class=\"td-social-sharing-button td-social-sharing-button-js td-social-network td-social-linkedin\" href=\"https:\/\/www.linkedin.com\/shareArticle?mini=true&amp;url=https:\/\/orasul-timisoara.ro\/local-40042\/&amp;title=Politehnica+Timi%C8%99oara+debuteaz%C4%83+cu+victorie+%C3%AEn+Liga+a+II-a%3A+1-0+cu+Chindia\" title=\"Linkedin\"><\/p>\n<div class=\"td-social-but-text\">Linkedin<\/div>\n<p><\/a><a class=\"td-social-sharing-button td-social-sharing-button-js td-social-network td-social-reddit\" href=\"https:\/\/reddit.com\/submit?url=https:\/\/orasul-timisoara.ro\/local-40042\/&amp;title=Politehnica+Timi%C8%99oara+debuteaz%C4%83+cu+victorie+%C3%AEn+Liga+a+II-a%3A+1-0+cu+Chindia\" title=\"ReddIt\"><\/p>\n<div class=\"td-social-but-text\">ReddIt<\/div>\n<p><\/a><a class=\"td-social-sharing-button td-social-sharing-button-js td-social-network td-social-mail\" href=\"mailto:?subject=Politehnica%20Timi%C8%99oara%20debuteaz%C4%83%20cu%20victorie%20%C3%AEn%20Liga%20a%20II-a:%201-0%20cu%20Chindia&amp;body=https:\/\/orasul-timisoara.ro\/local-40042\/\" title=\"Email\"><\/p>\n<div class=\"td-social-but-text\">Email<\/div>\n<p><\/a><a class=\"td-social-sharing-button td-social-sharing-button-js td-social-network td-social-print\" href=\"https:\/\/orasul-timisoara.ro\/local-40042\/\" title=\"Imprimare\"><\/p>\n<div class=\"td-social-but-text\">Imprimare<\/div>\n<p><\/a><\/div>\n<\/div>\n<\/div>\n<div class=\"td-block-row td-post-next-prev\">\n<div class=\"td-block-span6 td-post-prev-post\">\n<div class=\"td-post-next-prev-content\"><span>Articolul precedent<\/span><a href=\"https:\/\/orasul-timisoara.ro\/local-40038\/\">ISU Timi\u0219 controleaz\u0103 spitalele dup\u0103 instituirea st\u0103rii de alert\u0103 \u0219i Codul Ro\u0219u de canicul\u0103<\/a><\/div>\n<\/div>\n<div class=\"td-block-span6 td-post-next-post\">\n<div class=\"td-post-next-prev-content\"><span>Articolul urm\u0103tor<\/span><a href=\"https:\/\/orasul-timisoara.ro\/local-40046\/\">Timi\u0219oara opre\u0219te temporar iluminatul arhitectural pentru a economisi energie<\/a><\/div>\n<\/div>\n<\/div>\n<div class=\"td-author-name vcard author\"><span class=\"fn\"><a href=\"https:\/\/orasul-timisoara.ro\/author\/timisoara\/\">redactia<\/a><\/span><\/div>\n<p><span class=\"td-page-meta\"><\/span><span class=\"td-page-meta\"><span class=\"td-page-meta\"><\/span><\/span><span class=\"td-page-meta\"><\/span><\/footer>\n<div class=\"td_block_wrap td_block_related_posts tdi_3 td_with_ajax_pagination td-pb-border-top td_block_template_8\" data-td-block-uid=\"tdi_3\">\n<h4 class=\"td-related-title td-block-title\"><a id=\"tdi_4\" class=\"td-related-left td-cur-simple-item\" data-td_filter_value data-td_block_id=\"tdi_3\" href=\"https:\/\/orasul-timisoara.ro\/local-40042\/\">ARTICOLE SIMILARE<\/a><a id=\"tdi_5\" class=\"td-related-right\" data-td_filter_value=\"td_related_more_from_author\" data-td_block_id=\"tdi_3\" href=\"https:\/\/orasul-timisoara.ro\/local-40042\/\">DE LA ACELA\u0218I AUTOR<\/a><\/h4>\n<div id=\"tdi_3\" class=\"td_block_inner\">\n<div class=\"td-related-row\">\n<div class=\"td-related-span4\">\n<div class=\"td_module_related_posts td-animation-stack td_mod_related_posts\">\n<div class=\"td-module-image\">\n<div class=\"td-module-thumb\"><a href=\"https:\/\/orasul-timisoara.ro\/local-40107\/\" rel=\"bookmark\" class=\"td-image-wrap \" title=\"Viorel M\u0103rcu\u021bi: Au \u00eenceput lucr\u0103rile la terenul sintetic de fotbal din S\u00e2nmihaiu Rom\u00e2n (foto)\"><img loading=\"lazy\" decoding=\"async\" class=\"entry-thumb\" src=\"https:\/\/orasul-timisoara.ro\/wp-content\/uploads\/2026\/08\/teren-sport-sanmihaiu-roman-1-1-436x300.jpg\" alt title=\"Viorel M\u0103rcu\u021bi: Au \u00eenceput lucr\u0103rile la terenul sintetic de fotbal din S\u00e2nmihaiu Rom\u00e2n (foto)\" width=\"218\" height=\"150\"><\/a><\/div>\n<\/div>\n<div class=\"item-details\">\n<h3 class=\"entry-title td-module-title\"><a href=\"https:\/\/orasul-timisoara.ro\/local-40107\/\" rel=\"bookmark\" title=\"Viorel M\u0103rcu\u021bi: Au \u00eenceput lucr\u0103rile la terenul sintetic de fotbal din S\u00e2nmihaiu Rom\u00e2n (foto)\">Viorel M\u0103rcu\u021bi: Au \u00eenceput lucr\u0103rile la terenul sintetic de fotbal din S\u00e2nmihaiu Rom\u00e2n (foto)<\/a><\/h3>\n<\/div>\n<\/div>\n<\/div>\n<div class=\"td-related-span4\">\n<div class=\"td_module_related_posts td-animation-stack td_mod_related_posts\">\n<div class=\"td-module-image\">\n<div class=\"td-module-thumb\"><a href=\"https:\/\/orasul-timisoara.ro\/local-40104\/\" rel=\"bookmark\" class=\"td-image-wrap \" title=\"Politehnica Timi\u0219oara joac\u0103 miercuri cu CSC Dumbr\u0103vi\u021ba \u00een Cupa Rom\u00e2niei\"><img loading=\"lazy\" decoding=\"async\" class=\"entry-thumb\" src=\"https:\/\/orasul-timisoara.ro\/wp-content\/uploads\/2026\/08\/767190377_1430328542279423_1307848591074700398_n-436x300.jpg\" alt title=\"Politehnica Timi\u0219oara joac\u0103 miercuri cu CSC Dumbr\u0103vi\u021ba \u00een Cupa Rom\u00e2niei\" width=\"218\" height=\"150\"><\/a><\/div>\n<\/div>\n<div class=\"item-details\">\n<h3 class=\"entry-title td-module-title\"><a href=\"https:\/\/orasul-timisoara.ro\/local-40104\/\" rel=\"bookmark\" title=\"Politehnica Timi\u0219oara joac\u0103 miercuri cu CSC Dumbr\u0103vi\u021ba \u00een Cupa Rom\u00e2niei\">Politehnica Timi\u0219oara joac\u0103 miercuri cu CSC Dumbr\u0103vi\u021ba \u00een Cupa Rom\u00e2niei<\/a><\/h3>\n<\/div>\n<\/div>\n<\/div>\n<div class=\"td-related-span4\">\n<div class=\"td_module_related_posts td-animation-stack td_mod_related_posts\">\n<div class=\"td-module-image\">\n<div class=\"td-module-thumb\"><a href=\"https:\/\/orasul-timisoara.ro\/local-39985\/\" rel=\"bookmark\" class=\"td-image-wrap \" title=\"Alfred Simonis anun\u021b\u0103 amplasarea de tribune mobile pentru Stadionul Electrica, \u00een urma cererii mari de bilete la meciurile Politehnicii Timi\u0219oara \u00een liga secund\u0103 (video)\"><img loading=\"lazy\" decoding=\"async\" class=\"entry-thumb\" src=\"https:\/\/orasul-timisoara.ro\/wp-content\/uploads\/2026\/08\/stadion-electrica-436x300.jpg\" alt title=\"Alfred Simonis anun\u021b\u0103 amplasarea de tribune mobile pentru Stadionul Electrica, \u00een urma cererii mari de bilete la meciurile Politehnicii Timi\u0219oara \u00een liga secund\u0103 (video)\" width=\"218\" height=\"150\"><\/a><\/div>\n<\/div>\n<div class=\"item-details\">\n<h3 class=\"entry-title td-module-title\"><a href=\"https:\/\/orasul-timisoara.ro\/local-39985\/\" rel=\"bookmark\" title=\"Alfred Simonis anun\u021b\u0103 amplasarea de tribune mobile pentru Stadionul Electrica, \u00een urma cererii mari de bilete la meciurile Politehnicii Timi\u0219oara \u00een liga secund\u0103 (video)\">Alfred Simonis anun\u021b\u0103 amplasarea de tribune mobile pentru Stadionul Electrica, \u00een urma cererii mari de bilete la meciurile Politehnicii Timi\u0219oara \u00een liga secund\u0103 (video)<\/a><\/h3>\n<\/div>\n<\/div>\n<\/div>\n<\/div>\n<\/div>\n<\/div>\n<div class=\"comments\" id=\"comments\">\n<div id=\"respond\" class=\"comment-respond\">\n<h3 id=\"reply-title\" class=\"comment-reply-title\">L\u0102SA\u021aI UN MESAJ<\/h3>\n<div class=\"comment-form-input-wrap td-form-comment\">\n<div class=\"td-warning-comment\">V\u0103 rug\u0103m s\u0103 introduce\u021bi comentariul dvs.!<\/div>\n<\/div>\n<div class=\"comment-form-input-wrap td-form-author\">\n<div class=\"td-warning-author\">Introduce\u021bi aici numele dvs.<\/div>\n<\/div>\n<div class=\"comment-form-input-wrap td-form-email\">\n<div class=\"td-warning-email-error\">A\u021bi introdus o adres\u0103 de e-mail incorect\u0103!<\/div>\n<div class=\"td-warning-email\">V\u0103 rug\u0103m s\u0103 introduce\u021bi adresa dvs. de e-mail aici<\/div>\n<\/div>\n<\/div>\n<p class=\"akismet_comment_form_privacy_notice\">Acest site folose\u0219te Akismet pentru a reduce spamul. <a href=\"https:\/\/akismet.com\/privacy\/\" target=\"_blank\" rel=\"nofollow noopener\">Afl\u0103 cum sunt procesate datele comentariilor tale<\/a>.<\/p>\n<\/div>\n<\/div>\n<\/div>\n<div class=\"td-pb-span4 td-main-sidebar\" role=\"complementary\">\n<div class=\"td-ss-main-sidebar\">\n<aside id=\"block-4\" class=\"td_block_template_8 widget block-4 widget_block widget_media_image\">\n<figure class=\"wp-block-image size-full\"><img loading=\"lazy\" decoding=\"async\" width=\"336\" height=\"280\" src=\"https:\/\/orasul-timisoara.ro\/wp-content\/uploads\/2024\/11\/ReTIM-Abonamentul-Verde-Google-Ads-336x280px.gif\" alt class=\"wp-image-29257\"><\/figure>\n<\/aside>\n<div class=\"td_block_wrap td_block_social_counter td_block_widget tdi_6 td-social-style5 td-social-boxed td-pb-border-top td_block_template_8\">\n<div class=\"td-block-title-wrap\">\n<h4 class=\"td-block-title\"><span>Urm\u0103re\u0219te-ne pe Social Media<\/span><\/h4>\n<\/div>\n<div class=\"td-social-list\">\n<div class=\"td_social_type td-pb-margin-side td_social_facebook\">\n<div class=\"td-social-box\"><span class=\"td_social_info td_social_info_counter\">344,595<\/span><span class=\"td_social_info td_social_info_name\">Fani<\/span><span class=\"td_social_button\"><a href=\"https:\/\/www.facebook.com\/247timisoara\" target=\"_blank\" rel=\"nofollow\">\u00cemi place<\/a><\/span><\/div>\n<\/div>\n<div class=\"td_social_type td-pb-margin-side td_social_instagram\">\n<div class=\"td-social-box\"><span class=\"td_social_info td_social_info_counter\">4,416<\/span><span class=\"td_social_info td_social_info_name\">Cititori<\/span><span class=\"td_social_button\"><a href=\"https:\/\/instagram.com\/orasultimisoararo\/\" target=\"_blank\" rel=\"nofollow\">Conecta\u021bi-v\u0103<\/a><\/span><\/div>\n<\/div>\n<div class=\"td_social_type td-pb-margin-side td_social_rss\">\n<div class=\"td-social-box\"><span class=\"td_social_info td_social_info_counter\">12,506<\/span><span class=\"td_social_info td_social_info_name\">Cititori<\/span><span class=\"td_social_button\"><a href=\"https:\/\/orasul-timisoara.ro\/feed\/\" target=\"_blank\" rel=\"nofollow\">Conecta\u021bi-v\u0103<\/a><\/span><\/div>\n<\/div>\n<div class=\"td_social_type td-pb-margin-side td_social_tiktok\">\n<div class=\"td-social-box\"><span class=\"td_social_info td_social_info_counter\">1,500<\/span><span class=\"td_social_info td_social_info_name\">Cititori<\/span><span class=\"td_social_button\"><a href=\"https:\/\/www.tiktok.com\/@orasultimisoara\" target=\"_blank\" rel=\"nofollow\">Conecta\u021bi-v\u0103<\/a><\/span><\/div>\n<\/div>\n<div class=\"td_social_type td-pb-margin-side td_social_twitter\">\n<div class=\"td-social-box\"><span class=\"td_social_info td_social_info_counter\">1,595<\/span><span class=\"td_social_info td_social_info_name\">Cititori<\/span><span class=\"td_social_button\"><a href=\"https:\/\/twitter.com\/orasultm\" target=\"_blank\" rel=\"nofollow\">Conecta\u021bi-v\u0103<\/a><\/span><\/div>\n<\/div>\n<div class=\"td_social_type td-pb-margin-side td_social_youtube\">\n<div class=\"td-social-box\"><span class=\"td_social_info td_social_info_counter\">3,506<\/span><span class=\"td_social_info td_social_info_name\">Abona\u021bi<\/span><span class=\"td_social_button\"><a href=\"https:\/\/www.youtube.com\/channel\/UCQNsQvs2XCSIm1Z-AHRturw?sub_confirmation=1\" target=\"_blank\" rel=\"nofollow\">Abona\u021bi-v\u0103<\/a><\/span><\/div>\n<\/div>\n<\/div>\n<\/div>\n<aside id=\"text-7\" class=\"td_block_template_8 widget text-7 widget_text\">\n<h4 class=\"td-block-title\"><span>C\u0103ut\u0103ri populare pe OTM<\/span><\/h4>\n<div class=\"textwidget\"><a href=\"https:\/\/orasul-timisoara.ro\/?s=timisoara\"><span>Timisoara<\/span><\/a><a href=\"https:\/\/orasul-timisoara.ro\/?s=calin+dobra\"><span>Calin Dobra<\/span><\/a><a href=\"https:\/\/orasul-timisoara.ro\/?s=primaria+timisoara\"><span>Primaria Timisoara<\/span><\/a><a href=\"https:\/\/orasul-timisoara.ro\/?s=dominic+fritz\"><span>Dominic Fritz<\/span><\/a><a href=\"https:\/\/orasul-timisoara.ro\/?s=nicolae+robu\"><span>Nicolae Robu<\/span><\/a><a href=\"https:\/\/orasul-timisoara.ro\/?s=consiliul+local+timisoara\">Consiliul Local Timisoara<\/a><a href=\"https:\/\/orasul-timisoara.ro\/?s=consiliul+judetean+timis\"><span>Consiliul Judetean Timis<\/span><\/a><a href=\"https:\/\/orasul-timisoara.ro\/?s=cjt\"><span>CJT<\/span><\/a><a href=\"https:\/\/orasul-timisoara.ro\/?s=Alfred+Simonis\"><span>Alfred Simonis<\/span><\/a><a href=\"https:\/\/orasul-timisoara.ro\/?s=PNL\"><span>PNL<\/span><\/a><a href=\"https:\/\/orasul-timisoara.ro\/?s=coronavirus\"><span>coronavirus<\/span><\/a><a href=\"https:\/\/orasul-timisoara.ro\/?s=teatru+timisoara\">teatru Timisoara<\/a><a href=\"https:\/\/orasul-timisoara.ro\/?s=restaurante\"><span>restaurante Timisoara<\/span><\/a><a href=\"https:\/\/orasul-timisoara.ro\/?s=diskoteka\"><span>Diskoteka<\/span><\/a><a href=\"https:\/\/orasul-timisoara.ro\/?s=iulius+town\"><span>Iulius Town<\/span><\/a><a href=\"https:\/\/orasul-timisoara.ro\/?s=iulius+mall\"><span>Iulius Mall<\/span><\/a><a href=\"https:\/\/orasul-timisoara.ro\/?s=stpt\"><span>STPT<\/span><\/a><a href=\"https:\/\/orasul-timisoara.ro\/?s=alin+nica\"><span>Alin Nica<\/span><\/a><a href=\"https:\/\/orasul-timisoara.ro\/?s=psd\"><span>PSD<\/span><\/a><a href=\"https:\/\/orasul-timisoara.ro\/?s=aeroport\"><span>Aeroportul International Timisoara<\/span><\/a><a href=\"https:\/\/orasul-timisoara.ro\/?s=babes\"><span>Spitalul Victor Babes Timisoara<\/span><\/a><a href=\"https:\/\/orasul-timisoara.ro\/?s=poli\"><span>Poli Timi\u0219oara<\/span><\/a><a href=\"https:\/\/orasul-timisoara.ro\/?s=carantina\"><span>carantina<\/span><\/a><a href=\"https:\/\/orasul-timisoara.ro\/?s=aquatim\"><span>Aquatim<\/span><\/a><a href=\"https:\/\/orasul-timisoara.ro\/local-category\/stiri-timisoara\/\"><span>Stiri Timisoara<\/span><\/a><a href=\"https:\/\/orasul-timisoara.ro\/local-category\/investitii-in-timisoara\/\"><span>Investi\u021bii in Timi\u0219oara<\/span><\/a><a href=\"https:\/\/orasul-timisoara.ro\/local-9463\/\"><span>shaorma<\/span><\/a><a href=\"https:\/\/orasul-timisoara.ro\/?s=trafic\"><span>trafic rutier<\/span><\/a><a href=\"https:\/\/orasul-timisoara.ro\/?s=politia\"><span>politia locala timisoara<\/span><\/a><a href=\"https:\/\/orasul-timisoara.ro\/?s=roxana\"><span>Roxana Iliescu<\/span><\/a><a href=\"https:\/\/orasul-timisoara.ro\/?s=colterm\"><span>Colterm<\/span><\/a><a href=\"https:\/\/orasul-timisoara.ro\/?s=latcau\"><span>Ruben La\u021bc\u0103u<\/span><\/a><a href=\"https:\/\/orasul-timisoara.ro\/?s=timis\"><span>\u0218tiri din Timi\u0219<\/span><\/a><a href=\"https:\/\/orasul-timisoara.ro\/?s=spital\"><span>Spitale din Timi\u0219oara<\/span><\/a><a href=\"https:\/\/orasul-timisoara.ro\/?s=tabara\"><span>Cosmin Tab\u0103r\u0103<\/span><\/a><\/div>\n<\/aside>\n<aside id=\"rss-2\" class=\"td_block_template_8 widget rss-2 widget_rss\">\n<h4 class=\"td-block-title\"><span><a class=\"rsswidget rss-widget-feed\" href=\"https:\/\/fashionfridays.ro\/feed\"><img decoding=\"async\" class=\"rss-widget-icon\" width=\"14\" height=\"14\" src=\"https:\/\/orasul-timisoara.ro\/wp-includes\/images\/rss.png\" alt=\"RSS\" loading=\"lazy\"><\/a><a class=\"rsswidget rss-widget-title\" href=\"https:\/\/fashionfridays.ro\/\">Fashion Fridays<\/a><\/span><\/h4>\n<ul>\n<li><a class=\"rsswidget\" href=\"https:\/\/fashionfridays.ro\/romania-devine-a-29-a-piata-vogue-o-noua-era-pentru-industria-locala-de-moda\/\">Rom\u00e2nia devine a 29-a pia\u021b\u0103 Vogue: o nou\u0103 er\u0103 pentru industria local\u0103 de mod\u0103<\/a>\n<div class=\"rssSummary\">Revista Vogue \u00ee\u0219i extinde prezen\u021ba global\u0103 \u0219i va fi lansat\u0103 oficial \u00een Rom\u00e2nia \u00een prim\u0103vara anului 2027, marc\u00e2nd intrarea pe cea de-a 29-a pia\u021b\u0103 interna\u021bional\u0103. Proiectul este realizat \u00een parteneriat cu AEMME Publishing, o companie media recent \u00eenfiin\u021bat\u0103, care va publica edi\u021bia local\u0103 sub licen\u021b\u0103. Noua edi\u021bie, Vogue Rom\u00e2nia, \u00ee\u0219i propune s\u0103 combine autoritatea global\u0103 [\u2026]<\/div>\n<\/li>\n<\/ul>\n<\/aside>\n<aside id=\"rss-4\" class=\"td_block_template_8 widget rss-4 widget_rss\">\n<h4 class=\"td-block-title\"><span><a class=\"rsswidget rss-widget-feed\" href=\"https:\/\/emasini.ro\/feed\"><img decoding=\"async\" class=\"rss-widget-icon\" width=\"14\" height=\"14\" src=\"https:\/\/orasul-timisoara.ro\/wp-includes\/images\/rss.png\" alt=\"RSS\" loading=\"lazy\"><\/a><a class=\"rsswidget rss-widget-title\" href=\"https:\/\/emasini.ro\/\">eMasini<\/a><\/span><\/h4>\n<ul>\n<li><a class=\"rsswidget\" href=\"https:\/\/emasini.ro\/bmw-testeaza-noul-i4-convertible-primul-cabrio-electric-accesibil-al-marcii\/\">BMW testeaz\u0103 noul i4 Convertible, primul cabrio electric accesibil al m\u0103rcii<\/a>\n<div class=\"rssSummary\">BMW accelereaz\u0103 dezvoltarea noii genera\u021bii de modele electrice bazate pe platforma Neue Klasse, iar unul dintre cele mai interesante proiecte aflate \u00een teste este viitorul BMW i4 Convertible. Prototipul camuflat a fost surprins pe \u0219osele, confirm\u00e2nd c\u0103 produc\u0103torul german preg\u0103te\u0219te o decapotabil\u0103 electric\u0103 destinat\u0103 unui segment \u00een care oferta este, \u00een prezent, extrem de limitat\u0103. [\u2026]<\/div>\n<\/li>\n<\/ul>\n<\/aside>\n<\/div>\n<\/div>\n<\/div>\n<\/div>\n<\/article>\n<div class=\"td-post-content tagdiv-type\">\n<p class=\"wp-block-paragraph\">Politehnica Timi\u0219oara a debutat cu dreptul \u00een noul sezon al Ligii a II-a, dup\u0103 victoria cu 1-0 \u00een fa\u021ba forma\u021biei Chindia T\u00e2rgovi\u0219te. Partida disputat\u0103 pe stadionul Electrica a adus primele trei puncte pentru echipa preg\u0103tit\u0103 de Dan Alexa, \u00eentr-o atmosfer\u0103 de s\u0103rb\u0103toare creat\u0103 de miile de suporteri alb-viole\u021bi.<\/p>\n<p class=\"wp-block-paragraph\">\u00cen ciuda temperaturilor extreme \u0219i a Codului Ro\u0219u de canicul\u0103, stadionul a fost plin. Fanii au ocupat inclusiv tribunele mobile montate recent pentru a suplimenta capacitatea arenei Electrica, demonstr\u00e2nd \u00eenc\u0103 o dat\u0103 ata\u0219amentul fa\u021b\u0103 de Politehnica Timi\u0219oara.<\/p>\n<h2 class=\"wp-block-heading\">Huszti a decis partida cu un gol spectaculos<\/h2>\n<p class=\"wp-block-paragraph\">Unicul gol al \u00eent\u00e2lnirii a fost \u00eenscris \u00een minutul 29 de funda\u0219ul central Huszti, unul dintre transferurile realizate \u00een aceast\u0103 var\u0103.<\/p>\n<p class=\"wp-block-paragraph\">Acesta a trimis un \u0219ut puternic de la aproximativ 28 de metri, direct \u00een vinclul por\u021bii ap\u0103rate de Chindia T\u00e2rgovi\u0219te, f\u0103r\u0103 nicio \u0219ans\u0103 pentru portar.<\/p>\n<p class=\"wp-block-paragraph\">P\u00e2n\u0103 la pauz\u0103, acela\u0219i Huszti a fost aproape de dubl\u0103, \u00eens\u0103 reluarea sa cu capul, \u00een urma unui corner, a trecut pu\u021bin peste transversal\u0103.<\/p>\n<h2 class=\"wp-block-heading\">Poli a controlat \u00eenceputul meciului<\/h2>\n<p class=\"wp-block-paragraph\">Alb-viole\u021bii au intrat hot\u0103r\u00e2\u021bi pe teren \u0219i \u0219i-au creat prima ocazie \u00eenc\u0103 din minutul 2, c\u00e2nd Dr\u0103ghici a reluat cu capul o centrare venit\u0103 din partea st\u00e2ng\u0103, \u00eens\u0103 portarul oaspe\u021bilor a re\u021binut f\u0103r\u0103 emo\u021bii.<\/p>\n<p class=\"wp-block-paragraph\">Chindia a r\u0103spuns \u00een minutul 21 prin Briceag, al c\u0103rui \u0219ut de la distan\u021b\u0103 a fost respins de portarul Micu.<\/p>\n<p class=\"wp-block-paragraph\">Golul marcat de Huszti a \u00eenclinat definitiv balan\u021ba \u00een favoarea gazdelor, care au intrat \u00een avantaj la cabine.<\/p>\n<h2 class=\"wp-block-heading\">Chindia a presat pe final, dar Poli a rezistat<\/h2>\n<p class=\"wp-block-paragraph\">\u00cen repriza secund\u0103, Politehnica \u0219i-a creat mai multe situa\u021bii periculoase, beneficiind \u0219i de numeroase lovituri de col\u021b.<\/p>\n<p class=\"wp-block-paragraph\">Pe m\u0103sur\u0103 ce timpul trecea, Chindia a \u00eencercat s\u0103 for\u021beze egalarea, \u00eens\u0103 defensiva timi\u0219orean\u0103 a rezistat p\u00e2n\u0103 la final.<\/p>\n<p class=\"wp-block-paragraph\">Cea mai mare ocazie a oaspe\u021bilor a venit \u00een minutul 90+6, c\u00e2nd B. Petre a reluat din apropierea por\u021bii, \u00eens\u0103 mingea a trecut pu\u021bin peste transversal\u0103.<\/p>\n<p class=\"wp-block-paragraph\">Dup\u0103 c\u00e2teva momente tensionate \u0219i mai multe cartona\u0219e galbene acordate \u00een prelungiri, arbitrul a fluierat finalul partidei, iar Politehnica s-a impus cu 1-0.<\/p>\n<h2 class=\"wp-block-heading\">Dan Alexa a mizat pe \u0219ase dintre noile transferuri<\/h2>\n<p class=\"wp-block-paragraph\">Antrenorul Dan Alexa a trimis \u00een teren o formul\u0103 \u00een care s-au reg\u0103sit \u0219ase dintre juc\u0103torii transfera\u021bi \u00een perioada de mercato.<\/p>\n<p class=\"wp-block-paragraph\">Formula de start a Politehnicii Timi\u0219oara a fost: Micu \u2013 Huszti, P. Paul, C. Toma (51, C. Ene) \u2013 R. Benzar, Dr\u0103ghici, Artean (c\u0103pitan), Ov. Popescu (88, D. Popa), Burlacu-Luca \u2013 Doan\u0103 (86, E. Adam), Chi\u021bu.<\/p>\n<p class=\"wp-block-paragraph\">Pe banca de rezerve s-au aflat Ungureanu, Vlaicu, G\u00e2rlon\u021ba, \u0218tefanovici, Vasluian \u0219i Sp\u0103taru.<\/p>\n<h2 class=\"wp-block-heading\">Start perfect pentru alb-viole\u021bi \u00een noul sezon<\/h2>\n<p class=\"wp-block-paragraph\">Victoria cu Chindia T\u00e2rgovi\u0219te le aduce timi\u0219orenilor primele trei puncte din noua edi\u021bie a Ligii a II-a \u0219i confirm\u0103 entuziasmul creat \u00een jurul echipei dup\u0103 promovare.<\/p>\n<p class=\"wp-block-paragraph\">Atmosfera din tribune, stadionul plin \u0219i debutul cu succes reprezint\u0103 un \u00eenceput promi\u021b\u0103tor pentru forma\u021bia preg\u0103tit\u0103 de Dan Alexa, care \u00ee\u0219i propune un sezon c\u00e2t mai solid \u00een e\u0219alonul secund.<\/p>\n<p class=\"wp-block-paragraph\">Credit foto : sspolitehnica.ro<\/p>\n<\/div>\n<p>[analyse_source url=&#8221;https:\/\/orasul-timisoara.ro\/local-40042\/&#8221;]<\/p>\n","protected":false},"excerpt":{"rendered":"<p>[analyse_image type=&#8221;featured&#8221; src=&#8221;https:\/\/orasul-timisoara.ro\/wp-content\/uploads\/2026\/08\/politehnica-timisoara-003.jpg&#8221;] Sport LocalPolitehnica Timi\u0219oara debuteaz\u0103 cu victorie \u00een Liga a II-a: 1-0 cu Chindia Sport Local \u0218tiri Locale Politehnica Timi\u0219oara debuteaz\u0103 cu victorie \u00een Liga a II-a: 1-0 cu Chindia De c\u0103tre redactia &#8211; 05\/08\/2026 Facebook Twitter WhatsApp Linkedin ReddIt Email Imprimare Politehnica Timi\u0219oara a debutat cu dreptul \u00een noul sezon al Ligii [&hellip;]<\/p>\n","protected":false},"author":1,"featured_media":0,"comment_status":"open","ping_status":"","sticky":false,"template":"","format":"standard","meta":{"footnotes":""},"categories":[89],"tags":[226,189],"class_list":["post-2081798","post","type-post","status-publish","format-standard","hentry","category-romania","tag-crawlmanager","tag-orasul-timisoara-ro"],"_links":{"self":[{"href":"https:\/\/analyse.optim.biz\/index.php?rest_route=\/wp\/v2\/posts\/2081798","targetHints":{"allow":["GET"]}}],"collection":[{"href":"https:\/\/analyse.optim.biz\/index.php?rest_route=\/wp\/v2\/posts"}],"about":[{"href":"https:\/\/analyse.optim.biz\/index.php?rest_route=\/wp\/v2\/types\/post"}],"author":[{"embeddable":true,"href":"https:\/\/analyse.optim.biz\/index.php?rest_route=\/wp\/v2\/users\/1"}],"replies":[{"embeddable":true,"href":"https:\/\/analyse.optim.biz\/index.php?rest_route=%2Fwp%2Fv2%2Fcomments&post=2081798"}],"version-history":[{"count":0,"href":"https:\/\/analyse.optim.biz\/index.php?rest_route=\/wp\/v2\/posts\/2081798\/revisions"}],"wp:attachment":[{"href":"https:\/\/analyse.optim.biz\/index.php?rest_route=%2Fwp%2Fv2%2Fmedia&parent=2081798"}],"wp:term":[{"taxonomy":"category","embeddable":true,"href":"https:\/\/analyse.optim.biz\/index.php?rest_route=%2Fwp%2Fv2%2Fcategories&post=2081798"},{"taxonomy":"post_tag","embeddable":true,"href":"https:\/\/analyse.optim.biz\/index.php?rest_route=%2Fwp%2Fv2%2Ftags&post=2081798"}],"curies":[{"name":"wp","href":"https:\/\/api.w.org\/{rel}","templated":true}]}}