{"id":2081764,"date":"2026-08-07T06:20:10","date_gmt":"2026-08-07T03:20:10","guid":{"rendered":"https:\/\/analyse.optim.biz\/?p=2081764"},"modified":"2026-08-07T06:20:10","modified_gmt":"2026-08-07T03:20:10","slug":"acord-istoric-de-aparare-turcia-arabia-saudita-pakistan","status":"publish","type":"post","link":"https:\/\/analyse.optim.biz\/?p=2081764","title":{"rendered":"Acord istoric de ap\u0103rare: Turcia, Arabia Saudit\u0103, Pakistan"},"content":{"rendered":"<p>[analyse_image type=&#8221;featured&#8221; src=&#8221;https:\/\/ortodoxinfo.ro\/wp-content\/uploads\/2026\/08\/4d1kv0t4_pakistan-turkey_625x300_23_april_25.jpeghttps:\/\/ortodoxinfo.ro\/wp-content\/uploads\/2026\/08\/4d1kv0t4_pakistan-turkey_625x300_23_april_25.jpeg&#8221;]<\/p>\n<article id=\"post-255847\" class=\"post-255847 post type-post status-publish format-standard has-post-thumbnail category-iran\">\n<header class=\"single-header\">\n<aside class=\"breadcrumb-wrap breadcrumb-yoast s-breadcrumb\">\n<div class=\"breadcrumb-inner\"><span><span><a href=\"https:\/\/ortodoxinfo.ro\/\">Prima pagin\u0103<\/a><\/span> \u00bb <span><a href=\"https:\/\/ortodoxinfo.ro\/blog\/\">Blog<\/a><\/span> \u00bb <span class=\"breadcrumb_last\" aria-current=\"page\">Acord istoric de ap\u0103rare: Turcia, Arabia Saudit\u0103, Pakistan<\/span><\/span><\/div>\n<\/aside>\n<h1 class=\"s-title fw-headline\">Acord istoric de ap\u0103rare: Turcia, Arabia Saudit\u0103, Pakistan<\/h1>\n<div class=\"single-meta meta-s-default yes-0\">\n<div class=\"smeta-in\"><a class=\"meta-el meta-avatar\" href=\"https:\/\/ortodoxinfo.ro\/author\/redactor\/\"><img loading=\"lazy\" decoding=\"async\" alt=\"OrtodoxINFO\" src=\"https:\/\/secure.gravatar.com\/avatar\/21010332354a182ce4de6016685c5586f21c51866d0ec5bc8ef383240b3c3e02?s=120&amp;r=g\" class=\"avatar avatar-120 photo\" height=\"120\" width=\"120\"><\/a><\/p>\n<div class=\"smeta-sec\">\n<div class=\"p-meta\">\n<div class=\"meta-inner is-meta\"><span class=\"meta-el meta-date\"><time datetime=\"2026-08-07T09:20:10+03:00\">7 august 2026<\/time><\/span><span class=\"meta-el meta-category meta-bold\"><a class=\"meta-separate category-20293\" href=\"https:\/\/ortodoxinfo.ro\/category\/anti-sistem\/al-iii-lea-razboi-mondial\/iran\/\">IRAN<\/a><\/span><span class=\"meta-el meta-view\">1.3k vizualiz\u0103ri\t\t<\/span><span class=\"meta-el meta-comment mobile-last-meta tablet-last-meta\"><a href=\"https:\/\/ortodoxinfo.ro\/2026\/08\/07\/acord-istoric-de-aparare-turcia-arabia-saudita-pakistan\/#respond\">Comentarii<\/a><\/span><\/div>\n<\/div>\n<\/div>\n<\/div>\n<div class=\"smeta-extra\">\n<div class=\"t-shared-sec tooltips-n has-read-meta is-color\">\n<div class=\"t-shared-header is-meta\"><span class=\"share-label\">Share<\/span><\/div>\n<\/div>\n<div class=\"single-right-meta single-time-read is-meta\"><span class=\"meta-el meta-read\">2 Min Read<\/span><\/div>\n<\/div>\n<\/div>\n<\/header>\n<div class=\"grid-container\">\n<div class=\"s-ct\">\n<div class=\"s-feat-outer\">\n<div class=\"s-feat\">\n<div class=\"featured-lightbox-trigger\" data-source=\"https:\/\/ortodoxinfo.ro\/wp-content\/uploads\/2026\/08\/4d1kv0t4_pakistan-turkey_625x300_23_april_25.jpeg\" data-caption data-attribution><img fetchpriority=\"high\" decoding=\"async\" width=\"752\" height=\"408\" src=\"https:\/\/ortodoxinfo.ro\/wp-content\/uploads\/2026\/08\/4d1kv0t4_pakistan-turkey_625x300_23_april_25.jpeg\" class=\"attachment-foxiz_crop_o1 size-foxiz_crop_o1 wp-post-image\" alt loading=\"eager\"><\/div>\n<\/div>\n<\/div>\n<div class=\"s-ct-wrap has-lsl\">\n<div class=\"s-ct-inner\">\n<div class=\"l-shared-sec-outer show-mobile\">\n<div class=\"l-shared-sec\">\n<div class=\"l-shared-header meta-text\"><span class=\"share-label\">SHARE<\/span><\/div>\n<\/div>\n<\/div>\n<div class=\"e-ct-outer\">\n<div class=\"entry-top\">\n<div id=\"custom_html-3\" class=\"widget_text widget entry-widget clearfix widget_custom_html\">\n<div class=\"textwidget custom-html-widget\">\n<div><small><br \/>\n    OrtodoxINFO este supus unui sabotaj sistematic din partea reprezentan\u021bilor Google Rom\u00e2nia, at\u00e2t la afi\u0219\u0103ri c\u00e2t \u0219i \u00een rezultatele de c\u0103utare.<br \/>\n        Astfel c\u0103 veniturile din publicitate au sc\u0103zut de p\u00e2n\u0103 la <strong>10 ori<\/strong>. Situa\u021bia este similar\u0103 \u0219i pe Facebook.<\/p>\n<p>        V\u0103 invit\u0103m s\u0103 accesa\u021bi direct site-ul \u0219i s\u0103 v\u0103 abona\u021bi la notific\u0103ri.<\/p>\n<p>    Dac\u0103 dori\u021bi s\u0103 ne sus\u021bine\u021bi \u00een aceast\u0103 perioad\u0103 dificil\u0103, orice <a href=\"https:\/\/ortodoxinfo.ro\/donatii\/\">dona\u021bie<\/a> este binevenit\u0103.<br \/>\n    Dumnezeu s\u0103 v\u0103 r\u0103spl\u0103teasc\u0103!<br \/>\n<\/small><\/div>\n<\/div>\n<\/div>\n<\/div>\n<div class=\"entry-content rbct clearfix is-highlight-shares\">\n<div class=\"ruby-table-contents rbtoc table-left table-fw-single-col\">\n<div class=\"toc-header\"><span class=\"h3\">Sumar<\/span><\/div>\n<div class=\"toc-content h5\"><a href=\"https:\/\/ortodoxinfo.ro\/2026\/08\/07\/acord-istoric-de-aparare-turcia-arabia-saudita-pakistan\/#acordul-accelerat-de-evolutiile-din-regiune\" class=\"table-link no-link anchor-link\" data-index=\"rb-heading-index-0\">Acordul, accelerat de evolu\u021biile din regiune<\/a><a href=\"https:\/\/ortodoxinfo.ro\/2026\/08\/07\/acord-istoric-de-aparare-turcia-arabia-saudita-pakistan\/#liderii-celor-trei-state-se-intalnesc-la-jeddah\" class=\"table-link no-link anchor-link\" data-index=\"rb-heading-index-1\">Liderii celor trei state se \u00eent\u00e2lnesc la Jeddah<\/a><a href=\"https:\/\/ortodoxinfo.ro\/2026\/08\/07\/acord-istoric-de-aparare-turcia-arabia-saudita-pakistan\/#o-alianta-strategica-de-aparare-in-orientul-mijlociu\" class=\"table-link no-link anchor-link\" data-index=\"rb-heading-index-2\">O alian\u021b\u0103 strategic\u0103 de ap\u0103rare \u00een Orientul Mijlociu<\/a><\/div>\n<\/div>\n<p id=\"p-0\" class=\"p2\"><span class=\"s1\">Turcia, Arabia Saudit\u0103 \u0219i Pakistanul vor semna vineri, la Jeddah, un<\/span> acord comun de<span class=\"s1\"> ap\u0103rare. Potrivit unor surse apropiate autorit\u0103\u021bilor saudite \u0219i armatei citate de AFP, \u00een\u021belegerea are scopul de a \u00eent\u0103ri cooperarea \u00een domeniul securit\u0103\u021bii.<\/span><\/p>\n<h2 id=\"acordul-accelerat-de-evolutiile-din-regiune\" class=\"rb-heading-index-0 p3\"><span class=\"s1\">Acordul, accelerat de evolu\u021biile din regiune<\/span><\/h2>\n<p id=\"p-7\" class=\"p2\"><span class=\"s1\">Semnarea <\/span>documentului are loc pe fondul conflictul dintre Statele Unite \u0219i Irancare a avut efecte asupra mai multor state din Golf \u0219i a afectat traficul maritim prin Str\u00e2mtoarea Ormuz\u0219i Marea Ro\u0219ie.<\/p>\n<blockquote>\n<p id=\"p-8\" class=\"p2\"><span class=\"s1\">\u201eAcest acord a fost \u00een discu\u021bie de mult timp, dar ultimele evolu\u021bii din regiune au gr\u0103bit procesul\u201d, a declarat sursa, sub condi\u021bia anonimatului.<\/span><\/p>\n<\/blockquote>\n<p id=\"p-9\" class=\"p2\"><span class=\"s1\">O a doua surs\u0103 apropiat\u0103 guvernului saudit a confirmat, tot sub condi\u021bia anonimatului, c\u0103 acordul va fi semnat vineri.<\/span><\/p>\n<h2 id=\"liderii-celor-trei-state-se-intalnesc-la-jeddah\" class=\"rb-heading-index-1 p3\"><span class=\"s1\">Liderii celor trei state se \u00eent\u00e2lnesc la Jeddah<\/span><\/h2>\n<p id=\"p-10\" class=\"p2\"><span class=\"s1\">Prin\u021bul mo\u0219tenitor al<\/span> Arabiei Saudite,<span class=\"s1\"> Mohammed bin Salman, urmeaz\u0103 s\u0103 se \u00eent\u00e2lneasc\u0103 la Jeddah cu pre\u0219edintele Turciei, Recep Tayyip Erdogan, \u0219i cu premierul Pakistanului, Shehbaz Sharif.<\/span><\/p>\n<p id=\"p-11\" class=\"p2\"><span class=\"s1\">Sharif \u0219i \u0219eful armatei pakistaneze, Asim Munir, au ajuns joi \u00een Arabia Saudit\u0103 pentru o vizit\u0103 care se va \u00eencheia s\u00e2mb\u0103t\u0103, \u00een timp ce Erdogan este a\u0219teptat vineri, potrivit pre\u0219edin\u021biei turce.<\/span><\/p>\n<p id=\"p-12\" class=\"p2\"><span class=\"s1\">Ministerul de Externe al Pakistanului a precizat c\u0103 vizita oficial\u0103 se desf\u0103\u0219oar\u0103 \u00een perioada 6-8 august.<\/span><\/p>\n<blockquote>\n<p id=\"p-13\" class=\"p2\"><span class=\"s1\">\u201eDe\u0219i are loc pe fondul tensiunilor accentuate din Golf, vizita va avea o semnifica\u021bie care dep\u0103\u0219e\u0219te criza imediat\u0103 \u0219i considerentele pe termen scurt\u201d, a declarat joi purt\u0103torul de cuv\u00e2nt al Ministerului pakistanez de Externe, Tahir Andrabi.<\/span><\/p>\n<\/blockquote>\n<h2 id=\"o-alianta-strategica-de-aparare-in-orientul-mijlociu\" class=\"rb-heading-index-2 p3\">O alian\u021b\u0103 strategic\u0103 de ap\u0103rare \u00een Orientul Mijlociu<\/h2>\n<p id=\"p-14\" class=\"p2\"><span class=\"s1\">De mai multe luni, au existat specula\u021bii privind apropierea strategic\u0103 dintre cele trei state.<\/span><\/p>\n<p id=\"p-15\" class=\"p2\"><span class=\"s1\">Pakistanul a \u00eencercat s\u0103 medieze eforturile diplomatice pentru \u00eencheierea<\/span> conflictului dintre Statele Unite<span class=\"s1\"> \u0219i Iran, \u00een timp ce Turcia a fost implicat\u0103 \u00een negocierile privind conflictul din Gaza.<\/span><\/p>\n<p id=\"p-16\" class=\"p2\"><span class=\"s1\">Arabia Saudit\u0103 \u0219i Pakistanul anun\u021baser\u0103 deja inten\u021bia de a \u00eencheia un pact comun de ap\u0103rare \u00een 2025, o ini\u021biativ\u0103 care a atras aten\u021bia comunit\u0103\u021bii interna\u021bionale, \u00een condi\u021biile \u00een care Pakistanul este singurul stat cu popula\u021bie majoritar musulman\u0103 care de\u021bine arme nucleare.<\/span><\/p>\n<div class=\"inline-single-ad ad_single_3_index alignfull\">\n<div class=\"ad-wrap ad-script-wrap\">\n<div class=\"ad-script non-adsense edge-padding\">\n<div>\n\u203c\ufe0f\u203c\ufe0f NU recunoa\u0219tem ca pre\u0219edinte al Rom\u00e2niei pe marioneta retard\u0103 Nicu\u0219or Dan! Rom\u00e2ni, boicota\u021bi aceast\u0103 f\u0103c\u0103tur\u0103, care ne face \u021bara de r\u00e2s! NU rom\u00e2nii l-au votat pe Nicusoro\u0219 &#8211; cu unele excep\u021bii de persoane infantile, manipulabile \u0219i chiar idioate &#8211; ci l-au ajutat Maia Soro\u0219, Emanuel Macrou \u0219i tr\u0103d\u0103torii de la B.E.C. \u0219i CCR!<br \/>\n La \u00eenchisoare cu cei care au fraudat alegerile!\n<\/div>\n<\/div>\n<\/div>\n<\/div>\n<\/div>\n<\/div>\n<\/div>\n<div class=\"e-shared-sec entry-sec\">\n<div class=\"e-shared-header h4\"><span>Distribuie<\/span><\/div>\n<div class=\"rbbsl tooltips-n effect-fadeout is-bg\"><a class=\"share-action share-trigger icon-facebook\" aria-label=\"Share on Facebook\" href=\"https:\/\/www.facebook.com\/sharer.php?u=https%3A%2F%2Fortodoxinfo.ro%2F2026%2F08%2F07%2Facord-istoric-de-aparare-turcia-arabia-saudita-pakistan%2F\" data-title=\"Facebook\" rel=\"nofollow\"><span>Facebook<\/span><\/a><a class=\"share-action share-trigger icon-twitter\" aria-label=\"Share on X\" href=\"https:\/\/twitter.com\/intent\/tweet?text=Acord+istoric+de+ap%C4%83rare%3A+Turcia%2C+Arabia+Saudit%C4%83%2C+Pakistan&amp;url=https%3A%2F%2Fortodoxinfo.ro%2F2026%2F08%2F07%2Facord-istoric-de-aparare-turcia-arabia-saudita-pakistan%2F&amp;via=ortodoxinforo\" data-title=\"X\" rel=\"nofollow\"><span>X<\/span><\/a><a class=\"share-action icon-whatsapp is-web\" aria-label=\"Share on Whatsapp\" href=\"https:\/\/web.whatsapp.com\/send?text=Acord+istoric+de+ap%C4%83rare%3A+Turcia%2C+Arabia+Saudit%C4%83%2C+Pakistan%20%E2%98%9E%20https%3A%2F%2Fortodoxinfo.ro%2F2026%2F08%2F07%2Facord-istoric-de-aparare-turcia-arabia-saudita-pakistan%2F\" target=\"_blank\" data-title=\"WhatsApp\" rel=\"nofollow\"><span>Whatsapp<\/span><\/a><a class=\"share-action icon-whatsapp is-mobile\" aria-label=\"Share on Whatsapp\" href=\"\/\/send?text=Acord+istoric+de+ap%C4%83rare%3A+Turcia%2C+Arabia+Saudit%C4%83%2C+Pakistan%20%E2%98%9E%20https%3A%2F%2Fortodoxinfo.ro%2F2026%2F08%2F07%2Facord-istoric-de-aparare-turcia-arabia-saudita-pakistan%2F\" target=\"_blank\" data-title=\"WhatsApp\" rel=\"nofollow\"><span>Whatsapp<\/span><\/a><a class=\"share-action share-trigger icon-telegram\" aria-label=\"Share on Telegram\" href=\"https:\/\/t.me\/share\/?url=https%3A%2F%2Fortodoxinfo.ro%2F2026%2F08%2F07%2Facord-istoric-de-aparare-turcia-arabia-saudita-pakistan%2F&amp;text=Acord+istoric+de+ap%C4%83rare%3A+Turcia%2C+Arabia+Saudit%C4%83%2C+Pakistan\" data-title=\"Telegram\" rel=\"nofollow\"><span>Telegram<\/span><\/a><a class=\"share-action icon-copy copy-trigger\" aria-label=\"Copy Link\" href=\"https:\/\/ortodoxinfo.ro\/2026\/08\/07\/acord-istoric-de-aparare-turcia-arabia-saudita-pakistan\/\" data-copied=\"Copied!\" data-link=\"https:\/\/ortodoxinfo.ro\/2026\/08\/07\/acord-istoric-de-aparare-turcia-arabia-saudita-pakistan\/\" rel=\"nofollow\" data-copy=\"Copy Link\"><span>Copy Link<\/span><\/a><a class=\"share-action icon-print\" aria-label=\"Print\" rel=\"nofollow\" data-title=\"Print\"><span>Print<\/span><\/a><\/div>\n<\/div>\n<\/div>\n<div id=\"tabs\" class=\"dntplgn_form_wrapper\"><span><\/p>\n<h2>\u0218tirile sunt sub cenzur\u0103! Sprijini\u021bi OrtodoxINFO!<\/h2>\n<p>Guvernul nu dore\u0219te aflarea adev\u0103rului despre lovitura de stat \u0219i \u00eengenuncherea Rom\u00e2niei. \u00cencerc\u0103m s\u0103 men\u021binem viu acest site \u0219i s\u0103 v\u0103 punem la dispozi\u021bie informa\u021bii care s\u0103 fac\u0103 lumin\u0103 \u00een cea mai mare provocare pe care o tr\u0103im. Jurnalismul independent al portalului OrtodoxINFO func\u021bioneaz\u0103 strict cu ajutorul cititorilor.<br \/>\nNe pute\u021bi sprijini printr-o <b><a href=\"https:\/\/ortodoxinfo.ro\/donatii\/\">dona\u021bie bancar\u0103<\/a> sau prin PayPal, complet\u00e2nd formularul de mai jos.<\/b><\/span><\/p>\n<ul>\n<li><a href=\"https:\/\/ortodoxinfo.ro\/2026\/08\/07\/acord-istoric-de-aparare-turcia-arabia-saudita-pakistan\/#tabs-1\">Dona\u021bie lunar\u0103<\/a><\/li>\n<li><a href=\"https:\/\/ortodoxinfo.ro\/2026\/08\/07\/acord-istoric-de-aparare-turcia-arabia-saudita-pakistan\/#tabs-2\">Doar acum<\/a><\/li>\n<\/ul>\n<div id=\"tabs-1\"><img loading=\"lazy\" decoding=\"async\" alt border=\"0\" src=\"https:\/\/www.paypalobjects.com\/en_US\/i\/scr\/pixel.gif\" width=\"1\" height=\"1\"><\/div>\n<div id=\"tabs-2\">\n<p>\t\t     \u20ac<\/p>\n<p>\t\t    <img loading=\"lazy\" decoding=\"async\" alt border=\"0\" src=\"https:\/\/www.paypalobjects.com\/en_US\/i\/scr\/pixel.gif\" width=\"1\" height=\"1\"><\/div>\n<p>Mul\u021bumim celor care ne-au ajutat p\u00e2n\u0103 acum!\n\t<\/p><\/div>\n<div class=\"comment-box-wrap entry-sec\">\n<div class=\"comment-box-header\"><span class=\"h3\">Las\u0103 un comentariu<\/span><\/div>\n<div class=\"comment-holder no-comment\">\n<div id=\"comments\" class=\"comments-area\">\n<div id=\"respond\" class=\"comment-respond\">\n<h3 id=\"reply-title\" class=\"comment-reply-title\">Las\u0103 un r\u0103spuns <small><a rel=\"nofollow\" id=\"cancel-comment-reply-link\" href=\"https:\/\/ortodoxinfo.ro\/2026\/08\/07\/acord-istoric-de-aparare-turcia-arabia-saudita-pakistan\/#respond\">Anuleaz\u0103 r\u0103spunsul<\/a><\/small><\/h3>\n<p class=\"comment-notes\"><span id=\"email-notes\">Adresa ta de email nu va fi publicat\u0103.<\/span><span class=\"required-field-message\">C\u00e2mpurile obligatorii sunt marcate cu <span class=\"required\">*<\/span><\/span><\/p>\n<\/div>\n<\/div>\n<\/div>\n<\/div>\n<\/div>\n<div class=\"sidebar-wrap single-sidebar\">\n<div class=\"sidebar-inner clearfix\">\n<div id=\"widget-post-2\" class=\"widget rb-section w-sidebar clearfix widget-post\">\n<div class=\"block-h widget-heading heading-layout-1\">\n<div class=\"heading-inner\">\n<h4 class=\"heading-title\"><span>Articole recente<\/span><\/h4>\n<\/div>\n<\/div>\n<div class=\"widget-p-listing\">\n<div class=\"p-wrap p-small p-list-small-2\" data-pid=\"255814\">\n<div class=\"feat-holder\">\n<div class=\"p-featured ratio-v1\"><a class=\"p-flink\" href=\"https:\/\/ortodoxinfo.ro\/2026\/08\/07\/gheorghe-piperea-romania-va-da-inapoi-banii-din-pnrr\/\" title=\"Gheorghe Piperea: Rom\u00e2nia va da \u00eenapoi banii din PNRR\"><img decoding=\"async\" width=\"150\" height=\"150\" src=\"https:\/\/ortodoxinfo.ro\/wp-content\/uploads\/2026\/08\/gheorghe-piperea-150x150.png\" class=\"featured-img wp-post-image\" alt loading=\"lazy\"><\/a><\/div>\n<\/div>\n<div class=\"p-content\">\n<h5 class=\"entry-title\"><a class=\"p-url\" href=\"https:\/\/ortodoxinfo.ro\/2026\/08\/07\/gheorghe-piperea-romania-va-da-inapoi-banii-din-pnrr\/\" rel=\"bookmark\">Gheorghe Piperea: Rom\u00e2nia va da \u00eenapoi banii din PNRR<\/a><\/h5>\n<div class=\"p-meta\">\n<div class=\"meta-inner is-meta\"><span class=\"meta-el meta-date\"><time datetime=\"2026-08-07T09:22:54+03:00\">7 august 2026<\/time><\/span><span class=\"meta-el meta-category meta-bold\"><a class=\"meta-separate category-19885\" href=\"https:\/\/ortodoxinfo.ro\/category\/anti-sistem\/anti-romanism\/asasinii-tarii\/\">Asasinii \u021b\u0103rii<\/a><\/span><span class=\"meta-el meta-view\">1.8k vizualiz\u0103ri\t\t<\/span><\/div>\n<\/div>\n<\/div>\n<\/div>\n<div class=\"p-wrap p-small p-list-small-2\" data-pid=\"255685\">\n<div class=\"feat-holder\">\n<div class=\"p-featured ratio-v1\"><a class=\"p-flink\" href=\"https:\/\/ortodoxinfo.ro\/2026\/08\/06\/comisia-senatului-sua-cere-urmarirea-penala-a-lui-anthony-fauci\/\" title=\"Comisia Senatului SUA cere urm\u0103rirea penal\u0103 a lui Anthony Fauci\"><img decoding=\"async\" width=\"150\" height=\"150\" src=\"https:\/\/ortodoxinfo.ro\/wp-content\/uploads\/2026\/08\/comisia-senatului-sua-cere-urmarirea-penala-a-lui-anthony-fauci-84038-150x150.png\" class=\"featured-img wp-post-image\" alt loading=\"lazy\"><\/a><\/div>\n<\/div>\n<div class=\"p-content\">\n<h5 class=\"entry-title\"><a class=\"p-url\" href=\"https:\/\/ortodoxinfo.ro\/2026\/08\/06\/comisia-senatului-sua-cere-urmarirea-penala-a-lui-anthony-fauci\/\" rel=\"bookmark\">Comisia Senatului SUA cere urm\u0103rirea penal\u0103 a lui Anthony Fauci<\/a><\/h5>\n<div class=\"p-meta\">\n<div class=\"meta-inner is-meta\"><span class=\"meta-el meta-date\"><time datetime=\"2026-08-06T22:09:54+03:00\">6 august 2026<\/time><\/span><span class=\"meta-el meta-category meta-bold\"><a class=\"meta-separate category-19229\" href=\"https:\/\/ortodoxinfo.ro\/category\/anti-sistem\/reducerea-populatiei\/plandemia-covid-19\/\">plandemia covid-19<\/a><\/span><span class=\"meta-el meta-view\">3.5k vizualiz\u0103ri\t\t<\/span><\/div>\n<\/div>\n<\/div>\n<\/div>\n<div class=\"p-wrap p-small p-list-small-2\" data-pid=\"255717\">\n<div class=\"feat-holder\">\n<div class=\"p-featured ratio-v1\"><a class=\"p-flink\" href=\"https:\/\/ortodoxinfo.ro\/2026\/08\/06\/ursula-refuza-romania-sa-deschida-termocentralele-riscul-energetic-nu-a-fost-demonstrat-pnrr-nu-mai-poate-fi-renegociat-asta-a-facut-ghinea-de-la-usr\/\" title=\"Ursula refuz\u0103 Rom\u00e2nia s\u0103 deschid\u0103 termocentralele: Riscul energetic nu a fost demonstrat, PNRR nu mai poate fi renegociat. Asta a f\u0103cut Ghinea de la USR!\"><img decoding=\"async\" width=\"150\" height=\"150\" src=\"https:\/\/ortodoxinfo.ro\/wp-content\/uploads\/2026\/08\/termocentrala-paroseni-696x418-1-e1732207695926-150x150.jpg\" class=\"featured-img wp-post-image\" alt loading=\"lazy\"><\/a><\/div>\n<\/div>\n<div class=\"p-content\">\n<h5 class=\"entry-title\"><a class=\"p-url\" href=\"https:\/\/ortodoxinfo.ro\/2026\/08\/06\/ursula-refuza-romania-sa-deschida-termocentralele-riscul-energetic-nu-a-fost-demonstrat-pnrr-nu-mai-poate-fi-renegociat-asta-a-facut-ghinea-de-la-usr\/\" rel=\"bookmark\">Ursula refuz\u0103 Rom\u00e2nia s\u0103 deschid\u0103 termocentralele: Riscul energetic nu a fost demonstrat, PNRR nu mai poate fi renegociat. Asta a f\u0103cut Ghinea de la USR!<\/a><\/h5>\n<div class=\"p-meta\">\n<div class=\"meta-inner is-meta\"><span class=\"meta-el meta-date\"><time datetime=\"2026-08-06T21:44:42+03:00\">6 august 2026<\/time><\/span><span class=\"meta-el meta-category meta-bold\"><a class=\"meta-separate category-1538\" href=\"https:\/\/ortodoxinfo.ro\/category\/anti-sistem\/uniunea-europeana\/\">Uniunea european\u0103<\/a><\/span><span class=\"meta-el meta-view\">13.5k vizualiz\u0103ri\t\t<\/span><\/div>\n<\/div>\n<\/div>\n<\/div>\n<div class=\"p-wrap p-small p-list-small-2\" data-pid=\"255586\">\n<div class=\"feat-holder\">\n<div class=\"p-featured ratio-v1\"><a class=\"p-flink\" href=\"https:\/\/ortodoxinfo.ro\/2026\/08\/06\/bolojaf-ne-intoarce-inainte-de-89-guvernul-rationalizeaza-consumul-de-energie-printr-un-act-normativ\/\" title=\"Bolojaf ne \u00eentoarce \u00eenainte de 89: Guvernul ra\u021bionalizeaz\u0103 consumul de energie printr-un act normativ\"><img decoding=\"async\" width=\"150\" height=\"150\" src=\"https:\/\/ortodoxinfo.ro\/wp-content\/uploads\/2026\/08\/bolojan-mosteanu-e1781434700396-150x150.png\" class=\"featured-img wp-post-image\" alt loading=\"lazy\"><\/a><\/div>\n<\/div>\n<div class=\"p-content\">\n<h5 class=\"entry-title\"><a class=\"p-url\" href=\"https:\/\/ortodoxinfo.ro\/2026\/08\/06\/bolojaf-ne-intoarce-inainte-de-89-guvernul-rationalizeaza-consumul-de-energie-printr-un-act-normativ\/\" rel=\"bookmark\">Bolojaf ne \u00eentoarce \u00eenainte de 89: Guvernul ra\u021bionalizeaz\u0103 consumul de energie printr-un act normativ<\/a><\/h5>\n<div class=\"p-meta\">\n<div class=\"meta-inner is-meta\"><span class=\"meta-el meta-date\"><time datetime=\"2026-08-06T17:21:32+03:00\">6 august 2026<\/time><\/span><span class=\"meta-el meta-category meta-bold\"><a class=\"meta-separate category-19885\" href=\"https:\/\/ortodoxinfo.ro\/category\/anti-sistem\/anti-romanism\/asasinii-tarii\/\">Asasinii \u021b\u0103rii<\/a><\/span><span class=\"meta-el meta-view\">10.2k vizualiz\u0103ri\t\t<\/span><\/div>\n<\/div>\n<\/div>\n<\/div>\n<\/div>\n<\/div>\n<div id=\"custom_html-2\" class=\"widget_text widget rb-section w-sidebar clearfix widget_custom_html\">\n<div class=\"block-h widget-heading heading-layout-1\">\n<div class=\"heading-inner\">\n<h4 class=\"heading-title\"><span>DONA\u021aII \u00een cont bancar<\/span><\/h4>\n<\/div>\n<\/div>\n<div class=\"textwidget custom-html-widget\">\n<table class=\"donatii\">\n<tbody>\n<tr>\n<th colspan=\"2\"><strong><span>Asicia\u021bia SMI-B<\/span><\/strong><\/th>\n<\/tr>\n<tr>\n<th>Cont LEI<\/th>\n<td>RO67CECEB00030RON2081955<\/td>\n<\/tr>\n<tr>\n<th>Cont EURO<\/th>\n<td>RO33CECEB000C1EUR2081978<\/td>\n<\/tr>\n<tr>\n<th>Cod SWIFT<\/th>\n<td>CECEROBU<\/td>\n<\/tr>\n<tr>\n<th colspan=\"2\"><strong>CEC BANK SA<\/strong><\/th>\n<\/tr>\n<\/tbody>\n<\/table>\n<\/div>\n<\/div>\n<\/div>\n<\/div>\n<\/div>\n<\/article>\n<div class=\"entry-content rbct clearfix is-highlight-shares\">\n<div class=\"ruby-table-contents rbtoc table-left table-fw-single-col\">\n<div class=\"toc-header\"><span class=\"h3\">Sumar<\/span><\/div>\n<div class=\"toc-content h5\"><a href=\"https:\/\/ortodoxinfo.ro\/2026\/08\/07\/acord-istoric-de-aparare-turcia-arabia-saudita-pakistan\/#acordul-accelerat-de-evolutiile-din-regiune\" class=\"table-link no-link anchor-link\" data-index=\"rb-heading-index-0\">Acordul, accelerat de evolu\u021biile din regiune<\/a><a href=\"https:\/\/ortodoxinfo.ro\/2026\/08\/07\/acord-istoric-de-aparare-turcia-arabia-saudita-pakistan\/#liderii-celor-trei-state-se-intalnesc-la-jeddah\" class=\"table-link no-link anchor-link\" data-index=\"rb-heading-index-1\">Liderii celor trei state se \u00eent\u00e2lnesc la Jeddah<\/a><a href=\"https:\/\/ortodoxinfo.ro\/2026\/08\/07\/acord-istoric-de-aparare-turcia-arabia-saudita-pakistan\/#o-alianta-strategica-de-aparare-in-orientul-mijlociu\" class=\"table-link no-link anchor-link\" data-index=\"rb-heading-index-2\">O alian\u021b\u0103 strategic\u0103 de ap\u0103rare \u00een Orientul Mijlociu<\/a><\/div>\n<\/div>\n<p id=\"p-0\" class=\"p2\"><span class=\"s1\">Turcia, Arabia Saudit\u0103 \u0219i Pakistanul vor semna vineri, la Jeddah, un<\/span> acord comun de<span class=\"s1\"> ap\u0103rare. Potrivit unor surse apropiate autorit\u0103\u021bilor saudite \u0219i armatei citate de AFP, \u00een\u021belegerea are scopul de a \u00eent\u0103ri cooperarea \u00een domeniul securit\u0103\u021bii.<\/span><\/p>\n<h2 id=\"acordul-accelerat-de-evolutiile-din-regiune\" class=\"rb-heading-index-0 p3\"><span class=\"s1\">Acordul, accelerat de evolu\u021biile din regiune<\/span><\/h2>\n<p id=\"p-7\" class=\"p2\"><span class=\"s1\">Semnarea <\/span>documentului are loc pe fondul conflictul dintre Statele Unite \u0219i Irancare a avut efecte asupra mai multor state din Golf \u0219i a afectat traficul maritim prin Str\u00e2mtoarea Ormuz\u0219i Marea Ro\u0219ie.<\/p>\n<blockquote>\n<p id=\"p-8\" class=\"p2\"><span class=\"s1\">\u201eAcest acord a fost \u00een discu\u021bie de mult timp, dar ultimele evolu\u021bii din regiune au gr\u0103bit procesul\u201d, a declarat sursa, sub condi\u021bia anonimatului.<\/span><\/p>\n<\/blockquote>\n<p id=\"p-9\" class=\"p2\"><span class=\"s1\">O a doua surs\u0103 apropiat\u0103 guvernului saudit a confirmat, tot sub condi\u021bia anonimatului, c\u0103 acordul va fi semnat vineri.<\/span><\/p>\n<h2 id=\"liderii-celor-trei-state-se-intalnesc-la-jeddah\" class=\"rb-heading-index-1 p3\"><span class=\"s1\">Liderii celor trei state se \u00eent\u00e2lnesc la Jeddah<\/span><\/h2>\n<p id=\"p-10\" class=\"p2\"><span class=\"s1\">Prin\u021bul mo\u0219tenitor al<\/span> Arabiei Saudite,<span class=\"s1\"> Mohammed bin Salman, urmeaz\u0103 s\u0103 se \u00eent\u00e2lneasc\u0103 la Jeddah cu pre\u0219edintele Turciei, Recep Tayyip Erdogan, \u0219i cu premierul Pakistanului, Shehbaz Sharif.<\/span><\/p>\n<p id=\"p-11\" class=\"p2\"><span class=\"s1\">Sharif \u0219i \u0219eful armatei pakistaneze, Asim Munir, au ajuns joi \u00een Arabia Saudit\u0103 pentru o vizit\u0103 care se va \u00eencheia s\u00e2mb\u0103t\u0103, \u00een timp ce Erdogan este a\u0219teptat vineri, potrivit pre\u0219edin\u021biei turce.<\/span><\/p>\n<p id=\"p-12\" class=\"p2\"><span class=\"s1\">Ministerul de Externe al Pakistanului a precizat c\u0103 vizita oficial\u0103 se desf\u0103\u0219oar\u0103 \u00een perioada 6-8 august.<\/span><\/p>\n<blockquote>\n<p id=\"p-13\" class=\"p2\"><span class=\"s1\">\u201eDe\u0219i are loc pe fondul tensiunilor accentuate din Golf, vizita va avea o semnifica\u021bie care dep\u0103\u0219e\u0219te criza imediat\u0103 \u0219i considerentele pe termen scurt\u201d, a declarat joi purt\u0103torul de cuv\u00e2nt al Ministerului pakistanez de Externe, Tahir Andrabi.<\/span><\/p>\n<\/blockquote>\n<h2 id=\"o-alianta-strategica-de-aparare-in-orientul-mijlociu\" class=\"rb-heading-index-2 p3\">O alian\u021b\u0103 strategic\u0103 de ap\u0103rare \u00een Orientul Mijlociu<\/h2>\n<p id=\"p-14\" class=\"p2\"><span class=\"s1\">De mai multe luni, au existat specula\u021bii privind apropierea strategic\u0103 dintre cele trei state.<\/span><\/p>\n<p id=\"p-15\" class=\"p2\"><span class=\"s1\">Pakistanul a \u00eencercat s\u0103 medieze eforturile diplomatice pentru \u00eencheierea<\/span> conflictului dintre Statele Unite<span class=\"s1\"> \u0219i Iran, \u00een timp ce Turcia a fost implicat\u0103 \u00een negocierile privind conflictul din Gaza.<\/span><\/p>\n<p id=\"p-16\" class=\"p2\"><span class=\"s1\">Arabia Saudit\u0103 \u0219i Pakistanul anun\u021baser\u0103 deja inten\u021bia de a \u00eencheia un pact comun de ap\u0103rare \u00een 2025, o ini\u021biativ\u0103 care a atras aten\u021bia comunit\u0103\u021bii interna\u021bionale, \u00een condi\u021biile \u00een care Pakistanul este singurul stat cu popula\u021bie majoritar musulman\u0103 care de\u021bine arme nucleare.<\/span><\/p>\n<div class=\"inline-single-ad ad_single_3_index alignfull\">\n<div class=\"ad-wrap ad-script-wrap\">\n<div class=\"ad-script non-adsense edge-padding\">\n<div>\n\u203c\ufe0f\u203c\ufe0f NU recunoa\u0219tem ca pre\u0219edinte al Rom\u00e2niei pe marioneta retard\u0103 Nicu\u0219or Dan! Rom\u00e2ni, boicota\u021bi aceast\u0103 f\u0103c\u0103tur\u0103, care ne face \u021bara de r\u00e2s! NU rom\u00e2nii l-au votat pe Nicusoro\u0219 &#8211; cu unele excep\u021bii de persoane infantile, manipulabile \u0219i chiar idioate &#8211; ci l-au ajutat Maia Soro\u0219, Emanuel Macrou \u0219i tr\u0103d\u0103torii de la B.E.C. \u0219i CCR!<br \/>\n La \u00eenchisoare cu cei care au fraudat alegerile!\n<\/div>\n<\/div>\n<\/div>\n<\/div>\n<\/div>\n<p>[analyse_source url=&#8221;https:\/\/ortodoxinfo.ro\/2026\/08\/07\/acord-istoric-de-aparare-turcia-arabia-saudita-pakistan\/&#8221;]<\/p>\n","protected":false},"excerpt":{"rendered":"<p>[analyse_image type=&#8221;featured&#8221; src=&#8221;https:\/\/ortodoxinfo.ro\/wp-content\/uploads\/2026\/08\/4d1kv0t4_pakistan-turkey_625x300_23_april_25.jpeghttps:\/\/ortodoxinfo.ro\/wp-content\/uploads\/2026\/08\/4d1kv0t4_pakistan-turkey_625x300_23_april_25.jpeg&#8221;] Prima pagin\u0103 \u00bb Blog \u00bb Acord istoric de ap\u0103rare: Turcia, Arabia Saudit\u0103, Pakistan Acord istoric de ap\u0103rare: Turcia, Arabia Saudit\u0103, Pakistan 7 august 2026IRAN1.3k vizualiz\u0103ri Comentarii Share 2 Min Read SHARE OrtodoxINFO este supus unui sabotaj sistematic din partea reprezentan\u021bilor Google Rom\u00e2nia, at\u00e2t la afi\u0219\u0103ri c\u00e2t \u0219i \u00een rezultatele de c\u0103utare. Astfel [&hellip;]<\/p>\n","protected":false},"author":1,"featured_media":0,"comment_status":"open","ping_status":"","sticky":false,"template":"","format":"standard","meta":{"footnotes":""},"categories":[89],"tags":[226,94],"class_list":["post-2081764","post","type-post","status-publish","format-standard","hentry","category-romania","tag-crawlmanager","tag-ortodoxinfo-ro"],"_links":{"self":[{"href":"https:\/\/analyse.optim.biz\/index.php?rest_route=\/wp\/v2\/posts\/2081764","targetHints":{"allow":["GET"]}}],"collection":[{"href":"https:\/\/analyse.optim.biz\/index.php?rest_route=\/wp\/v2\/posts"}],"about":[{"href":"https:\/\/analyse.optim.biz\/index.php?rest_route=\/wp\/v2\/types\/post"}],"author":[{"embeddable":true,"href":"https:\/\/analyse.optim.biz\/index.php?rest_route=\/wp\/v2\/users\/1"}],"replies":[{"embeddable":true,"href":"https:\/\/analyse.optim.biz\/index.php?rest_route=%2Fwp%2Fv2%2Fcomments&post=2081764"}],"version-history":[{"count":0,"href":"https:\/\/analyse.optim.biz\/index.php?rest_route=\/wp\/v2\/posts\/2081764\/revisions"}],"wp:attachment":[{"href":"https:\/\/analyse.optim.biz\/index.php?rest_route=%2Fwp%2Fv2%2Fmedia&parent=2081764"}],"wp:term":[{"taxonomy":"category","embeddable":true,"href":"https:\/\/analyse.optim.biz\/index.php?rest_route=%2Fwp%2Fv2%2Fcategories&post=2081764"},{"taxonomy":"post_tag","embeddable":true,"href":"https:\/\/analyse.optim.biz\/index.php?rest_route=%2Fwp%2Fv2%2Ftags&post=2081764"}],"curies":[{"name":"wp","href":"https:\/\/api.w.org\/{rel}","templated":true}]}}