{"id":2081763,"date":"2026-08-06T18:44:42","date_gmt":"2026-08-06T15:44:42","guid":{"rendered":"https:\/\/analyse.optim.biz\/?p=2081763"},"modified":"2026-08-06T18:44:42","modified_gmt":"2026-08-06T15:44:42","slug":"ursula-refuza-romania-sa-deschida-termocentralele-riscul-energetic-nu-a-fost-demonstrat-pnrr-nu-mai-poate-fi-renegociat-asta-a-facut-ghinea-de-la-usr","status":"publish","type":"post","link":"https:\/\/analyse.optim.biz\/?p=2081763","title":{"rendered":"Ursula refuz\u0103 Rom\u00e2nia s\u0103 deschid\u0103 termocentralele: Riscul energetic nu a fost demonstrat, PNRR nu mai poate fi renegociat. Asta a f\u0103cut Ghinea de la USR!"},"content":{"rendered":"<p>[analyse_image type=&#8221;featured&#8221; src=&#8221;https:\/\/ortodoxinfo.ro\/wp-content\/uploads\/2026\/08\/termocentrala-paroseni-696&#215;418-1-e1732207695926.jpghttps:\/\/ortodoxinfo.ro\/wp-content\/uploads\/2026\/08\/termocentrala-paroseni-696&#215;418-1-e1732207695926.jpg&#8221;]<\/p>\n<article id=\"post-255717\" class=\"post-255717 post type-post status-publish format-standard has-post-thumbnail category-uniunea-europeana\">\n<header class=\"single-header\">\n<aside class=\"breadcrumb-wrap breadcrumb-yoast s-breadcrumb\">\n<div class=\"breadcrumb-inner\"><span><span><a href=\"https:\/\/ortodoxinfo.ro\/\">Prima pagin\u0103<\/a><\/span> \u00bb <span><a href=\"https:\/\/ortodoxinfo.ro\/blog\/\">Blog<\/a><\/span> \u00bb <span class=\"breadcrumb_last\" aria-current=\"page\">Ursula refuz\u0103 Rom\u00e2nia s\u0103 deschid\u0103 termocentralele: Riscul energetic nu a fost demonstrat, PNRR nu mai poate fi renegociat. Asta a f\u0103cut Ghinea de la USR!<\/span><\/span><\/div>\n<\/aside>\n<h1 class=\"s-title fw-headline\">Ursula refuz\u0103 Rom\u00e2nia s\u0103 deschid\u0103 termocentralele: Riscul energetic nu a fost demonstrat, PNRR nu mai poate fi renegociat. Asta a f\u0103cut Ghinea de la USR!<\/h1>\n<div class=\"single-meta meta-s-default yes-0\">\n<div class=\"smeta-in\"><a class=\"meta-el meta-avatar\" href=\"https:\/\/ortodoxinfo.ro\/author\/redactor\/\"><img loading=\"lazy\" decoding=\"async\" alt=\"OrtodoxINFO\" src=\"https:\/\/secure.gravatar.com\/avatar\/21010332354a182ce4de6016685c5586f21c51866d0ec5bc8ef383240b3c3e02?s=120&amp;r=g\" class=\"avatar avatar-120 photo\" height=\"120\" width=\"120\"><\/a><\/p>\n<div class=\"smeta-sec\">\n<div class=\"p-meta\">\n<div class=\"meta-inner is-meta\"><span class=\"meta-el meta-date\"><time datetime=\"2026-08-06T21:44:42+03:00\">6 august 2026<\/time><\/span><span class=\"meta-el meta-category meta-bold\"><a class=\"meta-separate category-1538\" href=\"https:\/\/ortodoxinfo.ro\/category\/anti-sistem\/uniunea-europeana\/\">Uniunea european\u0103<\/a><\/span><span class=\"meta-el meta-view\">13.5k vizualiz\u0103ri\t\t<\/span><span class=\"meta-el meta-comment mobile-last-meta tablet-last-meta\"><a href=\"https:\/\/ortodoxinfo.ro\/2026\/08\/06\/ursula-refuza-romania-sa-deschida-termocentralele-riscul-energetic-nu-a-fost-demonstrat-pnrr-nu-mai-poate-fi-renegociat-asta-a-facut-ghinea-de-la-usr\/#comments\">1 comentariu<\/a><\/span><\/div>\n<\/div>\n<\/div>\n<\/div>\n<div class=\"smeta-extra\">\n<div class=\"t-shared-sec tooltips-n has-read-meta is-color\">\n<div class=\"t-shared-header is-meta\"><span class=\"share-label\">Share<\/span><\/div>\n<\/div>\n<div class=\"single-right-meta single-time-read is-meta\"><span class=\"meta-el meta-read\">6 Min Read<\/span><\/div>\n<\/div>\n<\/div>\n<\/header>\n<div class=\"grid-container\">\n<div class=\"s-ct\">\n<div class=\"s-feat-outer\">\n<div class=\"s-feat\">\n<div class=\"featured-lightbox-trigger\" data-source=\"https:\/\/ortodoxinfo.ro\/wp-content\/uploads\/2026\/08\/termocentrala-paroseni-696x418-1-e1732207695926.jpg\" data-caption data-attribution><img fetchpriority=\"high\" decoding=\"async\" width=\"600\" height=\"360\" src=\"https:\/\/ortodoxinfo.ro\/wp-content\/uploads\/2026\/08\/termocentrala-paroseni-696x418-1-e1732207695926.jpg\" class=\"attachment-foxiz_crop_o1 size-foxiz_crop_o1 wp-post-image\" alt loading=\"eager\"><\/div>\n<\/div>\n<\/div>\n<div class=\"s-ct-wrap has-lsl\">\n<div class=\"s-ct-inner\">\n<div class=\"l-shared-sec-outer show-mobile\">\n<div class=\"l-shared-sec\">\n<div class=\"l-shared-header meta-text\"><span class=\"share-label\">SHARE<\/span><\/div>\n<\/div>\n<\/div>\n<div class=\"e-ct-outer\">\n<div class=\"entry-top\">\n<div id=\"custom_html-3\" class=\"widget_text widget entry-widget clearfix widget_custom_html\">\n<div class=\"textwidget custom-html-widget\">\n<div><small><br \/>\n    OrtodoxINFO este supus unui sabotaj sistematic din partea reprezentan\u021bilor Google Rom\u00e2nia, at\u00e2t la afi\u0219\u0103ri c\u00e2t \u0219i \u00een rezultatele de c\u0103utare.<br \/>\n        Astfel c\u0103 veniturile din publicitate au sc\u0103zut de p\u00e2n\u0103 la <strong>10 ori<\/strong>. Situa\u021bia este similar\u0103 \u0219i pe Facebook.<\/p>\n<p>        V\u0103 invit\u0103m s\u0103 accesa\u021bi direct site-ul \u0219i s\u0103 v\u0103 abona\u021bi la notific\u0103ri.<\/p>\n<p>    Dac\u0103 dori\u021bi s\u0103 ne sus\u021bine\u021bi \u00een aceast\u0103 perioad\u0103 dificil\u0103, orice <a href=\"https:\/\/ortodoxinfo.ro\/donatii\/\">dona\u021bie<\/a> este binevenit\u0103.<br \/>\n    Dumnezeu s\u0103 v\u0103 r\u0103spl\u0103teasc\u0103!<br \/>\n<\/small><\/div>\n<\/div>\n<\/div>\n<\/div>\n<div class=\"entry-content rbct clearfix is-highlight-shares\">\n<div class=\"ruby-table-contents rbtoc table-left table-fw-single-col\">\n<div class=\"toc-header\"><span class=\"h3\">Sumar<\/span><\/div>\n<div class=\"toc-content h5\"><a href=\"https:\/\/ortodoxinfo.ro\/2026\/08\/06\/ursula-refuza-romania-sa-deschida-termocentralele-riscul-energetic-nu-a-fost-demonstrat-pnrr-nu-mai-poate-fi-renegociat-asta-a-facut-ghinea-de-la-usr\/#bucurestiul-si-bruxellesul-citesc-diferit-aceeasi-opinie\" class=\"table-link no-link anchor-link\" data-index=\"rb-heading-index-0\">Bucure\u0219tiul \u0219i Bruxelles-ul citesc diferit aceea\u0219i opinie<\/a><a href=\"https:\/\/ortodoxinfo.ro\/2026\/08\/06\/ursula-refuza-romania-sa-deschida-termocentralele-riscul-energetic-nu-a-fost-demonstrat-pnrr-nu-mai-poate-fi-renegociat-asta-a-facut-ghinea-de-la-usr\/#ce-probleme-a-descoperit-acer-in-studiul-romaniei\" class=\"table-link no-link anchor-link\" data-index=\"rb-heading-index-1\">Ce probleme a descoperit ACER \u00een studiul Rom\u00e2niei<\/a><a href=\"https:\/\/ortodoxinfo.ro\/2026\/08\/06\/ursula-refuza-romania-sa-deschida-termocentralele-riscul-energetic-nu-a-fost-demonstrat-pnrr-nu-mai-poate-fi-renegociat-asta-a-facut-ghinea-de-la-usr\/#transelectrica-vrea-pastrarea-unor-grupuri-de-la-rovinari-si-turceni\" class=\"table-link no-link anchor-link\" data-index=\"rb-heading-index-2\">Transelectrica vrea p\u0103strarea unor grupuri de la Rovinari \u0219i Turceni<\/a><a href=\"https:\/\/ortodoxinfo.ro\/2026\/08\/06\/ursula-refuza-romania-sa-deschida-termocentralele-riscul-energetic-nu-a-fost-demonstrat-pnrr-nu-mai-poate-fi-renegociat-asta-a-facut-ghinea-de-la-usr\/#renegocierea-pnrr-ar-fi-venit-prea-tarziu\" class=\"table-link no-link anchor-link\" data-index=\"rb-heading-index-3\">Renegocierea PNRR ar fi venit prea t\u00e2rziu<\/a><a href=\"https:\/\/ortodoxinfo.ro\/2026\/08\/06\/ursula-refuza-romania-sa-deschida-termocentralele-riscul-energetic-nu-a-fost-demonstrat-pnrr-nu-mai-poate-fi-renegociat-asta-a-facut-ghinea-de-la-usr\/#legea-adoptata-de-parlament-poate-bloca-platile-din-pnrr\" class=\"table-link no-link anchor-link\" data-index=\"rb-heading-index-4\">Legea adoptat\u0103 de Parlament poate bloca pl\u0103\u021bile din PNRR<\/a><a href=\"https:\/\/ortodoxinfo.ro\/2026\/08\/06\/ursula-refuza-romania-sa-deschida-termocentralele-riscul-energetic-nu-a-fost-demonstrat-pnrr-nu-mai-poate-fi-renegociat-asta-a-facut-ghinea-de-la-usr\/#romania-prinsa-intre-siguranta-energetica-si-banii-europeni\" class=\"table-link no-link anchor-link\" data-index=\"rb-heading-index-5\">Rom\u00e2nia, prins\u0103 \u00eentre siguran\u021ba energetic\u0103 \u0219i banii europeni<\/a><\/div>\n<\/div>\n<p>Comisia European\u0103 consider\u0103 c\u0103 Rom\u00e2nia nu a demonstrat c\u0103 \u00eenchiderea termocentralelor pe\u00a0c\u0103rbune\u00a0la termenele asumate ar pune \u00een pericol aprovizionarea cu energie electric\u0103, potrivit informa\u021biilor publicate de\u00a0<a href=\"https:\/\/www.profit.ro\/povesti-cu-profit\/energie\/exclusiv-comisia-europeana-considera-ca-romania-nu-a-demonstrat-ca-inchiderea-termocentralelor-pe-carbune-la-termenele-asumate-i-ar-ameninta-securitatea-aprovizionarii-cu-energie-22593401\">Profit.ro<\/a>. Pozi\u021bia Bruxelles-ului intr\u0103 \u00een contradic\u021bie cu interpretarea Transelectrica, care sus\u021bine c\u0103 studiul s\u0103u de adecvan\u021b\u0103 arat\u0103 necesitatea p\u0103str\u0103rii temporare a unor grupuri pe lignit.<\/p>\n<p>Miza dep\u0103\u0219e\u0219te func\u021bionarea termocentralelor de la Rovinari \u0219i Turceni. Modificarea angajamentelor privind renun\u021barea la\u00a0c\u0103rbune\u00a0poate afecta cererile de plat\u0103 din PNRR \u0219i poate atrage noi penalit\u0103\u021bi pentru Rom\u00e2nia.<\/p>\n<h2 id=\"bucurestiul-si-bruxellesul-citesc-diferit-aceeasi-opinie\" class=\"rb-heading-index-0\">Bucure\u0219tiul \u0219i Bruxelles-ul citesc diferit aceea\u0219i opinie<\/h2>\n<p>Disputa porne\u0219te de la studiul de adecvan\u021b\u0103 realizat de Transelectrica \u0219i de la opinia emis\u0103 ulterior de Agen\u021bia Uniunii Europene pentru Cooperarea Autorit\u0103\u021bilor de Reglementare din Energie \u2013 ACER.<\/p>\n<p>Transelectrica sus\u021bine c\u0103 aplicarea \u00eentocmai a actualului calendar de decarbonare ar putea crea probleme de func\u021bionare Sistemului Electroenergetic Na\u021bional \u00een 2027, mai ales dac\u0103 noua central\u0103 pe gaze de la Mintia nu va fi pus\u0103 \u00een func\u021biune la timp.<\/p>\n<p>Operatorul rom\u00e2n interpreteaz\u0103 observa\u021biile ACER drept o confirmare a principalelor riscuri identificate \u00een studiu.<\/p>\n<p>Comisia European\u0103 ajunge \u00eens\u0103 la concluzia opus\u0103. Bruxelles-ul consider\u0103 c\u0103 problemele metodologice semnalate de ACER nu permit folosirea studiului drept dovad\u0103 c\u0103 \u00eenchiderea centralelor pe\u00a0c\u0103rbune\u00a0ar amenin\u021ba securitatea aprovizion\u0103rii.<\/p>\n<h2 id=\"ce-probleme-a-descoperit-acer-in-studiul-romaniei\" class=\"rb-heading-index-1\">Ce probleme a descoperit ACER \u00een studiul Rom\u00e2niei<\/h2>\n<p>\u00cen\u00a0<a href=\"https:\/\/www.acer.europa.eu\/news\/romanian-adequacy-assessment-delayed-energy-transition-affects-security-supply-decisions\">opinia publicat\u0103 \u00een luna iulie<\/a>, ACER confirm\u0103 c\u0103 studiul rom\u00e2nesc identific\u0103 riscuri pentru aprovizionarea cu energie \u00een 2027 \u0219i 2035 mai mari dec\u00e2t cele indicate de evaluarea realizat\u0103 la nivel european.<\/p>\n<p>Agen\u021bia arat\u0103 c\u0103 tranzi\u021bia energetic\u0103 a Rom\u00e2niei avanseaz\u0103 mai lent dec\u00e2t era prev\u0103zut. Au ap\u0103rut \u00eent\u00e2rzieri \u00een dezvoltarea capacit\u0103\u021bilor regenerabile, \u00een construirea unor noi centrale termice \u0219i \u00een extinderea solu\u021biilor de flexibilitate, precum bateriile \u0219i reducerea controlat\u0103 a consumului.<\/p>\n<p>ACER cere \u00eens\u0103 ca analiza Rom\u00e2niei s\u0103 fie consolidat\u0103 \u0219i actualizat\u0103. Printre problemele indicate se num\u0103r\u0103 modul \u00een care au fost estimate noile capacit\u0103\u021bi de produc\u021bie, ritmul retragerii centralelor pe\u00a0c\u0103rbune \u0219i contribu\u021bia viitoare a sistemelor de stocare \u0219i a consumului flexibil.<\/p>\n<div class=\"inline-single-ad ad_single_3_index alignfull\">\n<div class=\"ad-wrap ad-script-wrap\">\n<div class=\"ad-script non-adsense edge-padding\">\n<div>\n\u203c\ufe0f\u203c\ufe0f NU recunoa\u0219tem ca pre\u0219edinte al Rom\u00e2niei pe marioneta retard\u0103 Nicu\u0219or Dan! Rom\u00e2ni, boicota\u021bi aceast\u0103 f\u0103c\u0103tur\u0103, care ne face \u021bara de r\u00e2s! NU rom\u00e2nii l-au votat pe Nicusoro\u0219 &#8211; cu unele excep\u021bii de persoane infantile, manipulabile \u0219i chiar idioate &#8211; ci l-au ajutat Maia Soro\u0219, Emanuel Macrou \u0219i tr\u0103d\u0103torii de la B.E.C. \u0219i CCR!<br \/>\n La \u00eenchisoare cu cei care au fraudat alegerile!\n<\/div>\n<\/div>\n<\/div>\n<\/div>\n<p>Agen\u021bia solicit\u0103 \u0219i o analiz\u0103 realist\u0103 a viabilit\u0103\u021bii economice a investi\u021biilor. Nu este suficient ca anumite centrale, baterii sau sisteme flexibile s\u0103 fie anun\u021bate: studiul trebuie s\u0103 arate dac\u0103 acestea au \u0219anse reale s\u0103 fie construite \u0219i s\u0103 intre \u00een func\u021biune la termen.<\/p>\n<p>Comisia European\u0103 interpreteaz\u0103 aceste observa\u021bii ca pe ni\u0219te deficien\u021be care pot modifica semnificativ rezultatele finale ale studiului.<\/p>\n<h2 id=\"transelectrica-vrea-pastrarea-unor-grupuri-de-la-rovinari-si-turceni\" class=\"rb-heading-index-2\">Transelectrica vrea p\u0103strarea unor grupuri de la Rovinari \u0219i Turceni<\/h2>\n<p>Pentru a evita un deficit de capacitate, Transelectrica recomand\u0103 men\u021binerea temporar\u0103 \u00een exploatare a trei grupuri pe lignit de la Rovinari \u0219i a dou\u0103 de la Turceni.<\/p>\n<p>C\u00e2te un grup din fiecare central\u0103 ar urma s\u0103 fie trecut \u00een rezerv\u0103 tehnic\u0103. Puterea total\u0103 disponibil\u0103 a unit\u0103\u021bilor vizate ar fi de aproximativ 854 MW.<\/p>\n<p>Studiul a fost comandat inclusiv pentru a sus\u021bine solicitarea autorit\u0103\u021bilor rom\u00e2ne de am\u00e2nare a unor termene privind eliminarea c\u0103rbunelui din produc\u021bia de energie.<\/p>\n<p>Documentele publicate de\u00a0Transelectrica\u00a0indic\u0103 riscuri pentru 2027 \u0219i 2035, \u00een condi\u021biile \u00een care noile capacit\u0103\u021bi pe gaze, regenerabile \u0219i de stocare nu sunt realizate conform calendarului.<\/p>\n<h2 id=\"renegocierea-pnrr-ar-fi-venit-prea-tarziu\" class=\"rb-heading-index-3\">Renegocierea PNRR ar fi venit prea t\u00e2rziu<\/h2>\n<p>Dincolo de disputa tehnic\u0103, Rom\u00e2nia se confrunt\u0103 cu o problem\u0103 de calendar. Comisia European\u0103 consider\u0103 c\u0103 jalonul de decarbonare 119a nu mai poate fi renegociat, potrivit informa\u021biilor Profit.ro.<\/p>\n<p>Jalonul a r\u0103mas neschimbat la revizuirea PNRR din iulie 2026, iar perioada de implementare a planului se \u00eencheie la 31 august 2026. \u00cen aceste condi\u021bii, Bruxelles-ul consider\u0103 c\u0103 nu mai exist\u0103 timpul procedural necesar pentru modificarea angajamentelor.<\/p>\n<p>Asta \u00eenseamn\u0103 c\u0103 o decizie unilateral\u0103 de am\u00e2nare a \u00eenchiderii termocentralelor poate fi interpretat\u0103 drept nerespectarea obliga\u021biilor asumate de Rom\u00e2nia.<\/p>\n<h2 id=\"legea-adoptata-de-parlament-poate-bloca-platile-din-pnrr\" class=\"rb-heading-index-4\">Legea adoptat\u0103 de Parlament poate bloca pl\u0103\u021bile din PNRR<\/h2>\n<p>Senatul \u0219i Camera Deputa\u021bilor au adoptat prevederi care permit construirea \u0219i punerea \u00een func\u021biune a unor noi centrale pe c\u0103rbune \u0219i condi\u021bioneaz\u0103 \u00eenchiderea capacit\u0103\u021bilor existente de realizarea unor unit\u0103\u021bi de produc\u021bie care s\u0103 le \u00eenlocuiasc\u0103.<\/p>\n<p>Ministrul Investi\u021biilor \u0219i Proiectelor Europene, Drago\u0219 P\u00eeslaru, a avertizat \u00een Parlament c\u0103 modific\u0103rile pot \u00eempiedica Rom\u00e2nia s\u0103 mai depun\u0103 cereri de plat\u0103 \u00een cadrul PNRR.<\/p>\n<p>Acesta a invocat o scrisoare tehnic\u0103 a Comisiei Europene \u0219i a ar\u0103tat c\u0103 noile prevederi pot produce \u201ereversibilitatea\u201d jalonului 114. \u00cen limbajul PNRR, reversibilitatea apare atunci c\u00e2nd un stat revine asupra unei reforme sau a unei m\u0103suri deja considerate \u00eendeplinite.<\/p>\n<p>Consecin\u021ba ar putea fi aplicarea unor corec\u021bii financiare mai mari dec\u00e2t penalit\u0103\u021bile asociate exclusiv jalonului 119a.<\/p>\n<p>Pre\u0219edintele Nicu\u0219or Dan a declarat c\u0103 analizeaz\u0103 posibilitatea de a retrimite legea \u00een Parlament.<\/p>\n<h2 id=\"romania-prinsa-intre-siguranta-energetica-si-banii-europeni\" class=\"rb-heading-index-5\">Rom\u00e2nia, prins\u0103 \u00eentre siguran\u021ba energetic\u0103 \u0219i banii europeni<\/h2>\n<p>Situa\u021bia creeaz\u0103 un conflict dificil pentru autorit\u0103\u021bile rom\u00e2ne. Transelectrica avertizeaz\u0103 c\u0103 eliminarea prea rapid\u0103 a produc\u021biei pe c\u0103rbune, \u00eenainte de finalizarea centralelor pe gaze \u0219i a noilor capacit\u0103\u021bi regenerabile, poate sl\u0103bi siguran\u021ba sistemului.<\/p>\n<p>Comisia European\u0103 nu consider\u0103 \u00eens\u0103 c\u0103 Rom\u00e2nia a prezentat o demonstra\u021bie tehnic\u0103 suficient de solid\u0103 pentru modificarea angajamentelor. \u00cen plus, calendarul PNRR este aproape \u00eenchis.<\/p>\n<p>Rom\u00e2nia trebuie astfel s\u0103 evite simultan dou\u0103 riscuri: apari\u021bia unui deficit de energie dup\u0103 retragerea unor grupuri pe c\u0103rbune \u0219i pierderea unor fonduri europene dac\u0103 am\u00e2n\u0103 unilateral \u00eenchiderea acestora.<\/p>\n<\/div>\n<\/div>\n<\/div>\n<div class=\"e-shared-sec entry-sec\">\n<div class=\"e-shared-header h4\"><span>Distribuie<\/span><\/div>\n<div class=\"rbbsl tooltips-n effect-fadeout is-bg\"><a class=\"share-action share-trigger icon-facebook\" aria-label=\"Share on Facebook\" href=\"https:\/\/www.facebook.com\/sharer.php?u=https%3A%2F%2Fortodoxinfo.ro%2F2026%2F08%2F06%2Fursula-refuza-romania-sa-deschida-termocentralele-riscul-energetic-nu-a-fost-demonstrat-pnrr-nu-mai-poate-fi-renegociat-asta-a-facut-ghinea-de-la-usr%2F\" data-title=\"Facebook\" rel=\"nofollow\"><span>Facebook<\/span><\/a><a class=\"share-action share-trigger icon-twitter\" aria-label=\"Share on X\" href=\"https:\/\/twitter.com\/intent\/tweet?text=Ursula+refuz%C4%83+Rom%C3%A2nia+s%C4%83+deschid%C4%83+termocentralele%3A+Riscul+energetic+nu+a+fost+demonstrat%2C+PNRR+nu+mai+poate+fi+renegociat.+Asta+a+f%C4%83cut+Ghinea+de+la+USR%21&amp;url=https%3A%2F%2Fortodoxinfo.ro%2F2026%2F08%2F06%2Fursula-refuza-romania-sa-deschida-termocentralele-riscul-energetic-nu-a-fost-demonstrat-pnrr-nu-mai-poate-fi-renegociat-asta-a-facut-ghinea-de-la-usr%2F&amp;via=ortodoxinforo\" data-title=\"X\" rel=\"nofollow\"><span>X<\/span><\/a><a class=\"share-action icon-whatsapp is-web\" aria-label=\"Share on Whatsapp\" href=\"https:\/\/web.whatsapp.com\/send?text=Ursula+refuz%C4%83+Rom%C3%A2nia+s%C4%83+deschid%C4%83+termocentralele%3A+Riscul+energetic+nu+a+fost+demonstrat%2C+PNRR+nu+mai+poate+fi+renegociat.+Asta+a+f%C4%83cut+Ghinea+de+la+USR%21%20%E2%98%9E%20https%3A%2F%2Fortodoxinfo.ro%2F2026%2F08%2F06%2Fursula-refuza-romania-sa-deschida-termocentralele-riscul-energetic-nu-a-fost-demonstrat-pnrr-nu-mai-poate-fi-renegociat-asta-a-facut-ghinea-de-la-usr%2F\" target=\"_blank\" data-title=\"WhatsApp\" rel=\"nofollow\"><span>Whatsapp<\/span><\/a><a class=\"share-action icon-whatsapp is-mobile\" aria-label=\"Share on Whatsapp\" href=\"\/\/send?text=Ursula+refuz%C4%83+Rom%C3%A2nia+s%C4%83+deschid%C4%83+termocentralele%3A+Riscul+energetic+nu+a+fost+demonstrat%2C+PNRR+nu+mai+poate+fi+renegociat.+Asta+a+f%C4%83cut+Ghinea+de+la+USR%21%20%E2%98%9E%20https%3A%2F%2Fortodoxinfo.ro%2F2026%2F08%2F06%2Fursula-refuza-romania-sa-deschida-termocentralele-riscul-energetic-nu-a-fost-demonstrat-pnrr-nu-mai-poate-fi-renegociat-asta-a-facut-ghinea-de-la-usr%2F\" target=\"_blank\" data-title=\"WhatsApp\" rel=\"nofollow\"><span>Whatsapp<\/span><\/a><a class=\"share-action share-trigger icon-telegram\" aria-label=\"Share on Telegram\" href=\"https:\/\/t.me\/share\/?url=https%3A%2F%2Fortodoxinfo.ro%2F2026%2F08%2F06%2Fursula-refuza-romania-sa-deschida-termocentralele-riscul-energetic-nu-a-fost-demonstrat-pnrr-nu-mai-poate-fi-renegociat-asta-a-facut-ghinea-de-la-usr%2F&amp;text=Ursula+refuz%C4%83+Rom%C3%A2nia+s%C4%83+deschid%C4%83+termocentralele%3A+Riscul+energetic+nu+a+fost+demonstrat%2C+PNRR+nu+mai+poate+fi+renegociat.+Asta+a+f%C4%83cut+Ghinea+de+la+USR%21\" data-title=\"Telegram\" rel=\"nofollow\"><span>Telegram<\/span><\/a><a class=\"share-action icon-copy copy-trigger\" aria-label=\"Copy Link\" href=\"https:\/\/ortodoxinfo.ro\/2026\/08\/06\/ursula-refuza-romania-sa-deschida-termocentralele-riscul-energetic-nu-a-fost-demonstrat-pnrr-nu-mai-poate-fi-renegociat-asta-a-facut-ghinea-de-la-usr\/\" data-copied=\"Copied!\" data-link=\"https:\/\/ortodoxinfo.ro\/2026\/08\/06\/ursula-refuza-romania-sa-deschida-termocentralele-riscul-energetic-nu-a-fost-demonstrat-pnrr-nu-mai-poate-fi-renegociat-asta-a-facut-ghinea-de-la-usr\/\" rel=\"nofollow\" data-copy=\"Copy Link\"><span>Copy Link<\/span><\/a><a class=\"share-action icon-print\" aria-label=\"Print\" rel=\"nofollow\" data-title=\"Print\"><span>Print<\/span><\/a><\/div>\n<\/div>\n<\/div>\n<div id=\"tabs\" class=\"dntplgn_form_wrapper\"><span><\/p>\n<h2>\u0218tirile sunt sub cenzur\u0103! Sprijini\u021bi OrtodoxINFO!<\/h2>\n<p>Guvernul nu dore\u0219te aflarea adev\u0103rului despre lovitura de stat \u0219i \u00eengenuncherea Rom\u00e2niei. \u00cencerc\u0103m s\u0103 men\u021binem viu acest site \u0219i s\u0103 v\u0103 punem la dispozi\u021bie informa\u021bii care s\u0103 fac\u0103 lumin\u0103 \u00een cea mai mare provocare pe care o tr\u0103im. Jurnalismul independent al portalului OrtodoxINFO func\u021bioneaz\u0103 strict cu ajutorul cititorilor.<br \/>\nNe pute\u021bi sprijini printr-o <b><a href=\"https:\/\/ortodoxinfo.ro\/donatii\/\">dona\u021bie bancar\u0103<\/a> sau prin PayPal, complet\u00e2nd formularul de mai jos.<\/b><\/span><\/p>\n<ul>\n<li><a href=\"https:\/\/ortodoxinfo.ro\/2026\/08\/06\/ursula-refuza-romania-sa-deschida-termocentralele-riscul-energetic-nu-a-fost-demonstrat-pnrr-nu-mai-poate-fi-renegociat-asta-a-facut-ghinea-de-la-usr\/#tabs-1\">Dona\u021bie lunar\u0103<\/a><\/li>\n<li><a href=\"https:\/\/ortodoxinfo.ro\/2026\/08\/06\/ursula-refuza-romania-sa-deschida-termocentralele-riscul-energetic-nu-a-fost-demonstrat-pnrr-nu-mai-poate-fi-renegociat-asta-a-facut-ghinea-de-la-usr\/#tabs-2\">Doar acum<\/a><\/li>\n<\/ul>\n<div id=\"tabs-1\"><img loading=\"lazy\" decoding=\"async\" alt border=\"0\" src=\"https:\/\/www.paypalobjects.com\/en_US\/i\/scr\/pixel.gif\" width=\"1\" height=\"1\"><\/div>\n<div id=\"tabs-2\">\n<p>\t\t     \u20ac<\/p>\n<p>\t\t    <img loading=\"lazy\" decoding=\"async\" alt border=\"0\" src=\"https:\/\/www.paypalobjects.com\/en_US\/i\/scr\/pixel.gif\" width=\"1\" height=\"1\"><\/div>\n<p>Mul\u021bumim celor care ne-au ajutat p\u00e2n\u0103 acum!\n\t<\/p><\/div>\n<div class=\"comment-box-wrap entry-sec\">\n<div class=\"comment-box-header\"><span class=\"h3\">1 comentariu<\/span><\/div>\n<div class=\"comment-holder\">\n<div id=\"comments\" class=\"comments-area\">\n<div class=\"rb-section\">\n<ul class=\"comment-list entry\">\n<li id=\"comment-250830\" class=\"comment even thread-even depth-1\">\n<article id=\"div-comment-250830\" class=\"comment-body\">\n<footer class=\"comment-meta\">\n<div class=\"comment-author vcard\"><img loading=\"lazy\" decoding=\"async\" alt src=\"https:\/\/secure.gravatar.com\/avatar\/132fd989bad4ee2d55aa9692aa73d0475d12ca598eaa976fcddf813d6586cb5e?s=100&amp;r=g\" class=\"avatar avatar-100 photo\" height=\"100\" width=\"100\"><b class=\"fn\">Magda<\/b><span class=\"says\">spune:<\/span><\/div>\n<div class=\"comment-metadata\"><a href=\"https:\/\/ortodoxinfo.ro\/2026\/08\/06\/ursula-refuza-romania-sa-deschida-termocentralele-riscul-energetic-nu-a-fost-demonstrat-pnrr-nu-mai-poate-fi-renegociat-asta-a-facut-ghinea-de-la-usr\/#comment-250830\"><time datetime=\"2026-08-06T22:09:35+03:00\">6 august 2026 la 22:09<\/time><\/a><\/div>\n<\/footer>\n<div class=\"comment-content\">\n<p>Cine e Ursula ? Rom\u00e2nia trebuie s\u0103 \u00eenceteze cu aceast\u0103 obedien\u021b\u0103 \u00een fa\u021ba c\u0103l\u0103ilor \u0219i barbarilor de tiran, care pr\u0103bu\u0219esc aceast\u0103 \u021bar\u0103 \u00een criz\u0103 dup\u0103 criz\u0103 : politic\u0103, economic\u0103, social\u0103, industrial\u0103, agricol\u0103 \u0219i \u00ee\u0219i bate joc de rom\u00e2ni, de c\u00e2nd Rom\u00e2nia a intrat \u00een aceast\u0103 organiza\u021bie. De c\u00e2nd am intrat \u00een aceast\u0103 organiza\u021bie mizerabila, satanic\u0103, ne-a tratat c\u0103 pe ni\u0219te cer\u0219etori, ca pe ni\u0219te paria, ca pe cet\u0103\u021beni de m\u00e2na a \u0219aptea. Chiar \u0219i \u021biganii nomazi sunt mai respecta\u021bi de aceast\u0103 organiza\u021bie mizerabil\u0103, care \u00een afar\u0103 de a ne fura resursele, de a ne umili \u0219i a ne distruge economic, nu a f\u0103cut nimic pentru noi.<\/p>\n<\/div>\n<div class=\"reply\"><a rel=\"nofollow\" class=\"comment-reply-link\" href=\"https:\/\/ortodoxinfo.ro\/2026\/08\/06\/ursula-refuza-romania-sa-deschida-termocentralele-riscul-energetic-nu-a-fost-demonstrat-pnrr-nu-mai-poate-fi-renegociat-asta-a-facut-ghinea-de-la-usr\/#comment-250830\" data-commentid=\"250830\" data-postid=\"255717\" data-belowelement=\"div-comment-250830\" data-respondelement=\"respond\" data-replyto=\"R\u0103spunde-i lui Magda\" aria-label=\"R\u0103spunde-i lui Magda\">R\u0103spunde<\/a><\/div>\n<\/article>\n<\/li>\n<\/ul>\n<\/div>\n<div id=\"respond\" class=\"comment-respond\">\n<h3 id=\"reply-title\" class=\"comment-reply-title\">Las\u0103 un r\u0103spuns <small><a rel=\"nofollow\" id=\"cancel-comment-reply-link\" href=\"https:\/\/ortodoxinfo.ro\/2026\/08\/06\/ursula-refuza-romania-sa-deschida-termocentralele-riscul-energetic-nu-a-fost-demonstrat-pnrr-nu-mai-poate-fi-renegociat-asta-a-facut-ghinea-de-la-usr\/#respond\">Anuleaz\u0103 r\u0103spunsul<\/a><\/small><\/h3>\n<p class=\"comment-notes\"><span id=\"email-notes\">Adresa ta de email nu va fi publicat\u0103.<\/span><span class=\"required-field-message\">C\u00e2mpurile obligatorii sunt marcate cu <span class=\"required\">*<\/span><\/span><\/p>\n<\/div>\n<\/div>\n<\/div>\n<\/div>\n<\/div>\n<div class=\"sidebar-wrap single-sidebar\">\n<div class=\"sidebar-inner clearfix\">\n<div id=\"widget-post-2\" class=\"widget rb-section w-sidebar clearfix widget-post\">\n<div class=\"block-h widget-heading heading-layout-1\">\n<div class=\"heading-inner\">\n<h4 class=\"heading-title\"><span>Articole recente<\/span><\/h4>\n<\/div>\n<\/div>\n<div class=\"widget-p-listing\">\n<div class=\"p-wrap p-small p-list-small-2\" data-pid=\"255814\">\n<div class=\"feat-holder\">\n<div class=\"p-featured ratio-v1\"><a class=\"p-flink\" href=\"https:\/\/ortodoxinfo.ro\/2026\/08\/07\/gheorghe-piperea-romania-va-da-inapoi-banii-din-pnrr\/\" title=\"Gheorghe Piperea: Rom\u00e2nia va da \u00eenapoi banii din PNRR\"><img decoding=\"async\" width=\"150\" height=\"150\" src=\"https:\/\/ortodoxinfo.ro\/wp-content\/uploads\/2026\/08\/gheorghe-piperea-150x150.png\" class=\"featured-img wp-post-image\" alt loading=\"lazy\"><\/a><\/div>\n<\/div>\n<div class=\"p-content\">\n<h5 class=\"entry-title\"><a class=\"p-url\" href=\"https:\/\/ortodoxinfo.ro\/2026\/08\/07\/gheorghe-piperea-romania-va-da-inapoi-banii-din-pnrr\/\" rel=\"bookmark\">Gheorghe Piperea: Rom\u00e2nia va da \u00eenapoi banii din PNRR<\/a><\/h5>\n<div class=\"p-meta\">\n<div class=\"meta-inner is-meta\"><span class=\"meta-el meta-date\"><time datetime=\"2026-08-07T09:22:54+03:00\">7 august 2026<\/time><\/span><span class=\"meta-el meta-category meta-bold\"><a class=\"meta-separate category-19885\" href=\"https:\/\/ortodoxinfo.ro\/category\/anti-sistem\/anti-romanism\/asasinii-tarii\/\">Asasinii \u021b\u0103rii<\/a><\/span><span class=\"meta-el meta-view\">1.8k vizualiz\u0103ri\t\t<\/span><\/div>\n<\/div>\n<\/div>\n<\/div>\n<div class=\"p-wrap p-small p-list-small-2\" data-pid=\"255847\">\n<div class=\"feat-holder\">\n<div class=\"p-featured ratio-v1\"><a class=\"p-flink\" href=\"https:\/\/ortodoxinfo.ro\/2026\/08\/07\/acord-istoric-de-aparare-turcia-arabia-saudita-pakistan\/\" title=\"Acord istoric de ap\u0103rare: Turcia, Arabia Saudit\u0103, Pakistan\"><img decoding=\"async\" width=\"150\" height=\"150\" src=\"https:\/\/ortodoxinfo.ro\/wp-content\/uploads\/2026\/08\/4d1kv0t4_pakistan-turkey_625x300_23_april_25-150x150.jpeg\" class=\"featured-img wp-post-image\" alt loading=\"lazy\"><\/a><\/div>\n<\/div>\n<div class=\"p-content\">\n<h5 class=\"entry-title\"><a class=\"p-url\" href=\"https:\/\/ortodoxinfo.ro\/2026\/08\/07\/acord-istoric-de-aparare-turcia-arabia-saudita-pakistan\/\" rel=\"bookmark\">Acord istoric de ap\u0103rare: Turcia, Arabia Saudit\u0103, Pakistan<\/a><\/h5>\n<div class=\"p-meta\">\n<div class=\"meta-inner is-meta\"><span class=\"meta-el meta-date\"><time datetime=\"2026-08-07T09:20:10+03:00\">7 august 2026<\/time><\/span><span class=\"meta-el meta-category meta-bold\"><a class=\"meta-separate category-20293\" href=\"https:\/\/ortodoxinfo.ro\/category\/anti-sistem\/al-iii-lea-razboi-mondial\/iran\/\">IRAN<\/a><\/span><span class=\"meta-el meta-view\">1.3k vizualiz\u0103ri\t\t<\/span><\/div>\n<\/div>\n<\/div>\n<\/div>\n<div class=\"p-wrap p-small p-list-small-2\" data-pid=\"255685\">\n<div class=\"feat-holder\">\n<div class=\"p-featured ratio-v1\"><a class=\"p-flink\" href=\"https:\/\/ortodoxinfo.ro\/2026\/08\/06\/comisia-senatului-sua-cere-urmarirea-penala-a-lui-anthony-fauci\/\" title=\"Comisia Senatului SUA cere urm\u0103rirea penal\u0103 a lui Anthony Fauci\"><img decoding=\"async\" width=\"150\" height=\"150\" src=\"https:\/\/ortodoxinfo.ro\/wp-content\/uploads\/2026\/08\/comisia-senatului-sua-cere-urmarirea-penala-a-lui-anthony-fauci-84038-150x150.png\" class=\"featured-img wp-post-image\" alt loading=\"lazy\"><\/a><\/div>\n<\/div>\n<div class=\"p-content\">\n<h5 class=\"entry-title\"><a class=\"p-url\" href=\"https:\/\/ortodoxinfo.ro\/2026\/08\/06\/comisia-senatului-sua-cere-urmarirea-penala-a-lui-anthony-fauci\/\" rel=\"bookmark\">Comisia Senatului SUA cere urm\u0103rirea penal\u0103 a lui Anthony Fauci<\/a><\/h5>\n<div class=\"p-meta\">\n<div class=\"meta-inner is-meta\"><span class=\"meta-el meta-date\"><time datetime=\"2026-08-06T22:09:54+03:00\">6 august 2026<\/time><\/span><span class=\"meta-el meta-category meta-bold\"><a class=\"meta-separate category-19229\" href=\"https:\/\/ortodoxinfo.ro\/category\/anti-sistem\/reducerea-populatiei\/plandemia-covid-19\/\">plandemia covid-19<\/a><\/span><span class=\"meta-el meta-view\">3.5k vizualiz\u0103ri\t\t<\/span><\/div>\n<\/div>\n<\/div>\n<\/div>\n<div class=\"p-wrap p-small p-list-small-2\" data-pid=\"255586\">\n<div class=\"feat-holder\">\n<div class=\"p-featured ratio-v1\"><a class=\"p-flink\" href=\"https:\/\/ortodoxinfo.ro\/2026\/08\/06\/bolojaf-ne-intoarce-inainte-de-89-guvernul-rationalizeaza-consumul-de-energie-printr-un-act-normativ\/\" title=\"Bolojaf ne \u00eentoarce \u00eenainte de 89: Guvernul ra\u021bionalizeaz\u0103 consumul de energie printr-un act normativ\"><img decoding=\"async\" width=\"150\" height=\"150\" src=\"https:\/\/ortodoxinfo.ro\/wp-content\/uploads\/2026\/08\/bolojan-mosteanu-e1781434700396-150x150.png\" class=\"featured-img wp-post-image\" alt loading=\"lazy\"><\/a><\/div>\n<\/div>\n<div class=\"p-content\">\n<h5 class=\"entry-title\"><a class=\"p-url\" href=\"https:\/\/ortodoxinfo.ro\/2026\/08\/06\/bolojaf-ne-intoarce-inainte-de-89-guvernul-rationalizeaza-consumul-de-energie-printr-un-act-normativ\/\" rel=\"bookmark\">Bolojaf ne \u00eentoarce \u00eenainte de 89: Guvernul ra\u021bionalizeaz\u0103 consumul de energie printr-un act normativ<\/a><\/h5>\n<div class=\"p-meta\">\n<div class=\"meta-inner is-meta\"><span class=\"meta-el meta-date\"><time datetime=\"2026-08-06T17:21:32+03:00\">6 august 2026<\/time><\/span><span class=\"meta-el meta-category meta-bold\"><a class=\"meta-separate category-19885\" href=\"https:\/\/ortodoxinfo.ro\/category\/anti-sistem\/anti-romanism\/asasinii-tarii\/\">Asasinii \u021b\u0103rii<\/a><\/span><span class=\"meta-el meta-view\">10.2k vizualiz\u0103ri\t\t<\/span><\/div>\n<\/div>\n<\/div>\n<\/div>\n<\/div>\n<\/div>\n<div id=\"custom_html-2\" class=\"widget_text widget rb-section w-sidebar clearfix widget_custom_html\">\n<div class=\"block-h widget-heading heading-layout-1\">\n<div class=\"heading-inner\">\n<h4 class=\"heading-title\"><span>DONA\u021aII \u00een cont bancar<\/span><\/h4>\n<\/div>\n<\/div>\n<div class=\"textwidget custom-html-widget\">\n<table class=\"donatii\">\n<tbody>\n<tr>\n<th colspan=\"2\"><strong><span>Asicia\u021bia SMI-B<\/span><\/strong><\/th>\n<\/tr>\n<tr>\n<th>Cont LEI<\/th>\n<td>RO67CECEB00030RON2081955<\/td>\n<\/tr>\n<tr>\n<th>Cont EURO<\/th>\n<td>RO33CECEB000C1EUR2081978<\/td>\n<\/tr>\n<tr>\n<th>Cod SWIFT<\/th>\n<td>CECEROBU<\/td>\n<\/tr>\n<tr>\n<th colspan=\"2\"><strong>CEC BANK SA<\/strong><\/th>\n<\/tr>\n<\/tbody>\n<\/table>\n<\/div>\n<\/div>\n<\/div>\n<\/div>\n<\/div>\n<\/article>\n<div class=\"entry-content rbct clearfix is-highlight-shares\">\n<div class=\"ruby-table-contents rbtoc table-left table-fw-single-col\">\n<div class=\"toc-header\"><span class=\"h3\">Sumar<\/span><\/div>\n<div class=\"toc-content h5\"><a href=\"https:\/\/ortodoxinfo.ro\/2026\/08\/06\/ursula-refuza-romania-sa-deschida-termocentralele-riscul-energetic-nu-a-fost-demonstrat-pnrr-nu-mai-poate-fi-renegociat-asta-a-facut-ghinea-de-la-usr\/#bucurestiul-si-bruxellesul-citesc-diferit-aceeasi-opinie\" class=\"table-link no-link anchor-link\" data-index=\"rb-heading-index-0\">Bucure\u0219tiul \u0219i Bruxelles-ul citesc diferit aceea\u0219i opinie<\/a><a href=\"https:\/\/ortodoxinfo.ro\/2026\/08\/06\/ursula-refuza-romania-sa-deschida-termocentralele-riscul-energetic-nu-a-fost-demonstrat-pnrr-nu-mai-poate-fi-renegociat-asta-a-facut-ghinea-de-la-usr\/#ce-probleme-a-descoperit-acer-in-studiul-romaniei\" class=\"table-link no-link anchor-link\" data-index=\"rb-heading-index-1\">Ce probleme a descoperit ACER \u00een studiul Rom\u00e2niei<\/a><a href=\"https:\/\/ortodoxinfo.ro\/2026\/08\/06\/ursula-refuza-romania-sa-deschida-termocentralele-riscul-energetic-nu-a-fost-demonstrat-pnrr-nu-mai-poate-fi-renegociat-asta-a-facut-ghinea-de-la-usr\/#transelectrica-vrea-pastrarea-unor-grupuri-de-la-rovinari-si-turceni\" class=\"table-link no-link anchor-link\" data-index=\"rb-heading-index-2\">Transelectrica vrea p\u0103strarea unor grupuri de la Rovinari \u0219i Turceni<\/a><a href=\"https:\/\/ortodoxinfo.ro\/2026\/08\/06\/ursula-refuza-romania-sa-deschida-termocentralele-riscul-energetic-nu-a-fost-demonstrat-pnrr-nu-mai-poate-fi-renegociat-asta-a-facut-ghinea-de-la-usr\/#renegocierea-pnrr-ar-fi-venit-prea-tarziu\" class=\"table-link no-link anchor-link\" data-index=\"rb-heading-index-3\">Renegocierea PNRR ar fi venit prea t\u00e2rziu<\/a><a href=\"https:\/\/ortodoxinfo.ro\/2026\/08\/06\/ursula-refuza-romania-sa-deschida-termocentralele-riscul-energetic-nu-a-fost-demonstrat-pnrr-nu-mai-poate-fi-renegociat-asta-a-facut-ghinea-de-la-usr\/#legea-adoptata-de-parlament-poate-bloca-platile-din-pnrr\" class=\"table-link no-link anchor-link\" data-index=\"rb-heading-index-4\">Legea adoptat\u0103 de Parlament poate bloca pl\u0103\u021bile din PNRR<\/a><a href=\"https:\/\/ortodoxinfo.ro\/2026\/08\/06\/ursula-refuza-romania-sa-deschida-termocentralele-riscul-energetic-nu-a-fost-demonstrat-pnrr-nu-mai-poate-fi-renegociat-asta-a-facut-ghinea-de-la-usr\/#romania-prinsa-intre-siguranta-energetica-si-banii-europeni\" class=\"table-link no-link anchor-link\" data-index=\"rb-heading-index-5\">Rom\u00e2nia, prins\u0103 \u00eentre siguran\u021ba energetic\u0103 \u0219i banii europeni<\/a><\/div>\n<\/div>\n<p>Comisia European\u0103 consider\u0103 c\u0103 Rom\u00e2nia nu a demonstrat c\u0103 \u00eenchiderea termocentralelor pe\u00a0c\u0103rbune\u00a0la termenele asumate ar pune \u00een pericol aprovizionarea cu energie electric\u0103, potrivit informa\u021biilor publicate de\u00a0<a href=\"https:\/\/www.profit.ro\/povesti-cu-profit\/energie\/exclusiv-comisia-europeana-considera-ca-romania-nu-a-demonstrat-ca-inchiderea-termocentralelor-pe-carbune-la-termenele-asumate-i-ar-ameninta-securitatea-aprovizionarii-cu-energie-22593401\">Profit.ro<\/a>. Pozi\u021bia Bruxelles-ului intr\u0103 \u00een contradic\u021bie cu interpretarea Transelectrica, care sus\u021bine c\u0103 studiul s\u0103u de adecvan\u021b\u0103 arat\u0103 necesitatea p\u0103str\u0103rii temporare a unor grupuri pe lignit.<\/p>\n<p>Miza dep\u0103\u0219e\u0219te func\u021bionarea termocentralelor de la Rovinari \u0219i Turceni. Modificarea angajamentelor privind renun\u021barea la\u00a0c\u0103rbune\u00a0poate afecta cererile de plat\u0103 din PNRR \u0219i poate atrage noi penalit\u0103\u021bi pentru Rom\u00e2nia.<\/p>\n<h2 id=\"bucurestiul-si-bruxellesul-citesc-diferit-aceeasi-opinie\" class=\"rb-heading-index-0\">Bucure\u0219tiul \u0219i Bruxelles-ul citesc diferit aceea\u0219i opinie<\/h2>\n<p>Disputa porne\u0219te de la studiul de adecvan\u021b\u0103 realizat de Transelectrica \u0219i de la opinia emis\u0103 ulterior de Agen\u021bia Uniunii Europene pentru Cooperarea Autorit\u0103\u021bilor de Reglementare din Energie \u2013 ACER.<\/p>\n<p>Transelectrica sus\u021bine c\u0103 aplicarea \u00eentocmai a actualului calendar de decarbonare ar putea crea probleme de func\u021bionare Sistemului Electroenergetic Na\u021bional \u00een 2027, mai ales dac\u0103 noua central\u0103 pe gaze de la Mintia nu va fi pus\u0103 \u00een func\u021biune la timp.<\/p>\n<p>Operatorul rom\u00e2n interpreteaz\u0103 observa\u021biile ACER drept o confirmare a principalelor riscuri identificate \u00een studiu.<\/p>\n<p>Comisia European\u0103 ajunge \u00eens\u0103 la concluzia opus\u0103. Bruxelles-ul consider\u0103 c\u0103 problemele metodologice semnalate de ACER nu permit folosirea studiului drept dovad\u0103 c\u0103 \u00eenchiderea centralelor pe\u00a0c\u0103rbune\u00a0ar amenin\u021ba securitatea aprovizion\u0103rii.<\/p>\n<h2 id=\"ce-probleme-a-descoperit-acer-in-studiul-romaniei\" class=\"rb-heading-index-1\">Ce probleme a descoperit ACER \u00een studiul Rom\u00e2niei<\/h2>\n<p>\u00cen\u00a0<a href=\"https:\/\/www.acer.europa.eu\/news\/romanian-adequacy-assessment-delayed-energy-transition-affects-security-supply-decisions\">opinia publicat\u0103 \u00een luna iulie<\/a>, ACER confirm\u0103 c\u0103 studiul rom\u00e2nesc identific\u0103 riscuri pentru aprovizionarea cu energie \u00een 2027 \u0219i 2035 mai mari dec\u00e2t cele indicate de evaluarea realizat\u0103 la nivel european.<\/p>\n<p>Agen\u021bia arat\u0103 c\u0103 tranzi\u021bia energetic\u0103 a Rom\u00e2niei avanseaz\u0103 mai lent dec\u00e2t era prev\u0103zut. Au ap\u0103rut \u00eent\u00e2rzieri \u00een dezvoltarea capacit\u0103\u021bilor regenerabile, \u00een construirea unor noi centrale termice \u0219i \u00een extinderea solu\u021biilor de flexibilitate, precum bateriile \u0219i reducerea controlat\u0103 a consumului.<\/p>\n<p>ACER cere \u00eens\u0103 ca analiza Rom\u00e2niei s\u0103 fie consolidat\u0103 \u0219i actualizat\u0103. Printre problemele indicate se num\u0103r\u0103 modul \u00een care au fost estimate noile capacit\u0103\u021bi de produc\u021bie, ritmul retragerii centralelor pe\u00a0c\u0103rbune \u0219i contribu\u021bia viitoare a sistemelor de stocare \u0219i a consumului flexibil.<\/p>\n<div class=\"inline-single-ad ad_single_3_index alignfull\">\n<div class=\"ad-wrap ad-script-wrap\">\n<div class=\"ad-script non-adsense edge-padding\">\n<div>\n\u203c\ufe0f\u203c\ufe0f NU recunoa\u0219tem ca pre\u0219edinte al Rom\u00e2niei pe marioneta retard\u0103 Nicu\u0219or Dan! Rom\u00e2ni, boicota\u021bi aceast\u0103 f\u0103c\u0103tur\u0103, care ne face \u021bara de r\u00e2s! NU rom\u00e2nii l-au votat pe Nicusoro\u0219 &#8211; cu unele excep\u021bii de persoane infantile, manipulabile \u0219i chiar idioate &#8211; ci l-au ajutat Maia Soro\u0219, Emanuel Macrou \u0219i tr\u0103d\u0103torii de la B.E.C. \u0219i CCR!<br \/>\n La \u00eenchisoare cu cei care au fraudat alegerile!\n<\/div>\n<\/div>\n<\/div>\n<\/div>\n<p>Agen\u021bia solicit\u0103 \u0219i o analiz\u0103 realist\u0103 a viabilit\u0103\u021bii economice a investi\u021biilor. Nu este suficient ca anumite centrale, baterii sau sisteme flexibile s\u0103 fie anun\u021bate: studiul trebuie s\u0103 arate dac\u0103 acestea au \u0219anse reale s\u0103 fie construite \u0219i s\u0103 intre \u00een func\u021biune la termen.<\/p>\n<p>Comisia European\u0103 interpreteaz\u0103 aceste observa\u021bii ca pe ni\u0219te deficien\u021be care pot modifica semnificativ rezultatele finale ale studiului.<\/p>\n<h2 id=\"transelectrica-vrea-pastrarea-unor-grupuri-de-la-rovinari-si-turceni\" class=\"rb-heading-index-2\">Transelectrica vrea p\u0103strarea unor grupuri de la Rovinari \u0219i Turceni<\/h2>\n<p>Pentru a evita un deficit de capacitate, Transelectrica recomand\u0103 men\u021binerea temporar\u0103 \u00een exploatare a trei grupuri pe lignit de la Rovinari \u0219i a dou\u0103 de la Turceni.<\/p>\n<p>C\u00e2te un grup din fiecare central\u0103 ar urma s\u0103 fie trecut \u00een rezerv\u0103 tehnic\u0103. Puterea total\u0103 disponibil\u0103 a unit\u0103\u021bilor vizate ar fi de aproximativ 854 MW.<\/p>\n<p>Studiul a fost comandat inclusiv pentru a sus\u021bine solicitarea autorit\u0103\u021bilor rom\u00e2ne de am\u00e2nare a unor termene privind eliminarea c\u0103rbunelui din produc\u021bia de energie.<\/p>\n<p>Documentele publicate de\u00a0Transelectrica\u00a0indic\u0103 riscuri pentru 2027 \u0219i 2035, \u00een condi\u021biile \u00een care noile capacit\u0103\u021bi pe gaze, regenerabile \u0219i de stocare nu sunt realizate conform calendarului.<\/p>\n<h2 id=\"renegocierea-pnrr-ar-fi-venit-prea-tarziu\" class=\"rb-heading-index-3\">Renegocierea PNRR ar fi venit prea t\u00e2rziu<\/h2>\n<p>Dincolo de disputa tehnic\u0103, Rom\u00e2nia se confrunt\u0103 cu o problem\u0103 de calendar. Comisia European\u0103 consider\u0103 c\u0103 jalonul de decarbonare 119a nu mai poate fi renegociat, potrivit informa\u021biilor Profit.ro.<\/p>\n<p>Jalonul a r\u0103mas neschimbat la revizuirea PNRR din iulie 2026, iar perioada de implementare a planului se \u00eencheie la 31 august 2026. \u00cen aceste condi\u021bii, Bruxelles-ul consider\u0103 c\u0103 nu mai exist\u0103 timpul procedural necesar pentru modificarea angajamentelor.<\/p>\n<p>Asta \u00eenseamn\u0103 c\u0103 o decizie unilateral\u0103 de am\u00e2nare a \u00eenchiderii termocentralelor poate fi interpretat\u0103 drept nerespectarea obliga\u021biilor asumate de Rom\u00e2nia.<\/p>\n<h2 id=\"legea-adoptata-de-parlament-poate-bloca-platile-din-pnrr\" class=\"rb-heading-index-4\">Legea adoptat\u0103 de Parlament poate bloca pl\u0103\u021bile din PNRR<\/h2>\n<p>Senatul \u0219i Camera Deputa\u021bilor au adoptat prevederi care permit construirea \u0219i punerea \u00een func\u021biune a unor noi centrale pe c\u0103rbune \u0219i condi\u021bioneaz\u0103 \u00eenchiderea capacit\u0103\u021bilor existente de realizarea unor unit\u0103\u021bi de produc\u021bie care s\u0103 le \u00eenlocuiasc\u0103.<\/p>\n<p>Ministrul Investi\u021biilor \u0219i Proiectelor Europene, Drago\u0219 P\u00eeslaru, a avertizat \u00een Parlament c\u0103 modific\u0103rile pot \u00eempiedica Rom\u00e2nia s\u0103 mai depun\u0103 cereri de plat\u0103 \u00een cadrul PNRR.<\/p>\n<p>Acesta a invocat o scrisoare tehnic\u0103 a Comisiei Europene \u0219i a ar\u0103tat c\u0103 noile prevederi pot produce \u201ereversibilitatea\u201d jalonului 114. \u00cen limbajul PNRR, reversibilitatea apare atunci c\u00e2nd un stat revine asupra unei reforme sau a unei m\u0103suri deja considerate \u00eendeplinite.<\/p>\n<p>Consecin\u021ba ar putea fi aplicarea unor corec\u021bii financiare mai mari dec\u00e2t penalit\u0103\u021bile asociate exclusiv jalonului 119a.<\/p>\n<p>Pre\u0219edintele Nicu\u0219or Dan a declarat c\u0103 analizeaz\u0103 posibilitatea de a retrimite legea \u00een Parlament.<\/p>\n<h2 id=\"romania-prinsa-intre-siguranta-energetica-si-banii-europeni\" class=\"rb-heading-index-5\">Rom\u00e2nia, prins\u0103 \u00eentre siguran\u021ba energetic\u0103 \u0219i banii europeni<\/h2>\n<p>Situa\u021bia creeaz\u0103 un conflict dificil pentru autorit\u0103\u021bile rom\u00e2ne. Transelectrica avertizeaz\u0103 c\u0103 eliminarea prea rapid\u0103 a produc\u021biei pe c\u0103rbune, \u00eenainte de finalizarea centralelor pe gaze \u0219i a noilor capacit\u0103\u021bi regenerabile, poate sl\u0103bi siguran\u021ba sistemului.<\/p>\n<p>Comisia European\u0103 nu consider\u0103 \u00eens\u0103 c\u0103 Rom\u00e2nia a prezentat o demonstra\u021bie tehnic\u0103 suficient de solid\u0103 pentru modificarea angajamentelor. \u00cen plus, calendarul PNRR este aproape \u00eenchis.<\/p>\n<p>Rom\u00e2nia trebuie astfel s\u0103 evite simultan dou\u0103 riscuri: apari\u021bia unui deficit de energie dup\u0103 retragerea unor grupuri pe c\u0103rbune \u0219i pierderea unor fonduri europene dac\u0103 am\u00e2n\u0103 unilateral \u00eenchiderea acestora.<\/p>\n<\/div>\n<p>[analyse_source url=&#8221;https:\/\/ortodoxinfo.ro\/2026\/08\/06\/ursula-refuza-romania-sa-deschida-termocentralele-riscul-energetic-nu-a-fost-demonstrat-pnrr-nu-mai-poate-fi-renegociat-asta-a-facut-ghinea-de-la-usr\/&#8221;]<\/p>\n","protected":false},"excerpt":{"rendered":"<p>[analyse_image type=&#8221;featured&#8221; src=&#8221;https:\/\/ortodoxinfo.ro\/wp-content\/uploads\/2026\/08\/termocentrala-paroseni-696&#215;418-1-e1732207695926.jpghttps:\/\/ortodoxinfo.ro\/wp-content\/uploads\/2026\/08\/termocentrala-paroseni-696&#215;418-1-e1732207695926.jpg&#8221;] Prima pagin\u0103 \u00bb Blog \u00bb Ursula refuz\u0103 Rom\u00e2nia s\u0103 deschid\u0103 termocentralele: Riscul energetic nu a fost demonstrat, PNRR nu mai poate fi renegociat. Asta a f\u0103cut Ghinea de la USR! Ursula refuz\u0103 Rom\u00e2nia s\u0103 deschid\u0103 termocentralele: Riscul energetic nu a fost demonstrat, PNRR nu mai poate fi renegociat. Asta a f\u0103cut Ghinea [&hellip;]<\/p>\n","protected":false},"author":1,"featured_media":0,"comment_status":"open","ping_status":"","sticky":false,"template":"","format":"standard","meta":{"footnotes":""},"categories":[89],"tags":[226,94],"class_list":["post-2081763","post","type-post","status-publish","format-standard","hentry","category-romania","tag-crawlmanager","tag-ortodoxinfo-ro"],"_links":{"self":[{"href":"https:\/\/analyse.optim.biz\/index.php?rest_route=\/wp\/v2\/posts\/2081763","targetHints":{"allow":["GET"]}}],"collection":[{"href":"https:\/\/analyse.optim.biz\/index.php?rest_route=\/wp\/v2\/posts"}],"about":[{"href":"https:\/\/analyse.optim.biz\/index.php?rest_route=\/wp\/v2\/types\/post"}],"author":[{"embeddable":true,"href":"https:\/\/analyse.optim.biz\/index.php?rest_route=\/wp\/v2\/users\/1"}],"replies":[{"embeddable":true,"href":"https:\/\/analyse.optim.biz\/index.php?rest_route=%2Fwp%2Fv2%2Fcomments&post=2081763"}],"version-history":[{"count":0,"href":"https:\/\/analyse.optim.biz\/index.php?rest_route=\/wp\/v2\/posts\/2081763\/revisions"}],"wp:attachment":[{"href":"https:\/\/analyse.optim.biz\/index.php?rest_route=%2Fwp%2Fv2%2Fmedia&parent=2081763"}],"wp:term":[{"taxonomy":"category","embeddable":true,"href":"https:\/\/analyse.optim.biz\/index.php?rest_route=%2Fwp%2Fv2%2Fcategories&post=2081763"},{"taxonomy":"post_tag","embeddable":true,"href":"https:\/\/analyse.optim.biz\/index.php?rest_route=%2Fwp%2Fv2%2Ftags&post=2081763"}],"curies":[{"name":"wp","href":"https:\/\/api.w.org\/{rel}","templated":true}]}}