{"id":2081762,"date":"2026-08-06T19:45:06","date_gmt":"2026-08-06T16:45:06","guid":{"rendered":"https:\/\/analyse.optim.biz\/?p=2081762"},"modified":"2026-08-06T19:45:06","modified_gmt":"2026-08-06T16:45:06","slug":"comisia-senatului-sua-cere-urmarirea-penala-a-lui-anthony-fauci","status":"publish","type":"post","link":"https:\/\/analyse.optim.biz\/?p=2081762","title":{"rendered":"Comisia Senatului SUA cere urm\u0103rirea penal\u0103 a lui Anthony Fauci"},"content":{"rendered":"<p>[analyse_image type=&#8221;featured&#8221; src=&#8221;https:\/\/ortodoxinfo.ro\/wp-content\/uploads\/2026\/08\/comisia-senatului-sua-cere-urmarirea-penala-a-lui-anthony-fauci-84038.pnghttps:\/\/ortodoxinfo.ro\/wp-content\/uploads\/2026\/08\/comisia-senatului-sua-cere-urmarirea-penala-a-lui-anthony-fauci-84038.png&#8221;]<\/p>\n<article id=\"post-255685\" class=\"post-255685 post type-post status-publish format-standard has-post-thumbnail category-plandemia-covid-19\">\n<header class=\"single-header\">\n<aside class=\"breadcrumb-wrap breadcrumb-yoast s-breadcrumb\">\n<div class=\"breadcrumb-inner\"><span><span><a href=\"https:\/\/ortodoxinfo.ro\/\">Prima pagin\u0103<\/a><\/span> \u00bb <span><a href=\"https:\/\/ortodoxinfo.ro\/blog\/\">Blog<\/a><\/span> \u00bb <span class=\"breadcrumb_last\" aria-current=\"page\">Comisia Senatului SUA cere urm\u0103rirea penal\u0103 a lui Anthony Fauci<\/span><\/span><\/div>\n<\/aside>\n<h1 class=\"s-title fw-headline\">Comisia Senatului SUA cere urm\u0103rirea penal\u0103 a lui Anthony Fauci<\/h1>\n<div class=\"single-meta meta-s-default yes-0\">\n<div class=\"smeta-in\"><a class=\"meta-el meta-avatar\" href=\"https:\/\/ortodoxinfo.ro\/author\/redactor\/\"><img loading=\"lazy\" decoding=\"async\" alt=\"OrtodoxINFO\" src=\"https:\/\/secure.gravatar.com\/avatar\/21010332354a182ce4de6016685c5586f21c51866d0ec5bc8ef383240b3c3e02?s=120&amp;r=g\" class=\"avatar avatar-120 photo\" height=\"120\" width=\"120\"><\/a><\/p>\n<div class=\"smeta-sec\">\n<div class=\"p-meta\">\n<div class=\"meta-inner is-meta\"><span class=\"meta-el meta-date\"><time datetime=\"2026-08-06T22:09:54+03:00\">6 august 2026<\/time><\/span><span class=\"meta-el meta-category meta-bold\"><a class=\"meta-separate category-19229\" href=\"https:\/\/ortodoxinfo.ro\/category\/anti-sistem\/reducerea-populatiei\/plandemia-covid-19\/\">plandemia covid-19<\/a><\/span><span class=\"meta-el meta-view\">3.5k vizualiz\u0103ri\t\t<\/span><span class=\"meta-el meta-comment mobile-last-meta tablet-last-meta\"><a href=\"https:\/\/ortodoxinfo.ro\/2026\/08\/06\/comisia-senatului-sua-cere-urmarirea-penala-a-lui-anthony-fauci\/#respond\">Comentarii<\/a><\/span><\/div>\n<\/div>\n<\/div>\n<\/div>\n<div class=\"smeta-extra\">\n<div class=\"t-shared-sec tooltips-n has-read-meta is-color\">\n<div class=\"t-shared-header is-meta\"><span class=\"share-label\">Share<\/span><\/div>\n<\/div>\n<div class=\"single-right-meta single-time-read is-meta\"><span class=\"meta-el meta-read\">5 Min Read<\/span><\/div>\n<\/div>\n<\/div>\n<\/header>\n<div class=\"grid-container\">\n<div class=\"s-ct\">\n<div class=\"s-feat-outer\">\n<div class=\"s-feat\">\n<div class=\"featured-lightbox-trigger\" data-source=\"https:\/\/ortodoxinfo.ro\/wp-content\/uploads\/2026\/08\/comisia-senatului-sua-cere-urmarirea-penala-a-lui-anthony-fauci-84038.png\" data-caption data-attribution><img fetchpriority=\"high\" decoding=\"async\" width=\"860\" height=\"452\" src=\"https:\/\/ortodoxinfo.ro\/wp-content\/uploads\/2026\/08\/comisia-senatului-sua-cere-urmarirea-penala-a-lui-anthony-fauci-84038-860x452.png\" class=\"attachment-foxiz_crop_o1 size-foxiz_crop_o1 wp-post-image\" alt loading=\"eager\"><\/div>\n<\/div>\n<\/div>\n<div class=\"s-ct-wrap has-lsl\">\n<div class=\"s-ct-inner\">\n<div class=\"l-shared-sec-outer show-mobile\">\n<div class=\"l-shared-sec\">\n<div class=\"l-shared-header meta-text\"><span class=\"share-label\">SHARE<\/span><\/div>\n<\/div>\n<\/div>\n<div class=\"e-ct-outer\">\n<div class=\"entry-top\">\n<div id=\"custom_html-3\" class=\"widget_text widget entry-widget clearfix widget_custom_html\">\n<div class=\"textwidget custom-html-widget\">\n<div><small><br \/>\n    OrtodoxINFO este supus unui sabotaj sistematic din partea reprezentan\u021bilor Google Rom\u00e2nia, at\u00e2t la afi\u0219\u0103ri c\u00e2t \u0219i \u00een rezultatele de c\u0103utare.<br \/>\n        Astfel c\u0103 veniturile din publicitate au sc\u0103zut de p\u00e2n\u0103 la <strong>10 ori<\/strong>. Situa\u021bia este similar\u0103 \u0219i pe Facebook.<\/p>\n<p>        V\u0103 invit\u0103m s\u0103 accesa\u021bi direct site-ul \u0219i s\u0103 v\u0103 abona\u021bi la notific\u0103ri.<\/p>\n<p>    Dac\u0103 dori\u021bi s\u0103 ne sus\u021bine\u021bi \u00een aceast\u0103 perioad\u0103 dificil\u0103, orice <a href=\"https:\/\/ortodoxinfo.ro\/donatii\/\">dona\u021bie<\/a> este binevenit\u0103.<br \/>\n    Dumnezeu s\u0103 v\u0103 r\u0103spl\u0103teasc\u0103!<br \/>\n<\/small><\/div>\n<\/div>\n<\/div>\n<\/div>\n<div class=\"entry-content rbct clearfix is-highlight-shares\">\n<p><strong>Un nou capitol din confruntarea dintre republicanii americani \u0219i fostul consilier medical al Casei Albe se deschide la Washington. O comisie a Senatului SUA a votat recomandarea trimiterii \u00een judecat\u0103 a imunologului Anthony Fauci pentru sfidarea Congresului, dup\u0103 ce acesta a refuzat s\u0103 r\u0103spund\u0103 la \u00eentreb\u0103ri invoc\u00e2nd dreptul la t\u0103cere. M\u0103sura, intens criticat\u0103 de democra\u021bi, readuce \u00een centrul dezbaterii politice at\u00e2t deciziile luate \u00een timpul pandemiei de Covid-19, c\u00e2t \u0219i limitele gra\u021bierilor preventive acordate de administra\u021bia Biden, scrie<a href=\"https:\/\/www.lemonde.fr\/international\/article\/2026\/08\/06\/une-commission-du-senat-americain-recommande-des-poursuites-contre-anthony-fauci-l-ex-conseiller-covid-19-de-la-maison-blanche_6739958_3210.html\" target=\"_blank\" rel=\"noopener\"> Le Monde<\/a>.<\/strong><\/p>\n<p>O comisie a Senatului american, cu majoritate republican\u0103, l-a declarat pe medicul Anthony Fauci \u2013 cel care a coordonat r\u0103spunsul Casei Albe la pandemia de Covid-19 \u2013 vinovat de sfidarea autorit\u0103\u021bii de anchet\u0103 a Congresului. Decizia reprezint\u0103 un pas suplimentar \u00een \u00eencercarea Senatului de a-l urm\u0103ri \u00een justi\u021bie pe imunologul \u00een v\u00e2rst\u0103 de 85 de ani, acuzat de minciun\u0103 de c\u0103tre pre\u0219edintele comisiei, republicanul Rand Paul.<\/p>\n<p>La recomandarea avoca\u021bilor s\u0103i, Fauci a invocat \u00een mod repetat Al Cincilea Amendament al Constitu\u021biei americane pentru a p\u0103stra t\u0103cerea \u00een fa\u021ba \u00eentreb\u0103rilor insisten\u021bi ai senatorilor republicani. Ace\u0219tia l-au interogat cu privire la acuza\u021biile nefondate conform c\u0103rora originea pandemiei ar fi fost t\u0103inuit\u0103.<\/p>\n<p>\u00cenaintea audierii, Anthony Fauci denun\u021base \u201eobsesia evident\u0103\u201d a conservatorului Rand Paul de a-l da \u00een judecat\u0103. De altfel, acesta din urm\u0103 \u0219i-a anun\u021bat inten\u021bia de a trimite decizia comisiei direct Departamentului Justi\u021biei pentru a ini\u021bia urm\u0103rirea penal\u0103, de\u0219i, \u00een mod normal, astfel de rezolu\u021bii trebuie adoptate mai \u00eent\u00e2i de Senat \u00een ansamblul s\u0103u.<\/p>\n<p><b data-index-in-node=\"0\" data-path-to-node=\"4\">Detestat de o parte a dreptei americane<\/b><\/p>\n<p>Democra\u021bii din comisie au criticat acest vot, senatorul Gary Peters acuz\u00e2ndu-\u0219i colegul c\u0103 a condus o \u201eanchet\u0103 pripit\u0103\u201d.<\/p>\n<p>Demnitarul republican \u00eel acuz\u0103\u00a0pe Fauci de minciun\u0103 \u00een leg\u0103tur\u0103 cu pandemia de Covid-19 \u0219i a publicat recent fragmente din jurnalul privat al medicului. De\u0219i acestea nu ofer\u0103 dovezi privind originea noului coronavirus, ele reflect\u0103 \u00eengrijorarea imunologului cu privire la pandemie,\u00a0pe vremea c\u00e2nd \u00eel consilia pe Donald Trump, func\u021bie pe care a p\u0103strat-o \u0219i \u00een timpul mandatului lui Joe Biden\u00a0dar \u0219i fascina\u021bia sa pentru propria notorietate \u00een cre\u0219tere \u0219i iritarea fa\u021b\u0103 de republican.<\/p>\n<p>Director pentru o lung\u0103 perioad\u0103 al Institutului Na\u021bional pentru Boli Infec\u021bioase din SUA (NIAID), Anthony Fauci devenise \u00een timpul pandemiei cel mai vizibil expert american pe aceast\u0103 tem\u0103.<\/p>\n<p>\u00cenainte de audiere, pre\u0219edintele republican al comisiei publicase un nou mesaj acuzator pe platforma sa Truth Social, repro\u0219\u00e2ndu-i lui Fauci c\u0103 a \u201e\u00eencercat s\u0103 protejeze China\u201d \u0219i c\u0103 a luat \u201eprea multe decizii gre\u0219ite\u201d.<\/p>\n<div class=\"inline-single-ad ad_single_3_index alignfull\">\n<div class=\"ad-wrap ad-script-wrap\">\n<div class=\"ad-script non-adsense edge-padding\">\n<div>\n\u203c\ufe0f\u203c\ufe0f NU recunoa\u0219tem ca pre\u0219edinte al Rom\u00e2niei pe marioneta retard\u0103 Nicu\u0219or Dan! Rom\u00e2ni, boicota\u021bi aceast\u0103 f\u0103c\u0103tur\u0103, care ne face \u021bara de r\u00e2s! NU rom\u00e2nii l-au votat pe Nicusoro\u0219 &#8211; cu unele excep\u021bii de persoane infantile, manipulabile \u0219i chiar idioate &#8211; ci l-au ajutat Maia Soro\u0219, Emanuel Macrou \u0219i tr\u0103d\u0103torii de la B.E.C. \u0219i CCR!<br \/>\n La \u00eenchisoare cu cei care au fraudat alegerile!\n<\/div>\n<\/div>\n<\/div>\n<\/div>\n<p>Anthony Fauci a negat \u00een mod repetat c\u0103 Statele Unite ar fi finan\u021bat cercet\u0103ri de tip \u201ec\u00e2\u0219tig de func\u021bie\u201d (<i data-index-in-node=\"107\" data-path-to-node=\"9\">gain-of-function<\/i>) \u00een virologie la laboratorul chinez din Wuhan, lucru acuzat de Rand Paul, care vede \u00een aceast\u0103 denegare o \u201edisput\u0103 semantic\u0103\u201d necinstit\u0103. La mai bine de \u0219ase ani de la debutul pandemiei, problema dac\u0103 virusul a sc\u0103pat din acel laborator sau dac\u0103 s-a transmis de la animal la om r\u0103m\u00e2ne intens dezb\u0103tut\u0103.<\/p>\n<p><b data-index-in-node=\"0\" data-path-to-node=\"10\">Gra\u021bieri preventive<\/b><\/p>\n<p>Anthony Fauci s-a num\u0103rat printre demnitarii \u0219i fo\u0219tii func\u021bionari care au fost gra\u021bia\u021bi preventiv de Joe Biden chiar \u00eenainte ca acesta s\u0103 p\u0103r\u0103seasc\u0103 Casa Alb\u0103, pentru ac\u021biunile lor din cadrul administra\u021biei publice desf\u0103\u0219urate \u00eentre 2014 \u0219i 19 ianuarie 2025. Potrivit ale\u0219ilor republicani, aceast\u0103 gra\u021biere l-ar fi protejat pentru declara\u021biile pe care le-ar fi putut face \u00een timpul audierii.<\/p>\n<p>Cu toate acestea, invocarea repetat\u0103 a Al Cincilea Amendament l-ar putea expune acum unor posibile urm\u0103riri penale din partea Departamentului Justi\u021biei, \u00een urma recomand\u0103rii comisiei Senatului.<\/p>\n<p>Juri\u0219tii sunt \u00eemp\u0103r\u021bi\u021bi \u00een privin\u021ba dreptului lui Anthony Fauci de a invoca Al Cincilea Amendament \u00een timp ce era protejat de gra\u021bierea preziden\u021bial\u0103. \u00cen trecut, doi fo\u0219ti consilieri ai lui Donald Trump, Steve Bannon \u0219i Peter Navarro, au fost g\u0103si\u021bi vinova\u021bi de sfidarea autorit\u0103\u021bii Congresului \u0219i au fost condamna\u021bi la \u00eenchisoare.<\/p>\n<\/div>\n<\/div>\n<\/div>\n<div class=\"e-shared-sec entry-sec\">\n<div class=\"e-shared-header h4\"><span>Distribuie<\/span><\/div>\n<div class=\"rbbsl tooltips-n effect-fadeout is-bg\"><a class=\"share-action share-trigger icon-facebook\" aria-label=\"Share on Facebook\" href=\"https:\/\/www.facebook.com\/sharer.php?u=https%3A%2F%2Fortodoxinfo.ro%2F2026%2F08%2F06%2Fcomisia-senatului-sua-cere-urmarirea-penala-a-lui-anthony-fauci%2F\" data-title=\"Facebook\" rel=\"nofollow\"><span>Facebook<\/span><\/a><a class=\"share-action share-trigger icon-twitter\" aria-label=\"Share on X\" href=\"https:\/\/twitter.com\/intent\/tweet?text=Comisia+Senatului+SUA+cere+urm%C4%83rirea+penal%C4%83+a+lui+Anthony+Fauci&amp;url=https%3A%2F%2Fortodoxinfo.ro%2F2026%2F08%2F06%2Fcomisia-senatului-sua-cere-urmarirea-penala-a-lui-anthony-fauci%2F&amp;via=ortodoxinforo\" data-title=\"X\" rel=\"nofollow\"><span>X<\/span><\/a><a class=\"share-action icon-whatsapp is-web\" aria-label=\"Share on Whatsapp\" href=\"https:\/\/web.whatsapp.com\/send?text=Comisia+Senatului+SUA+cere+urm%C4%83rirea+penal%C4%83+a+lui+Anthony+Fauci%20%E2%98%9E%20https%3A%2F%2Fortodoxinfo.ro%2F2026%2F08%2F06%2Fcomisia-senatului-sua-cere-urmarirea-penala-a-lui-anthony-fauci%2F\" target=\"_blank\" data-title=\"WhatsApp\" rel=\"nofollow\"><span>Whatsapp<\/span><\/a><a class=\"share-action icon-whatsapp is-mobile\" aria-label=\"Share on Whatsapp\" href=\"\/\/send?text=Comisia+Senatului+SUA+cere+urm%C4%83rirea+penal%C4%83+a+lui+Anthony+Fauci%20%E2%98%9E%20https%3A%2F%2Fortodoxinfo.ro%2F2026%2F08%2F06%2Fcomisia-senatului-sua-cere-urmarirea-penala-a-lui-anthony-fauci%2F\" target=\"_blank\" data-title=\"WhatsApp\" rel=\"nofollow\"><span>Whatsapp<\/span><\/a><a class=\"share-action share-trigger icon-telegram\" aria-label=\"Share on Telegram\" href=\"https:\/\/t.me\/share\/?url=https%3A%2F%2Fortodoxinfo.ro%2F2026%2F08%2F06%2Fcomisia-senatului-sua-cere-urmarirea-penala-a-lui-anthony-fauci%2F&amp;text=Comisia+Senatului+SUA+cere+urm%C4%83rirea+penal%C4%83+a+lui+Anthony+Fauci\" data-title=\"Telegram\" rel=\"nofollow\"><span>Telegram<\/span><\/a><a class=\"share-action icon-copy copy-trigger\" aria-label=\"Copy Link\" href=\"https:\/\/ortodoxinfo.ro\/2026\/08\/06\/comisia-senatului-sua-cere-urmarirea-penala-a-lui-anthony-fauci\/\" data-copied=\"Copied!\" data-link=\"https:\/\/ortodoxinfo.ro\/2026\/08\/06\/comisia-senatului-sua-cere-urmarirea-penala-a-lui-anthony-fauci\/\" rel=\"nofollow\" data-copy=\"Copy Link\"><span>Copy Link<\/span><\/a><a class=\"share-action icon-print\" aria-label=\"Print\" rel=\"nofollow\" data-title=\"Print\"><span>Print<\/span><\/a><\/div>\n<\/div>\n<\/div>\n<div id=\"tabs\" class=\"dntplgn_form_wrapper\"><span><\/p>\n<h2>\u0218tirile sunt sub cenzur\u0103! Sprijini\u021bi OrtodoxINFO!<\/h2>\n<p>Guvernul nu dore\u0219te aflarea adev\u0103rului despre lovitura de stat \u0219i \u00eengenuncherea Rom\u00e2niei. \u00cencerc\u0103m s\u0103 men\u021binem viu acest site \u0219i s\u0103 v\u0103 punem la dispozi\u021bie informa\u021bii care s\u0103 fac\u0103 lumin\u0103 \u00een cea mai mare provocare pe care o tr\u0103im. Jurnalismul independent al portalului OrtodoxINFO func\u021bioneaz\u0103 strict cu ajutorul cititorilor.<br \/>\nNe pute\u021bi sprijini printr-o <b><a href=\"https:\/\/ortodoxinfo.ro\/donatii\/\">dona\u021bie bancar\u0103<\/a> sau prin PayPal, complet\u00e2nd formularul de mai jos.<\/b><\/span><\/p>\n<ul>\n<li><a href=\"https:\/\/ortodoxinfo.ro\/2026\/08\/06\/comisia-senatului-sua-cere-urmarirea-penala-a-lui-anthony-fauci\/#tabs-1\">Dona\u021bie lunar\u0103<\/a><\/li>\n<li><a href=\"https:\/\/ortodoxinfo.ro\/2026\/08\/06\/comisia-senatului-sua-cere-urmarirea-penala-a-lui-anthony-fauci\/#tabs-2\">Doar acum<\/a><\/li>\n<\/ul>\n<div id=\"tabs-1\"><img loading=\"lazy\" decoding=\"async\" alt border=\"0\" src=\"https:\/\/www.paypalobjects.com\/en_US\/i\/scr\/pixel.gif\" width=\"1\" height=\"1\"><\/div>\n<div id=\"tabs-2\">\n<p>\t\t     \u20ac<\/p>\n<p>\t\t    <img loading=\"lazy\" decoding=\"async\" alt border=\"0\" src=\"https:\/\/www.paypalobjects.com\/en_US\/i\/scr\/pixel.gif\" width=\"1\" height=\"1\"><\/div>\n<p>Mul\u021bumim celor care ne-au ajutat p\u00e2n\u0103 acum!\n\t<\/p><\/div>\n<div class=\"comment-box-wrap entry-sec\">\n<div class=\"comment-box-header\"><span class=\"h3\">Las\u0103 un comentariu<\/span><\/div>\n<div class=\"comment-holder no-comment\">\n<div id=\"comments\" class=\"comments-area\">\n<div id=\"respond\" class=\"comment-respond\">\n<h3 id=\"reply-title\" class=\"comment-reply-title\">Las\u0103 un r\u0103spuns <small><a rel=\"nofollow\" id=\"cancel-comment-reply-link\" href=\"https:\/\/ortodoxinfo.ro\/2026\/08\/06\/comisia-senatului-sua-cere-urmarirea-penala-a-lui-anthony-fauci\/#respond\">Anuleaz\u0103 r\u0103spunsul<\/a><\/small><\/h3>\n<p class=\"comment-notes\"><span id=\"email-notes\">Adresa ta de email nu va fi publicat\u0103.<\/span><span class=\"required-field-message\">C\u00e2mpurile obligatorii sunt marcate cu <span class=\"required\">*<\/span><\/span><\/p>\n<\/div>\n<\/div>\n<\/div>\n<\/div>\n<\/div>\n<div class=\"sidebar-wrap single-sidebar\">\n<div class=\"sidebar-inner clearfix\">\n<div id=\"widget-post-2\" class=\"widget rb-section w-sidebar clearfix widget-post\">\n<div class=\"block-h widget-heading heading-layout-1\">\n<div class=\"heading-inner\">\n<h4 class=\"heading-title\"><span>Articole recente<\/span><\/h4>\n<\/div>\n<\/div>\n<div class=\"widget-p-listing\">\n<div class=\"p-wrap p-small p-list-small-2\" data-pid=\"255814\">\n<div class=\"feat-holder\">\n<div class=\"p-featured ratio-v1\"><a class=\"p-flink\" href=\"https:\/\/ortodoxinfo.ro\/2026\/08\/07\/gheorghe-piperea-romania-va-da-inapoi-banii-din-pnrr\/\" title=\"Gheorghe Piperea: Rom\u00e2nia va da \u00eenapoi banii din PNRR\"><img decoding=\"async\" width=\"150\" height=\"150\" src=\"https:\/\/ortodoxinfo.ro\/wp-content\/uploads\/2026\/08\/gheorghe-piperea-150x150.png\" class=\"featured-img wp-post-image\" alt loading=\"lazy\"><\/a><\/div>\n<\/div>\n<div class=\"p-content\">\n<h5 class=\"entry-title\"><a class=\"p-url\" href=\"https:\/\/ortodoxinfo.ro\/2026\/08\/07\/gheorghe-piperea-romania-va-da-inapoi-banii-din-pnrr\/\" rel=\"bookmark\">Gheorghe Piperea: Rom\u00e2nia va da \u00eenapoi banii din PNRR<\/a><\/h5>\n<div class=\"p-meta\">\n<div class=\"meta-inner is-meta\"><span class=\"meta-el meta-date\"><time datetime=\"2026-08-07T09:22:54+03:00\">7 august 2026<\/time><\/span><span class=\"meta-el meta-category meta-bold\"><a class=\"meta-separate category-19885\" href=\"https:\/\/ortodoxinfo.ro\/category\/anti-sistem\/anti-romanism\/asasinii-tarii\/\">Asasinii \u021b\u0103rii<\/a><\/span><span class=\"meta-el meta-view\">1.8k vizualiz\u0103ri\t\t<\/span><\/div>\n<\/div>\n<\/div>\n<\/div>\n<div class=\"p-wrap p-small p-list-small-2\" data-pid=\"255847\">\n<div class=\"feat-holder\">\n<div class=\"p-featured ratio-v1\"><a class=\"p-flink\" href=\"https:\/\/ortodoxinfo.ro\/2026\/08\/07\/acord-istoric-de-aparare-turcia-arabia-saudita-pakistan\/\" title=\"Acord istoric de ap\u0103rare: Turcia, Arabia Saudit\u0103, Pakistan\"><img decoding=\"async\" width=\"150\" height=\"150\" src=\"https:\/\/ortodoxinfo.ro\/wp-content\/uploads\/2026\/08\/4d1kv0t4_pakistan-turkey_625x300_23_april_25-150x150.jpeg\" class=\"featured-img wp-post-image\" alt loading=\"lazy\"><\/a><\/div>\n<\/div>\n<div class=\"p-content\">\n<h5 class=\"entry-title\"><a class=\"p-url\" href=\"https:\/\/ortodoxinfo.ro\/2026\/08\/07\/acord-istoric-de-aparare-turcia-arabia-saudita-pakistan\/\" rel=\"bookmark\">Acord istoric de ap\u0103rare: Turcia, Arabia Saudit\u0103, Pakistan<\/a><\/h5>\n<div class=\"p-meta\">\n<div class=\"meta-inner is-meta\"><span class=\"meta-el meta-date\"><time datetime=\"2026-08-07T09:20:10+03:00\">7 august 2026<\/time><\/span><span class=\"meta-el meta-category meta-bold\"><a class=\"meta-separate category-20293\" href=\"https:\/\/ortodoxinfo.ro\/category\/anti-sistem\/al-iii-lea-razboi-mondial\/iran\/\">IRAN<\/a><\/span><span class=\"meta-el meta-view\">1.3k vizualiz\u0103ri\t\t<\/span><\/div>\n<\/div>\n<\/div>\n<\/div>\n<div class=\"p-wrap p-small p-list-small-2\" data-pid=\"255717\">\n<div class=\"feat-holder\">\n<div class=\"p-featured ratio-v1\"><a class=\"p-flink\" href=\"https:\/\/ortodoxinfo.ro\/2026\/08\/06\/ursula-refuza-romania-sa-deschida-termocentralele-riscul-energetic-nu-a-fost-demonstrat-pnrr-nu-mai-poate-fi-renegociat-asta-a-facut-ghinea-de-la-usr\/\" title=\"Ursula refuz\u0103 Rom\u00e2nia s\u0103 deschid\u0103 termocentralele: Riscul energetic nu a fost demonstrat, PNRR nu mai poate fi renegociat. Asta a f\u0103cut Ghinea de la USR!\"><img decoding=\"async\" width=\"150\" height=\"150\" src=\"https:\/\/ortodoxinfo.ro\/wp-content\/uploads\/2026\/08\/termocentrala-paroseni-696x418-1-e1732207695926-150x150.jpg\" class=\"featured-img wp-post-image\" alt loading=\"lazy\"><\/a><\/div>\n<\/div>\n<div class=\"p-content\">\n<h5 class=\"entry-title\"><a class=\"p-url\" href=\"https:\/\/ortodoxinfo.ro\/2026\/08\/06\/ursula-refuza-romania-sa-deschida-termocentralele-riscul-energetic-nu-a-fost-demonstrat-pnrr-nu-mai-poate-fi-renegociat-asta-a-facut-ghinea-de-la-usr\/\" rel=\"bookmark\">Ursula refuz\u0103 Rom\u00e2nia s\u0103 deschid\u0103 termocentralele: Riscul energetic nu a fost demonstrat, PNRR nu mai poate fi renegociat. Asta a f\u0103cut Ghinea de la USR!<\/a><\/h5>\n<div class=\"p-meta\">\n<div class=\"meta-inner is-meta\"><span class=\"meta-el meta-date\"><time datetime=\"2026-08-06T21:44:42+03:00\">6 august 2026<\/time><\/span><span class=\"meta-el meta-category meta-bold\"><a class=\"meta-separate category-1538\" href=\"https:\/\/ortodoxinfo.ro\/category\/anti-sistem\/uniunea-europeana\/\">Uniunea european\u0103<\/a><\/span><span class=\"meta-el meta-view\">13.5k vizualiz\u0103ri\t\t<\/span><\/div>\n<\/div>\n<\/div>\n<\/div>\n<div class=\"p-wrap p-small p-list-small-2\" data-pid=\"255586\">\n<div class=\"feat-holder\">\n<div class=\"p-featured ratio-v1\"><a class=\"p-flink\" href=\"https:\/\/ortodoxinfo.ro\/2026\/08\/06\/bolojaf-ne-intoarce-inainte-de-89-guvernul-rationalizeaza-consumul-de-energie-printr-un-act-normativ\/\" title=\"Bolojaf ne \u00eentoarce \u00eenainte de 89: Guvernul ra\u021bionalizeaz\u0103 consumul de energie printr-un act normativ\"><img decoding=\"async\" width=\"150\" height=\"150\" src=\"https:\/\/ortodoxinfo.ro\/wp-content\/uploads\/2026\/08\/bolojan-mosteanu-e1781434700396-150x150.png\" class=\"featured-img wp-post-image\" alt loading=\"lazy\"><\/a><\/div>\n<\/div>\n<div class=\"p-content\">\n<h5 class=\"entry-title\"><a class=\"p-url\" href=\"https:\/\/ortodoxinfo.ro\/2026\/08\/06\/bolojaf-ne-intoarce-inainte-de-89-guvernul-rationalizeaza-consumul-de-energie-printr-un-act-normativ\/\" rel=\"bookmark\">Bolojaf ne \u00eentoarce \u00eenainte de 89: Guvernul ra\u021bionalizeaz\u0103 consumul de energie printr-un act normativ<\/a><\/h5>\n<div class=\"p-meta\">\n<div class=\"meta-inner is-meta\"><span class=\"meta-el meta-date\"><time datetime=\"2026-08-06T17:21:32+03:00\">6 august 2026<\/time><\/span><span class=\"meta-el meta-category meta-bold\"><a class=\"meta-separate category-19885\" href=\"https:\/\/ortodoxinfo.ro\/category\/anti-sistem\/anti-romanism\/asasinii-tarii\/\">Asasinii \u021b\u0103rii<\/a><\/span><span class=\"meta-el meta-view\">10.2k vizualiz\u0103ri\t\t<\/span><\/div>\n<\/div>\n<\/div>\n<\/div>\n<\/div>\n<\/div>\n<div id=\"custom_html-2\" class=\"widget_text widget rb-section w-sidebar clearfix widget_custom_html\">\n<div class=\"block-h widget-heading heading-layout-1\">\n<div class=\"heading-inner\">\n<h4 class=\"heading-title\"><span>DONA\u021aII \u00een cont bancar<\/span><\/h4>\n<\/div>\n<\/div>\n<div class=\"textwidget custom-html-widget\">\n<table class=\"donatii\">\n<tbody>\n<tr>\n<th colspan=\"2\"><strong><span>Asicia\u021bia SMI-B<\/span><\/strong><\/th>\n<\/tr>\n<tr>\n<th>Cont LEI<\/th>\n<td>RO67CECEB00030RON2081955<\/td>\n<\/tr>\n<tr>\n<th>Cont EURO<\/th>\n<td>RO33CECEB000C1EUR2081978<\/td>\n<\/tr>\n<tr>\n<th>Cod SWIFT<\/th>\n<td>CECEROBU<\/td>\n<\/tr>\n<tr>\n<th colspan=\"2\"><strong>CEC BANK SA<\/strong><\/th>\n<\/tr>\n<\/tbody>\n<\/table>\n<\/div>\n<\/div>\n<\/div>\n<\/div>\n<\/div>\n<\/article>\n<div class=\"entry-content rbct clearfix is-highlight-shares\">\n<p><strong>Un nou capitol din confruntarea dintre republicanii americani \u0219i fostul consilier medical al Casei Albe se deschide la Washington. O comisie a Senatului SUA a votat recomandarea trimiterii \u00een judecat\u0103 a imunologului Anthony Fauci pentru sfidarea Congresului, dup\u0103 ce acesta a refuzat s\u0103 r\u0103spund\u0103 la \u00eentreb\u0103ri invoc\u00e2nd dreptul la t\u0103cere. M\u0103sura, intens criticat\u0103 de democra\u021bi, readuce \u00een centrul dezbaterii politice at\u00e2t deciziile luate \u00een timpul pandemiei de Covid-19, c\u00e2t \u0219i limitele gra\u021bierilor preventive acordate de administra\u021bia Biden, scrie<a href=\"https:\/\/www.lemonde.fr\/international\/article\/2026\/08\/06\/une-commission-du-senat-americain-recommande-des-poursuites-contre-anthony-fauci-l-ex-conseiller-covid-19-de-la-maison-blanche_6739958_3210.html\" target=\"_blank\" rel=\"noopener\"> Le Monde<\/a>.<\/strong><\/p>\n<p>O comisie a Senatului american, cu majoritate republican\u0103, l-a declarat pe medicul Anthony Fauci \u2013 cel care a coordonat r\u0103spunsul Casei Albe la pandemia de Covid-19 \u2013 vinovat de sfidarea autorit\u0103\u021bii de anchet\u0103 a Congresului. Decizia reprezint\u0103 un pas suplimentar \u00een \u00eencercarea Senatului de a-l urm\u0103ri \u00een justi\u021bie pe imunologul \u00een v\u00e2rst\u0103 de 85 de ani, acuzat de minciun\u0103 de c\u0103tre pre\u0219edintele comisiei, republicanul Rand Paul.<\/p>\n<p>La recomandarea avoca\u021bilor s\u0103i, Fauci a invocat \u00een mod repetat Al Cincilea Amendament al Constitu\u021biei americane pentru a p\u0103stra t\u0103cerea \u00een fa\u021ba \u00eentreb\u0103rilor insisten\u021bi ai senatorilor republicani. Ace\u0219tia l-au interogat cu privire la acuza\u021biile nefondate conform c\u0103rora originea pandemiei ar fi fost t\u0103inuit\u0103.<\/p>\n<p>\u00cenaintea audierii, Anthony Fauci denun\u021base \u201eobsesia evident\u0103\u201d a conservatorului Rand Paul de a-l da \u00een judecat\u0103. De altfel, acesta din urm\u0103 \u0219i-a anun\u021bat inten\u021bia de a trimite decizia comisiei direct Departamentului Justi\u021biei pentru a ini\u021bia urm\u0103rirea penal\u0103, de\u0219i, \u00een mod normal, astfel de rezolu\u021bii trebuie adoptate mai \u00eent\u00e2i de Senat \u00een ansamblul s\u0103u.<\/p>\n<p><b data-index-in-node=\"0\" data-path-to-node=\"4\">Detestat de o parte a dreptei americane<\/b><\/p>\n<p>Democra\u021bii din comisie au criticat acest vot, senatorul Gary Peters acuz\u00e2ndu-\u0219i colegul c\u0103 a condus o \u201eanchet\u0103 pripit\u0103\u201d.<\/p>\n<p>Demnitarul republican \u00eel acuz\u0103\u00a0pe Fauci de minciun\u0103 \u00een leg\u0103tur\u0103 cu pandemia de Covid-19 \u0219i a publicat recent fragmente din jurnalul privat al medicului. De\u0219i acestea nu ofer\u0103 dovezi privind originea noului coronavirus, ele reflect\u0103 \u00eengrijorarea imunologului cu privire la pandemie,\u00a0pe vremea c\u00e2nd \u00eel consilia pe Donald Trump, func\u021bie pe care a p\u0103strat-o \u0219i \u00een timpul mandatului lui Joe Biden\u00a0dar \u0219i fascina\u021bia sa pentru propria notorietate \u00een cre\u0219tere \u0219i iritarea fa\u021b\u0103 de republican.<\/p>\n<p>Director pentru o lung\u0103 perioad\u0103 al Institutului Na\u021bional pentru Boli Infec\u021bioase din SUA (NIAID), Anthony Fauci devenise \u00een timpul pandemiei cel mai vizibil expert american pe aceast\u0103 tem\u0103.<\/p>\n<p>\u00cenainte de audiere, pre\u0219edintele republican al comisiei publicase un nou mesaj acuzator pe platforma sa Truth Social, repro\u0219\u00e2ndu-i lui Fauci c\u0103 a \u201e\u00eencercat s\u0103 protejeze China\u201d \u0219i c\u0103 a luat \u201eprea multe decizii gre\u0219ite\u201d.<\/p>\n<div class=\"inline-single-ad ad_single_3_index alignfull\">\n<div class=\"ad-wrap ad-script-wrap\">\n<div class=\"ad-script non-adsense edge-padding\">\n<div>\n\u203c\ufe0f\u203c\ufe0f NU recunoa\u0219tem ca pre\u0219edinte al Rom\u00e2niei pe marioneta retard\u0103 Nicu\u0219or Dan! Rom\u00e2ni, boicota\u021bi aceast\u0103 f\u0103c\u0103tur\u0103, care ne face \u021bara de r\u00e2s! NU rom\u00e2nii l-au votat pe Nicusoro\u0219 &#8211; cu unele excep\u021bii de persoane infantile, manipulabile \u0219i chiar idioate &#8211; ci l-au ajutat Maia Soro\u0219, Emanuel Macrou \u0219i tr\u0103d\u0103torii de la B.E.C. \u0219i CCR!<br \/>\n La \u00eenchisoare cu cei care au fraudat alegerile!\n<\/div>\n<\/div>\n<\/div>\n<\/div>\n<p>Anthony Fauci a negat \u00een mod repetat c\u0103 Statele Unite ar fi finan\u021bat cercet\u0103ri de tip \u201ec\u00e2\u0219tig de func\u021bie\u201d (<i data-index-in-node=\"107\" data-path-to-node=\"9\">gain-of-function<\/i>) \u00een virologie la laboratorul chinez din Wuhan, lucru acuzat de Rand Paul, care vede \u00een aceast\u0103 denegare o \u201edisput\u0103 semantic\u0103\u201d necinstit\u0103. La mai bine de \u0219ase ani de la debutul pandemiei, problema dac\u0103 virusul a sc\u0103pat din acel laborator sau dac\u0103 s-a transmis de la animal la om r\u0103m\u00e2ne intens dezb\u0103tut\u0103.<\/p>\n<p><b data-index-in-node=\"0\" data-path-to-node=\"10\">Gra\u021bieri preventive<\/b><\/p>\n<p>Anthony Fauci s-a num\u0103rat printre demnitarii \u0219i fo\u0219tii func\u021bionari care au fost gra\u021bia\u021bi preventiv de Joe Biden chiar \u00eenainte ca acesta s\u0103 p\u0103r\u0103seasc\u0103 Casa Alb\u0103, pentru ac\u021biunile lor din cadrul administra\u021biei publice desf\u0103\u0219urate \u00eentre 2014 \u0219i 19 ianuarie 2025. Potrivit ale\u0219ilor republicani, aceast\u0103 gra\u021biere l-ar fi protejat pentru declara\u021biile pe care le-ar fi putut face \u00een timpul audierii.<\/p>\n<p>Cu toate acestea, invocarea repetat\u0103 a Al Cincilea Amendament l-ar putea expune acum unor posibile urm\u0103riri penale din partea Departamentului Justi\u021biei, \u00een urma recomand\u0103rii comisiei Senatului.<\/p>\n<p>Juri\u0219tii sunt \u00eemp\u0103r\u021bi\u021bi \u00een privin\u021ba dreptului lui Anthony Fauci de a invoca Al Cincilea Amendament \u00een timp ce era protejat de gra\u021bierea preziden\u021bial\u0103. \u00cen trecut, doi fo\u0219ti consilieri ai lui Donald Trump, Steve Bannon \u0219i Peter Navarro, au fost g\u0103si\u021bi vinova\u021bi de sfidarea autorit\u0103\u021bii Congresului \u0219i au fost condamna\u021bi la \u00eenchisoare.<\/p>\n<\/div>\n<p>[analyse_source url=&#8221;https:\/\/ortodoxinfo.ro\/2026\/08\/06\/comisia-senatului-sua-cere-urmarirea-penala-a-lui-anthony-fauci\/&#8221;]<\/p>\n","protected":false},"excerpt":{"rendered":"<p>[analyse_image type=&#8221;featured&#8221; src=&#8221;https:\/\/ortodoxinfo.ro\/wp-content\/uploads\/2026\/08\/comisia-senatului-sua-cere-urmarirea-penala-a-lui-anthony-fauci-84038.pnghttps:\/\/ortodoxinfo.ro\/wp-content\/uploads\/2026\/08\/comisia-senatului-sua-cere-urmarirea-penala-a-lui-anthony-fauci-84038.png&#8221;] Prima pagin\u0103 \u00bb Blog \u00bb Comisia Senatului SUA cere urm\u0103rirea penal\u0103 a lui Anthony Fauci Comisia Senatului SUA cere urm\u0103rirea penal\u0103 a lui Anthony Fauci 6 august 2026plandemia covid-193.5k vizualiz\u0103ri Comentarii Share 5 Min Read SHARE OrtodoxINFO este supus unui sabotaj sistematic din partea reprezentan\u021bilor Google Rom\u00e2nia, at\u00e2t la afi\u0219\u0103ri c\u00e2t \u0219i [&hellip;]<\/p>\n","protected":false},"author":1,"featured_media":0,"comment_status":"open","ping_status":"","sticky":false,"template":"","format":"standard","meta":{"footnotes":""},"categories":[89],"tags":[226,94],"class_list":["post-2081762","post","type-post","status-publish","format-standard","hentry","category-romania","tag-crawlmanager","tag-ortodoxinfo-ro"],"_links":{"self":[{"href":"https:\/\/analyse.optim.biz\/index.php?rest_route=\/wp\/v2\/posts\/2081762","targetHints":{"allow":["GET"]}}],"collection":[{"href":"https:\/\/analyse.optim.biz\/index.php?rest_route=\/wp\/v2\/posts"}],"about":[{"href":"https:\/\/analyse.optim.biz\/index.php?rest_route=\/wp\/v2\/types\/post"}],"author":[{"embeddable":true,"href":"https:\/\/analyse.optim.biz\/index.php?rest_route=\/wp\/v2\/users\/1"}],"replies":[{"embeddable":true,"href":"https:\/\/analyse.optim.biz\/index.php?rest_route=%2Fwp%2Fv2%2Fcomments&post=2081762"}],"version-history":[{"count":0,"href":"https:\/\/analyse.optim.biz\/index.php?rest_route=\/wp\/v2\/posts\/2081762\/revisions"}],"wp:attachment":[{"href":"https:\/\/analyse.optim.biz\/index.php?rest_route=%2Fwp%2Fv2%2Fmedia&parent=2081762"}],"wp:term":[{"taxonomy":"category","embeddable":true,"href":"https:\/\/analyse.optim.biz\/index.php?rest_route=%2Fwp%2Fv2%2Fcategories&post=2081762"},{"taxonomy":"post_tag","embeddable":true,"href":"https:\/\/analyse.optim.biz\/index.php?rest_route=%2Fwp%2Fv2%2Ftags&post=2081762"}],"curies":[{"name":"wp","href":"https:\/\/api.w.org\/{rel}","templated":true}]}}