{"id":208168,"date":"2014-04-08T00:49:35","date_gmt":"2014-04-07T21:49:35","guid":{"rendered":"https:\/\/analyse.optim.biz\/?p=208168"},"modified":"2014-04-08T00:49:35","modified_gmt":"2014-04-07T21:49:35","slug":"victor-ponta-isi-explica-postarea-de-pe-facebook","status":"publish","type":"post","link":"https:\/\/analyse.optim.biz\/?p=208168","title":{"rendered":"Victor Ponta \u00ee\u0219i explic\u0103 postarea de pe Facebook"},"content":{"rendered":"<div class=\"entry data-app-meta data-app-meta-article\" data-embed-base-url-canonical=\"https:\/\/www.digi24.ro\/embed\/stiri\/actualitate\/politica\/victor-ponta-isi-explica-postarea-de-pe-facebook-226049\">\n<p data-index=\"1\">\u00a0<img decoding=\"async\" src=\"https:\/\/analyse.optim.biz\/wp-content\/uploads\/2024\/09\/cgcmdz04mdamagfzad0wmjjin2zmzdnknzgxnmjimjm2otzlnzjinjcxyzfknw-thumb_.jpg\" data-skip-htmlfix=\"1\" title=\"cgcmdz04mdamagfzad0wmjjin2zmzdnknzgxnmjimjm2otzlnzjinjcxyzfknw-thumb_\"><\/p>\n<p data-index=\"2\">Premierul a precizat, la un post de televiziune, c\u0103 nu \u0163inte\u015fte spre func\u0163ia de pre\u015fedinte sau spre cea de premier, ci <strong>vrea ca dup\u0103 alegerile preziden\u0163iale s\u0103 schimbe regimul condus de Traian B\u0103sescu cu unul complet diferit<\/strong>.<\/p>\n<p data-index=\"3\">Victor Ponta le-a transmis, totodat\u0103, social-democra\u0163ilor c\u0103 puterea nu trebuie s\u0103 apar\u0163in\u0103 \u00een totalitate celui care va c\u00e2\u015ftiga scaunul de la Cotroceni. <\/p>\n<p data-index=\"4\">\u00centrebat dac\u0103 va p\u0103r\u0103si scena politic\u0103 \u00een luna noiembrie, liderul PSD a declarat c\u0103 nu crede c\u0103 va termina p\u00e2n\u0103 \u00een toamn\u0103 tot ce are de f\u0103cut \u015fi a precizat c\u0103 <strong>se va retrage atunci c\u00e2nd proiectul la care s-a angajat va e\u015fua sau va fi realizat<\/strong>.<\/p>\n<p data-index=\"5\">\u201e<span>Am vrut s\u0103 dau un mesaj foarte clar legat de faptul c\u0103 \u00een noiembrie proiectul nu e Ponta pre\u015fedinte sau T\u0103riceanu pre\u015fedinte \u015fi Ponta premier. Nu \u00eemi doresc neap\u0103rat s\u0103 am func\u0163ia de pre\u015fedinte sau de premier ca s\u0103 \u00eemi trec \u00eenc\u0103 ceva \u00een CV. \u00cen noiembrie, proiectul e dac\u0103 schimb\u0103m regimul B\u0103sescu \u015fi facem unul mai bun. (&#8230;) Al doilea lucru pe care am vrut s\u0103 \u00eel transmit a fost acela c\u0103 e foarte important nu dac\u0103 e Ponta pre\u015fedinte sau premier, ci ce vrem s\u0103 facem dup\u0103. (&#8230;) S\u0103 vedem ce nu func\u0163ioneaz\u0103 \u00een institu\u0163iile statului, care institu\u0163ii au fost at\u00e2t de pervertite, \u00eenc\u00e2t oamenii nu au \u00eencredere \u00een ele. (&#8230;) Nu cred, nici dup\u0103 preziden\u0163iale, c\u0103 toat\u0103 puterea trebuie s\u0103 fie \u00een m\u00e2na unui om, pre\u015fedintele. Asta \u00eenseamn\u0103 c\u0103 nu venim s\u0103 spunem c\u0103 PSD trebuie s\u0103 aib\u0103 tot\u201d, a declarat Victor Ponta.<\/span><\/p>\n<p data-index=\"6\">\u201e\u00cen noiembrie, dup\u0103 ce c\u00e2\u015ftig\u0103m aceast\u0103 ultim\u0103 \u015fi vital\u0103 b\u0103t\u0103lie, m\u0103 voi putea declara mul\u0163umit de ce am realizat! \u015ei atunci \u00eemi doresc s\u0103 las locul \u00een politic\u0103 altora, mai tineri \u015fi mai pu\u0163in marca\u0163i de regimul oribil al ultimilor ani. Iar eu \u00eemi propun s\u0103 recuperez c\u00e2t voi putea de mult din timpul pe care \u00een ultimii 13 ani NU l-am dat familiei \u015fi celorlalte p\u0103r\u0163i bune \u015fi frumoase din via\u0163a mea\u201d, a scris s\u0103pt\u0103m\u00e2na trecut\u0103\u00a0<a href=\"https:\/\/www.facebook.com\/victor.ponta?fref=ts\" target=\"_blank\" data-skip-linkfix=\"1\" rel=\"noopener\">Victor Ponta pe contul s\u0103u de Facebook.\u00a0<\/a><\/p>\n<p data-index=\"7\">Mesajul a st\u00e2rnit stupoare \u0219i controverse, iar <a href=\"https:\/\/www.digi24.ro\/Stiri\/Digi24\/Actualitate\/Politica\/Intalnire+la+varf+in+PSD+Liviu+Dragnea+si+liderii+judeteni+discu\" target=\"_blank\" data-skip-linkfix=\"1\" rel=\"noopener\">unii au v\u0103zut \u00een aceasta o preg\u0103tire a anun\u021b\u0103rii candidaturii sale<\/a> pentru preziden\u021biale. Vicepre\u0219edintele <strong>Liviu Dragnea<\/strong><a href=\"https:\/\/www.digi24.ro\/Stiri\/Digi24\/Actualitate\/Politica\/Liviu+Dragnea+Victor+Ponta+prezidentiabil+discutie\" target=\"_blank\" data-skip-linkfix=\"1\" rel=\"noopener\">a declarat duminic\u0103 la <strong>Digi24<\/strong><\/a> c\u0103 va avea o discu\u021bie cu pre\u0219edintele partidului pe tema mesajului transmis pe Facebook.<\/p>\n<\/div>\n<p> Source URL: https:\/\/www.digi24.ro\/stiri\/actualitate\/politica\/victor-ponta-isi-explica-postarea-de-pe-facebook-226049<\/p>\n","protected":false},"excerpt":{"rendered":"<p>\u00a0 Premierul a precizat, la un post de televiziune, c\u0103 nu \u0163inte\u015fte spre func\u0163ia de pre\u015fedinte sau spre cea de premier, ci vrea ca dup\u0103 alegerile preziden\u0163iale s\u0103 schimbe regimul condus de Traian B\u0103sescu cu unul complet diferit. Victor Ponta le-a transmis, totodat\u0103, social-democra\u0163ilor c\u0103 puterea nu trebuie s\u0103 apar\u0163in\u0103 \u00een totalitate celui care va [&hellip;]<\/p>\n","protected":false},"author":1,"featured_media":208169,"comment_status":"open","ping_status":"","sticky":false,"template":"","format":"standard","meta":{"footnotes":""},"categories":[2],"tags":[11],"class_list":["post-208168","post","type-post","status-publish","format-standard","has-post-thumbnail","hentry","category-politics","tag-digi24"],"_links":{"self":[{"href":"https:\/\/analyse.optim.biz\/index.php?rest_route=\/wp\/v2\/posts\/208168","targetHints":{"allow":["GET"]}}],"collection":[{"href":"https:\/\/analyse.optim.biz\/index.php?rest_route=\/wp\/v2\/posts"}],"about":[{"href":"https:\/\/analyse.optim.biz\/index.php?rest_route=\/wp\/v2\/types\/post"}],"author":[{"embeddable":true,"href":"https:\/\/analyse.optim.biz\/index.php?rest_route=\/wp\/v2\/users\/1"}],"replies":[{"embeddable":true,"href":"https:\/\/analyse.optim.biz\/index.php?rest_route=%2Fwp%2Fv2%2Fcomments&post=208168"}],"version-history":[{"count":0,"href":"https:\/\/analyse.optim.biz\/index.php?rest_route=\/wp\/v2\/posts\/208168\/revisions"}],"wp:featuredmedia":[{"embeddable":true,"href":"https:\/\/analyse.optim.biz\/index.php?rest_route=\/wp\/v2\/media\/208169"}],"wp:attachment":[{"href":"https:\/\/analyse.optim.biz\/index.php?rest_route=%2Fwp%2Fv2%2Fmedia&parent=208168"}],"wp:term":[{"taxonomy":"category","embeddable":true,"href":"https:\/\/analyse.optim.biz\/index.php?rest_route=%2Fwp%2Fv2%2Fcategories&post=208168"},{"taxonomy":"post_tag","embeddable":true,"href":"https:\/\/analyse.optim.biz\/index.php?rest_route=%2Fwp%2Fv2%2Ftags&post=208168"}],"curies":[{"name":"wp","href":"https:\/\/api.w.org\/{rel}","templated":true}]}}