{"id":208165,"date":"2014-04-08T01:04:14","date_gmt":"2014-04-07T22:04:14","guid":{"rendered":"https:\/\/analyse.optim.biz\/?p=208165"},"modified":"2014-04-08T01:04:14","modified_gmt":"2014-04-07T22:04:14","slug":"victor-ponta-despre-controlul-de-la-nana-un-lung-sir-de-retrocedari-ilegale-beneficiarul-final-este-traian-basescu","status":"publish","type":"post","link":"https:\/\/analyse.optim.biz\/?p=208165","title":{"rendered":"Victor Ponta, despre controlul de la Nana: Un lung \u0219ir de retroced\u0103ri ilegale, beneficiarul final este Traian B\u0103sescu"},"content":{"rendered":"<div class=\"entry data-app-meta data-app-meta-article\" data-embed-base-url-canonical=\"https:\/\/www.digi24.ro\/embed\/stiri\/actualitate\/politica\/victor-ponta-despre-controlul-de-la-nana-un-lung-sir-de-retrocedari-ilegale-beneficiarul-final-este-traian-basescu-226051\">\n<p data-index=\"1\"><img decoding=\"async\" src=\"https:\/\/analyse.optim.biz\/wp-content\/uploads\/2024\/09\/mczoyxnoptzhodayyjmymweznjfmztdlmtuxmdc2mdmzndbmyjcy-thumb_.jpg\" data-skip-htmlfix=\"1\" title=\"mczoyxnoptzhodayyjmymweznjfmztdlmtuxmdc2mdmzndbmyjcy-thumb_\">Premierul a precizat c\u0103 toate detaliile sunt cuprinse \u00een <strong>raportul Corpului de Control<\/strong>, care arat\u0103 c\u0103 beneficiarul final al tranzac\u0163iilor frauduloase desf\u0103\u015furate \u00een comuna din jude\u0163ul C\u0103l\u0103ra\u015fi este pre\u015fedintele <strong>Traian B\u0103sescu<\/strong>.<\/p>\n<p data-index=\"2\">Victor Ponta a precizat c\u0103 firma care i-a v\u00e2ndut anul trecut terenul fiicei pre\u015fedintelui <strong>a fost desfiin\u0163at\u0103 \u00een anul 2012<\/strong>. Premierul a mai spus c\u0103 va trimite ast\u0103zi raportul comisiei de anchet\u0103 din Parlament.<\/p>\n<p data-index=\"3\">\u00a0\u201e<span>Ce au g\u0103sit acolo este <strong>\u00eengrozitor din punct de vedere legal<\/strong>, aproape 80% din terenuri sunt returnate ilegal. \u00cen seara asta, am citit sinteza raportului \u015fi m\u00e2ine o s\u0103-l trimit comisiei parlamentare de anchet\u0103 \u015fi se va vedea cu acte oficiale c\u0103, practic, tot ce este la Nana, de la momentul la care acele terenuri s-au dat unor a\u015fa-zi\u015fi proprietari p\u00e2n\u0103 la momentul la care au ajuns la o firm\u0103 italieneasc\u0103 care nu mai exist\u0103 din 2012, dar care \u00een 2013 a v\u00e2ndut terenurile comasate&#8230; toate sunt infrac\u0163iuni, un lung \u015fir de retroced\u0103ri ilegale, iar beneficiarul final din 2013 este Traian B\u0103sescu\u201d, a declarat <strong>Victor Ponta<\/strong>, citat de Mediafax.<\/span><\/p>\n<p data-index=\"4\">Parlamentul a \u00eenfiin\u0163at \u00een luna decembrie a anului trecut o<a href=\"https:\/\/www.digi24.ro\/Stiri\/Digi24\/Actualitate\/Politica\/Acuzatii+noi+Comisia+Nana+O+firma+privata+a+cumparat+din+2009+pa\" target=\"_blank\" data-skip-linkfix=\"1\" rel=\"noopener\"> comisie pentru a verifica<\/a> modul \u00een care <strong>Ioana B\u0103sescu<\/strong> a ajuns \u00een posesia a 290 de hectare de teren \u00een jude\u0163ul C\u0103l\u0103ra\u015fi. Ioana B\u0103sescu a contractat un credit de 1 milion de euro pentru plata p\u0103m\u00e2ntului.<\/p>\n<p data-index=\"5\">At\u00e2t pre\u015fedintele, c\u00e2t \u015fi fiica sa au sus\u0163inut \u00een repetate r\u00e2nduri c\u0103 terenul a fost cump\u0103rat legal \u015fi au prezentat \u015fi documente \u00een acest sens.<\/p>\n<\/div>\n<p> Source URL: https:\/\/www.digi24.ro\/stiri\/actualitate\/politica\/victor-ponta-despre-controlul-de-la-nana-un-lung-sir-de-retrocedari-ilegale-beneficiarul-final-este-traian-basescu-226051<\/p>\n","protected":false},"excerpt":{"rendered":"<p>Premierul a precizat c\u0103 toate detaliile sunt cuprinse \u00een raportul Corpului de Control, care arat\u0103 c\u0103 beneficiarul final al tranzac\u0163iilor frauduloase desf\u0103\u015furate \u00een comuna din jude\u0163ul C\u0103l\u0103ra\u015fi este pre\u015fedintele Traian B\u0103sescu. Victor Ponta a precizat c\u0103 firma care i-a v\u00e2ndut anul trecut terenul fiicei pre\u015fedintelui a fost desfiin\u0163at\u0103 \u00een anul 2012. Premierul a mai spus [&hellip;]<\/p>\n","protected":false},"author":1,"featured_media":208166,"comment_status":"open","ping_status":"","sticky":false,"template":"","format":"standard","meta":{"footnotes":""},"categories":[2],"tags":[11],"class_list":["post-208165","post","type-post","status-publish","format-standard","has-post-thumbnail","hentry","category-politics","tag-digi24"],"_links":{"self":[{"href":"https:\/\/analyse.optim.biz\/index.php?rest_route=\/wp\/v2\/posts\/208165","targetHints":{"allow":["GET"]}}],"collection":[{"href":"https:\/\/analyse.optim.biz\/index.php?rest_route=\/wp\/v2\/posts"}],"about":[{"href":"https:\/\/analyse.optim.biz\/index.php?rest_route=\/wp\/v2\/types\/post"}],"author":[{"embeddable":true,"href":"https:\/\/analyse.optim.biz\/index.php?rest_route=\/wp\/v2\/users\/1"}],"replies":[{"embeddable":true,"href":"https:\/\/analyse.optim.biz\/index.php?rest_route=%2Fwp%2Fv2%2Fcomments&post=208165"}],"version-history":[{"count":0,"href":"https:\/\/analyse.optim.biz\/index.php?rest_route=\/wp\/v2\/posts\/208165\/revisions"}],"wp:featuredmedia":[{"embeddable":true,"href":"https:\/\/analyse.optim.biz\/index.php?rest_route=\/wp\/v2\/media\/208166"}],"wp:attachment":[{"href":"https:\/\/analyse.optim.biz\/index.php?rest_route=%2Fwp%2Fv2%2Fmedia&parent=208165"}],"wp:term":[{"taxonomy":"category","embeddable":true,"href":"https:\/\/analyse.optim.biz\/index.php?rest_route=%2Fwp%2Fv2%2Fcategories&post=208165"},{"taxonomy":"post_tag","embeddable":true,"href":"https:\/\/analyse.optim.biz\/index.php?rest_route=%2Fwp%2Fv2%2Ftags&post=208165"}],"curies":[{"name":"wp","href":"https:\/\/api.w.org\/{rel}","templated":true}]}}