{"id":2081626,"date":"2026-08-06T14:27:22","date_gmt":"2026-08-06T11:27:22","guid":{"rendered":"https:\/\/analyse.optim.biz\/?p=2081626"},"modified":"2026-08-06T14:27:22","modified_gmt":"2026-08-06T11:27:22","slug":"jandarmii-tulceni-vor-fi-alaturi-de-cetatenii-care-vor-lua-parte-la-festivalul-folk-testos","status":"publish","type":"post","link":"https:\/\/analyse.optim.biz\/?p=2081626","title":{"rendered":"Jandarmii tulceni vor fi al\u0103turi de cet\u0103\u021benii care vor lua parte la Festivalul Folk \u021aestos"},"content":{"rendered":"<p>[analyse_image type=&#8221;featured&#8221; src=&#8221;https:\/\/infotulcea.ro\/wp-content\/uploads\/2021\/11\/bulina.png&#8221;]<\/p>\n<div id=\"content\" class=\"site-content container\">\n<div id=\"main-content-row\" class=\"tie-row main-content-row\">\n<div class=\"main-content tie-col-md-8 tie-col-xs-12\" role=\"main\">\n<article id=\"the-post\" class=\"container-wrapper post-content tie-standard\">\n<header class=\"entry-header-outer\">\n<nav id=\"breadcrumb\"><a href=\"https:\/\/infotulcea.ro\/\"> Home<\/a><em class=\"delimiter\">\/<\/em><a href=\"https:\/\/infotulcea.ro\/categorie\/comunicate\/\">Comunicate<\/a><em class=\"delimiter\">\/<\/em><span class=\"current\">Jandarmii tulceni vor fi al\u0103turi de cet\u0103\u021benii care vor lua parte la Festivalul Folk \u021aestos<\/span><\/nav>\n<div class=\"entry-header\"><span class=\"post-cat-wrap\"><a class=\"post-cat tie-cat-35\" href=\"https:\/\/infotulcea.ro\/categorie\/comunicate\/\">Comunicate<\/a><\/span><\/p>\n<h1 class=\"post-title entry-title\">\n\t\t\tJandarmii tulceni vor fi al\u0103turi de cet\u0103\u021benii care vor lua parte la Festivalul Folk \u021aestos\t\t<\/h1>\n<div class=\"single-post-meta post-meta clearfix\"><span class=\"author-meta single-author no-avatars\"><span class=\"meta-item meta-author-wrapper meta-author-9\"><span class=\"meta-author\"><a href=\"https:\/\/infotulcea.ro\/author\/redactia-2\/\" class=\"author-name tie-icon\" title=\"Redactia\">Redactia<\/a><\/span><\/span><\/span><span class=\"date meta-item tie-icon\">6 august 2026<\/span><\/p>\n<div class=\"tie-alignright\"><span class=\"meta-comment tie-icon meta-item fa-before\">0<\/span><span class=\"meta-views meta-item \"> 49 <\/span><span class=\"meta-reading-time meta-item\"> 1 minute read<\/span><\/div>\n<\/div>\n<\/div>\n<\/header>\n<div class=\"entry-content entry clearfix\">\n<p><strong>\u00cen perioada 7-8 august, \u00een comuna Greci, se va organiza Festivalul Folk \u021aestos, eveniment unde se estimeaz\u0103 prezen\u021ba unui public numeros.<\/strong><\/p>\n<p>Jandarmii tulceni vor fi prezen\u021bi pentru a asigura buna desf\u0103\u0219urare a manifest\u0103rii cultural-artistice \u0219i<br \/>\nvor avea \u00een vedere prevenirea fenomenului contraven\u0163ional \u015fi infrac\u0163ional, descurajarea persoanelor predispuse la comiterea de fapte antisociale, prevenirea \u0219i combaterea traficului\/consumului de substan\u021be interzise \u015fi aplicarea m\u0103surilor legale la constatarea producerii acestora.<\/p>\n<p>Recomand\u0103m tuturor cet\u0103\u021benilor care vor alege s\u0103 ia parte la acest eveniment s\u0103 manifeste r\u0103bdare, s\u0103 respecte indica\u021biile jandarmilor, s\u0103 nu se implice \u00een incidente care ar putea tulbura ordinea \u0219i lini\u0219tea public\u0103, s\u0103 acorde o aten\u021bie deosebit\u0103 copiilor \u0219i s\u0103 solicite sprijinul jandarmilor, fie direct, fie prin apelarea num\u0103rului unic pentru apeluri de urgen\u021b\u0103 112.<br \/>\nReamintim c\u0103 este interzis\u0103 participarea la astfel de evenimente a persoanelor care se afl\u0103 sub influen\u021ba b\u0103uturilor alcoolice sau au asupra lor b\u0103uturi alcoolice, arme de orice fel, materiale explozive, substan\u021be iritant-lacrimogene sau cu efect paralizant ori alte obiecte ce pot fi folosite pentru ac\u021biuni violente sau de tulburare a desf\u0103\u0219ur\u0103rii normale a acestora.<\/p>\n<\/div>\n<div id=\"post-extra-info\">\n<div class=\"theiaStickySidebar\">\n<div class=\"single-post-meta post-meta clearfix\"><span class=\"author-meta single-author no-avatars\"><span class=\"meta-item meta-author-wrapper meta-author-9\"><span class=\"meta-author\"><a href=\"https:\/\/infotulcea.ro\/author\/redactia-2\/\" class=\"author-name tie-icon\" title=\"Redactia\">Redactia<\/a><\/span><\/span><\/span><span class=\"date meta-item tie-icon\">6 august 2026<\/span><\/p>\n<div class=\"tie-alignright\"><span class=\"meta-comment tie-icon meta-item fa-before\">0<\/span><span class=\"meta-views meta-item \"> 49 <\/span><span class=\"meta-reading-time meta-item\"> 1 minute read<\/span><\/div>\n<\/div>\n<\/div>\n<\/div>\n<div id=\"share-buttons-bottom\" class=\"share-buttons share-buttons-bottom\">\n<div class=\"share-links  icons-only\">\n<div class=\"share-title\"><span> Share<\/span><\/div>\n<p><a href=\"https:\/\/www.facebook.com\/sharer.php?u=https:\/\/infotulcea.ro\/jandarmii-tulceni-vor-fi-alaturi-de-cetatenii-care-vor-lua-parte-la-festivalul-folk-testos\/\" rel=\"external noopener nofollow\" title=\"Facebook\" target=\"_blank\" class=\"facebook-share-btn \" data-raw=\"https:\/\/www.facebook.com\/sharer.php?u={post_link}\"><span class=\"screen-reader-text\">Facebook<\/span><\/a><a href=\"https:\/\/twitter.com\/intent\/tweet?text=Jandarmii%20tulceni%20vor%20fi%20al%C4%83turi%20de%20cet%C4%83%C8%9Benii%20care%20vor%20lua%20parte%20la%20Festivalul%20Folk%20%C8%9Aestos&amp;url=https:\/\/infotulcea.ro\/jandarmii-tulceni-vor-fi-alaturi-de-cetatenii-care-vor-lua-parte-la-festivalul-folk-testos\/\" rel=\"external noopener nofollow\" title=\"X\" target=\"_blank\" class=\"twitter-share-btn \" data-raw=\"https:\/\/twitter.com\/intent\/tweet?text={post_title}&amp;url={post_link}\"><span class=\"screen-reader-text\">X<\/span><\/a><a href=\"https:\/\/api.whatsapp.com\/send?text=Jandarmii%20tulceni%20vor%20fi%20al%C4%83turi%20de%20cet%C4%83%C8%9Benii%20care%20vor%20lua%20parte%20la%20Festivalul%20Folk%20%C8%9Aestos%20https:\/\/infotulcea.ro\/jandarmii-tulceni-vor-fi-alaturi-de-cetatenii-care-vor-lua-parte-la-festivalul-folk-testos\/\" rel=\"external noopener nofollow\" title=\"WhatsApp\" target=\"_blank\" class=\"whatsapp-share-btn \" data-raw=\"https:\/\/api.whatsapp.com\/send?text={post_title}%20{post_link}\"><span class=\"screen-reader-text\">WhatsApp<\/span><\/a><a href=\"https:\/\/telegram.me\/share\/url?url=https:\/\/infotulcea.ro\/jandarmii-tulceni-vor-fi-alaturi-de-cetatenii-care-vor-lua-parte-la-festivalul-folk-testos\/&amp;text=Jandarmii%20tulceni%20vor%20fi%20al%C4%83turi%20de%20cet%C4%83%C8%9Benii%20care%20vor%20lua%20parte%20la%20Festivalul%20Folk%20%C8%9Aestos\" rel=\"external noopener nofollow\" title=\"Telegram\" target=\"_blank\" class=\"telegram-share-btn \" data-raw=\"https:\/\/telegram.me\/share\/url?url={post_link}&amp;text={post_title}\"><span class=\"screen-reader-text\">Telegram<\/span><\/a><a href=\"mailto:?subject=Jandarmii%20tulceni%20vor%20fi%20al%C4%83turi%20de%20cet%C4%83%C8%9Benii%20care%20vor%20lua%20parte%20la%20Festivalul%20Folk%20%C8%9Aestos&amp;body=https:\/\/infotulcea.ro\/jandarmii-tulceni-vor-fi-alaturi-de-cetatenii-care-vor-lua-parte-la-festivalul-folk-testos\/\" rel=\"external noopener nofollow\" title=\"Share via Email\" target=\"_blank\" class=\"email-share-btn \" data-raw=\"mailto:?subject={post_title}&amp;body={post_link}\"><span class=\"screen-reader-text\">Share via Email<\/span><\/a><a href=\"https:\/\/infotulcea.ro\/jandarmii-tulceni-vor-fi-alaturi-de-cetatenii-care-vor-lua-parte-la-festivalul-folk-testos\/\" rel=\"external noopener nofollow\" title=\"Print\" target=\"_blank\" class=\"print-share-btn \" data-raw=\"#\"><span class=\"screen-reader-text\">Print<\/span><\/a><\/div>\n<\/div>\n<\/article>\n<div class=\"post-components\">\n<div id=\"related-posts\" class=\"container-wrapper has-extra-post\">\n<div class=\"mag-box-title the-global-title\">\n<h3>Related Articles<\/h3>\n<\/div>\n<div class=\"related-posts-list\">\n<div class=\"related-item tie-standard\"><a aria-label=\"POLI\u021aI\u0218TII DE IMIGR\u0102RI AU DESF\u0102\u0218URAT 160 DE AC\u021aIUNI, CONTROALE \u0218I VERIFIC\u0102RI \u00ceNTR-O S\u0102PT\u0102M\u00c2N\u0102\" href=\"https:\/\/infotulcea.ro\/politistii-de-imigrari-au-desfasurat-160-de-actiuni-controale-si-verificari-intr-o-saptamana\/\" class=\"post-thumb\"><source type=\"image\/webp\" data-srcset=\"https:\/\/infotulcea.ro\/wp-content\/uploads\/2026\/06\/p-2-390x220.jpg.webp\" \/><\/a><\/p>\n<h3 class=\"post-title\"><a href=\"https:\/\/infotulcea.ro\/politistii-de-imigrari-au-desfasurat-160-de-actiuni-controale-si-verificari-intr-o-saptamana\/\">POLI\u021aI\u0218TII DE IMIGR\u0102RI AU DESF\u0102\u0218URAT 160 DE AC\u021aIUNI, CONTROALE \u0218I VERIFIC\u0102RI \u00ceNTR-O S\u0102PT\u0102M\u00c2N\u0102<\/a><\/h3>\n<div class=\"post-meta clearfix\"><span class=\"date meta-item tie-icon\">4 iunie 2026<\/span><\/div>\n<\/div>\n<div class=\"related-item tie-standard\"><a aria-label=\"Sp\u0103l\u0103toria auto de la Cataloi \u00eenchis\u0103 de comisarii G\u0103rzii de Mediu!\" href=\"https:\/\/infotulcea.ro\/spalatoria-auto-de-la-cataloi-inchisa-de-comisarii-garzii-de-mediu\/\" class=\"post-thumb\"><source type=\"image\/webp\" data-srcset=\"https:\/\/infotulcea.ro\/wp-content\/uploads\/2024\/04\/spalatorie-cataloi-390x220.jpg.webp\" \/><img loading=\"lazy\" decoding=\"async\" width=\"390\" height=\"220\" src=\"https:\/\/infotulcea.ro\/wp-content\/uploads\/2024\/04\/spalatorie-cataloi-390x220.jpg\" class=\"attachment-jannah-image-large size-jannah-image-large wp-post-image\" alt><\/a><\/p>\n<h3 class=\"post-title\"><a href=\"https:\/\/infotulcea.ro\/spalatoria-auto-de-la-cataloi-inchisa-de-comisarii-garzii-de-mediu\/\">Sp\u0103l\u0103toria auto de la Cataloi \u00eenchis\u0103 de comisarii G\u0103rzii de Mediu!<\/a><\/h3>\n<div class=\"post-meta clearfix\"><span class=\"date meta-item tie-icon\">23 aprilie 2024<\/span><\/div>\n<\/div>\n<div class=\"related-item tie-standard\"><a aria-label=\"Alcoolul \u0219i vehiculele pe dou\u0103 ro\u021bi \u2013 o combina\u021bie care poate avea consecin\u021be grave\" href=\"https:\/\/infotulcea.ro\/alcoolul-si-vehiculele-pe-doua-roti-o-combinatie-care-poate-avea-consecinte-grave\/\" class=\"post-thumb\"><source type=\"image\/webp\" data-srcset=\"https:\/\/infotulcea.ro\/wp-content\/uploads\/2026\/07\/ipj-2-1-390x220.jpeg.webp\" \/><img loading=\"lazy\" decoding=\"async\" width=\"390\" height=\"220\" src=\"https:\/\/infotulcea.ro\/wp-content\/uploads\/2026\/07\/ipj-2-1-390x220.jpeg\" class=\"attachment-jannah-image-large size-jannah-image-large wp-post-image\" alt><\/a><\/p>\n<h3 class=\"post-title\"><a href=\"https:\/\/infotulcea.ro\/alcoolul-si-vehiculele-pe-doua-roti-o-combinatie-care-poate-avea-consecinte-grave\/\">Alcoolul \u0219i vehiculele pe dou\u0103 ro\u021bi \u2013 o combina\u021bie care poate avea consecin\u021be grave<\/a><\/h3>\n<div class=\"post-meta clearfix\"><span class=\"date meta-item tie-icon\">26 iulie 2026<\/span><\/div>\n<\/div>\n<div class=\"related-item tie-standard\"><a aria-label=\"Patru firme din construc\u021bii tulcene sanc\u021bionate pentru angaja\u021bi f\u0103r\u0103 contracte!\" href=\"https:\/\/infotulcea.ro\/patru-firme-din-constructii-tulcene-sanctionate-pentru-angajati-fara-contracte\/\" class=\"post-thumb\"><img loading=\"lazy\" decoding=\"async\" width=\"390\" height=\"220\" src=\"https:\/\/infotulcea.ro\/wp-content\/uploads\/2022\/01\/itm-390x220.jpg\" class=\"attachment-jannah-image-large size-jannah-image-large wp-post-image lazyload\" alt><img loading=\"lazy\" decoding=\"async\" width=\"390\" height=\"220\" src=\"https:\/\/infotulcea.ro\/wp-content\/uploads\/2022\/01\/itm-390x220.jpg\" class=\"attachment-jannah-image-large size-jannah-image-large wp-post-image\" alt><\/a><\/p>\n<h3 class=\"post-title\"><a href=\"https:\/\/infotulcea.ro\/patru-firme-din-constructii-tulcene-sanctionate-pentru-angajati-fara-contracte\/\">Patru firme din construc\u021bii tulcene sanc\u021bionate pentru angaja\u021bi f\u0103r\u0103 contracte!<\/a><\/h3>\n<div class=\"post-meta clearfix\"><span class=\"date meta-item tie-icon\">12 august 2024<\/span><\/div>\n<\/div>\n<\/div>\n<\/div>\n<div id=\"comments\" class=\"comments-area\">\n<div id=\"add-comment-block\" class=\"container-wrapper\">\n<div id=\"respond\" class=\"comment-respond\">\n<h3 id=\"reply-title\" class=\"comment-reply-title the-global-title\">Las\u0103 un r\u0103spuns <small><a rel=\"nofollow\" id=\"cancel-comment-reply-link\" href=\"https:\/\/infotulcea.ro\/jandarmii-tulceni-vor-fi-alaturi-de-cetatenii-care-vor-lua-parte-la-festivalul-folk-testos\/#respond\">Anuleaz\u0103 r\u0103spunsul<\/a><\/small><\/h3>\n<p class=\"comment-notes\"><span id=\"email-notes\">Adresa ta de email nu va fi publicat\u0103.<\/span><span class=\"required-field-message\">C\u00e2mpurile obligatorii sunt marcate cu <span class=\"required\">*<\/span><\/span><\/p>\n<\/div>\n<\/div>\n<\/div>\n<\/div>\n<\/div>\n<div id=\"check-also-box\" class=\"container-wrapper check-also-right\">\n<div class=\"widget-title the-global-title\">\n<div class=\"the-subtitle\">Check Also<\/div>\n<p><a href=\"https:\/\/infotulcea.ro\/jandarmii-tulceni-vor-fi-alaturi-de-cetatenii-care-vor-lua-parte-la-festivalul-folk-testos\/\" id=\"check-also-close\" class=\"remove\"><span class=\"screen-reader-text\">Close<\/span><\/a><\/div>\n<div class=\"widget posts-list-big-first has-first-big-post\">\n<ul class=\"posts-list-items\">\n<li class=\"widget-single-post-item widget-post-list tie-standard\">\n<div class=\"post-widget-thumbnail\"><a aria-label=\"Accident din neaten\u021bie la intrarea dinspre Agighiol! Pasagerul a ajuns la spital\" href=\"https:\/\/infotulcea.ro\/accident-din-neatentie-la-intrarea-dinspre-agighiol-pasagerul-a-ajuns-la-spital\/\" class=\"post-thumb\"><span class=\"post-cat-wrap\"><span class=\"post-cat tie-cat-35\">Comunicate<\/span><\/span><source type=\"image\/webp\" data-srcset=\"https:\/\/infotulcea.ro\/wp-content\/uploads\/2023\/10\/masiana-390x220.jpg.webp\" \/><img loading=\"lazy\" decoding=\"async\" width=\"390\" height=\"220\" src=\"https:\/\/infotulcea.ro\/wp-content\/uploads\/2023\/10\/masiana-390x220.jpg\" class=\"attachment-jannah-image-large size-jannah-image-large wp-post-image\" alt><\/a><\/div>\n<div class=\"post-widget-body \"><a class=\"post-title the-subtitle\" href=\"https:\/\/infotulcea.ro\/accident-din-neatentie-la-intrarea-dinspre-agighiol-pasagerul-a-ajuns-la-spital\/\">Accident din neaten\u021bie la intrarea dinspre Agighiol! Pasagerul a ajuns la spital<\/a><\/p>\n<div class=\"post-meta\"><span class=\"date meta-item tie-icon\">25 octombrie 2023<\/span><\/div>\n<\/div>\n<\/li>\n<\/ul>\n<\/div>\n<\/div>\n<aside class=\"sidebar tie-col-md-4 tie-col-xs-12 normal-side is-sticky\" aria-label=\"Primary Sidebar\">\n<div class=\"theiaStickySidebar\">\n<div id=\"media_image-19\" class=\"container-wrapper widget widget_media_image\"><a href=\"https:\/\/infotulcea.ro\/delta-dunarii-mai-accesibila-navrom-delta-creste-numarul-curselor-regulate-de-la-1-mai-2025\/\"><source sizes=\"(max-width: 500px) 100vw, 500px\" type=\"image\/webp\" data-srcset=\"https:\/\/infotulcea.ro\/wp-content\/uploads\/2025\/04\/navrom-delta-500x271.jpg.webp 500w, https:\/\/infotulcea.ro\/wp-content\/uploads\/2025\/04\/navrom-delta-1024x555.jpg.webp 1024w, https:\/\/infotulcea.ro\/wp-content\/uploads\/2025\/04\/navrom-delta-768x416.jpg.webp 768w, https:\/\/infotulcea.ro\/wp-content\/uploads\/2025\/04\/navrom-delta.jpg.webp 1080w\" \/><img loading=\"lazy\" decoding=\"async\" width=\"500\" height=\"271\" src=\"https:\/\/infotulcea.ro\/wp-content\/uploads\/2025\/04\/navrom-delta-500x271.jpg\" class=\"image wp-image-34487  attachment-medium size-medium\" alt><\/a><\/div>\n<div id=\"media_image-17\" class=\"container-wrapper widget widget_media_image\"><a href=\"https:\/\/www.facebook.com\/share\/p\/1DGAD1tLWN\/?mibextid=wwXIfr\" target=\"_blank\"><source sizes=\"(max-width: 500px) 100vw, 500px\" type=\"image\/webp\" data-srcset=\"https:\/\/infotulcea.ro\/wp-content\/uploads\/2026\/01\/IMG_1563-500x500.jpeg.webp 500w, https:\/\/infotulcea.ro\/wp-content\/uploads\/2026\/01\/IMG_1563-1024x1024.jpeg.webp 1024w, https:\/\/infotulcea.ro\/wp-content\/uploads\/2026\/01\/IMG_1563-250x250.jpeg.webp 250w, https:\/\/infotulcea.ro\/wp-content\/uploads\/2026\/01\/IMG_1563-768x768.jpeg.webp 768w, https:\/\/infotulcea.ro\/wp-content\/uploads\/2026\/01\/IMG_1563.jpeg.webp 1080w\" \/><img loading=\"lazy\" decoding=\"async\" width=\"500\" height=\"500\" src=\"https:\/\/infotulcea.ro\/wp-content\/uploads\/2026\/01\/IMG_1563-500x500.jpeg\" class=\"image wp-image-37932  attachment-medium size-medium\" alt title=\"Centrale pe lemne\"><\/a><\/div>\n<div id=\"media_image-18\" class=\"container-wrapper widget widget_media_image\"><a href=\"https:\/\/www.licitatia.ro\/site\/index-guest\"><img loading=\"lazy\" decoding=\"async\" width=\"500\" height=\"262\" src=\"https:\/\/infotulcea.ro\/wp-content\/uploads\/2025\/09\/licitatia-500x262.png\" class=\"image wp-image-36670  attachment-medium size-medium lazyload\" alt><img loading=\"lazy\" decoding=\"async\" width=\"500\" height=\"262\" src=\"https:\/\/infotulcea.ro\/wp-content\/uploads\/2025\/09\/licitatia-500x262.png\" class=\"image wp-image-36670  attachment-medium size-medium\" alt><\/a><\/div>\n<div id=\"media_image-27\" class=\"container-wrapper widget widget_media_image\"><a href=\"https:\/\/www.centrale-lemne-liepsnele.ro\/\"><img loading=\"lazy\" decoding=\"async\" width=\"500\" height=\"500\" src=\"https:\/\/infotulcea.ro\/wp-content\/uploads\/2025\/09\/Centrale-pe-Lemne-Liepsnele-500x500.png\" class=\"image wp-image-36541  attachment-medium size-medium lazyload\" alt=\"Centrala pe lemne\"><img loading=\"lazy\" decoding=\"async\" width=\"500\" height=\"500\" src=\"https:\/\/infotulcea.ro\/wp-content\/uploads\/2025\/09\/Centrale-pe-Lemne-Liepsnele-500x500.png\" class=\"image wp-image-36541  attachment-medium size-medium\" alt=\"Centrala pe lemne\"><\/a><\/div>\n<div id=\"media_image-28\" class=\"container-wrapper widget widget_media_image\"><a href=\"https:\/\/infotulcea.ro\/angajeaza-te-ro-platforma-ta-online-de-angajari-si-forta-de-munca\/\"><source sizes=\"(max-width: 500px) 100vw, 500px\" type=\"image\/webp\" data-srcset=\"https:\/\/infotulcea.ro\/wp-content\/uploads\/2025\/04\/banner-angajazate-1-500x305.jpg.webp 500w, https:\/\/infotulcea.ro\/wp-content\/uploads\/2025\/04\/banner-angajazate-1-1024x625.jpg.webp 1024w, https:\/\/infotulcea.ro\/wp-content\/uploads\/2025\/04\/banner-angajazate-1-768x469.jpg.webp 768w, https:\/\/infotulcea.ro\/wp-content\/uploads\/2025\/04\/banner-angajazate-1.jpg.webp 1080w\" \/><img loading=\"lazy\" decoding=\"async\" width=\"500\" height=\"305\" src=\"https:\/\/infotulcea.ro\/wp-content\/uploads\/2025\/04\/banner-angajazate-1-500x305.jpg\" class=\"image wp-image-34317  attachment-medium size-medium\" alt><\/a><\/div>\n<\/div>\n<\/aside>\n<\/div>\n<\/div>\n<div class=\"entry-content entry clearfix\">\n<p><strong>\u00cen perioada 7-8 august, \u00een comuna Greci, se va organiza Festivalul Folk \u021aestos, eveniment unde se estimeaz\u0103 prezen\u021ba unui public numeros.<\/strong><\/p>\n<p>Jandarmii tulceni vor fi prezen\u021bi pentru a asigura buna desf\u0103\u0219urare a manifest\u0103rii cultural-artistice \u0219i<br \/>\nvor avea \u00een vedere prevenirea fenomenului contraven\u0163ional \u015fi infrac\u0163ional, descurajarea persoanelor predispuse la comiterea de fapte antisociale, prevenirea \u0219i combaterea traficului\/consumului de substan\u021be interzise \u015fi aplicarea m\u0103surilor legale la constatarea producerii acestora.<\/p>\n<p>Recomand\u0103m tuturor cet\u0103\u021benilor care vor alege s\u0103 ia parte la acest eveniment s\u0103 manifeste r\u0103bdare, s\u0103 respecte indica\u021biile jandarmilor, s\u0103 nu se implice \u00een incidente care ar putea tulbura ordinea \u0219i lini\u0219tea public\u0103, s\u0103 acorde o aten\u021bie deosebit\u0103 copiilor \u0219i s\u0103 solicite sprijinul jandarmilor, fie direct, fie prin apelarea num\u0103rului unic pentru apeluri de urgen\u021b\u0103 112.<br \/>\nReamintim c\u0103 este interzis\u0103 participarea la astfel de evenimente a persoanelor care se afl\u0103 sub influen\u021ba b\u0103uturilor alcoolice sau au asupra lor b\u0103uturi alcoolice, arme de orice fel, materiale explozive, substan\u021be iritant-lacrimogene sau cu efect paralizant ori alte obiecte ce pot fi folosite pentru ac\u021biuni violente sau de tulburare a desf\u0103\u0219ur\u0103rii normale a acestora.<\/p>\n<\/div>\n<div class=\"articleBody\" data-key=\"articleBody\">\u00cen perioada 7-8 august, \u00een comuna Greci, se va organiza Festivalul Folk \u021aestos, eveniment unde se estimeaz\u0103 prezen\u021ba unui public numeros.<\/p>\n<p>Jandarmii tulceni vor fi prezen\u021bi pentru a asigura buna desf\u0103\u0219urare a manifest\u0103rii cultural-artistice \u0219i<br \/>\nvor avea \u00een vedere prevenirea fenomenului contraven\u0163ional \u015fi infrac\u0163ional, descurajarea persoanelor predispuse la comiterea de fapte antisociale, prevenirea \u0219i combaterea traficului\/consumului de substan\u021be interzise \u015fi aplicarea m\u0103surilor legale la constatarea producerii acestora.<\/p>\n<p>Recomand\u0103m tuturor cet\u0103\u021benilor care vor alege s\u0103 ia parte la acest eveniment s\u0103 manifeste r\u0103bdare, s\u0103 respecte indica\u021biile jandarmilor, s\u0103 nu se implice \u00een incidente care ar putea tulbura ordinea \u0219i lini\u0219tea public\u0103, s\u0103 acorde o aten\u021bie deosebit\u0103 copiilor \u0219i s\u0103 solicite sprijinul jandarmilor, fie direct, fie prin apelarea num\u0103rului unic pentru apeluri de urgen\u021b\u0103 112.<br \/>\nReamintim c\u0103 este interzis\u0103 participarea la astfel de evenimente a persoanelor care se afl\u0103 sub influen\u021ba b\u0103uturilor alcoolice sau au asupra lor b\u0103uturi alcoolice, arme de orice fel, materiale explozive, substan\u021be iritant-lacrimogene sau cu efect paralizant ori alte obiecte ce pot fi folosite pentru ac\u021biuni violente sau de tulburare a desf\u0103\u0219ur\u0103rii normale a acestora.<\/p><\/div>\n<p>[analyse_source url=&#8221;https:\/\/infotulcea.ro\/jandarmii-tulceni-vor-fi-alaturi-de-cetatenii-care-vor-lua-parte-la-festivalul-folk-testos\/&#8221;]<\/p>\n","protected":false},"excerpt":{"rendered":"<p>[analyse_image type=&#8221;featured&#8221; src=&#8221;https:\/\/infotulcea.ro\/wp-content\/uploads\/2021\/11\/bulina.png&#8221;] Home\/Comunicate\/Jandarmii tulceni vor fi al\u0103turi de cet\u0103\u021benii care vor lua parte la Festivalul Folk \u021aestos Comunicate Jandarmii tulceni vor fi al\u0103turi de cet\u0103\u021benii care vor lua parte la Festivalul Folk \u021aestos Redactia6 august 2026 0 49 1 minute read \u00cen perioada 7-8 august, \u00een comuna Greci, se va organiza Festivalul Folk \u021aestos, [&hellip;]<\/p>\n","protected":false},"author":1,"featured_media":0,"comment_status":"open","ping_status":"","sticky":false,"template":"","format":"standard","meta":{"footnotes":""},"categories":[89],"tags":[226,221],"class_list":["post-2081626","post","type-post","status-publish","format-standard","hentry","category-romania","tag-crawlmanager","tag-infotulcea-ro"],"_links":{"self":[{"href":"https:\/\/analyse.optim.biz\/index.php?rest_route=\/wp\/v2\/posts\/2081626","targetHints":{"allow":["GET"]}}],"collection":[{"href":"https:\/\/analyse.optim.biz\/index.php?rest_route=\/wp\/v2\/posts"}],"about":[{"href":"https:\/\/analyse.optim.biz\/index.php?rest_route=\/wp\/v2\/types\/post"}],"author":[{"embeddable":true,"href":"https:\/\/analyse.optim.biz\/index.php?rest_route=\/wp\/v2\/users\/1"}],"replies":[{"embeddable":true,"href":"https:\/\/analyse.optim.biz\/index.php?rest_route=%2Fwp%2Fv2%2Fcomments&post=2081626"}],"version-history":[{"count":0,"href":"https:\/\/analyse.optim.biz\/index.php?rest_route=\/wp\/v2\/posts\/2081626\/revisions"}],"wp:attachment":[{"href":"https:\/\/analyse.optim.biz\/index.php?rest_route=%2Fwp%2Fv2%2Fmedia&parent=2081626"}],"wp:term":[{"taxonomy":"category","embeddable":true,"href":"https:\/\/analyse.optim.biz\/index.php?rest_route=%2Fwp%2Fv2%2Fcategories&post=2081626"},{"taxonomy":"post_tag","embeddable":true,"href":"https:\/\/analyse.optim.biz\/index.php?rest_route=%2Fwp%2Fv2%2Ftags&post=2081626"}],"curies":[{"name":"wp","href":"https:\/\/api.w.org\/{rel}","templated":true}]}}