{"id":2081623,"date":"2026-08-06T14:23:46","date_gmt":"2026-08-06T11:23:46","guid":{"rendered":"https:\/\/analyse.optim.biz\/?p=2081623"},"modified":"2026-08-06T14:23:46","modified_gmt":"2026-08-06T11:23:46","slug":"dosar-penal-intocmit-pentru-conducerea-unui-autovehicul-sub-influenta-alcoolului","status":"publish","type":"post","link":"https:\/\/analyse.optim.biz\/?p=2081623","title":{"rendered":"Dosar penal \u00eentocmit pentru conducerea unui autovehicul sub influen\u021ba alcoolului"},"content":{"rendered":"<p>[analyse_image type=&#8221;featured&#8221; src=&#8221;https:\/\/infotulcea.ro\/wp-content\/uploads\/2021\/11\/bulina.png&#8221;]<\/p>\n<div id=\"content\" class=\"site-content container\">\n<div id=\"main-content-row\" class=\"tie-row main-content-row\">\n<div class=\"main-content tie-col-md-8 tie-col-xs-12\" role=\"main\">\n<article id=\"the-post\" class=\"container-wrapper post-content tie-standard\">\n<header class=\"entry-header-outer\">\n<nav id=\"breadcrumb\"><a href=\"https:\/\/infotulcea.ro\/\"> Home<\/a><em class=\"delimiter\">\/<\/em><a href=\"https:\/\/infotulcea.ro\/categorie\/comunicate\/\">Comunicate<\/a><em class=\"delimiter\">\/<\/em><span class=\"current\">Dosar penal \u00eentocmit pentru conducerea unui autovehicul sub influen\u021ba alcoolului<\/span><\/nav>\n<div class=\"entry-header\"><span class=\"post-cat-wrap\"><a class=\"post-cat tie-cat-35\" href=\"https:\/\/infotulcea.ro\/categorie\/comunicate\/\">Comunicate<\/a><\/span><\/p>\n<h1 class=\"post-title entry-title\">\n\t\t\tDosar penal \u00eentocmit pentru conducerea unui autovehicul sub influen\u021ba alcoolului\t\t<\/h1>\n<div class=\"single-post-meta post-meta clearfix\"><span class=\"author-meta single-author no-avatars\"><span class=\"meta-item meta-author-wrapper meta-author-9\"><span class=\"meta-author\"><a href=\"https:\/\/infotulcea.ro\/author\/redactia-2\/\" class=\"author-name tie-icon\" title=\"Redactia\">Redactia<\/a><\/span><\/span><\/span><span class=\"date meta-item tie-icon\">6 august 2026<\/span><\/p>\n<div class=\"tie-alignright\"><span class=\"meta-comment tie-icon meta-item fa-before\">0<\/span><span class=\"meta-views meta-item \"> 47 <\/span><span class=\"meta-reading-time meta-item\"> 1 minute read<\/span><\/div>\n<\/div>\n<\/div>\n<\/header>\n<div class=\"entry-content entry clearfix\">\n<p><strong>La data de 5 august 2026, \u00een jurul orei 07:30, poli\u021bi\u0219tii din cadrul Inspectoratului de Poli\u021bie Jude\u021bean Tulcea au depistat un b\u0103rbat, \u00een v\u00e2rst\u0103 de 45 de ani, din municipiul Tulcea, \u00een timp ce conducea un autoturism pe strada Elizeului, afl\u00e2ndu-se sub influen\u021ba b\u0103uturilor alcoolice.<\/strong><\/p>\n<p>\u00cen urma test\u0103rii cu aparatul etilotest, a rezultat o concentra\u021bie de 0,45 mg\/l alcool pur \u00een aerul expirat.<\/p>\n<p>Conduc\u0103torul auto a fost condus la o unitate medical\u0103 pentru prelevarea de mostre biologice, \u00een vederea stabilirii alcoolemiei.<\/p>\n<p>\u00cen cauz\u0103, poli\u021bi\u0219tii au \u00eentocmit dosar penal \u0219i continu\u0103 cercet\u0103rile sub aspectul s\u0103v\u00e2r\u0219irii infrac\u021biunii de conducerea unui vehicul sub influen\u021ba alcoolului sau a altor substan\u021be.<\/p>\n<p>Recomand\u0103m tuturor participan\u021bilor la trafic s\u0103 nu urce la volan dup\u0103 consumul de alcool, \u00eentruc\u00e2t acesta afecteaz\u0103 capacitatea de reac\u021bie \u0219i poate avea consecin\u021be grave asupra siguran\u021bei rutiere.<\/p>\n<\/div>\n<div id=\"post-extra-info\">\n<div class=\"theiaStickySidebar\">\n<div class=\"single-post-meta post-meta clearfix\"><span class=\"author-meta single-author no-avatars\"><span class=\"meta-item meta-author-wrapper meta-author-9\"><span class=\"meta-author\"><a href=\"https:\/\/infotulcea.ro\/author\/redactia-2\/\" class=\"author-name tie-icon\" title=\"Redactia\">Redactia<\/a><\/span><\/span><\/span><span class=\"date meta-item tie-icon\">6 august 2026<\/span><\/p>\n<div class=\"tie-alignright\"><span class=\"meta-comment tie-icon meta-item fa-before\">0<\/span><span class=\"meta-views meta-item \"> 47 <\/span><span class=\"meta-reading-time meta-item\"> 1 minute read<\/span><\/div>\n<\/div>\n<\/div>\n<\/div>\n<div id=\"share-buttons-bottom\" class=\"share-buttons share-buttons-bottom\">\n<div class=\"share-links  icons-only\">\n<div class=\"share-title\"><span> Share<\/span><\/div>\n<p><a href=\"https:\/\/www.facebook.com\/sharer.php?u=https:\/\/infotulcea.ro\/dosar-penal-intocmit-pentru-conducerea-unui-autovehicul-sub-influenta-alcoolului\/\" rel=\"external noopener nofollow\" title=\"Facebook\" target=\"_blank\" class=\"facebook-share-btn \" data-raw=\"https:\/\/www.facebook.com\/sharer.php?u={post_link}\"><span class=\"screen-reader-text\">Facebook<\/span><\/a><a href=\"https:\/\/twitter.com\/intent\/tweet?text=Dosar%20penal%20%C3%AEntocmit%20pentru%20conducerea%20unui%20autovehicul%20sub%20influen%C8%9Ba%20alcoolului&amp;url=https:\/\/infotulcea.ro\/dosar-penal-intocmit-pentru-conducerea-unui-autovehicul-sub-influenta-alcoolului\/\" rel=\"external noopener nofollow\" title=\"X\" target=\"_blank\" class=\"twitter-share-btn \" data-raw=\"https:\/\/twitter.com\/intent\/tweet?text={post_title}&amp;url={post_link}\"><span class=\"screen-reader-text\">X<\/span><\/a><a href=\"https:\/\/api.whatsapp.com\/send?text=Dosar%20penal%20%C3%AEntocmit%20pentru%20conducerea%20unui%20autovehicul%20sub%20influen%C8%9Ba%20alcoolului%20https:\/\/infotulcea.ro\/dosar-penal-intocmit-pentru-conducerea-unui-autovehicul-sub-influenta-alcoolului\/\" rel=\"external noopener nofollow\" title=\"WhatsApp\" target=\"_blank\" class=\"whatsapp-share-btn \" data-raw=\"https:\/\/api.whatsapp.com\/send?text={post_title}%20{post_link}\"><span class=\"screen-reader-text\">WhatsApp<\/span><\/a><a href=\"https:\/\/telegram.me\/share\/url?url=https:\/\/infotulcea.ro\/dosar-penal-intocmit-pentru-conducerea-unui-autovehicul-sub-influenta-alcoolului\/&amp;text=Dosar%20penal%20%C3%AEntocmit%20pentru%20conducerea%20unui%20autovehicul%20sub%20influen%C8%9Ba%20alcoolului\" rel=\"external noopener nofollow\" title=\"Telegram\" target=\"_blank\" class=\"telegram-share-btn \" data-raw=\"https:\/\/telegram.me\/share\/url?url={post_link}&amp;text={post_title}\"><span class=\"screen-reader-text\">Telegram<\/span><\/a><a href=\"mailto:?subject=Dosar%20penal%20%C3%AEntocmit%20pentru%20conducerea%20unui%20autovehicul%20sub%20influen%C8%9Ba%20alcoolului&amp;body=https:\/\/infotulcea.ro\/dosar-penal-intocmit-pentru-conducerea-unui-autovehicul-sub-influenta-alcoolului\/\" rel=\"external noopener nofollow\" title=\"Share via Email\" target=\"_blank\" class=\"email-share-btn \" data-raw=\"mailto:?subject={post_title}&amp;body={post_link}\"><span class=\"screen-reader-text\">Share via Email<\/span><\/a><a href=\"https:\/\/infotulcea.ro\/dosar-penal-intocmit-pentru-conducerea-unui-autovehicul-sub-influenta-alcoolului\/\" rel=\"external noopener nofollow\" title=\"Print\" target=\"_blank\" class=\"print-share-btn \" data-raw=\"#\"><span class=\"screen-reader-text\">Print<\/span><\/a><\/div>\n<\/div>\n<\/article>\n<div class=\"post-components\">\n<div id=\"related-posts\" class=\"container-wrapper has-extra-post\">\n<div class=\"mag-box-title the-global-title\">\n<h3>Related Articles<\/h3>\n<\/div>\n<div class=\"related-posts-list\">\n<div class=\"related-item tie-standard\"><a aria-label=\"Aten\u021bie! Email fals \u00een numele ANAF!\" href=\"https:\/\/infotulcea.ro\/atentie-email-fals-in-numele-anaf\/\" class=\"post-thumb\"><source type=\"image\/webp\" data-srcset=\"https:\/\/infotulcea.ro\/wp-content\/uploads\/2025\/10\/fals-390x220.jpg.webp\" \/><\/a><\/p>\n<h3 class=\"post-title\"><a href=\"https:\/\/infotulcea.ro\/atentie-email-fals-in-numele-anaf\/\">Aten\u021bie! Email fals \u00een numele ANAF!<\/a><\/h3>\n<div class=\"post-meta clearfix\"><span class=\"date meta-item tie-icon\">14 octombrie 2025<\/span><\/div>\n<\/div>\n<div class=\"related-item tie-standard\"><a aria-label=\"Dou\u0103 firme de catering \u00eenchise de inspectori de la Protec\u021bia Consumatorilor Tulcea!\" href=\"https:\/\/infotulcea.ro\/doua-firme-de-catering-inchise-de-inspectori-de-la-protectia-consumatorilor-tulcea\/\" class=\"post-thumb\"><source type=\"image\/webp\" data-srcset=\"https:\/\/infotulcea.ro\/wp-content\/uploads\/2022\/10\/IMG_20221012_123048-390x220.jpg.webp\" \/><img loading=\"lazy\" decoding=\"async\" width=\"390\" height=\"220\" src=\"https:\/\/infotulcea.ro\/wp-content\/uploads\/2022\/10\/IMG_20221012_123048-390x220.jpg\" class=\"attachment-jannah-image-large size-jannah-image-large wp-post-image\" alt><\/a><\/p>\n<h3 class=\"post-title\"><a href=\"https:\/\/infotulcea.ro\/doua-firme-de-catering-inchise-de-inspectori-de-la-protectia-consumatorilor-tulcea\/\">Dou\u0103 firme de catering \u00eenchise de inspectori de la Protec\u021bia Consumatorilor Tulcea!<\/a><\/h3>\n<div class=\"post-meta clearfix\"><span class=\"date meta-item tie-icon\">12 octombrie 2022<\/span><\/div>\n<\/div>\n<div class=\"related-item tie-standard\"><a aria-label=\"Braconieri prin\u0219i de poli\u021bi\u0219tii de frontier\u0103 la S\u0103lcieni, Grindu \u0219i Murighiol\" href=\"https:\/\/infotulcea.ro\/braconieri-prinsi-de-politistii-de-frontiera-la-salcieni-grindu-si-murighiol\/\" class=\"post-thumb\"><source type=\"image\/webp\" data-srcset=\"https:\/\/infotulcea.ro\/wp-content\/uploads\/2023\/05\/braconaj-390x220.jpg.webp\" \/><img loading=\"lazy\" decoding=\"async\" width=\"390\" height=\"220\" src=\"https:\/\/infotulcea.ro\/wp-content\/uploads\/2023\/05\/braconaj-390x220.jpg\" class=\"attachment-jannah-image-large size-jannah-image-large wp-post-image\" alt><\/a><\/p>\n<h3 class=\"post-title\"><a href=\"https:\/\/infotulcea.ro\/braconieri-prinsi-de-politistii-de-frontiera-la-salcieni-grindu-si-murighiol\/\">Braconieri prin\u0219i de poli\u021bi\u0219tii de frontier\u0103 la S\u0103lcieni, Grindu \u0219i Murighiol<\/a><\/h3>\n<div class=\"post-meta clearfix\"><span class=\"date meta-item tie-icon\">2 mai 2023<\/span><\/div>\n<\/div>\n<div class=\"related-item tie-standard\"><a aria-label=\"Perchezi\u021bii \u00een jude\u021bul Tulcea \u00eentr-un dosar ce vizeaz\u0103 infrac\u0163iuni la regimul piscicol\" href=\"https:\/\/infotulcea.ro\/perchezitii-in-judetul-tulcea-intr-un-dosar-ce-vizeaza-infractiuni-la-regimul-piscicol\/\" class=\"post-thumb\"><source type=\"image\/webp\" data-srcset=\"https:\/\/infotulcea.ro\/wp-content\/uploads\/2023\/05\/IMG-20230504-WA0009-390x220.jpg.webp\" \/><img loading=\"lazy\" decoding=\"async\" width=\"390\" height=\"220\" src=\"https:\/\/infotulcea.ro\/wp-content\/uploads\/2023\/05\/IMG-20230504-WA0009-390x220.jpg\" class=\"attachment-jannah-image-large size-jannah-image-large wp-post-image\" alt><\/a><\/p>\n<h3 class=\"post-title\"><a href=\"https:\/\/infotulcea.ro\/perchezitii-in-judetul-tulcea-intr-un-dosar-ce-vizeaza-infractiuni-la-regimul-piscicol\/\">Perchezi\u021bii \u00een jude\u021bul Tulcea \u00eentr-un dosar ce vizeaz\u0103 infrac\u0163iuni la regimul piscicol<\/a><\/h3>\n<div class=\"post-meta clearfix\"><span class=\"date meta-item tie-icon\">4 mai 2023<\/span><\/div>\n<\/div>\n<\/div>\n<\/div>\n<div id=\"comments\" class=\"comments-area\">\n<div id=\"add-comment-block\" class=\"container-wrapper\">\n<div id=\"respond\" class=\"comment-respond\">\n<h3 id=\"reply-title\" class=\"comment-reply-title the-global-title\">Las\u0103 un r\u0103spuns <small><a rel=\"nofollow\" id=\"cancel-comment-reply-link\" href=\"https:\/\/infotulcea.ro\/dosar-penal-intocmit-pentru-conducerea-unui-autovehicul-sub-influenta-alcoolului\/#respond\">Anuleaz\u0103 r\u0103spunsul<\/a><\/small><\/h3>\n<p class=\"comment-notes\"><span id=\"email-notes\">Adresa ta de email nu va fi publicat\u0103.<\/span><span class=\"required-field-message\">C\u00e2mpurile obligatorii sunt marcate cu <span class=\"required\">*<\/span><\/span><\/p>\n<\/div>\n<\/div>\n<\/div>\n<\/div>\n<\/div>\n<div id=\"check-also-box\" class=\"container-wrapper check-also-right\">\n<div class=\"widget-title the-global-title\">\n<div class=\"the-subtitle\">Check Also<\/div>\n<p><a href=\"https:\/\/infotulcea.ro\/dosar-penal-intocmit-pentru-conducerea-unui-autovehicul-sub-influenta-alcoolului\/\" id=\"check-also-close\" class=\"remove\"><span class=\"screen-reader-text\">Close<\/span><\/a><\/div>\n<div class=\"widget posts-list-big-first has-first-big-post\">\n<ul class=\"posts-list-items\">\n<li class=\"widget-single-post-item widget-post-list tie-standard\">\n<div class=\"post-widget-thumbnail\"><a aria-label=\"Re\u021bele Electrice investe\u0219te 387 milioane lei \u00een re\u021beaua de \u00eenalt\u0103 tensiune\" href=\"https:\/\/infotulcea.ro\/retele-electrice-investeste-387-milioane-lei-in-reteaua-de-inalta-tensiune\/\" class=\"post-thumb\"><span class=\"post-cat-wrap\"><span class=\"post-cat tie-cat-35\">Comunicate<\/span><\/span><source sizes=\"(max-width: 390px) 100vw, 390px\" type=\"image\/webp\" data-srcset=\"https:\/\/infotulcea.ro\/wp-content\/uploads\/2026\/07\/Retele-Electrice-Romania-1-390x220.jpg.webp 390w, https:\/\/infotulcea.ro\/wp-content\/uploads\/2026\/07\/Retele-Electrice-Romania-1-500x281.jpg.webp 500w, https:\/\/infotulcea.ro\/wp-content\/uploads\/2026\/07\/Retele-Electrice-Romania-1-1024x576.jpg.webp 1024w, https:\/\/infotulcea.ro\/wp-content\/uploads\/2026\/07\/Retele-Electrice-Romania-1-768x432.jpg.webp 768w, https:\/\/infotulcea.ro\/wp-content\/uploads\/2026\/07\/Retele-Electrice-Romania-1.jpg.webp 1080w\" \/><img loading=\"lazy\" decoding=\"async\" width=\"390\" height=\"220\" src=\"https:\/\/infotulcea.ro\/wp-content\/uploads\/2026\/07\/Retele-Electrice-Romania-1-390x220.jpg\" class=\"attachment-jannah-image-large size-jannah-image-large wp-post-image\" alt><\/a><\/div>\n<div class=\"post-widget-body \"><a class=\"post-title the-subtitle\" href=\"https:\/\/infotulcea.ro\/retele-electrice-investeste-387-milioane-lei-in-reteaua-de-inalta-tensiune\/\">Re\u021bele Electrice investe\u0219te 387 milioane lei \u00een re\u021beaua de \u00eenalt\u0103 tensiune<\/a><\/p>\n<div class=\"post-meta\"><span class=\"date meta-item tie-icon\">9 iulie 2026<\/span><\/div>\n<\/div>\n<\/li>\n<\/ul>\n<\/div>\n<\/div>\n<aside class=\"sidebar tie-col-md-4 tie-col-xs-12 normal-side is-sticky\" aria-label=\"Primary Sidebar\">\n<div class=\"theiaStickySidebar\">\n<div id=\"media_image-19\" class=\"container-wrapper widget widget_media_image\"><a href=\"https:\/\/infotulcea.ro\/delta-dunarii-mai-accesibila-navrom-delta-creste-numarul-curselor-regulate-de-la-1-mai-2025\/\"><source sizes=\"(max-width: 500px) 100vw, 500px\" type=\"image\/webp\" data-srcset=\"https:\/\/infotulcea.ro\/wp-content\/uploads\/2025\/04\/navrom-delta-500x271.jpg.webp 500w, https:\/\/infotulcea.ro\/wp-content\/uploads\/2025\/04\/navrom-delta-1024x555.jpg.webp 1024w, https:\/\/infotulcea.ro\/wp-content\/uploads\/2025\/04\/navrom-delta-768x416.jpg.webp 768w, https:\/\/infotulcea.ro\/wp-content\/uploads\/2025\/04\/navrom-delta.jpg.webp 1080w\" \/><img loading=\"lazy\" decoding=\"async\" width=\"500\" height=\"271\" src=\"https:\/\/infotulcea.ro\/wp-content\/uploads\/2025\/04\/navrom-delta-500x271.jpg\" class=\"image wp-image-34487  attachment-medium size-medium\" alt><\/a><\/div>\n<div id=\"media_image-17\" class=\"container-wrapper widget widget_media_image\"><a href=\"https:\/\/www.facebook.com\/share\/p\/1DGAD1tLWN\/?mibextid=wwXIfr\" target=\"_blank\"><source sizes=\"(max-width: 500px) 100vw, 500px\" type=\"image\/webp\" data-srcset=\"https:\/\/infotulcea.ro\/wp-content\/uploads\/2026\/01\/IMG_1563-500x500.jpeg.webp 500w, https:\/\/infotulcea.ro\/wp-content\/uploads\/2026\/01\/IMG_1563-1024x1024.jpeg.webp 1024w, https:\/\/infotulcea.ro\/wp-content\/uploads\/2026\/01\/IMG_1563-250x250.jpeg.webp 250w, https:\/\/infotulcea.ro\/wp-content\/uploads\/2026\/01\/IMG_1563-768x768.jpeg.webp 768w, https:\/\/infotulcea.ro\/wp-content\/uploads\/2026\/01\/IMG_1563.jpeg.webp 1080w\" \/><img loading=\"lazy\" decoding=\"async\" width=\"500\" height=\"500\" src=\"https:\/\/infotulcea.ro\/wp-content\/uploads\/2026\/01\/IMG_1563-500x500.jpeg\" class=\"image wp-image-37932  attachment-medium size-medium\" alt title=\"Centrale pe lemne\"><\/a><\/div>\n<div id=\"media_image-18\" class=\"container-wrapper widget widget_media_image\"><a href=\"https:\/\/www.licitatia.ro\/site\/index-guest\"><img loading=\"lazy\" decoding=\"async\" width=\"500\" height=\"262\" src=\"https:\/\/infotulcea.ro\/wp-content\/uploads\/2025\/09\/licitatia-500x262.png\" class=\"image wp-image-36670  attachment-medium size-medium lazyload\" alt><img loading=\"lazy\" decoding=\"async\" width=\"500\" height=\"262\" src=\"https:\/\/infotulcea.ro\/wp-content\/uploads\/2025\/09\/licitatia-500x262.png\" class=\"image wp-image-36670  attachment-medium size-medium\" alt><\/a><\/div>\n<div id=\"media_image-27\" class=\"container-wrapper widget widget_media_image\"><a href=\"https:\/\/www.centrale-lemne-liepsnele.ro\/\"><img loading=\"lazy\" decoding=\"async\" width=\"500\" height=\"500\" src=\"https:\/\/infotulcea.ro\/wp-content\/uploads\/2025\/09\/Centrale-pe-Lemne-Liepsnele-500x500.png\" class=\"image wp-image-36541  attachment-medium size-medium lazyload\" alt=\"Centrala pe lemne\"><img loading=\"lazy\" decoding=\"async\" width=\"500\" height=\"500\" src=\"https:\/\/infotulcea.ro\/wp-content\/uploads\/2025\/09\/Centrale-pe-Lemne-Liepsnele-500x500.png\" class=\"image wp-image-36541  attachment-medium size-medium\" alt=\"Centrala pe lemne\"><\/a><\/div>\n<div id=\"media_image-28\" class=\"container-wrapper widget widget_media_image\"><a href=\"https:\/\/infotulcea.ro\/angajeaza-te-ro-platforma-ta-online-de-angajari-si-forta-de-munca\/\"><source sizes=\"(max-width: 500px) 100vw, 500px\" type=\"image\/webp\" data-srcset=\"https:\/\/infotulcea.ro\/wp-content\/uploads\/2025\/04\/banner-angajazate-1-500x305.jpg.webp 500w, https:\/\/infotulcea.ro\/wp-content\/uploads\/2025\/04\/banner-angajazate-1-1024x625.jpg.webp 1024w, https:\/\/infotulcea.ro\/wp-content\/uploads\/2025\/04\/banner-angajazate-1-768x469.jpg.webp 768w, https:\/\/infotulcea.ro\/wp-content\/uploads\/2025\/04\/banner-angajazate-1.jpg.webp 1080w\" \/><img loading=\"lazy\" decoding=\"async\" width=\"500\" height=\"305\" src=\"https:\/\/infotulcea.ro\/wp-content\/uploads\/2025\/04\/banner-angajazate-1-500x305.jpg\" class=\"image wp-image-34317  attachment-medium size-medium\" alt><\/a><\/div>\n<\/div>\n<\/aside>\n<\/div>\n<\/div>\n<div class=\"entry-content entry clearfix\">\n<p><strong>La data de 5 august 2026, \u00een jurul orei 07:30, poli\u021bi\u0219tii din cadrul Inspectoratului de Poli\u021bie Jude\u021bean Tulcea au depistat un b\u0103rbat, \u00een v\u00e2rst\u0103 de 45 de ani, din municipiul Tulcea, \u00een timp ce conducea un autoturism pe strada Elizeului, afl\u00e2ndu-se sub influen\u021ba b\u0103uturilor alcoolice.<\/strong><\/p>\n<p>\u00cen urma test\u0103rii cu aparatul etilotest, a rezultat o concentra\u021bie de 0,45 mg\/l alcool pur \u00een aerul expirat.<\/p>\n<p>Conduc\u0103torul auto a fost condus la o unitate medical\u0103 pentru prelevarea de mostre biologice, \u00een vederea stabilirii alcoolemiei.<\/p>\n<p>\u00cen cauz\u0103, poli\u021bi\u0219tii au \u00eentocmit dosar penal \u0219i continu\u0103 cercet\u0103rile sub aspectul s\u0103v\u00e2r\u0219irii infrac\u021biunii de conducerea unui vehicul sub influen\u021ba alcoolului sau a altor substan\u021be.<\/p>\n<p>Recomand\u0103m tuturor participan\u021bilor la trafic s\u0103 nu urce la volan dup\u0103 consumul de alcool, \u00eentruc\u00e2t acesta afecteaz\u0103 capacitatea de reac\u021bie \u0219i poate avea consecin\u021be grave asupra siguran\u021bei rutiere.<\/p>\n<\/div>\n<div class=\"articleBody\" data-key=\"articleBody\">La data de 5 august 2026, \u00een jurul orei 07:30, poli\u021bi\u0219tii din cadrul Inspectoratului de Poli\u021bie Jude\u021bean Tulcea au depistat un b\u0103rbat, \u00een v\u00e2rst\u0103 de 45 de ani, din municipiul Tulcea, \u00een timp ce conducea un autoturism pe strada Elizeului, afl\u00e2ndu-se sub influen\u021ba b\u0103uturilor alcoolice.<\/p>\n<p>\u00cen urma test\u0103rii cu aparatul etilotest, a rezultat o concentra\u021bie de 0,45 mg\/l alcool pur \u00een aerul expirat.<\/p>\n<p>Conduc\u0103torul auto a fost condus la o unitate medical\u0103 pentru prelevarea de mostre biologice, \u00een vederea stabilirii alcoolemiei.<\/p>\n<p>\u00cen cauz\u0103, poli\u021bi\u0219tii au \u00eentocmit dosar penal \u0219i continu\u0103 cercet\u0103rile sub aspectul s\u0103v\u00e2r\u0219irii infrac\u021biunii de conducerea unui vehicul sub influen\u021ba alcoolului sau a altor substan\u021be.<\/p>\n<p>Recomand\u0103m tuturor participan\u021bilor la trafic s\u0103 nu urce la volan dup\u0103 consumul de alcool, \u00eentruc\u00e2t acesta afecteaz\u0103 capacitatea de reac\u021bie \u0219i poate avea consecin\u021be grave asupra siguran\u021bei rutiere.<\/p><\/div>\n<p>[analyse_source url=&#8221;https:\/\/infotulcea.ro\/dosar-penal-intocmit-pentru-conducerea-unui-autovehicul-sub-influenta-alcoolului\/&#8221;]<\/p>\n","protected":false},"excerpt":{"rendered":"<p>[analyse_image type=&#8221;featured&#8221; src=&#8221;https:\/\/infotulcea.ro\/wp-content\/uploads\/2021\/11\/bulina.png&#8221;] Home\/Comunicate\/Dosar penal \u00eentocmit pentru conducerea unui autovehicul sub influen\u021ba alcoolului Comunicate Dosar penal \u00eentocmit pentru conducerea unui autovehicul sub influen\u021ba alcoolului Redactia6 august 2026 0 47 1 minute read La data de 5 august 2026, \u00een jurul orei 07:30, poli\u021bi\u0219tii din cadrul Inspectoratului de Poli\u021bie Jude\u021bean Tulcea au depistat un b\u0103rbat, \u00een [&hellip;]<\/p>\n","protected":false},"author":1,"featured_media":0,"comment_status":"open","ping_status":"","sticky":false,"template":"","format":"standard","meta":{"footnotes":""},"categories":[89],"tags":[226,221],"class_list":["post-2081623","post","type-post","status-publish","format-standard","hentry","category-romania","tag-crawlmanager","tag-infotulcea-ro"],"_links":{"self":[{"href":"https:\/\/analyse.optim.biz\/index.php?rest_route=\/wp\/v2\/posts\/2081623","targetHints":{"allow":["GET"]}}],"collection":[{"href":"https:\/\/analyse.optim.biz\/index.php?rest_route=\/wp\/v2\/posts"}],"about":[{"href":"https:\/\/analyse.optim.biz\/index.php?rest_route=\/wp\/v2\/types\/post"}],"author":[{"embeddable":true,"href":"https:\/\/analyse.optim.biz\/index.php?rest_route=\/wp\/v2\/users\/1"}],"replies":[{"embeddable":true,"href":"https:\/\/analyse.optim.biz\/index.php?rest_route=%2Fwp%2Fv2%2Fcomments&post=2081623"}],"version-history":[{"count":0,"href":"https:\/\/analyse.optim.biz\/index.php?rest_route=\/wp\/v2\/posts\/2081623\/revisions"}],"wp:attachment":[{"href":"https:\/\/analyse.optim.biz\/index.php?rest_route=%2Fwp%2Fv2%2Fmedia&parent=2081623"}],"wp:term":[{"taxonomy":"category","embeddable":true,"href":"https:\/\/analyse.optim.biz\/index.php?rest_route=%2Fwp%2Fv2%2Fcategories&post=2081623"},{"taxonomy":"post_tag","embeddable":true,"href":"https:\/\/analyse.optim.biz\/index.php?rest_route=%2Fwp%2Fv2%2Ftags&post=2081623"}],"curies":[{"name":"wp","href":"https:\/\/api.w.org\/{rel}","templated":true}]}}