{"id":2081614,"date":"2026-07-31T18:57:53","date_gmt":"2026-07-31T15:57:53","guid":{"rendered":"https:\/\/analyse.optim.biz\/?p=2081614"},"modified":"2026-07-31T18:57:53","modified_gmt":"2026-07-31T15:57:53","slug":"actiune-pentru-respectarea-regimului-legal-de-viteza","status":"publish","type":"post","link":"https:\/\/analyse.optim.biz\/?p=2081614","title":{"rendered":"Ac\u021biune pentru respectarea regimului legal de vitez\u0103"},"content":{"rendered":"<p>[analyse_image type=&#8221;featured&#8221; src=&#8221;https:\/\/infotulcea.ro\/wp-content\/uploads\/2021\/11\/bulina.png&#8221;]<\/p>\n<div id=\"content\" class=\"site-content container\">\n<div id=\"main-content-row\" class=\"tie-row main-content-row\">\n<div class=\"main-content tie-col-md-8 tie-col-xs-12\" role=\"main\">\n<article id=\"the-post\" class=\"container-wrapper post-content tie-standard\">\n<header class=\"entry-header-outer\">\n<nav id=\"breadcrumb\"><a href=\"https:\/\/infotulcea.ro\/\"> Home<\/a><em class=\"delimiter\">\/<\/em><a href=\"https:\/\/infotulcea.ro\/categorie\/comunicate\/\">Comunicate<\/a><em class=\"delimiter\">\/<\/em><span class=\"current\">Ac\u021biune pentru respectarea regimului legal de vitez\u0103<\/span><\/nav>\n<div class=\"entry-header\"><span class=\"post-cat-wrap\"><a class=\"post-cat tie-cat-35\" href=\"https:\/\/infotulcea.ro\/categorie\/comunicate\/\">Comunicate<\/a><\/span><\/p>\n<h1 class=\"post-title entry-title\">\n\t\t\tAc\u021biune pentru respectarea regimului legal de vitez\u0103\t\t<\/h1>\n<div class=\"single-post-meta post-meta clearfix\"><span class=\"author-meta single-author no-avatars\"><span class=\"meta-item meta-author-wrapper meta-author-9\"><span class=\"meta-author\"><a href=\"https:\/\/infotulcea.ro\/author\/redactia-2\/\" class=\"author-name tie-icon\" title=\"Redactia\">Redactia<\/a><\/span><\/span><\/span><span class=\"date meta-item tie-icon\">31 iulie 2026<\/span><\/p>\n<div class=\"tie-alignright\"><span class=\"meta-comment tie-icon meta-item fa-before\">0<\/span><span class=\"meta-views meta-item \"> 96 <\/span><span class=\"meta-reading-time meta-item\"> 1 minute read<\/span><\/div>\n<\/div>\n<\/div>\n<\/header>\n<div class=\"entry-content entry clearfix\">\n<p><strong>La data de 30 iulie 2026, poli\u021bi\u0219tii Serviciului Rutier, \u00eempreun\u0103 cu poli\u021bi\u0219tii din cadrul Sec\u021biei 3 Poli\u021bie Rural\u0103 Baia, au desf\u0103\u0219urat o ac\u021biune pe DN22\/E87, pe sectorul de drum Tulcea \u2013 Babadag \u2013 Baia \u2013 limita jude\u021bului Constan\u021ba, pentru verificarea respect\u0103rii regimului legal de vitez\u0103 \u0219i cre\u0219terea siguran\u021bei rutiere.<\/strong><\/p>\n<p>\u00cen cadrul ac\u021biunii au fost controlate 86 de autovehicule, iar pentru neregulile constatate, poli\u021bi\u0219tii au aplicat 66 de sanc\u021biuni contraven\u021bionale, dintre care 59 pentru dep\u0103\u0219irea limitei legale de vitez\u0103, \u00een valoare total\u0103 de 129.750 lei.<\/p>\n<p>Totodat\u0103, ca m\u0103sur\u0103 complementar\u0103, au fost re\u021binute 26 de permise de conducere.<source sizes=\"(max-width: 249px) 100vw, 249px\" type=\"image\/webp\" data-srcset=\"https:\/\/infotulcea.ro\/wp-content\/uploads\/2026\/07\/ipj-4-375x500.jpeg.webp 375w, https:\/\/infotulcea.ro\/wp-content\/uploads\/2026\/07\/ipj-4-768x1024.jpeg.webp 768w, https:\/\/infotulcea.ro\/wp-content\/uploads\/2026\/07\/ipj-4.jpeg.webp 1080w\" \/><\/p>\n<p><img loading=\"lazy\" decoding=\"async\" class=\" wp-image-40286 alignright\" src=\"https:\/\/infotulcea.ro\/wp-content\/uploads\/2026\/07\/ipj-4-375x500.jpeg\" alt width=\"249\" height=\"332\"><\/p>\n<p>Poli\u021bi\u0219tii vor continua organizarea unor astfel de ac\u021biuni \u0219i \u00een perioada urm\u0103toare, cu scopul prevenirii accidentelor rutiere \u0219i al cre\u0219terii gradului de siguran\u021b\u0103 pentru to\u021bi participan\u021bii la trafic.<\/p>\n<p>Recomand\u0103m conduc\u0103torilor auto s\u0103 respecte limitele legale de vitez\u0103, s\u0103 adapteze \u00een permanen\u021b\u0103 viteza la condi\u021biile de drum \u0219i de trafic \u0219i s\u0103 adopte un comportament preventiv \u0219i responsabil la volan.<\/p>\n<\/div>\n<div id=\"post-extra-info\">\n<div class=\"theiaStickySidebar\">\n<div class=\"single-post-meta post-meta clearfix\"><span class=\"author-meta single-author no-avatars\"><span class=\"meta-item meta-author-wrapper meta-author-9\"><span class=\"meta-author\"><a href=\"https:\/\/infotulcea.ro\/author\/redactia-2\/\" class=\"author-name tie-icon\" title=\"Redactia\">Redactia<\/a><\/span><\/span><\/span><span class=\"date meta-item tie-icon\">31 iulie 2026<\/span><\/p>\n<div class=\"tie-alignright\"><span class=\"meta-comment tie-icon meta-item fa-before\">0<\/span><span class=\"meta-views meta-item \"> 96 <\/span><span class=\"meta-reading-time meta-item\"> 1 minute read<\/span><\/div>\n<\/div>\n<\/div>\n<\/div>\n<div id=\"share-buttons-bottom\" class=\"share-buttons share-buttons-bottom\">\n<div class=\"share-links  icons-only\">\n<div class=\"share-title\"><span> Share<\/span><\/div>\n<p><a href=\"https:\/\/www.facebook.com\/sharer.php?u=https:\/\/infotulcea.ro\/actiune-pentru-respectarea-regimului-legal-de-viteza\/\" rel=\"external noopener nofollow\" title=\"Facebook\" target=\"_blank\" class=\"facebook-share-btn \" data-raw=\"https:\/\/www.facebook.com\/sharer.php?u={post_link}\"><span class=\"screen-reader-text\">Facebook<\/span><\/a><a href=\"https:\/\/twitter.com\/intent\/tweet?text=Ac%C8%9Biune%20pentru%20respectarea%20regimului%20legal%20de%20vitez%C4%83&amp;url=https:\/\/infotulcea.ro\/actiune-pentru-respectarea-regimului-legal-de-viteza\/\" rel=\"external noopener nofollow\" title=\"X\" target=\"_blank\" class=\"twitter-share-btn \" data-raw=\"https:\/\/twitter.com\/intent\/tweet?text={post_title}&amp;url={post_link}\"><span class=\"screen-reader-text\">X<\/span><\/a><a href=\"https:\/\/api.whatsapp.com\/send?text=Ac%C8%9Biune%20pentru%20respectarea%20regimului%20legal%20de%20vitez%C4%83%20https:\/\/infotulcea.ro\/actiune-pentru-respectarea-regimului-legal-de-viteza\/\" rel=\"external noopener nofollow\" title=\"WhatsApp\" target=\"_blank\" class=\"whatsapp-share-btn \" data-raw=\"https:\/\/api.whatsapp.com\/send?text={post_title}%20{post_link}\"><span class=\"screen-reader-text\">WhatsApp<\/span><\/a><a href=\"https:\/\/telegram.me\/share\/url?url=https:\/\/infotulcea.ro\/actiune-pentru-respectarea-regimului-legal-de-viteza\/&amp;text=Ac%C8%9Biune%20pentru%20respectarea%20regimului%20legal%20de%20vitez%C4%83\" rel=\"external noopener nofollow\" title=\"Telegram\" target=\"_blank\" class=\"telegram-share-btn \" data-raw=\"https:\/\/telegram.me\/share\/url?url={post_link}&amp;text={post_title}\"><span class=\"screen-reader-text\">Telegram<\/span><\/a><a href=\"mailto:?subject=Ac%C8%9Biune%20pentru%20respectarea%20regimului%20legal%20de%20vitez%C4%83&amp;body=https:\/\/infotulcea.ro\/actiune-pentru-respectarea-regimului-legal-de-viteza\/\" rel=\"external noopener nofollow\" title=\"Share via Email\" target=\"_blank\" class=\"email-share-btn \" data-raw=\"mailto:?subject={post_title}&amp;body={post_link}\"><span class=\"screen-reader-text\">Share via Email<\/span><\/a><a href=\"https:\/\/infotulcea.ro\/actiune-pentru-respectarea-regimului-legal-de-viteza\/\" rel=\"external noopener nofollow\" title=\"Print\" target=\"_blank\" class=\"print-share-btn \" data-raw=\"#\"><span class=\"screen-reader-text\">Print<\/span><\/a><\/div>\n<\/div>\n<\/article>\n<div class=\"post-components\">\n<div id=\"related-posts\" class=\"container-wrapper has-extra-post\">\n<div class=\"mag-box-title the-global-title\">\n<h3>Related Articles<\/h3>\n<\/div>\n<div class=\"related-posts-list\">\n<div class=\"related-item tie-standard\"><a aria-label=\"Mihail Kog\u0103lniceanu: Amend\u0103 pentru gunoi de grajd depozitat necorespunz\u0103tor!\" href=\"https:\/\/infotulcea.ro\/mihail-kogalniceanu-amenda-pentru-gunoi-de-grajd-depozitat-necorespunzator\/\" class=\"post-thumb\"><source type=\"image\/webp\" data-srcset=\"https:\/\/infotulcea.ro\/wp-content\/uploads\/2024\/04\/IMG_20240418_093110-390x220.jpg.webp\" \/><img loading=\"lazy\" decoding=\"async\" width=\"390\" height=\"220\" src=\"https:\/\/infotulcea.ro\/wp-content\/uploads\/2024\/04\/IMG_20240418_093110-390x220.jpg\" class=\"attachment-jannah-image-large size-jannah-image-large wp-post-image\" alt><\/a><\/p>\n<h3 class=\"post-title\"><a href=\"https:\/\/infotulcea.ro\/mihail-kogalniceanu-amenda-pentru-gunoi-de-grajd-depozitat-necorespunzator\/\">Mihail Kog\u0103lniceanu: Amend\u0103 pentru gunoi de grajd depozitat necorespunz\u0103tor!<\/a><\/h3>\n<div class=\"post-meta clearfix\"><span class=\"date meta-item tie-icon\">18 aprilie 2024<\/span><\/div>\n<\/div>\n<div class=\"related-item tie-standard\"><a aria-label=\"Mas\u0103 rotund\u0103 la bibliotec\u0103: Autism Dobrogea- Vocea care schimb\u0103 vie\u021bi!\" href=\"https:\/\/infotulcea.ro\/masa-rotunda-la-biblioteca-autism-dobrogea-vocea-care-schimba-vieti\/\" class=\"post-thumb\"><source type=\"image\/webp\" data-srcset=\"https:\/\/infotulcea.ro\/wp-content\/uploads\/2023\/03\/IMG-20230331-WA0025-390x220.jpg.webp\" \/><img loading=\"lazy\" decoding=\"async\" width=\"390\" height=\"220\" src=\"https:\/\/infotulcea.ro\/wp-content\/uploads\/2023\/03\/IMG-20230331-WA0025-390x220.jpg\" class=\"attachment-jannah-image-large size-jannah-image-large wp-post-image\" alt><\/a><\/p>\n<h3 class=\"post-title\"><a href=\"https:\/\/infotulcea.ro\/masa-rotunda-la-biblioteca-autism-dobrogea-vocea-care-schimba-vieti\/\">Mas\u0103 rotund\u0103 la bibliotec\u0103: Autism Dobrogea- Vocea care schimb\u0103 vie\u021bi!<\/a><\/h3>\n<div class=\"post-meta clearfix\"><span class=\"date meta-item tie-icon\">31 martie 2023<\/span><\/div>\n<\/div>\n<div class=\"related-item tie-standard\"><a aria-label=\"Patru cazuri de munc\u0103 f\u0103r\u0103 contract depistate de inspectorii ITM Tulcea!\" href=\"https:\/\/infotulcea.ro\/patru-cazuri-de-munca-fara-contract-depistate-de-inspectorii-itm-tulcea\/\" class=\"post-thumb\"><img loading=\"lazy\" decoding=\"async\" width=\"390\" height=\"220\" src=\"https:\/\/infotulcea.ro\/wp-content\/uploads\/2022\/02\/inspectia-muncii-390x220.jpg\" class=\"attachment-jannah-image-large size-jannah-image-large wp-post-image lazyload\" alt><img loading=\"lazy\" decoding=\"async\" width=\"390\" height=\"220\" src=\"https:\/\/infotulcea.ro\/wp-content\/uploads\/2022\/02\/inspectia-muncii-390x220.jpg\" class=\"attachment-jannah-image-large size-jannah-image-large wp-post-image\" alt><\/a><\/p>\n<h3 class=\"post-title\"><a href=\"https:\/\/infotulcea.ro\/patru-cazuri-de-munca-fara-contract-depistate-de-inspectorii-itm-tulcea\/\">Patru cazuri de munc\u0103 f\u0103r\u0103 contract depistate de inspectorii ITM Tulcea!<\/a><\/h3>\n<div class=\"post-meta clearfix\"><span class=\"date meta-item tie-icon\">28 decembrie 2022<\/span><\/div>\n<\/div>\n<div class=\"related-item tie-standard\"><a aria-label=\"COPIL DE 8 ANI PLECAT NOAPTEA DE ACAS\u0102, G\u0102SIT DE POLI\u021aI\u0218TI\" href=\"https:\/\/infotulcea.ro\/copil-de-8-ani-plecat-noaptea-de-acasa-gasit-de-politisti\/\" class=\"post-thumb\"><source type=\"image\/webp\" data-srcset=\"https:\/\/infotulcea.ro\/wp-content\/uploads\/2023\/08\/IMG-20230823-WA0007-390x220.jpg.webp\" \/><img loading=\"lazy\" decoding=\"async\" width=\"390\" height=\"220\" src=\"https:\/\/infotulcea.ro\/wp-content\/uploads\/2023\/08\/IMG-20230823-WA0007-390x220.jpg\" class=\"attachment-jannah-image-large size-jannah-image-large wp-post-image\" alt><\/a><\/p>\n<h3 class=\"post-title\"><a href=\"https:\/\/infotulcea.ro\/copil-de-8-ani-plecat-noaptea-de-acasa-gasit-de-politisti\/\">COPIL DE 8 ANI PLECAT NOAPTEA DE ACAS\u0102, G\u0102SIT DE POLI\u021aI\u0218TI<\/a><\/h3>\n<div class=\"post-meta clearfix\"><span class=\"date meta-item tie-icon\">23 august 2023<\/span><\/div>\n<\/div>\n<\/div>\n<\/div>\n<div id=\"comments\" class=\"comments-area\">\n<div id=\"add-comment-block\" class=\"container-wrapper\">\n<div id=\"respond\" class=\"comment-respond\">\n<h3 id=\"reply-title\" class=\"comment-reply-title the-global-title\">Las\u0103 un r\u0103spuns <small><a rel=\"nofollow\" id=\"cancel-comment-reply-link\" href=\"https:\/\/infotulcea.ro\/actiune-pentru-respectarea-regimului-legal-de-viteza\/#respond\">Anuleaz\u0103 r\u0103spunsul<\/a><\/small><\/h3>\n<p class=\"comment-notes\"><span id=\"email-notes\">Adresa ta de email nu va fi publicat\u0103.<\/span><span class=\"required-field-message\">C\u00e2mpurile obligatorii sunt marcate cu <span class=\"required\">*<\/span><\/span><\/p>\n<\/div>\n<\/div>\n<\/div>\n<\/div>\n<\/div>\n<div id=\"check-also-box\" class=\"container-wrapper check-also-right\">\n<div class=\"widget-title the-global-title\">\n<div class=\"the-subtitle\">Check Also<\/div>\n<p><a href=\"https:\/\/infotulcea.ro\/actiune-pentru-respectarea-regimului-legal-de-viteza\/\" id=\"check-also-close\" class=\"remove\"><span class=\"screen-reader-text\">Close<\/span><\/a><\/div>\n<div class=\"widget posts-list-big-first has-first-big-post\">\n<ul class=\"posts-list-items\">\n<li class=\"widget-single-post-item widget-post-list tie-standard\">\n<div class=\"post-widget-thumbnail\"><a aria-label=\"A ajuns \u00een arestul Poli\u021biei dup\u0103 ce a furat un mixer audio!\" href=\"https:\/\/infotulcea.ro\/a-ajuns-in-arestul-politiei-dupa-ce-a-furat-un-mixer-audio\/\" class=\"post-thumb\"><span class=\"post-cat-wrap\"><span class=\"post-cat tie-cat-35\">Comunicate<\/span><\/span><source sizes=\"(max-width: 390px) 100vw, 390px\" type=\"image\/webp\" data-srcset=\"https:\/\/infotulcea.ro\/wp-content\/uploads\/2025\/09\/arestat-crima-390x220.jpg.webp 390w, https:\/\/infotulcea.ro\/wp-content\/uploads\/2025\/09\/arestat-crima-500x282.jpg.webp 500w, https:\/\/infotulcea.ro\/wp-content\/uploads\/2025\/09\/arestat-crima-1024x577.jpg.webp 1024w, https:\/\/infotulcea.ro\/wp-content\/uploads\/2025\/09\/arestat-crima-768x433.jpg.webp 768w, https:\/\/infotulcea.ro\/wp-content\/uploads\/2025\/09\/arestat-crima.jpg.webp 1080w\" \/><img loading=\"lazy\" decoding=\"async\" width=\"390\" height=\"220\" src=\"https:\/\/infotulcea.ro\/wp-content\/uploads\/2025\/09\/arestat-crima-390x220.jpg\" class=\"attachment-jannah-image-large size-jannah-image-large wp-post-image\" alt><\/a><\/div>\n<div class=\"post-widget-body \"><a class=\"post-title the-subtitle\" href=\"https:\/\/infotulcea.ro\/a-ajuns-in-arestul-politiei-dupa-ce-a-furat-un-mixer-audio\/\">A ajuns \u00een arestul Poli\u021biei dup\u0103 ce a furat un mixer audio!<\/a><\/p>\n<div class=\"post-meta\"><span class=\"date meta-item tie-icon\">28 octombrie 2025<\/span><\/div>\n<\/div>\n<\/li>\n<\/ul>\n<\/div>\n<\/div>\n<aside class=\"sidebar tie-col-md-4 tie-col-xs-12 normal-side is-sticky\" aria-label=\"Primary Sidebar\">\n<div class=\"theiaStickySidebar\">\n<div id=\"media_image-19\" class=\"container-wrapper widget widget_media_image\"><a href=\"https:\/\/infotulcea.ro\/delta-dunarii-mai-accesibila-navrom-delta-creste-numarul-curselor-regulate-de-la-1-mai-2025\/\"><source sizes=\"(max-width: 500px) 100vw, 500px\" type=\"image\/webp\" data-srcset=\"https:\/\/infotulcea.ro\/wp-content\/uploads\/2025\/04\/navrom-delta-500x271.jpg.webp 500w, https:\/\/infotulcea.ro\/wp-content\/uploads\/2025\/04\/navrom-delta-1024x555.jpg.webp 1024w, https:\/\/infotulcea.ro\/wp-content\/uploads\/2025\/04\/navrom-delta-768x416.jpg.webp 768w, https:\/\/infotulcea.ro\/wp-content\/uploads\/2025\/04\/navrom-delta.jpg.webp 1080w\" \/><img loading=\"lazy\" decoding=\"async\" width=\"500\" height=\"271\" src=\"https:\/\/infotulcea.ro\/wp-content\/uploads\/2025\/04\/navrom-delta-500x271.jpg\" class=\"image wp-image-34487  attachment-medium size-medium\" alt><\/a><\/div>\n<div id=\"media_image-17\" class=\"container-wrapper widget widget_media_image\"><a href=\"https:\/\/www.facebook.com\/share\/p\/1DGAD1tLWN\/?mibextid=wwXIfr\" target=\"_blank\"><source sizes=\"(max-width: 500px) 100vw, 500px\" type=\"image\/webp\" data-srcset=\"https:\/\/infotulcea.ro\/wp-content\/uploads\/2026\/01\/IMG_1563-500x500.jpeg.webp 500w, https:\/\/infotulcea.ro\/wp-content\/uploads\/2026\/01\/IMG_1563-1024x1024.jpeg.webp 1024w, https:\/\/infotulcea.ro\/wp-content\/uploads\/2026\/01\/IMG_1563-250x250.jpeg.webp 250w, https:\/\/infotulcea.ro\/wp-content\/uploads\/2026\/01\/IMG_1563-768x768.jpeg.webp 768w, https:\/\/infotulcea.ro\/wp-content\/uploads\/2026\/01\/IMG_1563.jpeg.webp 1080w\" \/><img loading=\"lazy\" decoding=\"async\" width=\"500\" height=\"500\" src=\"https:\/\/infotulcea.ro\/wp-content\/uploads\/2026\/01\/IMG_1563-500x500.jpeg\" class=\"image wp-image-37932  attachment-medium size-medium\" alt title=\"Centrale pe lemne\"><\/a><\/div>\n<div id=\"media_image-18\" class=\"container-wrapper widget widget_media_image\"><a href=\"https:\/\/www.licitatia.ro\/site\/index-guest\"><img loading=\"lazy\" decoding=\"async\" width=\"500\" height=\"262\" src=\"https:\/\/infotulcea.ro\/wp-content\/uploads\/2025\/09\/licitatia-500x262.png\" class=\"image wp-image-36670  attachment-medium size-medium lazyload\" alt><img loading=\"lazy\" decoding=\"async\" width=\"500\" height=\"262\" src=\"https:\/\/infotulcea.ro\/wp-content\/uploads\/2025\/09\/licitatia-500x262.png\" class=\"image wp-image-36670  attachment-medium size-medium\" alt><\/a><\/div>\n<div id=\"media_image-27\" class=\"container-wrapper widget widget_media_image\"><a href=\"https:\/\/www.centrale-lemne-liepsnele.ro\/\"><img loading=\"lazy\" decoding=\"async\" width=\"500\" height=\"500\" src=\"https:\/\/infotulcea.ro\/wp-content\/uploads\/2025\/09\/Centrale-pe-Lemne-Liepsnele-500x500.png\" class=\"image wp-image-36541  attachment-medium size-medium lazyload\" alt=\"Centrala pe lemne\"><img loading=\"lazy\" decoding=\"async\" width=\"500\" height=\"500\" src=\"https:\/\/infotulcea.ro\/wp-content\/uploads\/2025\/09\/Centrale-pe-Lemne-Liepsnele-500x500.png\" class=\"image wp-image-36541  attachment-medium size-medium\" alt=\"Centrala pe lemne\"><\/a><\/div>\n<div id=\"media_image-28\" class=\"container-wrapper widget widget_media_image\"><a href=\"https:\/\/infotulcea.ro\/angajeaza-te-ro-platforma-ta-online-de-angajari-si-forta-de-munca\/\"><source sizes=\"(max-width: 500px) 100vw, 500px\" type=\"image\/webp\" data-srcset=\"https:\/\/infotulcea.ro\/wp-content\/uploads\/2025\/04\/banner-angajazate-1-500x305.jpg.webp 500w, https:\/\/infotulcea.ro\/wp-content\/uploads\/2025\/04\/banner-angajazate-1-1024x625.jpg.webp 1024w, https:\/\/infotulcea.ro\/wp-content\/uploads\/2025\/04\/banner-angajazate-1-768x469.jpg.webp 768w, https:\/\/infotulcea.ro\/wp-content\/uploads\/2025\/04\/banner-angajazate-1.jpg.webp 1080w\" \/><img loading=\"lazy\" decoding=\"async\" width=\"500\" height=\"305\" src=\"https:\/\/infotulcea.ro\/wp-content\/uploads\/2025\/04\/banner-angajazate-1-500x305.jpg\" class=\"image wp-image-34317  attachment-medium size-medium\" alt><\/a><\/div>\n<\/div>\n<\/aside>\n<\/div>\n<\/div>\n<div class=\"entry-content entry clearfix\">\n<p><strong>La data de 30 iulie 2026, poli\u021bi\u0219tii Serviciului Rutier, \u00eempreun\u0103 cu poli\u021bi\u0219tii din cadrul Sec\u021biei 3 Poli\u021bie Rural\u0103 Baia, au desf\u0103\u0219urat o ac\u021biune pe DN22\/E87, pe sectorul de drum Tulcea \u2013 Babadag \u2013 Baia \u2013 limita jude\u021bului Constan\u021ba, pentru verificarea respect\u0103rii regimului legal de vitez\u0103 \u0219i cre\u0219terea siguran\u021bei rutiere.<\/strong><\/p>\n<p>\u00cen cadrul ac\u021biunii au fost controlate 86 de autovehicule, iar pentru neregulile constatate, poli\u021bi\u0219tii au aplicat 66 de sanc\u021biuni contraven\u021bionale, dintre care 59 pentru dep\u0103\u0219irea limitei legale de vitez\u0103, \u00een valoare total\u0103 de 129.750 lei.<\/p>\n<p>Totodat\u0103, ca m\u0103sur\u0103 complementar\u0103, au fost re\u021binute 26 de permise de conducere.<source sizes=\"(max-width: 249px) 100vw, 249px\" type=\"image\/webp\" data-srcset=\"https:\/\/infotulcea.ro\/wp-content\/uploads\/2026\/07\/ipj-4-375x500.jpeg.webp 375w, https:\/\/infotulcea.ro\/wp-content\/uploads\/2026\/07\/ipj-4-768x1024.jpeg.webp 768w, https:\/\/infotulcea.ro\/wp-content\/uploads\/2026\/07\/ipj-4.jpeg.webp 1080w\" \/><\/p>\n<p><img loading=\"lazy\" decoding=\"async\" class=\" wp-image-40286 alignright\" src=\"https:\/\/infotulcea.ro\/wp-content\/uploads\/2026\/07\/ipj-4-375x500.jpeg\" alt width=\"249\" height=\"332\"><\/p>\n<p>Poli\u021bi\u0219tii vor continua organizarea unor astfel de ac\u021biuni \u0219i \u00een perioada urm\u0103toare, cu scopul prevenirii accidentelor rutiere \u0219i al cre\u0219terii gradului de siguran\u021b\u0103 pentru to\u021bi participan\u021bii la trafic.<\/p>\n<p>Recomand\u0103m conduc\u0103torilor auto s\u0103 respecte limitele legale de vitez\u0103, s\u0103 adapteze \u00een permanen\u021b\u0103 viteza la condi\u021biile de drum \u0219i de trafic \u0219i s\u0103 adopte un comportament preventiv \u0219i responsabil la volan.<\/p>\n<\/div>\n<div class=\"articleBody\" data-key=\"articleBody\">La data de 30 iulie 2026, poli\u021bi\u0219tii Serviciului Rutier, \u00eempreun\u0103 cu poli\u021bi\u0219tii din cadrul Sec\u021biei 3 Poli\u021bie Rural\u0103 Baia, au desf\u0103\u0219urat o ac\u021biune pe DN22\/E87, pe sectorul de drum Tulcea \u2013 Babadag \u2013 Baia \u2013 limita jude\u021bului Constan\u021ba, pentru verificarea respect\u0103rii regimului legal de vitez\u0103 \u0219i cre\u0219terea siguran\u021bei rutiere.<\/p>\n<p>\u00cen cadrul ac\u021biunii au fost controlate 86 de autovehicule, iar pentru neregulile constatate, poli\u021bi\u0219tii au aplicat 66 de sanc\u021biuni contraven\u021bionale, dintre care 59 pentru dep\u0103\u0219irea limitei legale de vitez\u0103, \u00een valoare total\u0103 de 129.750 lei.<\/p>\n<p>Totodat\u0103, ca m\u0103sur\u0103 complementar\u0103, au fost re\u021binute 26 de permise de conducere.<\/p>\n<p>Poli\u021bi\u0219tii vor continua organizarea unor astfel de ac\u021biuni \u0219i \u00een perioada urm\u0103toare, cu scopul prevenirii accidentelor rutiere \u0219i al cre\u0219terii gradului de siguran\u021b\u0103 pentru to\u021bi participan\u021bii la trafic.<\/p>\n<p>Recomand\u0103m conduc\u0103torilor auto s\u0103 respecte limitele legale de vitez\u0103, s\u0103 adapteze \u00een permanen\u021b\u0103 viteza la condi\u021biile de drum \u0219i de trafic \u0219i s\u0103 adopte un comportament preventiv \u0219i responsabil la volan.<\/p><\/div>\n<p>[analyse_source url=&#8221;https:\/\/infotulcea.ro\/actiune-pentru-respectarea-regimului-legal-de-viteza\/&#8221;]<\/p>\n","protected":false},"excerpt":{"rendered":"<p>[analyse_image type=&#8221;featured&#8221; src=&#8221;https:\/\/infotulcea.ro\/wp-content\/uploads\/2021\/11\/bulina.png&#8221;] Home\/Comunicate\/Ac\u021biune pentru respectarea regimului legal de vitez\u0103 Comunicate Ac\u021biune pentru respectarea regimului legal de vitez\u0103 Redactia31 iulie 2026 0 96 1 minute read La data de 30 iulie 2026, poli\u021bi\u0219tii Serviciului Rutier, \u00eempreun\u0103 cu poli\u021bi\u0219tii din cadrul Sec\u021biei 3 Poli\u021bie Rural\u0103 Baia, au desf\u0103\u0219urat o ac\u021biune pe DN22\/E87, pe sectorul de drum [&hellip;]<\/p>\n","protected":false},"author":1,"featured_media":0,"comment_status":"open","ping_status":"","sticky":false,"template":"","format":"standard","meta":{"footnotes":""},"categories":[89],"tags":[226,221],"class_list":["post-2081614","post","type-post","status-publish","format-standard","hentry","category-romania","tag-crawlmanager","tag-infotulcea-ro"],"_links":{"self":[{"href":"https:\/\/analyse.optim.biz\/index.php?rest_route=\/wp\/v2\/posts\/2081614","targetHints":{"allow":["GET"]}}],"collection":[{"href":"https:\/\/analyse.optim.biz\/index.php?rest_route=\/wp\/v2\/posts"}],"about":[{"href":"https:\/\/analyse.optim.biz\/index.php?rest_route=\/wp\/v2\/types\/post"}],"author":[{"embeddable":true,"href":"https:\/\/analyse.optim.biz\/index.php?rest_route=\/wp\/v2\/users\/1"}],"replies":[{"embeddable":true,"href":"https:\/\/analyse.optim.biz\/index.php?rest_route=%2Fwp%2Fv2%2Fcomments&post=2081614"}],"version-history":[{"count":0,"href":"https:\/\/analyse.optim.biz\/index.php?rest_route=\/wp\/v2\/posts\/2081614\/revisions"}],"wp:attachment":[{"href":"https:\/\/analyse.optim.biz\/index.php?rest_route=%2Fwp%2Fv2%2Fmedia&parent=2081614"}],"wp:term":[{"taxonomy":"category","embeddable":true,"href":"https:\/\/analyse.optim.biz\/index.php?rest_route=%2Fwp%2Fv2%2Fcategories&post=2081614"},{"taxonomy":"post_tag","embeddable":true,"href":"https:\/\/analyse.optim.biz\/index.php?rest_route=%2Fwp%2Fv2%2Ftags&post=2081614"}],"curies":[{"name":"wp","href":"https:\/\/api.w.org\/{rel}","templated":true}]}}