{"id":2081610,"date":"2026-07-28T07:19:04","date_gmt":"2026-07-28T04:19:04","guid":{"rendered":"https:\/\/analyse.optim.biz\/?p=2081610"},"modified":"2026-07-28T07:19:04","modified_gmt":"2026-07-28T04:19:04","slug":"cercetat-pentru-conducerea-unui-vehicul-sub-influenta-alcoolului","status":"publish","type":"post","link":"https:\/\/analyse.optim.biz\/?p=2081610","title":{"rendered":"Cercetat pentru conducerea unui vehicul sub influen\u021ba alcoolului"},"content":{"rendered":"<p>[analyse_image type=&#8221;featured&#8221; src=&#8221;https:\/\/infotulcea.ro\/wp-content\/uploads\/2026\/07\/ipj-1-3.jpeghttps:\/\/infotulcea.ro\/wp-content\/uploads\/2026\/07\/ipj-1-3.jpeg&#8221;]<\/p>\n<div id=\"content\" class=\"site-content container\">\n<div id=\"main-content-row\" class=\"tie-row main-content-row\">\n<div class=\"main-content tie-col-md-8 tie-col-xs-12\" role=\"main\">\n<article id=\"the-post\" class=\"container-wrapper post-content tie-standard\">\n<header class=\"entry-header-outer\">\n<nav id=\"breadcrumb\"><a href=\"https:\/\/infotulcea.ro\/\"> Home<\/a><em class=\"delimiter\">\/<\/em><a href=\"https:\/\/infotulcea.ro\/categorie\/comunicate\/\">Comunicate<\/a><em class=\"delimiter\">\/<\/em><span class=\"current\">Cercetat pentru conducerea unui vehicul sub influen\u021ba alcoolului<\/span><\/nav>\n<div class=\"entry-header\"><span class=\"post-cat-wrap\"><a class=\"post-cat tie-cat-35\" href=\"https:\/\/infotulcea.ro\/categorie\/comunicate\/\">Comunicate<\/a><\/span><\/p>\n<h1 class=\"post-title entry-title\">\n\t\t\tCercetat pentru conducerea unui vehicul sub influen\u021ba alcoolului\t\t<\/h1>\n<div class=\"single-post-meta post-meta clearfix\"><span class=\"author-meta single-author no-avatars\"><span class=\"meta-item meta-author-wrapper meta-author-9\"><span class=\"meta-author\"><a href=\"https:\/\/infotulcea.ro\/author\/redactia-2\/\" class=\"author-name tie-icon\" title=\"Redactia\">Redactia<\/a><\/span><\/span><\/span><span class=\"date meta-item tie-icon\">28 iulie 2026<\/span><\/p>\n<div class=\"tie-alignright\"><span class=\"meta-comment tie-icon meta-item fa-before\">0<\/span><span class=\"meta-views meta-item \"> 243 <\/span><span class=\"meta-reading-time meta-item\"> Less than a minute<\/span><\/div>\n<\/div>\n<\/div>\n<\/header>\n<div class=\"entry-content entry clearfix\">\n<p><strong>La data de 26 iulie 2026, \u00een jurul orei 10:30, poli\u021bi\u0219tii din cadrul Poli\u021biei Ora\u0219ului Babadag au oprit pentru control un autoturism care circula pe raza localit\u0103\u021bii Babadag.<\/strong><\/p>\n<p>\u00cen urma verific\u0103rilor efectuate, conduc\u0103torul auto a fost testat cu aparatul etilotest, rezultatul indic\u00e2nd o<source sizes=\"(max-width: 322px) 100vw, 322px\" type=\"image\/webp\" data-srcset=\"https:\/\/infotulcea.ro\/wp-content\/uploads\/2026\/07\/ipj-1-3-450x500.jpeg.webp 450w, https:\/\/infotulcea.ro\/wp-content\/uploads\/2026\/07\/ipj-1-3-922x1024.jpeg.webp 922w, https:\/\/infotulcea.ro\/wp-content\/uploads\/2026\/07\/ipj-1-3-768x853.jpeg.webp 768w, https:\/\/infotulcea.ro\/wp-content\/uploads\/2026\/07\/ipj-1-3.jpeg.webp 1080w\" \/><\/p>\n<p><img loading=\"lazy\" decoding=\"async\" class=\" wp-image-40235 alignright\" src=\"https:\/\/infotulcea.ro\/wp-content\/uploads\/2026\/07\/ipj-1-3-450x500.jpeg\" alt width=\"322\" height=\"358\"> concentra\u021bie de 0,88 mg\/l alcool pur \u00een aerul expirat.<\/p>\n<p>Ulterior, acesta a fost condus la o unitate medical\u0103 pentru recoltarea probelor biologice, \u00een vederea stabilirii alcoolemiei.<\/p>\n<p>\u00cen cauz\u0103 a fost \u00eentocmit dosar penal pentru s\u0103v\u00e2r\u0219irea infrac\u021biunii de conducere a unui vehicul sub influen\u021ba alcoolului.<\/p>\n<p>Poli\u021bi\u0219tii continu\u0103 cercet\u0103rile pentru stabilirea tuturor \u00eemprejur\u0103rilor \u00een care a fost comis\u0103 fapta.<\/p>\n<\/div>\n<div id=\"post-extra-info\">\n<div class=\"theiaStickySidebar\">\n<div class=\"single-post-meta post-meta clearfix\"><span class=\"author-meta single-author no-avatars\"><span class=\"meta-item meta-author-wrapper meta-author-9\"><span class=\"meta-author\"><a href=\"https:\/\/infotulcea.ro\/author\/redactia-2\/\" class=\"author-name tie-icon\" title=\"Redactia\">Redactia<\/a><\/span><\/span><\/span><span class=\"date meta-item tie-icon\">28 iulie 2026<\/span><\/p>\n<div class=\"tie-alignright\"><span class=\"meta-comment tie-icon meta-item fa-before\">0<\/span><span class=\"meta-views meta-item \"> 243 <\/span><span class=\"meta-reading-time meta-item\"> Less than a minute<\/span><\/div>\n<\/div>\n<\/div>\n<\/div>\n<div id=\"share-buttons-bottom\" class=\"share-buttons share-buttons-bottom\">\n<div class=\"share-links  icons-only\">\n<div class=\"share-title\"><span> Share<\/span><\/div>\n<p><a href=\"https:\/\/www.facebook.com\/sharer.php?u=https:\/\/infotulcea.ro\/cercetat-pentru-conducerea-unui-vehicul-sub-influenta-alcoolului\/\" rel=\"external noopener nofollow\" title=\"Facebook\" target=\"_blank\" class=\"facebook-share-btn \" data-raw=\"https:\/\/www.facebook.com\/sharer.php?u={post_link}\"><span class=\"screen-reader-text\">Facebook<\/span><\/a><a href=\"https:\/\/twitter.com\/intent\/tweet?text=Cercetat%20pentru%20conducerea%20unui%20vehicul%20sub%20influen%C8%9Ba%20alcoolului&amp;url=https:\/\/infotulcea.ro\/cercetat-pentru-conducerea-unui-vehicul-sub-influenta-alcoolului\/\" rel=\"external noopener nofollow\" title=\"X\" target=\"_blank\" class=\"twitter-share-btn \" data-raw=\"https:\/\/twitter.com\/intent\/tweet?text={post_title}&amp;url={post_link}\"><span class=\"screen-reader-text\">X<\/span><\/a><a href=\"https:\/\/api.whatsapp.com\/send?text=Cercetat%20pentru%20conducerea%20unui%20vehicul%20sub%20influen%C8%9Ba%20alcoolului%20https:\/\/infotulcea.ro\/cercetat-pentru-conducerea-unui-vehicul-sub-influenta-alcoolului\/\" rel=\"external noopener nofollow\" title=\"WhatsApp\" target=\"_blank\" class=\"whatsapp-share-btn \" data-raw=\"https:\/\/api.whatsapp.com\/send?text={post_title}%20{post_link}\"><span class=\"screen-reader-text\">WhatsApp<\/span><\/a><a href=\"https:\/\/telegram.me\/share\/url?url=https:\/\/infotulcea.ro\/cercetat-pentru-conducerea-unui-vehicul-sub-influenta-alcoolului\/&amp;text=Cercetat%20pentru%20conducerea%20unui%20vehicul%20sub%20influen%C8%9Ba%20alcoolului\" rel=\"external noopener nofollow\" title=\"Telegram\" target=\"_blank\" class=\"telegram-share-btn \" data-raw=\"https:\/\/telegram.me\/share\/url?url={post_link}&amp;text={post_title}\"><span class=\"screen-reader-text\">Telegram<\/span><\/a><a href=\"mailto:?subject=Cercetat%20pentru%20conducerea%20unui%20vehicul%20sub%20influen%C8%9Ba%20alcoolului&amp;body=https:\/\/infotulcea.ro\/cercetat-pentru-conducerea-unui-vehicul-sub-influenta-alcoolului\/\" rel=\"external noopener nofollow\" title=\"Share via Email\" target=\"_blank\" class=\"email-share-btn \" data-raw=\"mailto:?subject={post_title}&amp;body={post_link}\"><span class=\"screen-reader-text\">Share via Email<\/span><\/a><a href=\"https:\/\/infotulcea.ro\/cercetat-pentru-conducerea-unui-vehicul-sub-influenta-alcoolului\/\" rel=\"external noopener nofollow\" title=\"Print\" target=\"_blank\" class=\"print-share-btn \" data-raw=\"#\"><span class=\"screen-reader-text\">Print<\/span><\/a><\/div>\n<\/div>\n<\/article>\n<div class=\"post-components\">\n<div id=\"related-posts\" class=\"container-wrapper has-extra-post\">\n<div class=\"mag-box-title the-global-title\">\n<h3>Related Articles<\/h3>\n<\/div>\n<div class=\"related-posts-list\">\n<div class=\"related-item tie-standard\"><a aria-label=\"Agighiol: C\u00e2ine agresiv a r\u0103nit animalele din curtea vecin\u0103! Proprietarul a fost amendat de jandarmi\" href=\"https:\/\/infotulcea.ro\/agighiol-caine-agresiv-a-ranit-animalele-din-curtea-vecina-proprietarul-a-fost-amendat-de-jandarmi\/\" class=\"post-thumb\"><img loading=\"lazy\" decoding=\"async\" width=\"300\" height=\"168\" src=\"https:\/\/infotulcea.ro\/wp-content\/uploads\/2024\/10\/caini.jpeg\" class=\"attachment-jannah-image-large size-jannah-image-large wp-post-image lazyload\" alt><img loading=\"lazy\" decoding=\"async\" width=\"300\" height=\"168\" src=\"https:\/\/infotulcea.ro\/wp-content\/uploads\/2024\/10\/caini.jpeg\" class=\"attachment-jannah-image-large size-jannah-image-large wp-post-image\" alt><\/a><\/p>\n<h3 class=\"post-title\"><a href=\"https:\/\/infotulcea.ro\/agighiol-caine-agresiv-a-ranit-animalele-din-curtea-vecina-proprietarul-a-fost-amendat-de-jandarmi\/\">Agighiol: C\u00e2ine agresiv a r\u0103nit animalele din curtea vecin\u0103! Proprietarul a fost amendat de jandarmi<\/a><\/h3>\n<div class=\"post-meta clearfix\"><span class=\"date meta-item tie-icon\">14 octombrie 2024<\/span><\/div>\n<\/div>\n<div class=\"related-item tie-standard\"><a aria-label=\"Tractor distrus dup\u0103 un accident rutier \u00eentre Horia \u0219i Izvoarele!\" href=\"https:\/\/infotulcea.ro\/tractor-distrus-dupa-un-accident-rutier-intre-horia-si-izvoarele\/\" class=\"post-thumb\"><source type=\"image\/webp\" data-srcset=\"https:\/\/infotulcea.ro\/wp-content\/uploads\/2023\/10\/IMG-20231011-WA0076-390x220.jpg.webp\" \/><img loading=\"lazy\" decoding=\"async\" width=\"390\" height=\"220\" src=\"https:\/\/infotulcea.ro\/wp-content\/uploads\/2023\/10\/IMG-20231011-WA0076-390x220.jpg\" class=\"attachment-jannah-image-large size-jannah-image-large wp-post-image\" alt><\/a><\/p>\n<h3 class=\"post-title\"><a href=\"https:\/\/infotulcea.ro\/tractor-distrus-dupa-un-accident-rutier-intre-horia-si-izvoarele\/\">Tractor distrus dup\u0103 un accident rutier \u00eentre Horia \u0219i Izvoarele!<\/a><\/h3>\n<div class=\"post-meta clearfix\"><span class=\"date meta-item tie-icon\">11 octombrie 2023<\/span><\/div>\n<\/div>\n<div class=\"related-item tie-standard\">\n<h3 class=\"post-title\"><a href=\"https:\/\/infotulcea.ro\/pnrr-fonduri-pentru-romania-moderna-si-reformata-2\/\">\u201ePNRR: Fonduri pentru Rom\u00e2nia modern\u0103 \u0219i reformat\u0103!\u201d<\/a><\/h3>\n<div class=\"post-meta clearfix\"><span class=\"date meta-item tie-icon\">25 iunie 2026<\/span><\/div>\n<\/div>\n<div class=\"related-item tie-standard\"><a aria-label=\"Summitul NATO de la Ankara reconfirm\u0103 unitatea Alian\u021bei  \u0219i \u00eent\u0103re\u0219te ap\u0103rarea colectiv\u0103\" href=\"https:\/\/infotulcea.ro\/summitul-nato-de-la-ankara-reconfirma-unitatea-aliantei-si-intareste-apararea-colectiva\/\" class=\"post-thumb\"><source type=\"image\/webp\" data-srcset=\"https:\/\/infotulcea.ro\/wp-content\/uploads\/2026\/07\/mapn.jpg.webp\" \/><img loading=\"lazy\" decoding=\"async\" width=\"74\" height=\"104\" src=\"https:\/\/infotulcea.ro\/wp-content\/uploads\/2026\/07\/mapn.jpg\" class=\"attachment-jannah-image-large size-jannah-image-large wp-post-image\" alt><\/a><\/p>\n<h3 class=\"post-title\"><a href=\"https:\/\/infotulcea.ro\/summitul-nato-de-la-ankara-reconfirma-unitatea-aliantei-si-intareste-apararea-colectiva\/\">Summitul NATO de la Ankara reconfirm\u0103 unitatea Alian\u021bei  \u0219i \u00eent\u0103re\u0219te ap\u0103rarea colectiv\u0103<\/a><\/h3>\n<div class=\"post-meta clearfix\"><span class=\"date meta-item tie-icon\">9 iulie 2026<\/span><\/div>\n<\/div>\n<\/div>\n<\/div>\n<div id=\"comments\" class=\"comments-area\">\n<div id=\"add-comment-block\" class=\"container-wrapper\">\n<div id=\"respond\" class=\"comment-respond\">\n<h3 id=\"reply-title\" class=\"comment-reply-title the-global-title\">Las\u0103 un r\u0103spuns <small><a rel=\"nofollow\" id=\"cancel-comment-reply-link\" href=\"https:\/\/infotulcea.ro\/cercetat-pentru-conducerea-unui-vehicul-sub-influenta-alcoolului\/#respond\">Anuleaz\u0103 r\u0103spunsul<\/a><\/small><\/h3>\n<p class=\"comment-notes\"><span id=\"email-notes\">Adresa ta de email nu va fi publicat\u0103.<\/span><span class=\"required-field-message\">C\u00e2mpurile obligatorii sunt marcate cu <span class=\"required\">*<\/span><\/span><\/p>\n<\/div>\n<\/div>\n<\/div>\n<\/div>\n<\/div>\n<div id=\"check-also-box\" class=\"container-wrapper check-also-right\">\n<div class=\"widget-title the-global-title\">\n<div class=\"the-subtitle\">Check Also<\/div>\n<p><a href=\"https:\/\/infotulcea.ro\/cercetat-pentru-conducerea-unui-vehicul-sub-influenta-alcoolului\/\" id=\"check-also-close\" class=\"remove\"><span class=\"screen-reader-text\">Close<\/span><\/a><\/div>\n<div class=\"widget posts-list-big-first has-first-big-post\">\n<ul class=\"posts-list-items\">\n<li class=\"widget-single-post-item widget-post-list tie-standard\">\n<div class=\"post-widget-thumbnail\"><a aria-label=\"Ana are nevoie de ajutor\" href=\"https:\/\/infotulcea.ro\/ana-are-nevoie-de-ajutor\/\" class=\"post-thumb\"><span class=\"post-cat-wrap\"><span class=\"post-cat tie-cat-35\">Comunicate<\/span><\/span><source sizes=\"(max-width: 390px) 100vw, 390px\" type=\"image\/webp\" data-srcset=\"https:\/\/infotulcea.ro\/wp-content\/uploads\/2026\/07\/donati-2-390x220.jpeg.webp 390w, https:\/\/infotulcea.ro\/wp-content\/uploads\/2026\/07\/donati-2-500x281.jpeg.webp 500w, https:\/\/infotulcea.ro\/wp-content\/uploads\/2026\/07\/donati-2-1024x576.jpeg.webp 1024w, https:\/\/infotulcea.ro\/wp-content\/uploads\/2026\/07\/donati-2-768x432.jpeg.webp 768w, https:\/\/infotulcea.ro\/wp-content\/uploads\/2026\/07\/donati-2.jpeg.webp 1080w\" \/><img loading=\"lazy\" decoding=\"async\" width=\"390\" height=\"220\" src=\"https:\/\/infotulcea.ro\/wp-content\/uploads\/2026\/07\/donati-2-390x220.jpeg\" class=\"attachment-jannah-image-large size-jannah-image-large wp-post-image\" alt><\/a><\/div>\n<div class=\"post-widget-body \"><a class=\"post-title the-subtitle\" href=\"https:\/\/infotulcea.ro\/ana-are-nevoie-de-ajutor\/\">Ana are nevoie de ajutor<\/a><\/p>\n<div class=\"post-meta\"><span class=\"date meta-item tie-icon\">16 iulie 2026<\/span><\/div>\n<\/div>\n<\/li>\n<\/ul>\n<\/div>\n<\/div>\n<aside class=\"sidebar tie-col-md-4 tie-col-xs-12 normal-side is-sticky\" aria-label=\"Primary Sidebar\">\n<div class=\"theiaStickySidebar\">\n<div id=\"media_image-19\" class=\"container-wrapper widget widget_media_image\"><a href=\"https:\/\/infotulcea.ro\/delta-dunarii-mai-accesibila-navrom-delta-creste-numarul-curselor-regulate-de-la-1-mai-2025\/\"><source sizes=\"(max-width: 500px) 100vw, 500px\" type=\"image\/webp\" data-srcset=\"https:\/\/infotulcea.ro\/wp-content\/uploads\/2025\/04\/navrom-delta-500x271.jpg.webp 500w, https:\/\/infotulcea.ro\/wp-content\/uploads\/2025\/04\/navrom-delta-1024x555.jpg.webp 1024w, https:\/\/infotulcea.ro\/wp-content\/uploads\/2025\/04\/navrom-delta-768x416.jpg.webp 768w, https:\/\/infotulcea.ro\/wp-content\/uploads\/2025\/04\/navrom-delta.jpg.webp 1080w\" \/><img loading=\"lazy\" decoding=\"async\" width=\"500\" height=\"271\" src=\"https:\/\/infotulcea.ro\/wp-content\/uploads\/2025\/04\/navrom-delta-500x271.jpg\" class=\"image wp-image-34487  attachment-medium size-medium\" alt><\/a><\/div>\n<div id=\"media_image-17\" class=\"container-wrapper widget widget_media_image\"><a href=\"https:\/\/www.facebook.com\/share\/p\/1DGAD1tLWN\/?mibextid=wwXIfr\" target=\"_blank\"><source sizes=\"(max-width: 500px) 100vw, 500px\" type=\"image\/webp\" data-srcset=\"https:\/\/infotulcea.ro\/wp-content\/uploads\/2026\/01\/IMG_1563-500x500.jpeg.webp 500w, https:\/\/infotulcea.ro\/wp-content\/uploads\/2026\/01\/IMG_1563-1024x1024.jpeg.webp 1024w, https:\/\/infotulcea.ro\/wp-content\/uploads\/2026\/01\/IMG_1563-250x250.jpeg.webp 250w, https:\/\/infotulcea.ro\/wp-content\/uploads\/2026\/01\/IMG_1563-768x768.jpeg.webp 768w, https:\/\/infotulcea.ro\/wp-content\/uploads\/2026\/01\/IMG_1563.jpeg.webp 1080w\" \/><img loading=\"lazy\" decoding=\"async\" width=\"500\" height=\"500\" src=\"https:\/\/infotulcea.ro\/wp-content\/uploads\/2026\/01\/IMG_1563-500x500.jpeg\" class=\"image wp-image-37932  attachment-medium size-medium\" alt title=\"Centrale pe lemne\"><\/a><\/div>\n<div id=\"media_image-18\" class=\"container-wrapper widget widget_media_image\"><a href=\"https:\/\/www.licitatia.ro\/site\/index-guest\"><img loading=\"lazy\" decoding=\"async\" width=\"500\" height=\"262\" src=\"https:\/\/infotulcea.ro\/wp-content\/uploads\/2025\/09\/licitatia-500x262.png\" class=\"image wp-image-36670  attachment-medium size-medium lazyload\" alt><img loading=\"lazy\" decoding=\"async\" width=\"500\" height=\"262\" src=\"https:\/\/infotulcea.ro\/wp-content\/uploads\/2025\/09\/licitatia-500x262.png\" class=\"image wp-image-36670  attachment-medium size-medium\" alt><\/a><\/div>\n<div id=\"media_image-27\" class=\"container-wrapper widget widget_media_image\"><a href=\"https:\/\/www.centrale-lemne-liepsnele.ro\/\"><img loading=\"lazy\" decoding=\"async\" width=\"500\" height=\"500\" src=\"https:\/\/infotulcea.ro\/wp-content\/uploads\/2025\/09\/Centrale-pe-Lemne-Liepsnele-500x500.png\" class=\"image wp-image-36541  attachment-medium size-medium lazyload\" alt=\"Centrala pe lemne\"><img loading=\"lazy\" decoding=\"async\" width=\"500\" height=\"500\" src=\"https:\/\/infotulcea.ro\/wp-content\/uploads\/2025\/09\/Centrale-pe-Lemne-Liepsnele-500x500.png\" class=\"image wp-image-36541  attachment-medium size-medium\" alt=\"Centrala pe lemne\"><\/a><\/div>\n<div id=\"media_image-28\" class=\"container-wrapper widget widget_media_image\"><a href=\"https:\/\/infotulcea.ro\/angajeaza-te-ro-platforma-ta-online-de-angajari-si-forta-de-munca\/\"><source sizes=\"(max-width: 500px) 100vw, 500px\" type=\"image\/webp\" data-srcset=\"https:\/\/infotulcea.ro\/wp-content\/uploads\/2025\/04\/banner-angajazate-1-500x305.jpg.webp 500w, https:\/\/infotulcea.ro\/wp-content\/uploads\/2025\/04\/banner-angajazate-1-1024x625.jpg.webp 1024w, https:\/\/infotulcea.ro\/wp-content\/uploads\/2025\/04\/banner-angajazate-1-768x469.jpg.webp 768w, https:\/\/infotulcea.ro\/wp-content\/uploads\/2025\/04\/banner-angajazate-1.jpg.webp 1080w\" \/><img loading=\"lazy\" decoding=\"async\" width=\"500\" height=\"305\" src=\"https:\/\/infotulcea.ro\/wp-content\/uploads\/2025\/04\/banner-angajazate-1-500x305.jpg\" class=\"image wp-image-34317  attachment-medium size-medium\" alt><\/a><\/div>\n<\/div>\n<\/aside>\n<\/div>\n<\/div>\n<div class=\"entry-content entry clearfix\">\n<p><strong>La data de 26 iulie 2026, \u00een jurul orei 10:30, poli\u021bi\u0219tii din cadrul Poli\u021biei Ora\u0219ului Babadag au oprit pentru control un autoturism care circula pe raza localit\u0103\u021bii Babadag.<\/strong><\/p>\n<p>\u00cen urma verific\u0103rilor efectuate, conduc\u0103torul auto a fost testat cu aparatul etilotest, rezultatul indic\u00e2nd o<source sizes=\"(max-width: 322px) 100vw, 322px\" type=\"image\/webp\" data-srcset=\"https:\/\/infotulcea.ro\/wp-content\/uploads\/2026\/07\/ipj-1-3-450x500.jpeg.webp 450w, https:\/\/infotulcea.ro\/wp-content\/uploads\/2026\/07\/ipj-1-3-922x1024.jpeg.webp 922w, https:\/\/infotulcea.ro\/wp-content\/uploads\/2026\/07\/ipj-1-3-768x853.jpeg.webp 768w, https:\/\/infotulcea.ro\/wp-content\/uploads\/2026\/07\/ipj-1-3.jpeg.webp 1080w\" \/><\/p>\n<p><img loading=\"lazy\" decoding=\"async\" class=\" wp-image-40235 alignright\" src=\"https:\/\/infotulcea.ro\/wp-content\/uploads\/2026\/07\/ipj-1-3-450x500.jpeg\" alt width=\"322\" height=\"358\"> concentra\u021bie de 0,88 mg\/l alcool pur \u00een aerul expirat.<\/p>\n<p>Ulterior, acesta a fost condus la o unitate medical\u0103 pentru recoltarea probelor biologice, \u00een vederea stabilirii alcoolemiei.<\/p>\n<p>\u00cen cauz\u0103 a fost \u00eentocmit dosar penal pentru s\u0103v\u00e2r\u0219irea infrac\u021biunii de conducere a unui vehicul sub influen\u021ba alcoolului.<\/p>\n<p>Poli\u021bi\u0219tii continu\u0103 cercet\u0103rile pentru stabilirea tuturor \u00eemprejur\u0103rilor \u00een care a fost comis\u0103 fapta.<\/p>\n<\/div>\n<div class=\"articleBody\" data-key=\"articleBody\">La data de 26 iulie 2026, \u00een jurul orei 10:30, poli\u021bi\u0219tii din cadrul Poli\u021biei Ora\u0219ului Babadag au oprit pentru control un autoturism care circula pe raza localit\u0103\u021bii Babadag.<\/p>\n<p>\u00cen urma verific\u0103rilor efectuate, conduc\u0103torul auto a fost testat cu aparatul etilotest, rezultatul indic\u00e2nd o concentra\u021bie de 0,88 mg\/l alcool pur \u00een aerul expirat.<\/p>\n<p>Ulterior, acesta a fost condus la o unitate medical\u0103 pentru recoltarea probelor biologice, \u00een vederea stabilirii alcoolemiei.<\/p>\n<p>\u00cen cauz\u0103 a fost \u00eentocmit dosar penal pentru s\u0103v\u00e2r\u0219irea infrac\u021biunii de conducere a unui vehicul sub influen\u021ba alcoolului.<\/p>\n<p>Poli\u021bi\u0219tii continu\u0103 cercet\u0103rile pentru stabilirea tuturor \u00eemprejur\u0103rilor \u00een care a fost comis\u0103 fapta.<\/p><\/div>\n<p>[analyse_source url=&#8221;https:\/\/infotulcea.ro\/cercetat-pentru-conducerea-unui-vehicul-sub-influenta-alcoolului\/&#8221;]<\/p>\n","protected":false},"excerpt":{"rendered":"<p>[analyse_image type=&#8221;featured&#8221; src=&#8221;https:\/\/infotulcea.ro\/wp-content\/uploads\/2026\/07\/ipj-1-3.jpeghttps:\/\/infotulcea.ro\/wp-content\/uploads\/2026\/07\/ipj-1-3.jpeg&#8221;] Home\/Comunicate\/Cercetat pentru conducerea unui vehicul sub influen\u021ba alcoolului Comunicate Cercetat pentru conducerea unui vehicul sub influen\u021ba alcoolului Redactia28 iulie 2026 0 243 Less than a minute La data de 26 iulie 2026, \u00een jurul orei 10:30, poli\u021bi\u0219tii din cadrul Poli\u021biei Ora\u0219ului Babadag au oprit pentru control un autoturism care circula pe raza [&hellip;]<\/p>\n","protected":false},"author":1,"featured_media":0,"comment_status":"open","ping_status":"","sticky":false,"template":"","format":"standard","meta":{"footnotes":""},"categories":[89],"tags":[226,221],"class_list":["post-2081610","post","type-post","status-publish","format-standard","hentry","category-romania","tag-crawlmanager","tag-infotulcea-ro"],"_links":{"self":[{"href":"https:\/\/analyse.optim.biz\/index.php?rest_route=\/wp\/v2\/posts\/2081610","targetHints":{"allow":["GET"]}}],"collection":[{"href":"https:\/\/analyse.optim.biz\/index.php?rest_route=\/wp\/v2\/posts"}],"about":[{"href":"https:\/\/analyse.optim.biz\/index.php?rest_route=\/wp\/v2\/types\/post"}],"author":[{"embeddable":true,"href":"https:\/\/analyse.optim.biz\/index.php?rest_route=\/wp\/v2\/users\/1"}],"replies":[{"embeddable":true,"href":"https:\/\/analyse.optim.biz\/index.php?rest_route=%2Fwp%2Fv2%2Fcomments&post=2081610"}],"version-history":[{"count":0,"href":"https:\/\/analyse.optim.biz\/index.php?rest_route=\/wp\/v2\/posts\/2081610\/revisions"}],"wp:attachment":[{"href":"https:\/\/analyse.optim.biz\/index.php?rest_route=%2Fwp%2Fv2%2Fmedia&parent=2081610"}],"wp:term":[{"taxonomy":"category","embeddable":true,"href":"https:\/\/analyse.optim.biz\/index.php?rest_route=%2Fwp%2Fv2%2Fcategories&post=2081610"},{"taxonomy":"post_tag","embeddable":true,"href":"https:\/\/analyse.optim.biz\/index.php?rest_route=%2Fwp%2Fv2%2Ftags&post=2081610"}],"curies":[{"name":"wp","href":"https:\/\/api.w.org\/{rel}","templated":true}]}}