{"id":2081609,"date":"2026-08-06T14:26:02","date_gmt":"2026-08-06T11:26:02","guid":{"rendered":"https:\/\/analyse.optim.biz\/?p=2081609"},"modified":"2026-08-06T14:26:02","modified_gmt":"2026-08-06T11:26:02","slug":"aflat-in-concediu-un-jandarm-tulcean-a-intervenit-pentru-acordarea-primului-ajutor-unei-tinere-implicate-intr-un-accident-rutier","status":"publish","type":"post","link":"https:\/\/analyse.optim.biz\/?p=2081609","title":{"rendered":"Aflat \u00een concediu, un jandarm tulcean a intervenit pentru acordarea primului ajutor unei tinere implicate \u00eentr-un accident rutier"},"content":{"rendered":"<p>[analyse_image type=&#8221;featured&#8221; src=&#8221;https:\/\/infotulcea.ro\/wp-content\/uploads\/2021\/11\/bulina.png&#8221;]<\/p>\n<div id=\"content\" class=\"site-content container\">\n<div id=\"main-content-row\" class=\"tie-row main-content-row\">\n<div class=\"main-content tie-col-md-8 tie-col-xs-12\" role=\"main\">\n<article id=\"the-post\" class=\"container-wrapper post-content tie-standard\">\n<header class=\"entry-header-outer\">\n<nav id=\"breadcrumb\"><a href=\"https:\/\/infotulcea.ro\/\"> Home<\/a><em class=\"delimiter\">\/<\/em><a href=\"https:\/\/infotulcea.ro\/categorie\/comunicate\/\">Comunicate<\/a><em class=\"delimiter\">\/<\/em><span class=\"current\">Aflat \u00een concediu, un jandarm tulcean a intervenit pentru acordarea primului ajutor unei tinere implicate \u00eentr-un accident rutier<\/span><\/nav>\n<div class=\"entry-header\"><span class=\"post-cat-wrap\"><a class=\"post-cat tie-cat-35\" href=\"https:\/\/infotulcea.ro\/categorie\/comunicate\/\">Comunicate<\/a><\/span><\/p>\n<h1 class=\"post-title entry-title\">\n\t\t\tAflat \u00een concediu, un jandarm tulcean a intervenit pentru acordarea primului ajutor unei tinere implicate \u00eentr-un accident rutier\t\t<\/h1>\n<div class=\"single-post-meta post-meta clearfix\"><span class=\"author-meta single-author no-avatars\"><span class=\"meta-item meta-author-wrapper meta-author-9\"><span class=\"meta-author\"><a href=\"https:\/\/infotulcea.ro\/author\/redactia-2\/\" class=\"author-name tie-icon\" title=\"Redactia\">Redactia<\/a><\/span><\/span><\/span><span class=\"date meta-item tie-icon\">6 august 2026<\/span><\/p>\n<div class=\"tie-alignright\"><span class=\"meta-comment tie-icon meta-item fa-before\">0<\/span><span class=\"meta-views meta-item \"> 246 <\/span><span class=\"meta-reading-time meta-item\"> 1 minute read<\/span><\/div>\n<\/div>\n<\/div>\n<\/header>\n<div class=\"entry-content entry clearfix\">\n<p><strong>Un jandarm din cadrul Inspectoratului de Jandarmi Jude\u021bean Tulcea, aflat \u00een concediu de odihn\u0103, a intervenit asear\u0103 pentru sprijinirea unei persoane r\u0103nite \u00eentr-un accident rutier produs la ie\u0219irea din localitatea Sascut, jude\u021bul Bac\u0103u.<\/strong><\/p>\n<p>\u00cen timp ce se deplasa pe traseu, acesta a observat un accident rutier \u00een care fusese implicat un autoturism \u0219i a oprit<source sizes=\"(max-width: 313px) 100vw, 313px\" type=\"image\/webp\" data-srcset=\"https:\/\/infotulcea.ro\/wp-content\/uploads\/2026\/08\/jeandarm-396x500.jpeg.webp 396w, https:\/\/infotulcea.ro\/wp-content\/uploads\/2026\/08\/jeandarm-812x1024.jpeg.webp 812w, https:\/\/infotulcea.ro\/wp-content\/uploads\/2026\/08\/jeandarm-768x969.jpeg.webp 768w, https:\/\/infotulcea.ro\/wp-content\/uploads\/2026\/08\/jeandarm.jpeg.webp 1080w\" \/><\/p>\n<p><img loading=\"lazy\" decoding=\"async\" class=\" wp-image-40317 alignright\" src=\"https:\/\/infotulcea.ro\/wp-content\/uploads\/2026\/08\/jeandarm-396x500.jpeg\" alt width=\"313\" height=\"395\"> imediat pentru a verifica dac\u0103 persoanele implicate au nevoie de ajutor.<\/p>\n<p>La fa\u021ba locului se afla o femeie, \u00een v\u00e2rst\u0103 de aproximativ 24 de ani. P\u00e2n\u0103 la sosirea echipajului de ambulan\u021b\u0103, aceasta a beneficiat de \u00eengrijiri \u0219i sprijin din partea unei voluntare a Crucii Ro\u0219ii, aflat\u0103 \u00eempreun\u0103 cu jandarmul, precum \u0219i a unui voluntar ISU, care a oprit la r\u00e2ndul s\u0103u pentru a acorda primul ajutor.<\/p>\n<p>\u00a0<\/p>\n<p>Jandarmul a r\u0103mas la locul evenimentului, oferind sprijin \u0219i asigur\u00e2nd condi\u021biile necesare p\u00e2n\u0103 la preluarea femeii de c\u0103tre echipajul medical.<\/p>\n<p>Gestul demonstreaz\u0103 c\u0103 responsabilitatea \u0219i spiritul civic nu \u021bin cont de programul de lucru, iar dorin\u021ba de a veni \u00een sprijinul celor afla\u021bi \u00een nevoie r\u0103m\u00e2ne o valoare care \u00eei caracterizeaz\u0103 pe jandarmi, indiferent dac\u0103 sunt \u00een misiune sau \u00een timpul liber.<\/p>\n<\/div>\n<div id=\"post-extra-info\">\n<div class=\"theiaStickySidebar\">\n<div class=\"single-post-meta post-meta clearfix\"><span class=\"author-meta single-author no-avatars\"><span class=\"meta-item meta-author-wrapper meta-author-9\"><span class=\"meta-author\"><a href=\"https:\/\/infotulcea.ro\/author\/redactia-2\/\" class=\"author-name tie-icon\" title=\"Redactia\">Redactia<\/a><\/span><\/span><\/span><span class=\"date meta-item tie-icon\">6 august 2026<\/span><\/p>\n<div class=\"tie-alignright\"><span class=\"meta-comment tie-icon meta-item fa-before\">0<\/span><span class=\"meta-views meta-item \"> 246 <\/span><span class=\"meta-reading-time meta-item\"> 1 minute read<\/span><\/div>\n<\/div>\n<\/div>\n<\/div>\n<div id=\"share-buttons-bottom\" class=\"share-buttons share-buttons-bottom\">\n<div class=\"share-links  icons-only\">\n<div class=\"share-title\"><span> Share<\/span><\/div>\n<p><a href=\"https:\/\/www.facebook.com\/sharer.php?u=https:\/\/infotulcea.ro\/aflat-in-concediu-un-jandarm-tulcean-a-intervenit-pentru-acordarea-primului-ajutor-unei-tinere-implicate-intr-un-accident-rutier\/\" rel=\"external noopener nofollow\" title=\"Facebook\" target=\"_blank\" class=\"facebook-share-btn \" data-raw=\"https:\/\/www.facebook.com\/sharer.php?u={post_link}\"><span class=\"screen-reader-text\">Facebook<\/span><\/a><a href=\"https:\/\/twitter.com\/intent\/tweet?text=Aflat%20%C3%AEn%20concediu%2C%20un%20jandarm%20tulcean%20a%20intervenit%20pentru%20acordarea%20primului%20ajutor%20unei%20tinere%20implicate%20%C3%AEntr-un%20accident%20rutier&amp;url=https:\/\/infotulcea.ro\/aflat-in-concediu-un-jandarm-tulcean-a-intervenit-pentru-acordarea-primului-ajutor-unei-tinere-implicate-intr-un-accident-rutier\/\" rel=\"external noopener nofollow\" title=\"X\" target=\"_blank\" class=\"twitter-share-btn \" data-raw=\"https:\/\/twitter.com\/intent\/tweet?text={post_title}&amp;url={post_link}\"><span class=\"screen-reader-text\">X<\/span><\/a><a href=\"https:\/\/api.whatsapp.com\/send?text=Aflat%20%C3%AEn%20concediu%2C%20un%20jandarm%20tulcean%20a%20intervenit%20pentru%20acordarea%20primului%20ajutor%20unei%20tinere%20implicate%20%C3%AEntr-un%20accident%20rutier%20https:\/\/infotulcea.ro\/aflat-in-concediu-un-jandarm-tulcean-a-intervenit-pentru-acordarea-primului-ajutor-unei-tinere-implicate-intr-un-accident-rutier\/\" rel=\"external noopener nofollow\" title=\"WhatsApp\" target=\"_blank\" class=\"whatsapp-share-btn \" data-raw=\"https:\/\/api.whatsapp.com\/send?text={post_title}%20{post_link}\"><span class=\"screen-reader-text\">WhatsApp<\/span><\/a><a href=\"https:\/\/telegram.me\/share\/url?url=https:\/\/infotulcea.ro\/aflat-in-concediu-un-jandarm-tulcean-a-intervenit-pentru-acordarea-primului-ajutor-unei-tinere-implicate-intr-un-accident-rutier\/&amp;text=Aflat%20%C3%AEn%20concediu%2C%20un%20jandarm%20tulcean%20a%20intervenit%20pentru%20acordarea%20primului%20ajutor%20unei%20tinere%20implicate%20%C3%AEntr-un%20accident%20rutier\" rel=\"external noopener nofollow\" title=\"Telegram\" target=\"_blank\" class=\"telegram-share-btn \" data-raw=\"https:\/\/telegram.me\/share\/url?url={post_link}&amp;text={post_title}\"><span class=\"screen-reader-text\">Telegram<\/span><\/a><a href=\"mailto:?subject=Aflat%20%C3%AEn%20concediu%2C%20un%20jandarm%20tulcean%20a%20intervenit%20pentru%20acordarea%20primului%20ajutor%20unei%20tinere%20implicate%20%C3%AEntr-un%20accident%20rutier&amp;body=https:\/\/infotulcea.ro\/aflat-in-concediu-un-jandarm-tulcean-a-intervenit-pentru-acordarea-primului-ajutor-unei-tinere-implicate-intr-un-accident-rutier\/\" rel=\"external noopener nofollow\" title=\"Share via Email\" target=\"_blank\" class=\"email-share-btn \" data-raw=\"mailto:?subject={post_title}&amp;body={post_link}\"><span class=\"screen-reader-text\">Share via Email<\/span><\/a><a href=\"https:\/\/infotulcea.ro\/aflat-in-concediu-un-jandarm-tulcean-a-intervenit-pentru-acordarea-primului-ajutor-unei-tinere-implicate-intr-un-accident-rutier\/\" rel=\"external noopener nofollow\" title=\"Print\" target=\"_blank\" class=\"print-share-btn \" data-raw=\"#\"><span class=\"screen-reader-text\">Print<\/span><\/a><\/div>\n<\/div>\n<\/article>\n<div class=\"post-components\">\n<div id=\"related-posts\" class=\"container-wrapper has-extra-post\">\n<div class=\"mag-box-title the-global-title\">\n<h3>Related Articles<\/h3>\n<\/div>\n<div class=\"related-posts-list\">\n<div class=\"related-item tie-standard\"><a aria-label=\"Ziua Drapelului Na\u021bional, s\u0103rb\u0103torit\u0103 de marinarii militari\" href=\"https:\/\/infotulcea.ro\/ziua-drapelului-national-sarbatorita-de-marinarii-militari\/\" class=\"post-thumb\"><source type=\"image\/webp\" data-srcset=\"https:\/\/infotulcea.ro\/wp-content\/uploads\/2026\/06\/ziua-drapelului-390x220.jpg.webp\" \/><img loading=\"lazy\" decoding=\"async\" width=\"390\" height=\"220\" src=\"https:\/\/infotulcea.ro\/wp-content\/uploads\/2026\/06\/ziua-drapelului-390x220.jpg\" class=\"attachment-jannah-image-large size-jannah-image-large wp-post-image\" alt><\/a><\/p>\n<h3 class=\"post-title\"><a href=\"https:\/\/infotulcea.ro\/ziua-drapelului-national-sarbatorita-de-marinarii-militari\/\">Ziua Drapelului Na\u021bional, s\u0103rb\u0103torit\u0103 de marinarii militari<\/a><\/h3>\n<div class=\"post-meta clearfix\"><span class=\"date meta-item tie-icon\">25 iunie 2026<\/span><\/div>\n<\/div>\n<div class=\"related-item tie-standard\"><a aria-label=\"Pe fir cu Poli\u021bia: Evenimente rutiere \u00een municipiu \u0219i jude\u021b\" href=\"https:\/\/infotulcea.ro\/pe-fir-cu-politia-evenimente-rutiere-in-municipiu-si-judet\/\" class=\"post-thumb\"><img loading=\"lazy\" decoding=\"async\" width=\"390\" height=\"220\" src=\"https:\/\/infotulcea.ro\/wp-content\/uploads\/2021\/07\/politie-390x220.jpg\" class=\"attachment-jannah-image-large size-jannah-image-large wp-post-image lazyload\" alt><img loading=\"lazy\" decoding=\"async\" width=\"390\" height=\"220\" src=\"https:\/\/infotulcea.ro\/wp-content\/uploads\/2021\/07\/politie-390x220.jpg\" class=\"attachment-jannah-image-large size-jannah-image-large wp-post-image\" alt><\/a><\/p>\n<h3 class=\"post-title\"><a href=\"https:\/\/infotulcea.ro\/pe-fir-cu-politia-evenimente-rutiere-in-municipiu-si-judet\/\">Pe fir cu Poli\u021bia: Evenimente rutiere \u00een municipiu \u0219i jude\u021b<\/a><\/h3>\n<div class=\"post-meta clearfix\"><span class=\"date meta-item tie-icon\">21 februarie 2023<\/span><\/div>\n<\/div>\n<div class=\"related-item tie-standard\"><a aria-label=\"\u0218oferi f\u0103r\u0103 permis prin Vama Isaccea!\" href=\"https:\/\/infotulcea.ro\/soferi-fara-permis-prin-vama-isaccea\/\" class=\"post-thumb\"><source sizes=\"(max-width: 293px) 100vw, 293px\" type=\"image\/webp\" data-srcset=\"https:\/\/infotulcea.ro\/wp-content\/uploads\/2020\/02\/bac-isaccea.jpg.webp 1080w, https:\/\/infotulcea.ro\/wp-content\/uploads\/2020\/02\/bac-isaccea-300x225.jpg.webp 300w, https:\/\/infotulcea.ro\/wp-content\/uploads\/2020\/02\/bac-isaccea-1024x768.jpg.webp 1024w, https:\/\/infotulcea.ro\/wp-content\/uploads\/2020\/02\/bac-isaccea-768x576.jpg.webp 768w, https:\/\/infotulcea.ro\/wp-content\/uploads\/2020\/02\/bac-isaccea-1536x1152.jpg.webp 1536w, https:\/\/infotulcea.ro\/wp-content\/uploads\/2020\/02\/bac-isaccea-696x522.jpg.webp 696w, https:\/\/infotulcea.ro\/wp-content\/uploads\/2020\/02\/bac-isaccea-1068x801.jpg.webp 1068w, https:\/\/infotulcea.ro\/wp-content\/uploads\/2020\/02\/bac-isaccea-560x420.jpg.webp 560w, https:\/\/infotulcea.ro\/wp-content\/uploads\/2020\/02\/bac-isaccea-80x60.jpg.webp 80w, https:\/\/infotulcea.ro\/wp-content\/uploads\/2020\/02\/bac-isaccea-265x198.jpg.webp 265w\" \/><img loading=\"lazy\" decoding=\"async\" width=\"293\" height=\"220\" src=\"https:\/\/infotulcea.ro\/wp-content\/uploads\/2020\/02\/bac-isaccea.jpg\" class=\"attachment-jannah-image-large size-jannah-image-large wp-post-image\" alt><\/a><\/p>\n<h3 class=\"post-title\"><a href=\"https:\/\/infotulcea.ro\/soferi-fara-permis-prin-vama-isaccea\/\">\u0218oferi f\u0103r\u0103 permis prin Vama Isaccea!<\/a><\/h3>\n<div class=\"post-meta clearfix\"><span class=\"date meta-item tie-icon\">12 mai 2023<\/span><\/div>\n<\/div>\n<div class=\"related-item tie-standard\"><a aria-label=\"Proiect de cercetare rom\u00e2no-francez la Baia: Pe urmele \u201dG\u00e2nditorului de la Hamangia\u201d!\" href=\"https:\/\/infotulcea.ro\/proiect-de-cercetare-romano-francez-la-baia-pe-urmele-ganditorului-de-la-hamangia\/\" class=\"post-thumb\"><source type=\"image\/webp\" data-srcset=\"https:\/\/infotulcea.ro\/wp-content\/uploads\/2025\/08\/foto-1-390x220.jpg.webp\" \/><img loading=\"lazy\" decoding=\"async\" width=\"390\" height=\"220\" src=\"https:\/\/infotulcea.ro\/wp-content\/uploads\/2025\/08\/foto-1-390x220.jpg\" class=\"attachment-jannah-image-large size-jannah-image-large wp-post-image\" alt><\/a><\/p>\n<h3 class=\"post-title\"><a href=\"https:\/\/infotulcea.ro\/proiect-de-cercetare-romano-francez-la-baia-pe-urmele-ganditorului-de-la-hamangia\/\">Proiect de cercetare rom\u00e2no-francez la Baia: Pe urmele \u201dG\u00e2nditorului de la Hamangia\u201d!<\/a><\/h3>\n<div class=\"post-meta clearfix\"><span class=\"date meta-item tie-icon\">28 august 2025<\/span><\/div>\n<\/div>\n<\/div>\n<\/div>\n<div id=\"comments\" class=\"comments-area\">\n<div id=\"add-comment-block\" class=\"container-wrapper\">\n<div id=\"respond\" class=\"comment-respond\">\n<h3 id=\"reply-title\" class=\"comment-reply-title the-global-title\">Las\u0103 un r\u0103spuns <small><a rel=\"nofollow\" id=\"cancel-comment-reply-link\" href=\"https:\/\/infotulcea.ro\/aflat-in-concediu-un-jandarm-tulcean-a-intervenit-pentru-acordarea-primului-ajutor-unei-tinere-implicate-intr-un-accident-rutier\/#respond\">Anuleaz\u0103 r\u0103spunsul<\/a><\/small><\/h3>\n<p class=\"comment-notes\"><span id=\"email-notes\">Adresa ta de email nu va fi publicat\u0103.<\/span><span class=\"required-field-message\">C\u00e2mpurile obligatorii sunt marcate cu <span class=\"required\">*<\/span><\/span><\/p>\n<\/div>\n<\/div>\n<\/div>\n<\/div>\n<\/div>\n<div id=\"check-also-box\" class=\"container-wrapper check-also-right\">\n<div class=\"widget-title the-global-title\">\n<div class=\"the-subtitle\">Check Also<\/div>\n<p><a href=\"https:\/\/infotulcea.ro\/aflat-in-concediu-un-jandarm-tulcean-a-intervenit-pentru-acordarea-primului-ajutor-unei-tinere-implicate-intr-un-accident-rutier\/\" id=\"check-also-close\" class=\"remove\"><span class=\"screen-reader-text\">Close<\/span><\/a><\/div>\n<div class=\"widget posts-list-big-first has-first-big-post\">\n<ul class=\"posts-list-items\">\n<li class=\"widget-single-post-item widget-post-list tie-standard\">\n<div class=\"post-widget-thumbnail\"><a aria-label=\"Accident la Mihail Kog\u0103lniceanu: \u0219oferul avea aproape 1 la mie alcoolemie!\" href=\"https:\/\/infotulcea.ro\/accident-la-mihail-kogalniceanu-soferul-avea-aproape-1-la-mie-alcoolemie\/\" class=\"post-thumb\"><span class=\"post-cat-wrap\"><span class=\"post-cat tie-cat-35\">Comunicate<\/span><\/span><source type=\"image\/webp\" data-srcset=\"https:\/\/infotulcea.ro\/wp-content\/uploads\/2022\/12\/IMG_20221226_133513-390x220.jpg.webp\" \/><img loading=\"lazy\" decoding=\"async\" width=\"390\" height=\"220\" src=\"https:\/\/infotulcea.ro\/wp-content\/uploads\/2022\/12\/IMG_20221226_133513-390x220.jpg\" class=\"attachment-jannah-image-large size-jannah-image-large wp-post-image\" alt><\/a><\/div>\n<div class=\"post-widget-body \"><a class=\"post-title the-subtitle\" href=\"https:\/\/infotulcea.ro\/accident-la-mihail-kogalniceanu-soferul-avea-aproape-1-la-mie-alcoolemie\/\">Accident la Mihail Kog\u0103lniceanu: \u0219oferul avea aproape 1 la mie alcoolemie!<\/a><\/p>\n<div class=\"post-meta\"><span class=\"date meta-item tie-icon\">26 decembrie 2022<\/span><\/div>\n<\/div>\n<\/li>\n<\/ul>\n<\/div>\n<\/div>\n<aside class=\"sidebar tie-col-md-4 tie-col-xs-12 normal-side is-sticky\" aria-label=\"Primary Sidebar\">\n<div class=\"theiaStickySidebar\">\n<div id=\"media_image-19\" class=\"container-wrapper widget widget_media_image\"><a href=\"https:\/\/infotulcea.ro\/delta-dunarii-mai-accesibila-navrom-delta-creste-numarul-curselor-regulate-de-la-1-mai-2025\/\"><source sizes=\"(max-width: 500px) 100vw, 500px\" type=\"image\/webp\" data-srcset=\"https:\/\/infotulcea.ro\/wp-content\/uploads\/2025\/04\/navrom-delta-500x271.jpg.webp 500w, https:\/\/infotulcea.ro\/wp-content\/uploads\/2025\/04\/navrom-delta-1024x555.jpg.webp 1024w, https:\/\/infotulcea.ro\/wp-content\/uploads\/2025\/04\/navrom-delta-768x416.jpg.webp 768w, https:\/\/infotulcea.ro\/wp-content\/uploads\/2025\/04\/navrom-delta.jpg.webp 1080w\" \/><img loading=\"lazy\" decoding=\"async\" width=\"500\" height=\"271\" src=\"https:\/\/infotulcea.ro\/wp-content\/uploads\/2025\/04\/navrom-delta-500x271.jpg\" class=\"image wp-image-34487  attachment-medium size-medium\" alt><\/a><\/div>\n<div id=\"media_image-17\" class=\"container-wrapper widget widget_media_image\"><a href=\"https:\/\/www.facebook.com\/share\/p\/1DGAD1tLWN\/?mibextid=wwXIfr\" target=\"_blank\"><source sizes=\"(max-width: 500px) 100vw, 500px\" type=\"image\/webp\" data-srcset=\"https:\/\/infotulcea.ro\/wp-content\/uploads\/2026\/01\/IMG_1563-500x500.jpeg.webp 500w, https:\/\/infotulcea.ro\/wp-content\/uploads\/2026\/01\/IMG_1563-1024x1024.jpeg.webp 1024w, https:\/\/infotulcea.ro\/wp-content\/uploads\/2026\/01\/IMG_1563-250x250.jpeg.webp 250w, https:\/\/infotulcea.ro\/wp-content\/uploads\/2026\/01\/IMG_1563-768x768.jpeg.webp 768w, https:\/\/infotulcea.ro\/wp-content\/uploads\/2026\/01\/IMG_1563.jpeg.webp 1080w\" \/><img loading=\"lazy\" decoding=\"async\" width=\"500\" height=\"500\" src=\"https:\/\/infotulcea.ro\/wp-content\/uploads\/2026\/01\/IMG_1563-500x500.jpeg\" class=\"image wp-image-37932  attachment-medium size-medium\" alt title=\"Centrale pe lemne\"><\/a><\/div>\n<div id=\"media_image-18\" class=\"container-wrapper widget widget_media_image\"><a href=\"https:\/\/www.licitatia.ro\/site\/index-guest\"><img loading=\"lazy\" decoding=\"async\" width=\"500\" height=\"262\" src=\"https:\/\/infotulcea.ro\/wp-content\/uploads\/2025\/09\/licitatia-500x262.png\" class=\"image wp-image-36670  attachment-medium size-medium lazyload\" alt><img loading=\"lazy\" decoding=\"async\" width=\"500\" height=\"262\" src=\"https:\/\/infotulcea.ro\/wp-content\/uploads\/2025\/09\/licitatia-500x262.png\" class=\"image wp-image-36670  attachment-medium size-medium\" alt><\/a><\/div>\n<div id=\"media_image-27\" class=\"container-wrapper widget widget_media_image\"><a href=\"https:\/\/www.centrale-lemne-liepsnele.ro\/\"><img loading=\"lazy\" decoding=\"async\" width=\"500\" height=\"500\" src=\"https:\/\/infotulcea.ro\/wp-content\/uploads\/2025\/09\/Centrale-pe-Lemne-Liepsnele-500x500.png\" class=\"image wp-image-36541  attachment-medium size-medium lazyload\" alt=\"Centrala pe lemne\"><img loading=\"lazy\" decoding=\"async\" width=\"500\" height=\"500\" src=\"https:\/\/infotulcea.ro\/wp-content\/uploads\/2025\/09\/Centrale-pe-Lemne-Liepsnele-500x500.png\" class=\"image wp-image-36541  attachment-medium size-medium\" alt=\"Centrala pe lemne\"><\/a><\/div>\n<div id=\"media_image-28\" class=\"container-wrapper widget widget_media_image\"><a href=\"https:\/\/infotulcea.ro\/angajeaza-te-ro-platforma-ta-online-de-angajari-si-forta-de-munca\/\"><source sizes=\"(max-width: 500px) 100vw, 500px\" type=\"image\/webp\" data-srcset=\"https:\/\/infotulcea.ro\/wp-content\/uploads\/2025\/04\/banner-angajazate-1-500x305.jpg.webp 500w, https:\/\/infotulcea.ro\/wp-content\/uploads\/2025\/04\/banner-angajazate-1-1024x625.jpg.webp 1024w, https:\/\/infotulcea.ro\/wp-content\/uploads\/2025\/04\/banner-angajazate-1-768x469.jpg.webp 768w, https:\/\/infotulcea.ro\/wp-content\/uploads\/2025\/04\/banner-angajazate-1.jpg.webp 1080w\" \/><img loading=\"lazy\" decoding=\"async\" width=\"500\" height=\"305\" src=\"https:\/\/infotulcea.ro\/wp-content\/uploads\/2025\/04\/banner-angajazate-1-500x305.jpg\" class=\"image wp-image-34317  attachment-medium size-medium\" alt><\/a><\/div>\n<\/div>\n<\/aside>\n<\/div>\n<\/div>\n<div class=\"entry-content entry clearfix\">\n<p><strong>Un jandarm din cadrul Inspectoratului de Jandarmi Jude\u021bean Tulcea, aflat \u00een concediu de odihn\u0103, a intervenit asear\u0103 pentru sprijinirea unei persoane r\u0103nite \u00eentr-un accident rutier produs la ie\u0219irea din localitatea Sascut, jude\u021bul Bac\u0103u.<\/strong><\/p>\n<p>\u00cen timp ce se deplasa pe traseu, acesta a observat un accident rutier \u00een care fusese implicat un autoturism \u0219i a oprit<source sizes=\"(max-width: 313px) 100vw, 313px\" type=\"image\/webp\" data-srcset=\"https:\/\/infotulcea.ro\/wp-content\/uploads\/2026\/08\/jeandarm-396x500.jpeg.webp 396w, https:\/\/infotulcea.ro\/wp-content\/uploads\/2026\/08\/jeandarm-812x1024.jpeg.webp 812w, https:\/\/infotulcea.ro\/wp-content\/uploads\/2026\/08\/jeandarm-768x969.jpeg.webp 768w, https:\/\/infotulcea.ro\/wp-content\/uploads\/2026\/08\/jeandarm.jpeg.webp 1080w\" \/><\/p>\n<p><img loading=\"lazy\" decoding=\"async\" class=\" wp-image-40317 alignright\" src=\"https:\/\/infotulcea.ro\/wp-content\/uploads\/2026\/08\/jeandarm-396x500.jpeg\" alt width=\"313\" height=\"395\"> imediat pentru a verifica dac\u0103 persoanele implicate au nevoie de ajutor.<\/p>\n<p>La fa\u021ba locului se afla o femeie, \u00een v\u00e2rst\u0103 de aproximativ 24 de ani. P\u00e2n\u0103 la sosirea echipajului de ambulan\u021b\u0103, aceasta a beneficiat de \u00eengrijiri \u0219i sprijin din partea unei voluntare a Crucii Ro\u0219ii, aflat\u0103 \u00eempreun\u0103 cu jandarmul, precum \u0219i a unui voluntar ISU, care a oprit la r\u00e2ndul s\u0103u pentru a acorda primul ajutor.<\/p>\n<p>\u00a0<\/p>\n<p>Jandarmul a r\u0103mas la locul evenimentului, oferind sprijin \u0219i asigur\u00e2nd condi\u021biile necesare p\u00e2n\u0103 la preluarea femeii de c\u0103tre echipajul medical.<\/p>\n<p>Gestul demonstreaz\u0103 c\u0103 responsabilitatea \u0219i spiritul civic nu \u021bin cont de programul de lucru, iar dorin\u021ba de a veni \u00een sprijinul celor afla\u021bi \u00een nevoie r\u0103m\u00e2ne o valoare care \u00eei caracterizeaz\u0103 pe jandarmi, indiferent dac\u0103 sunt \u00een misiune sau \u00een timpul liber.<\/p>\n<\/div>\n<div class=\"articleBody\" data-key=\"articleBody\">Un jandarm din cadrul Inspectoratului de Jandarmi Jude\u021bean Tulcea, aflat \u00een concediu de odihn\u0103, a intervenit asear\u0103 pentru sprijinirea unei persoane r\u0103nite \u00eentr-un accident rutier produs la ie\u0219irea din localitatea Sascut, jude\u021bul Bac\u0103u.<\/p>\n<p>\u00cen timp ce se deplasa pe traseu, acesta a observat un accident rutier \u00een care fusese implicat un autoturism \u0219i a oprit imediat pentru a verifica dac\u0103 persoanele implicate au nevoie de ajutor.<\/p>\n<p>La fa\u021ba locului se afla o femeie, \u00een v\u00e2rst\u0103 de aproximativ 24 de ani. P\u00e2n\u0103 la sosirea echipajului de ambulan\u021b\u0103, aceasta a beneficiat de \u00eengrijiri \u0219i sprijin din partea unei voluntare a Crucii Ro\u0219ii, aflat\u0103 \u00eempreun\u0103 cu jandarmul, precum \u0219i a unui voluntar ISU, care a oprit la r\u00e2ndul s\u0103u pentru a acorda primul ajutor.<\/p>\n<p>\u00a0<\/p>\n<p>Jandarmul a r\u0103mas la locul evenimentului, oferind sprijin \u0219i asigur\u00e2nd condi\u021biile necesare p\u00e2n\u0103 la preluarea femeii de c\u0103tre echipajul medical.<\/p>\n<p>Gestul demonstreaz\u0103 c\u0103 responsabilitatea \u0219i spiritul civic nu \u021bin cont de programul de lucru, iar dorin\u021ba de a veni \u00een sprijinul celor afla\u021bi \u00een nevoie r\u0103m\u00e2ne o valoare care \u00eei caracterizeaz\u0103 pe jandarmi, indiferent dac\u0103 sunt \u00een misiune sau \u00een timpul liber.<\/p><\/div>\n<p>[analyse_source url=&#8221;https:\/\/infotulcea.ro\/aflat-in-concediu-un-jandarm-tulcean-a-intervenit-pentru-acordarea-primului-ajutor-unei-tinere-implicate-intr-un-accident-rutier\/&#8221;]<\/p>\n","protected":false},"excerpt":{"rendered":"<p>[analyse_image type=&#8221;featured&#8221; src=&#8221;https:\/\/infotulcea.ro\/wp-content\/uploads\/2021\/11\/bulina.png&#8221;] Home\/Comunicate\/Aflat \u00een concediu, un jandarm tulcean a intervenit pentru acordarea primului ajutor unei tinere implicate \u00eentr-un accident rutier Comunicate Aflat \u00een concediu, un jandarm tulcean a intervenit pentru acordarea primului ajutor unei tinere implicate \u00eentr-un accident rutier Redactia6 august 2026 0 246 1 minute read Un jandarm din cadrul Inspectoratului de Jandarmi [&hellip;]<\/p>\n","protected":false},"author":1,"featured_media":0,"comment_status":"open","ping_status":"","sticky":false,"template":"","format":"standard","meta":{"footnotes":""},"categories":[89],"tags":[226,221],"class_list":["post-2081609","post","type-post","status-publish","format-standard","hentry","category-romania","tag-crawlmanager","tag-infotulcea-ro"],"_links":{"self":[{"href":"https:\/\/analyse.optim.biz\/index.php?rest_route=\/wp\/v2\/posts\/2081609","targetHints":{"allow":["GET"]}}],"collection":[{"href":"https:\/\/analyse.optim.biz\/index.php?rest_route=\/wp\/v2\/posts"}],"about":[{"href":"https:\/\/analyse.optim.biz\/index.php?rest_route=\/wp\/v2\/types\/post"}],"author":[{"embeddable":true,"href":"https:\/\/analyse.optim.biz\/index.php?rest_route=\/wp\/v2\/users\/1"}],"replies":[{"embeddable":true,"href":"https:\/\/analyse.optim.biz\/index.php?rest_route=%2Fwp%2Fv2%2Fcomments&post=2081609"}],"version-history":[{"count":0,"href":"https:\/\/analyse.optim.biz\/index.php?rest_route=\/wp\/v2\/posts\/2081609\/revisions"}],"wp:attachment":[{"href":"https:\/\/analyse.optim.biz\/index.php?rest_route=%2Fwp%2Fv2%2Fmedia&parent=2081609"}],"wp:term":[{"taxonomy":"category","embeddable":true,"href":"https:\/\/analyse.optim.biz\/index.php?rest_route=%2Fwp%2Fv2%2Fcategories&post=2081609"},{"taxonomy":"post_tag","embeddable":true,"href":"https:\/\/analyse.optim.biz\/index.php?rest_route=%2Fwp%2Fv2%2Ftags&post=2081609"}],"curies":[{"name":"wp","href":"https:\/\/api.w.org\/{rel}","templated":true}]}}