{"id":2081608,"date":"2026-08-05T09:22:22","date_gmt":"2026-08-05T06:22:22","guid":{"rendered":"https:\/\/analyse.optim.biz\/?p=2081608"},"modified":"2026-08-05T09:22:22","modified_gmt":"2026-08-05T06:22:22","slug":"ruben-latcau-din-17-august-legam-giroc-si-chisoda-de-reteaua-stpt-cu-mijloace-de-transport-moderne","status":"publish","type":"post","link":"https:\/\/analyse.optim.biz\/?p=2081608","title":{"rendered":"Ruben Latcau: \u201cDin 17 august, legam Giroc si Chisoda de reteaua STPT, cu mijloace de transport moderne\u201d"},"content":{"rendered":"<p>[analyse_image type=&#8221;featured&#8221; src=&#8221;http:\/\/www.banatulmeu.ro\/wp-content\/uploads\/2026\/08\/ruben-latcau-stpt-e1785922729374.jpg&#8221;]<\/p>\n<div class=\"post-content-bd\">\n<p>Ve\u015fti bune pentru locuitorii din Giroc \u015fi Chi\u015foda. Viceprimarul Ruben La\u0163c\u0103u anun\u0163\u0103 c\u0103 mijloace de transport moderne ale STPT vor face leg\u0103tura \u00eentre Timi\u015foara \u015fi cele dou\u0103 localit\u0103\u0163i.<\/p>\n<p><em>\u201cConect\u0103m Timi\u0219oara Metropolitan\u0103 \u2013 din 17 august leg\u0103m Giroc \u0219i Chi\u0219oda de re\u021beaua STPT, cu mijloace de transport moderne. \u00cen prima etap\u0103 vor circula pe vechile trasee ale Giroceana. \u00cen paralel, colabor\u0103m cu prim\u0103ria Giroc pentru noi trasee care s\u0103 r\u0103spund\u0103 nevoilor reale ale oamenilor\u201d<\/em>, a afirmat Ruben La\u0163c\u0103u.<\/p>\n<p>Potrivit viceprimarului Timi\u015foarei, sunt analizate \u015fi noi rute \u00eentre Timi\u015foara \u015fi c\u00e2teva localit\u0103\u0163i din apropiere.<\/p>\n<p><em>\u201cAnaliz\u0103m, de exemplu, o rut\u0103 transversal\u0103 \u00eentre Calea \u0218agului, Chi\u0219oda, Giroc, Rudicica \u0219i Mo\u0219ni\u021ba. Vedem c\u0103 exist\u0103 o nevoie real\u0103 de deplasare \u00eentre aceste zone \u0219i vrem s\u0103 oferim o alternativ\u0103 la transportul cu ma\u0219ina. De asemenea, putem prelungi trasee p\u00e2n\u0103 la noduri importante de transport, precum Po\u0219ta Mare, pentru leg\u0103turi rapide<\/em>\u201c, a explicat Ruben La\u0163c\u0103u.<\/p>\n<\/div>\n<p>[analyse_source url=&#8221;https:\/\/www.banatulmeu.ro\/ruben-latcau-din-17-august-legam-giroc-si-chisoda-de-reteaua-stpt-cu-mijloace-de-transport-moderne\/&#8221;]<\/p>\n","protected":false},"excerpt":{"rendered":"<p>[analyse_image type=&#8221;featured&#8221; src=&#8221;http:\/\/www.banatulmeu.ro\/wp-content\/uploads\/2026\/08\/ruben-latcau-stpt-e1785922729374.jpg&#8221;] Ve\u015fti bune pentru locuitorii din Giroc \u015fi Chi\u015foda. Viceprimarul Ruben La\u0163c\u0103u anun\u0163\u0103 c\u0103 mijloace de transport moderne ale STPT vor face leg\u0103tura \u00eentre Timi\u015foara \u015fi cele dou\u0103 localit\u0103\u0163i. \u201cConect\u0103m Timi\u0219oara Metropolitan\u0103 \u2013 din 17 august leg\u0103m Giroc \u0219i Chi\u0219oda de re\u021beaua STPT, cu mijloace de transport moderne. \u00cen prima etap\u0103 vor circula [&hellip;]<\/p>\n","protected":false},"author":1,"featured_media":0,"comment_status":"open","ping_status":"","sticky":false,"template":"","format":"standard","meta":{"footnotes":""},"categories":[89],"tags":[204,226],"class_list":["post-2081608","post","type-post","status-publish","format-standard","hentry","category-romania","tag-banatulmeu-ro","tag-crawlmanager"],"_links":{"self":[{"href":"https:\/\/analyse.optim.biz\/index.php?rest_route=\/wp\/v2\/posts\/2081608","targetHints":{"allow":["GET"]}}],"collection":[{"href":"https:\/\/analyse.optim.biz\/index.php?rest_route=\/wp\/v2\/posts"}],"about":[{"href":"https:\/\/analyse.optim.biz\/index.php?rest_route=\/wp\/v2\/types\/post"}],"author":[{"embeddable":true,"href":"https:\/\/analyse.optim.biz\/index.php?rest_route=\/wp\/v2\/users\/1"}],"replies":[{"embeddable":true,"href":"https:\/\/analyse.optim.biz\/index.php?rest_route=%2Fwp%2Fv2%2Fcomments&post=2081608"}],"version-history":[{"count":0,"href":"https:\/\/analyse.optim.biz\/index.php?rest_route=\/wp\/v2\/posts\/2081608\/revisions"}],"wp:attachment":[{"href":"https:\/\/analyse.optim.biz\/index.php?rest_route=%2Fwp%2Fv2%2Fmedia&parent=2081608"}],"wp:term":[{"taxonomy":"category","embeddable":true,"href":"https:\/\/analyse.optim.biz\/index.php?rest_route=%2Fwp%2Fv2%2Fcategories&post=2081608"},{"taxonomy":"post_tag","embeddable":true,"href":"https:\/\/analyse.optim.biz\/index.php?rest_route=%2Fwp%2Fv2%2Ftags&post=2081608"}],"curies":[{"name":"wp","href":"https:\/\/api.w.org\/{rel}","templated":true}]}}