{"id":2081607,"date":"2026-08-06T13:23:45","date_gmt":"2026-08-06T10:23:45","guid":{"rendered":"https:\/\/analyse.optim.biz\/?p=2081607"},"modified":"2026-08-06T13:23:45","modified_gmt":"2026-08-06T10:23:45","slug":"ruben-latcau-se-lucreaza-atat-ziua-cat-si-noaptea-pe-santierul-pasajului-slavici-polona-foto","status":"publish","type":"post","link":"https:\/\/analyse.optim.biz\/?p=2081607","title":{"rendered":"Ruben La\u0163c\u0103u: Se lucreaz\u0103 at\u00e2t ziua, c\u00e2t \u015fi noaptea pe \u015fantierul pasajului Slavici-Polon\u0103 FOTO"},"content":{"rendered":"<p>[analyse_image type=&#8221;featured&#8221; src=&#8221;http:\/\/www.banatulmeu.ro\/wp-content\/uploads\/2026\/08\/71daa4e2-74ba-4882-8f5e-09cf9f0abb7b-scaled-e1786026449658.jpeg&#8221;]<\/p>\n<div class=\"post-content-bd\">\n<p>Avanseaz\u0103 lucr\u0103rile pe \u015fantierul pasajului Slavici \u2013 Polon\u0103 din Timi\u015foara. Potrivit viceprimarului Ruben La\u0163c\u0103u, echipele de muncitori lucreaz\u0103 at\u00e2t ziua, c\u00e2t \u015fi noaptea, \u00een aceast\u0103 perioad\u0103.<\/p>\n<p><em>\u201cRitm de lucru foarte bun la Pasajul Slavici Polon\u0103 \u2013 zilele acestea, echipele de muncitori lucreaz\u0103 at\u00e2t ziua, c\u00e2t \u0219i noaptea. (\u2026) Se lucreaz\u0103 intens la pilo\u0163ii fora\u0163i, cei care vor sus\u0163ine funda\u0163ia viitorului pod. Practic, toate aceste sisteme de pasaje pe care azi le vedem aici vor fi demolate \u015fi vom construi ni\u015fte pasaje noi, \u00een \u00eentregime, \u00een a\u015fa fel \u00eenc\u00e2t Utvin, S\u00e2nmihai, sudul jude\u0163ului, Timi\u015foara, zona industrial\u0103 s\u0103 fie conectate. \u015eantierul avanseaz\u0103 \u00eenainte \u015fi sper\u0103m ca la sf\u00e2r\u015fitul anului viitor s\u0103 putem circula pe aceste drumuri reabilitate \u015fi pe aceste poduri noi\u201d<\/em>, a afirmat Ruben La\u0163c\u0103u.<\/p>\n<p>Investi\u021bia presupune reconstruc\u021bia complet\u0103 a pasajului de la fosta Fabric\u0103 de Zah\u0103r, construit \u00een anul 1982, \u0219i modernizarea infrastructurii rutiere de pe str\u0103zile Polon\u0103, Wilhelm Tell \u0219i Ovidiu Cotru\u0219. Trei pasaje vor fi reconstruite: pasajul peste linia ferat\u0103 CF 926 de pe strada Ovidiu Cotru\u0219, pasajul peste \u00eencruci\u0219area spre Utvin \u0219i pasajul peste linia ferat\u0103 dezafectat\u0103 de pe strada Wilhelm Tell. Totodat\u0103, vor fi reabilita\u021bi aproximativ 1,5 km de drum.<\/p>\n<p>Proiectul prevede, de asemenea, reabilitarea liniilor de tramvai, pentru a p\u0103stra posibilitatea unei viitoare conexiuni de transport public, amenajarea de piste pentru biciclete, modernizarea re\u021belei de canalizare pluvial\u0103 \u0219i a iluminatului public, refacerea trotuarelor \u0219i a bordurilor. Noua infrastructur\u0103 va oferi condi\u021bii mai bune \u0219i mai sigure pentru autovehicule, transportul public, pietoni \u0219i bicicli\u0219ti.<\/p>\n<p>Valoarea contractului este de peste 49 de milioane de lei, f\u0103r\u0103 TVA, iar investi\u021bia este finan\u021bat\u0103 integral din bugetul local. Lucr\u0103rile sunt executate de asocierea format\u0103 din Freyrom S.A., Procons Group S.R.L., Inginerie Drumuri \u0219i Poduri S.R.L. \u0219i Integrated Road Solutions S.R.L.<\/p>\n<div id=\"gallery-1\" class=\"gallery galleryid-189052 gallery-columns-3 gallery-size-thumbnail\">\n<figure class=\"gallery-item\">\n<div class=\"gallery-icon portrait\"><a href=\"https:\/\/www.banatulmeu.ro\/wp-content\/uploads\/2026\/08\/b34a477e-d60d-43bf-9803-bb87b93d2bec-scaled-e1786026570953.jpeg\"><img loading=\"lazy\" decoding=\"async\" width=\"150\" height=\"150\" src=\"https:\/\/www.banatulmeu.ro\/wp-content\/uploads\/2026\/08\/b34a477e-d60d-43bf-9803-bb87b93d2bec-150x150.jpeg\" class=\"attachment-thumbnail size-thumbnail\" alt><img loading=\"lazy\" decoding=\"async\" width=\"150\" height=\"150\" src=\"https:\/\/www.banatulmeu.ro\/wp-content\/uploads\/2026\/08\/b34a477e-d60d-43bf-9803-bb87b93d2bec-150x150.jpeg\" class=\"attachment-thumbnail size-thumbnail\" alt><\/a><\/div>\n<\/figure>\n<figure class=\"gallery-item\">\n<div class=\"gallery-icon portrait\"><a href=\"https:\/\/www.banatulmeu.ro\/wp-content\/uploads\/2026\/08\/6ba7d55c-3817-4237-91fd-aab9c1ed8915-scaled-e1786026554315.jpeg\"><img loading=\"lazy\" decoding=\"async\" width=\"150\" height=\"150\" src=\"https:\/\/www.banatulmeu.ro\/wp-content\/uploads\/2026\/08\/6ba7d55c-3817-4237-91fd-aab9c1ed8915-150x150.jpeg\" class=\"attachment-thumbnail size-thumbnail\" alt><img loading=\"lazy\" decoding=\"async\" width=\"150\" height=\"150\" src=\"https:\/\/www.banatulmeu.ro\/wp-content\/uploads\/2026\/08\/6ba7d55c-3817-4237-91fd-aab9c1ed8915-150x150.jpeg\" class=\"attachment-thumbnail size-thumbnail\" alt><\/a><\/div>\n<\/figure>\n<figure class=\"gallery-item\">\n<div class=\"gallery-icon portrait\"><a href=\"https:\/\/www.banatulmeu.ro\/wp-content\/uploads\/2026\/08\/a42b722e-c584-4a09-96db-2a4fa144d3e9-scaled-e1786026539338.jpeg\"><img loading=\"lazy\" decoding=\"async\" width=\"150\" height=\"150\" src=\"https:\/\/www.banatulmeu.ro\/wp-content\/uploads\/2026\/08\/a42b722e-c584-4a09-96db-2a4fa144d3e9-150x150.jpeg\" class=\"attachment-thumbnail size-thumbnail\" alt><img decoding=\"async\" loading=\"lazy\" width=\"150\" height=\"150\" src=\"https:\/\/www.banatulmeu.ro\/wp-content\/uploads\/2026\/08\/a42b722e-c584-4a09-96db-2a4fa144d3e9-150x150.jpeg\" class=\"attachment-thumbnail size-thumbnail\" alt><\/a><\/div>\n<\/figure>\n<figure class=\"gallery-item\">\n<div class=\"gallery-icon portrait\"><a href=\"https:\/\/www.banatulmeu.ro\/wp-content\/uploads\/2026\/08\/852ea3f9-bdec-4b03-901a-0364754e8bce-scaled-e1786026483735.jpeg\"><img loading=\"lazy\" decoding=\"async\" width=\"150\" height=\"150\" src=\"https:\/\/www.banatulmeu.ro\/wp-content\/uploads\/2026\/08\/852ea3f9-bdec-4b03-901a-0364754e8bce-150x150.jpeg\" class=\"attachment-thumbnail size-thumbnail\" alt><img decoding=\"async\" loading=\"lazy\" width=\"150\" height=\"150\" src=\"https:\/\/www.banatulmeu.ro\/wp-content\/uploads\/2026\/08\/852ea3f9-bdec-4b03-901a-0364754e8bce-150x150.jpeg\" class=\"attachment-thumbnail size-thumbnail\" alt><\/a><\/div>\n<\/figure>\n<figure class=\"gallery-item\">\n<div class=\"gallery-icon landscape\"><a href=\"https:\/\/www.banatulmeu.ro\/wp-content\/uploads\/2026\/08\/7a66fbe5-7938-4217-b377-9f28605bbefe-scaled-e1786026469835.jpeg\"><img loading=\"lazy\" decoding=\"async\" width=\"150\" height=\"150\" src=\"https:\/\/www.banatulmeu.ro\/wp-content\/uploads\/2026\/08\/7a66fbe5-7938-4217-b377-9f28605bbefe-150x150.jpeg\" class=\"attachment-thumbnail size-thumbnail\" alt><img decoding=\"async\" loading=\"lazy\" width=\"150\" height=\"150\" src=\"https:\/\/www.banatulmeu.ro\/wp-content\/uploads\/2026\/08\/7a66fbe5-7938-4217-b377-9f28605bbefe-150x150.jpeg\" class=\"attachment-thumbnail size-thumbnail\" alt><\/a><\/div>\n<\/figure>\n<figure class=\"gallery-item\">\n<div class=\"gallery-icon portrait\"><a href=\"https:\/\/www.banatulmeu.ro\/wp-content\/uploads\/2026\/08\/5bbdda74-40f3-433f-b946-ee71066b31f1-scaled-e1786026427585.jpeg\"><img loading=\"lazy\" decoding=\"async\" width=\"150\" height=\"150\" src=\"https:\/\/www.banatulmeu.ro\/wp-content\/uploads\/2026\/08\/5bbdda74-40f3-433f-b946-ee71066b31f1-150x150.jpeg\" class=\"attachment-thumbnail size-thumbnail\" alt><img decoding=\"async\" loading=\"lazy\" width=\"150\" height=\"150\" src=\"https:\/\/www.banatulmeu.ro\/wp-content\/uploads\/2026\/08\/5bbdda74-40f3-433f-b946-ee71066b31f1-150x150.jpeg\" class=\"attachment-thumbnail size-thumbnail\" alt><\/a><\/div>\n<\/figure>\n<\/div>\n<\/div>\n<p>[analyse_source url=&#8221;https:\/\/www.banatulmeu.ro\/ruben-latcau-se-lucreaza-atat-ziua-cat-si-noaptea-pe-santierul-pasajului-slavici-polona-foto\/&#8221;]<\/p>\n","protected":false},"excerpt":{"rendered":"<p>[analyse_image type=&#8221;featured&#8221; src=&#8221;http:\/\/www.banatulmeu.ro\/wp-content\/uploads\/2026\/08\/71daa4e2-74ba-4882-8f5e-09cf9f0abb7b-scaled-e1786026449658.jpeg&#8221;] Avanseaz\u0103 lucr\u0103rile pe \u015fantierul pasajului Slavici \u2013 Polon\u0103 din Timi\u015foara. Potrivit viceprimarului Ruben La\u0163c\u0103u, echipele de muncitori lucreaz\u0103 at\u00e2t ziua, c\u00e2t \u015fi noaptea, \u00een aceast\u0103 perioad\u0103. \u201cRitm de lucru foarte bun la Pasajul Slavici Polon\u0103 \u2013 zilele acestea, echipele de muncitori lucreaz\u0103 at\u00e2t ziua, c\u00e2t \u0219i noaptea. (\u2026) Se lucreaz\u0103 intens la [&hellip;]<\/p>\n","protected":false},"author":1,"featured_media":0,"comment_status":"open","ping_status":"","sticky":false,"template":"","format":"standard","meta":{"footnotes":""},"categories":[89],"tags":[204,226],"class_list":["post-2081607","post","type-post","status-publish","format-standard","hentry","category-romania","tag-banatulmeu-ro","tag-crawlmanager"],"_links":{"self":[{"href":"https:\/\/analyse.optim.biz\/index.php?rest_route=\/wp\/v2\/posts\/2081607","targetHints":{"allow":["GET"]}}],"collection":[{"href":"https:\/\/analyse.optim.biz\/index.php?rest_route=\/wp\/v2\/posts"}],"about":[{"href":"https:\/\/analyse.optim.biz\/index.php?rest_route=\/wp\/v2\/types\/post"}],"author":[{"embeddable":true,"href":"https:\/\/analyse.optim.biz\/index.php?rest_route=\/wp\/v2\/users\/1"}],"replies":[{"embeddable":true,"href":"https:\/\/analyse.optim.biz\/index.php?rest_route=%2Fwp%2Fv2%2Fcomments&post=2081607"}],"version-history":[{"count":0,"href":"https:\/\/analyse.optim.biz\/index.php?rest_route=\/wp\/v2\/posts\/2081607\/revisions"}],"wp:attachment":[{"href":"https:\/\/analyse.optim.biz\/index.php?rest_route=%2Fwp%2Fv2%2Fmedia&parent=2081607"}],"wp:term":[{"taxonomy":"category","embeddable":true,"href":"https:\/\/analyse.optim.biz\/index.php?rest_route=%2Fwp%2Fv2%2Fcategories&post=2081607"},{"taxonomy":"post_tag","embeddable":true,"href":"https:\/\/analyse.optim.biz\/index.php?rest_route=%2Fwp%2Fv2%2Ftags&post=2081607"}],"curies":[{"name":"wp","href":"https:\/\/api.w.org\/{rel}","templated":true}]}}