{"id":2081605,"date":"2026-08-06T09:35:44","date_gmt":"2026-08-06T06:35:44","guid":{"rendered":"https:\/\/analyse.optim.biz\/?p=2081605"},"modified":"2026-08-06T09:35:44","modified_gmt":"2026-08-06T06:35:44","slug":"incep-primele-lucrari-la-pasarela-indragostitilor-din-timisoara-foto","status":"publish","type":"post","link":"https:\/\/analyse.optim.biz\/?p=2081605","title":{"rendered":"\u00cencep primele lucr\u0103ri la Pasarela \u00cendr\u0103gosti\u0163ilor din Timi\u015foara FOTO"},"content":{"rendered":"<p>[analyse_image type=&#8221;featured&#8221; src=&#8221;http:\/\/www.banatulmeu.ro\/wp-content\/uploads\/2026\/08\/764845092_2606069456509240_5823846787640234630_n-e1786010378216.jpg&#8221;]<\/p>\n<div class=\"post-content-bd\">\n<p>Prim\u0103ria Timi\u015foara anun\u0163\u0103 c\u0103 \u00eencep primele lucr\u0103ri pentru transformarea Pasarelei \u00cendr\u0103gosti\u021bilor \u00eentr-un pod modern pentru pietoni \u0219i bicicli\u0219ti.<\/p>\n<p><em>\u201cConstructorul \u00eencepe \u00eemprejmuirea \u0219antierului, iar pe durata lucr\u0103rilor accesul dinspre promenad\u0103 c\u0103tre Parcul Copiilor va fi \u00eenchis. Urmeaz\u0103 relocarea utilit\u0103\u021bilor de pe pasarel\u0103, pentru ca p\u00e2n\u0103 la finalul acestei luni s\u0103 \u00eenceap\u0103 demolarea efectiv\u0103. Le recomand\u0103m bicicli\u0219tilor s\u0103 foloseasc\u0103 pistele de pe str\u0103zile adiacente (ex. C.D. Loga), iar pietonilor s\u0103 utilizeze traseele alternative din zon\u0103<\/em>\u201c, a informat institu\u0163ia.<\/p>\n<p>Pasarela actual\u0103, construit\u0103 \u00een 1949, se afl\u0103 \u00eentr-o stare avansat\u0103 de degradare, av\u00e2nd infiltra\u021bii la nivelul structurii de rezisten\u021b\u0103, ceea ce a impus \u00eenchiderea ei. Noul pod va fi construit din beton armat, cu o lungime de 52 de metri \u0219i o l\u0103\u021bime de cinci metri.<\/p>\n<p>Accesul pe pod va fi asigurat prin rampe concepute special pentru persoanele cu mobilitate redus\u0103, iar bicicli\u0219tii vor avea rampe dedicate, adiacente treptelor pentru pietoni. Spa\u021biile verzi vor completa rampele intercalate, iar pe ambele maluri ale Beg\u0103i vor fi create puncte de belvedere, unde cei care folosesc podul se vor putea relaxa \u0219i bucura de priveli\u0219te. Iluminatul arhitectural va fi realizat prin benzi LED moderne, integrate at\u00e2t pe pasarel\u0103, c\u00e2t \u0219i pe rampe.<\/p>\n<p>\u00cen plus, Prim\u0103ria Timi\u0219oara, \u00eempreun\u0103 cu firma contractat\u0103, va elabora o solu\u021bie pentru p\u0103strarea lac\u0103telor de pe vechea pasarel\u0103, simboluri importante pentru comunitate.<\/p>\n<div id=\"gallery-1\" class=\"gallery galleryid-189027 gallery-columns-3 gallery-size-thumbnail\">\n<figure class=\"gallery-item\">\n<div class=\"gallery-icon landscape\"><a href=\"https:\/\/www.banatulmeu.ro\/wp-content\/uploads\/2026\/08\/763339456_1358535886394956_4614712506210612434_n-e1786010325417.jpg\"><img loading=\"lazy\" decoding=\"async\" width=\"150\" height=\"150\" src=\"https:\/\/www.banatulmeu.ro\/wp-content\/uploads\/2026\/08\/763339456_1358535886394956_4614712506210612434_n-150x150.jpg\" class=\"attachment-thumbnail size-thumbnail\" alt><img loading=\"lazy\" decoding=\"async\" width=\"150\" height=\"150\" src=\"https:\/\/www.banatulmeu.ro\/wp-content\/uploads\/2026\/08\/763339456_1358535886394956_4614712506210612434_n-150x150.jpg\" class=\"attachment-thumbnail size-thumbnail\" alt><\/a><\/div>\n<\/figure>\n<figure class=\"gallery-item\">\n<div class=\"gallery-icon landscape\"><a href=\"https:\/\/www.banatulmeu.ro\/wp-content\/uploads\/2026\/08\/765116505_993130267068362_2666268901855011055_n-e1786010293936.jpg\"><img loading=\"lazy\" decoding=\"async\" width=\"150\" height=\"150\" src=\"https:\/\/www.banatulmeu.ro\/wp-content\/uploads\/2026\/08\/765116505_993130267068362_2666268901855011055_n-150x150.jpg\" class=\"attachment-thumbnail size-thumbnail\" alt><img loading=\"lazy\" decoding=\"async\" width=\"150\" height=\"150\" src=\"https:\/\/www.banatulmeu.ro\/wp-content\/uploads\/2026\/08\/765116505_993130267068362_2666268901855011055_n-150x150.jpg\" class=\"attachment-thumbnail size-thumbnail\" alt><\/a><\/div>\n<\/figure>\n<figure class=\"gallery-item\">\n<div class=\"gallery-icon landscape\"><a href=\"https:\/\/www.banatulmeu.ro\/wp-content\/uploads\/2026\/08\/766762691_3001037763435111_8604233095333467403_n-e1786010280494.jpg\"><img loading=\"lazy\" decoding=\"async\" width=\"150\" height=\"150\" src=\"https:\/\/www.banatulmeu.ro\/wp-content\/uploads\/2026\/08\/766762691_3001037763435111_8604233095333467403_n-150x150.jpg\" class=\"attachment-thumbnail size-thumbnail\" alt><img decoding=\"async\" loading=\"lazy\" width=\"150\" height=\"150\" src=\"https:\/\/www.banatulmeu.ro\/wp-content\/uploads\/2026\/08\/766762691_3001037763435111_8604233095333467403_n-150x150.jpg\" class=\"attachment-thumbnail size-thumbnail\" alt><\/a><\/div>\n<\/figure>\n<figure class=\"gallery-item\">\n<div class=\"gallery-icon landscape\"><a href=\"https:\/\/www.banatulmeu.ro\/wp-content\/uploads\/2026\/08\/766287905_1736980310891066_3093549117523687887_n-e1786010247374.jpg\"><img loading=\"lazy\" decoding=\"async\" width=\"150\" height=\"150\" src=\"https:\/\/www.banatulmeu.ro\/wp-content\/uploads\/2026\/08\/766287905_1736980310891066_3093549117523687887_n-150x150.jpg\" class=\"attachment-thumbnail size-thumbnail\" alt><img decoding=\"async\" loading=\"lazy\" width=\"150\" height=\"150\" src=\"https:\/\/www.banatulmeu.ro\/wp-content\/uploads\/2026\/08\/766287905_1736980310891066_3093549117523687887_n-150x150.jpg\" class=\"attachment-thumbnail size-thumbnail\" alt><\/a><\/div>\n<\/figure>\n<\/div>\n<p>\u00a0<\/p>\n<\/div>\n<p>[analyse_source url=&#8221;https:\/\/www.banatulmeu.ro\/incep-primele-lucrari-la-pasarela-indragostitilor-din-timisoara-foto\/&#8221;]<\/p>\n","protected":false},"excerpt":{"rendered":"<p>[analyse_image type=&#8221;featured&#8221; src=&#8221;http:\/\/www.banatulmeu.ro\/wp-content\/uploads\/2026\/08\/764845092_2606069456509240_5823846787640234630_n-e1786010378216.jpg&#8221;] Prim\u0103ria Timi\u015foara anun\u0163\u0103 c\u0103 \u00eencep primele lucr\u0103ri pentru transformarea Pasarelei \u00cendr\u0103gosti\u021bilor \u00eentr-un pod modern pentru pietoni \u0219i bicicli\u0219ti. \u201cConstructorul \u00eencepe \u00eemprejmuirea \u0219antierului, iar pe durata lucr\u0103rilor accesul dinspre promenad\u0103 c\u0103tre Parcul Copiilor va fi \u00eenchis. Urmeaz\u0103 relocarea utilit\u0103\u021bilor de pe pasarel\u0103, pentru ca p\u00e2n\u0103 la finalul acestei luni s\u0103 \u00eenceap\u0103 demolarea efectiv\u0103. [&hellip;]<\/p>\n","protected":false},"author":1,"featured_media":0,"comment_status":"open","ping_status":"","sticky":false,"template":"","format":"standard","meta":{"footnotes":""},"categories":[89],"tags":[204,226],"class_list":["post-2081605","post","type-post","status-publish","format-standard","hentry","category-romania","tag-banatulmeu-ro","tag-crawlmanager"],"_links":{"self":[{"href":"https:\/\/analyse.optim.biz\/index.php?rest_route=\/wp\/v2\/posts\/2081605","targetHints":{"allow":["GET"]}}],"collection":[{"href":"https:\/\/analyse.optim.biz\/index.php?rest_route=\/wp\/v2\/posts"}],"about":[{"href":"https:\/\/analyse.optim.biz\/index.php?rest_route=\/wp\/v2\/types\/post"}],"author":[{"embeddable":true,"href":"https:\/\/analyse.optim.biz\/index.php?rest_route=\/wp\/v2\/users\/1"}],"replies":[{"embeddable":true,"href":"https:\/\/analyse.optim.biz\/index.php?rest_route=%2Fwp%2Fv2%2Fcomments&post=2081605"}],"version-history":[{"count":0,"href":"https:\/\/analyse.optim.biz\/index.php?rest_route=\/wp\/v2\/posts\/2081605\/revisions"}],"wp:attachment":[{"href":"https:\/\/analyse.optim.biz\/index.php?rest_route=%2Fwp%2Fv2%2Fmedia&parent=2081605"}],"wp:term":[{"taxonomy":"category","embeddable":true,"href":"https:\/\/analyse.optim.biz\/index.php?rest_route=%2Fwp%2Fv2%2Fcategories&post=2081605"},{"taxonomy":"post_tag","embeddable":true,"href":"https:\/\/analyse.optim.biz\/index.php?rest_route=%2Fwp%2Fv2%2Ftags&post=2081605"}],"curies":[{"name":"wp","href":"https:\/\/api.w.org\/{rel}","templated":true}]}}