{"id":2081599,"date":"2026-08-05T14:00:14","date_gmt":"2026-08-05T11:00:14","guid":{"rendered":"https:\/\/analyse.optim.biz\/?p=2081599"},"modified":"2026-08-05T14:00:14","modified_gmt":"2026-08-05T11:00:14","slug":"trei-scoli-din-timisoara-vor-avea-curti-mai-verzi","status":"publish","type":"post","link":"https:\/\/analyse.optim.biz\/?p=2081599","title":{"rendered":"Trei \u015fcoli din Timi\u015foara vor avea cur\u0163i mai verzi"},"content":{"rendered":"<p>[analyse_image type=&#8221;featured&#8221; src=&#8221;http:\/\/www.banatulmeu.ro\/wp-content\/uploads\/2026\/08\/579838912_901572248869899_4627826766531994148_n.jpg&#8221;]<\/p>\n<div class=\"post-content-bd\">\n<p>Trei \u015fcoli din Timi\u015foara vor avea cur\u0163i mai verzi, \u00een scurt timp. Prim\u0103ria Timi\u015foara, prin Administra\u021bia pentru S\u0103n\u0103tate \u0219i Educa\u021bie, investe\u0219te aproximativ 350.000 de lei pentru transformarea cur\u021bilor celor trei unit\u0103\u0163i de \u00eenv\u0103\u0163\u0103m\u00e2nt \u00een spa\u021bii care \u00eei aduc pe elevi mai aproape de natur\u0103.<\/p>\n<p>Este vorba despre Liceul Teoretic \u201eGrigore Moisil\u201d, Liceul Tehnologic de Silvicultur\u0103 \u0219i Agricultur\u0103 \u201eCasa Verde\u201d \u0219i \u0218coala Gimnazial\u0103 nr. 21 \u201eVicen\u021biu Babe\u0219\u201d care au ob\u021binut o finan\u021bare \u0219i prin programul \u201ei\u0218coala Verde\u201d. Programul este derulat \u00een parteneriat cu Funda\u021bia Alber \u0219i Inspectoratul \u0218colar Timi\u0219 \u0219i sus\u021bine amenajarea de zone verzi, spa\u021bii pentru \u00eenv\u0103\u021bare \u00een aer liber \u0219i locuri de relaxare pentru elevi \u0219i profesori.<\/p>\n<p>\u201e<em>Avem deja un program prin care \u00eencuraj\u0103m mi\u0219carea \u00een r\u00e2ndul elevilor \u0219i transform\u0103m cur\u021bile mai multor \u0219coli. M\u0103 bucur c\u0103 suntem parteneri \u00een acest proiect cu directori de \u0219coli care \u00ee\u0219i doresc mai mult pentru copii \u0219i sunt deschi\u0219i la experien\u021be noi de \u00eenv\u0103\u021bare. Ne dorim ca \u00een pauz\u0103, dar \u0219i la unele ore, elevii s\u0103 ias\u0103 din clas\u0103 \u00een spa\u021bii unde pot observa natura, pot experimenta \u0219i \u00een\u021belege mai bine lumea din jurul lor. Sunt convins\u0103 c\u0103, al\u0103turi de directori, Funda\u021bia Alber \u0219i Inspectoratul \u0218colar, i\u0218coala Verde va fi o reu\u0219it\u0103<\/em>\u201d, a declarat viceprimarul Paula Romocean.<\/p>\n<p>Noile amenaj\u0103ri vor transforma cur\u021bile \u0219colilor \u00een spa\u021bii pentru \u00eenv\u0103\u021bare \u0219i recreere \u00een aer liber. Elevii vor putea participa la lec\u021bii \u0219i activit\u0103\u021bi practice \u00een contact direct cu natura, vor observa schimb\u0103rile din mediul \u00eenconjur\u0103tor \u0219i \u00ee\u0219i vor dezvolta o \u00een\u021belegere mai bun\u0103 a protej\u0103rii mediului prin experien\u021be directe.<\/p>\n<p>La \u201eGrigore Moisil\u201d va fi amenajat\u0103 o zon\u0103 verde de aproximativ 150 de metri p\u0103tra\u021bi, cu arbori, arbu\u0219ti \u0219i locuri de relaxare. \u00cen curtea \u0218colii Gimnaziale nr. 21 \u201eVicen\u021biu Babe\u0219\u201d, pe o suprafa\u021b\u0103 de 800 de metri p\u0103tra\u021bi, vor fi create zone verzi \u0219i alei, cu locuri de odihn\u0103 \u0219i mobilier, astfel \u00eenc\u00e2t spa\u021biul s\u0103 devin\u0103 potrivit pentru lec\u021bii, ateliere \u0219i alte activit\u0103\u021bi desf\u0103\u0219urate \u00een aer liber. La Liceul Tehnologic de Silvicultur\u0103 \u0219i Agricultur\u0103 \u201eCasa Verde\u201d, pe o suprafa\u021b\u0103 de aproximativ 450 de metri p\u0103tra\u021bi, va fi amenajat un amfiteatru verde, completat de alei, plante ornamentale \u0219i arbu\u0219ti.<\/p>\n<p>Proiectul de hot\u0103r\u00e2re poate fi consultat <a href=\"https:\/\/www.primariatm.ro\/proiecte-hcl\/e998a87a-b5af-4b21-9457-fcae11b4bc7d\">AICI<\/a>!<\/p>\n<\/div>\n<p>[analyse_source url=&#8221;https:\/\/www.banatulmeu.ro\/trei-scoli-din-timisoara-vor-avea-curti-mai-verzi\/&#8221;]<\/p>\n","protected":false},"excerpt":{"rendered":"<p>[analyse_image type=&#8221;featured&#8221; src=&#8221;http:\/\/www.banatulmeu.ro\/wp-content\/uploads\/2026\/08\/579838912_901572248869899_4627826766531994148_n.jpg&#8221;] Trei \u015fcoli din Timi\u015foara vor avea cur\u0163i mai verzi, \u00een scurt timp. Prim\u0103ria Timi\u015foara, prin Administra\u021bia pentru S\u0103n\u0103tate \u0219i Educa\u021bie, investe\u0219te aproximativ 350.000 de lei pentru transformarea cur\u021bilor celor trei unit\u0103\u0163i de \u00eenv\u0103\u0163\u0103m\u00e2nt \u00een spa\u021bii care \u00eei aduc pe elevi mai aproape de natur\u0103. Este vorba despre Liceul Teoretic \u201eGrigore Moisil\u201d, Liceul [&hellip;]<\/p>\n","protected":false},"author":1,"featured_media":0,"comment_status":"open","ping_status":"","sticky":false,"template":"","format":"standard","meta":{"footnotes":""},"categories":[89],"tags":[204,226],"class_list":["post-2081599","post","type-post","status-publish","format-standard","hentry","category-romania","tag-banatulmeu-ro","tag-crawlmanager"],"_links":{"self":[{"href":"https:\/\/analyse.optim.biz\/index.php?rest_route=\/wp\/v2\/posts\/2081599","targetHints":{"allow":["GET"]}}],"collection":[{"href":"https:\/\/analyse.optim.biz\/index.php?rest_route=\/wp\/v2\/posts"}],"about":[{"href":"https:\/\/analyse.optim.biz\/index.php?rest_route=\/wp\/v2\/types\/post"}],"author":[{"embeddable":true,"href":"https:\/\/analyse.optim.biz\/index.php?rest_route=\/wp\/v2\/users\/1"}],"replies":[{"embeddable":true,"href":"https:\/\/analyse.optim.biz\/index.php?rest_route=%2Fwp%2Fv2%2Fcomments&post=2081599"}],"version-history":[{"count":0,"href":"https:\/\/analyse.optim.biz\/index.php?rest_route=\/wp\/v2\/posts\/2081599\/revisions"}],"wp:attachment":[{"href":"https:\/\/analyse.optim.biz\/index.php?rest_route=%2Fwp%2Fv2%2Fmedia&parent=2081599"}],"wp:term":[{"taxonomy":"category","embeddable":true,"href":"https:\/\/analyse.optim.biz\/index.php?rest_route=%2Fwp%2Fv2%2Fcategories&post=2081599"},{"taxonomy":"post_tag","embeddable":true,"href":"https:\/\/analyse.optim.biz\/index.php?rest_route=%2Fwp%2Fv2%2Ftags&post=2081599"}],"curies":[{"name":"wp","href":"https:\/\/api.w.org\/{rel}","templated":true}]}}