{"id":2081593,"date":"2026-08-06T09:26:39","date_gmt":"2026-08-06T06:26:39","guid":{"rendered":"https:\/\/analyse.optim.biz\/?p=2081593"},"modified":"2026-08-06T09:26:39","modified_gmt":"2026-08-06T06:26:39","slug":"timisoara-traseele-liniilor-15-16-si-expres-3-se-modifica-in-perioada-10-si-13-august","status":"publish","type":"post","link":"https:\/\/analyse.optim.biz\/?p=2081593","title":{"rendered":"Timi\u0219oara: Traseele liniilor 15, 16 \u0219i Expres 3 se modific\u0103 \u00een perioada 10 \u0219i 13 august"},"content":{"rendered":"<p>[analyse_image type=&#8221;featured&#8221; src=&#8221;http:\/\/www.banatulmeu.ro\/wp-content\/uploads\/2022\/08\/stpt-troleibuz-e1661767251996.jpg&#8221;]<\/p>\n<div class=\"post-content-bd\">\n<p>Societatea de Transport Public Timi\u0219oara (STPT) anun\u021b\u0103 modific\u0103ri temporare \u00een circula\u021bia liniilor de firobuz 15 \u0219i 16, precum \u0219i a liniei de autobuz Expres 3, \u00een perioada 10 \u2013 13 august, ca urmare a \u00eenchiderii traficului rutier pe Calea Martirilor, pe tronsonul cuprins \u00eentre bulevardul Liviu Rebreanu \u0219i strada Dr. Ioan Mure\u0219an. Restric\u021biile sunt impuse pentru executarea unor lucr\u0103ri la carosabil.<span class=\"Apple-converted-space\">\u00a0<\/span><\/p>\n<p>Pe durata lucr\u0103rilor, mijloacele de transport vor circula dup\u0103 urm\u0103toarele trasee:<\/p>\n<p><strong>Linia de firobuz 15<\/strong><\/p>\n<ul>\n<li><strong>Traseu tur:<\/strong> Gira\u021bia Bulevardul Sudului \u2013 Traian Groz\u0103vescu (Po\u0219ta Mare), pe traseul obi\u0219nuit.<\/li>\n<li><strong>Traseu retur:<\/strong> Traian Groz\u0103vescu (Po\u0219ta Mare) \u2013 Parcul Copiilor \u2013 Complexul Studen\u021besc (Ion Vidu) \u2013 strada Cluj (Arie\u0219) \u2013 Spitalul Jude\u021bean (Casa Austria) \u2013 bulevardul Sudului \u2013 Parc Bulevardul Sudului \u2013 Gira\u021bia Bulevardul Sudului.<span class=\"Apple-converted-space\">\u00a0<\/span><\/li>\n<\/ul>\n<p><strong>Linia de firobuz 16<\/strong><\/p>\n<ul>\n<li><strong>Traseu tur:<\/strong> Gira\u021bia Bulevardul Sudului \u2013 Parc Bulevardul Sudului \u2013 bulevardul Sudului \u2013 Spitalul Jude\u021bean (Arie\u0219), apoi continu\u0103 pe traseul obi\u0219nuit.<\/li>\n<li><strong>Traseu retur:<\/strong> Traian Groz\u0103vescu (Po\u0219ta Mare) \u2013 Gira\u021bia Bulevardul Sudului, pe traseul obi\u0219nuit.<span class=\"Apple-converted-space\">\u00a0<\/span><\/li>\n<\/ul>\n<p><strong>Linia de autobuz Expres 3<\/strong><\/p>\n<ul>\n<li><strong>Traseu tur:<\/strong> Apicultorilor \u2013 Mure\u0219 (Calea Martirilor) \u2013 Mare\u0219al C. Prezan \u2013 Gira\u021bia Bulevardul Sudului \u2013 bulevardul Sudului \u2013 Parc Bulevardul Sudului \u2013 bulevardul Sudului (Liviu Rebreanu) \u2013 Spitalul Jude\u021bean (Arie\u0219) \u2013 Casa Tineretului, apoi continu\u0103 pe traseul obi\u0219nuit.<\/li>\n<li><strong>Traseu retur:<\/strong> traseul normal p\u00e2n\u0103 la strada Cluj (Arie\u0219), apoi deviaz\u0103 prin Spitalul Jude\u021bean (Casa Austria) \u2013 bulevardul Sudului \u2013 Parc Bulevardul Sudului \u2013 Gira\u021bia Bulevardul Sudului \u2013 Mure\u0219 (Calea Martirilor) \u2013 Apicultorilor.<span class=\"Apple-converted-space\">\u00a0<\/span><\/li>\n<\/ul>\n<\/div>\n<p>[analyse_source url=&#8221;https:\/\/www.banatulmeu.ro\/timisoara-traseele-liniilor-15-16-si-expres-3-se-modifica-in-perioada-10-si-13-august\/&#8221;]<\/p>\n","protected":false},"excerpt":{"rendered":"<p>[analyse_image type=&#8221;featured&#8221; src=&#8221;http:\/\/www.banatulmeu.ro\/wp-content\/uploads\/2022\/08\/stpt-troleibuz-e1661767251996.jpg&#8221;] Societatea de Transport Public Timi\u0219oara (STPT) anun\u021b\u0103 modific\u0103ri temporare \u00een circula\u021bia liniilor de firobuz 15 \u0219i 16, precum \u0219i a liniei de autobuz Expres 3, \u00een perioada 10 \u2013 13 august, ca urmare a \u00eenchiderii traficului rutier pe Calea Martirilor, pe tronsonul cuprins \u00eentre bulevardul Liviu Rebreanu \u0219i strada Dr. Ioan Mure\u0219an. [&hellip;]<\/p>\n","protected":false},"author":1,"featured_media":0,"comment_status":"open","ping_status":"","sticky":false,"template":"","format":"standard","meta":{"footnotes":""},"categories":[89],"tags":[204,226],"class_list":["post-2081593","post","type-post","status-publish","format-standard","hentry","category-romania","tag-banatulmeu-ro","tag-crawlmanager"],"_links":{"self":[{"href":"https:\/\/analyse.optim.biz\/index.php?rest_route=\/wp\/v2\/posts\/2081593","targetHints":{"allow":["GET"]}}],"collection":[{"href":"https:\/\/analyse.optim.biz\/index.php?rest_route=\/wp\/v2\/posts"}],"about":[{"href":"https:\/\/analyse.optim.biz\/index.php?rest_route=\/wp\/v2\/types\/post"}],"author":[{"embeddable":true,"href":"https:\/\/analyse.optim.biz\/index.php?rest_route=\/wp\/v2\/users\/1"}],"replies":[{"embeddable":true,"href":"https:\/\/analyse.optim.biz\/index.php?rest_route=%2Fwp%2Fv2%2Fcomments&post=2081593"}],"version-history":[{"count":0,"href":"https:\/\/analyse.optim.biz\/index.php?rest_route=\/wp\/v2\/posts\/2081593\/revisions"}],"wp:attachment":[{"href":"https:\/\/analyse.optim.biz\/index.php?rest_route=%2Fwp%2Fv2%2Fmedia&parent=2081593"}],"wp:term":[{"taxonomy":"category","embeddable":true,"href":"https:\/\/analyse.optim.biz\/index.php?rest_route=%2Fwp%2Fv2%2Fcategories&post=2081593"},{"taxonomy":"post_tag","embeddable":true,"href":"https:\/\/analyse.optim.biz\/index.php?rest_route=%2Fwp%2Fv2%2Ftags&post=2081593"}],"curies":[{"name":"wp","href":"https:\/\/api.w.org\/{rel}","templated":true}]}}