{"id":2081585,"date":"2026-08-06T06:51:40","date_gmt":"2026-08-06T03:51:40","guid":{"rendered":"https:\/\/analyse.optim.biz\/?p=2081585"},"modified":"2026-08-06T06:51:40","modified_gmt":"2026-08-06T03:51:40","slug":"timis-accident-intre-o-motocicleta-si-un-autoturism-la-iesirea-din-margina-doua-persoane-au-fost-ranite","status":"publish","type":"post","link":"https:\/\/analyse.optim.biz\/?p=2081585","title":{"rendered":"Timi\u0219: Accident \u00eentre o motociclet\u0103 \u0219i un autoturism la ie\u0219irea din Margina. Dou\u0103 persoane au fost r\u0103nite"},"content":{"rendered":"<p>[analyse_image type=&#8221;featured&#8221; src=&#8221;http:\/\/www.banatulmeu.ro\/wp-content\/uploads\/2026\/08\/a1dfedca-2f86-496c-a3c9-e284d5e86b40-e1785998848612.jpeg&#8221;]<\/p>\n<div class=\"post-content-bd\">\n<p>Dou\u0103 persoane au fost r\u0103nite, joi diminea\u021b\u0103, \u00een urma unui accident rutier produs pe DN 68A, la ie\u0219irea din localitatea Margina. \u00cen eveniment au fost implicate o ma\u0219in\u0103 \u0219i o motociclet\u0103.<\/p>\n<p>Accidentul s-a produs \u00een jurul orei 08:10, iar la fa\u021ba locului au intervenit pompierii din cadrul Sta\u021biei F\u0103get cu o autospecial\u0103 de stingere dotat\u0103 cu modul de descarcerare \u0219i un echipaj SMURD, precum \u0219i o ambulan\u021b\u0103 SAJ.<\/p>\n<p>Din primele cercet\u0103ri efectuate de poli\u021bi\u0219ti a reie\u0219it c\u0103 un b\u0103rbat de 55 de ani conducea o motociclet\u0103 pe DN 68A, dinspre Margina spre Co\u0219ava, iar la un moment dat, acesta a intrat \u00een coliziune fa\u021b\u0103-spate cu o ma\u0219in\u0103 care circula \u00een fa\u021ba sa, condus\u0103 de un b\u0103rbat de 33 de ani.<\/p>\n<p>\u00cen urma impactului, motociclistul \u0219i pasagera sa, o femeie \u00een v\u00e2rst\u0103 de 39 de ani, au suferit r\u0103ni \u0219i au fost transporta\u021bi la spital pentru acordarea \u00eengrijirilor medicale.<\/p>\n<p>Poli\u021bi\u0219tii au deschis un dosar penal \u0219i continu\u0103 cercet\u0103rile sub aspectul s\u0103v\u00e2r\u0219irii infrac\u021biunii de v\u0103t\u0103mare corporal\u0103 din culp\u0103.<\/p>\n<\/div>\n<p>[analyse_source url=&#8221;https:\/\/www.banatulmeu.ro\/timis-accident-intre-o-motocicleta-si-un-autoturism-la-iesirea-din-margina-doua-persoane-au-fost-ranite\/&#8221;]<\/p>\n","protected":false},"excerpt":{"rendered":"<p>[analyse_image type=&#8221;featured&#8221; src=&#8221;http:\/\/www.banatulmeu.ro\/wp-content\/uploads\/2026\/08\/a1dfedca-2f86-496c-a3c9-e284d5e86b40-e1785998848612.jpeg&#8221;] Dou\u0103 persoane au fost r\u0103nite, joi diminea\u021b\u0103, \u00een urma unui accident rutier produs pe DN 68A, la ie\u0219irea din localitatea Margina. \u00cen eveniment au fost implicate o ma\u0219in\u0103 \u0219i o motociclet\u0103. Accidentul s-a produs \u00een jurul orei 08:10, iar la fa\u021ba locului au intervenit pompierii din cadrul Sta\u021biei F\u0103get cu o autospecial\u0103 [&hellip;]<\/p>\n","protected":false},"author":1,"featured_media":0,"comment_status":"open","ping_status":"","sticky":false,"template":"","format":"standard","meta":{"footnotes":""},"categories":[89],"tags":[204,226],"class_list":["post-2081585","post","type-post","status-publish","format-standard","hentry","category-romania","tag-banatulmeu-ro","tag-crawlmanager"],"_links":{"self":[{"href":"https:\/\/analyse.optim.biz\/index.php?rest_route=\/wp\/v2\/posts\/2081585","targetHints":{"allow":["GET"]}}],"collection":[{"href":"https:\/\/analyse.optim.biz\/index.php?rest_route=\/wp\/v2\/posts"}],"about":[{"href":"https:\/\/analyse.optim.biz\/index.php?rest_route=\/wp\/v2\/types\/post"}],"author":[{"embeddable":true,"href":"https:\/\/analyse.optim.biz\/index.php?rest_route=\/wp\/v2\/users\/1"}],"replies":[{"embeddable":true,"href":"https:\/\/analyse.optim.biz\/index.php?rest_route=%2Fwp%2Fv2%2Fcomments&post=2081585"}],"version-history":[{"count":0,"href":"https:\/\/analyse.optim.biz\/index.php?rest_route=\/wp\/v2\/posts\/2081585\/revisions"}],"wp:attachment":[{"href":"https:\/\/analyse.optim.biz\/index.php?rest_route=%2Fwp%2Fv2%2Fmedia&parent=2081585"}],"wp:term":[{"taxonomy":"category","embeddable":true,"href":"https:\/\/analyse.optim.biz\/index.php?rest_route=%2Fwp%2Fv2%2Fcategories&post=2081585"},{"taxonomy":"post_tag","embeddable":true,"href":"https:\/\/analyse.optim.biz\/index.php?rest_route=%2Fwp%2Fv2%2Ftags&post=2081585"}],"curies":[{"name":"wp","href":"https:\/\/api.w.org\/{rel}","templated":true}]}}