{"id":2081580,"date":"2026-08-04T13:21:12","date_gmt":"2026-08-04T10:21:12","guid":{"rendered":"https:\/\/analyse.optim.biz\/?p=2081580"},"modified":"2026-08-04T13:21:12","modified_gmt":"2026-08-04T10:21:12","slug":"dominic-fritz-dupa-ce-salariul-i-a-fost-taiat-cu-10-iau-act-de-aceasta-sanctiune-cu-capul-sus","status":"publish","type":"post","link":"https:\/\/analyse.optim.biz\/?p=2081580","title":{"rendered":"Dominic Fritz, dupa ce salariul i-a fost taiat cu 10%: Iau act de aceasta sanctiune cu capul sus"},"content":{"rendered":"<p>[analyse_image type=&#8221;featured&#8221; src=&#8221;http:\/\/www.banatulmeu.ro\/wp-content\/uploads\/2026\/08\/dominic-fritz1-e1785853024317.jpg&#8221;]<\/p>\n<div class=\"post-content-bd\">\n<p>Dominic Fritz a reac\u0163ionat dup\u0103 ce prefectul de Timi\u015f a anun\u0163at, mar\u0163i, c\u0103 salariul \u00eei va fi diminuat cu 10% timp de \u015fase luni, dup\u0103 ce a pierdut definitiv procesul cu ANI, care l-a declarat \u00een conflict de interese.<\/p>\n<p><em>\u201dStai \u00een banca ta, sunt oameni mai mari ca tine la Bucure\u0219ti\u201d e cea mai celebr\u0103 amenin\u021bare pe care am primit-o ca primar (c\u00e2nd am demolat gardul ilegal la str. Cezar). Au mai fost multe altele, mai mult sau mai pu\u021bin voalate, prin ter\u021bi sau directe. Azi am primit sanc\u021biunea oficial\u0103 pentru \u201dconflictul de interese\u201d din 2020 constatat de ANI. Prefectura Timi\u0219 a emis ordinul prin care mi se taie 10% din salariu pentru urm\u0103toarele 6 luni. A\u0219a spune legea. Iau act de aceast\u0103 sanc\u021biune cu capul sus. Dreptul \u0219i dreptatea nu sunt \u00eentotdeauna acela\u0219i lucru. Fapta imputat\u0103 este c\u0103 am supus la vot \u00een Consiliul Local un PUZ care a fost elaborat \u00een \u00eentregime \u00eenainte s\u0103 ajung primar. Dac\u0103 nu m-ar fi pus, cu nume \u0219i prenume, pe lista neagr\u0103 a du\u0219manilor justi\u021biei (apropo de amenin\u021b\u0103ri), poate a\u0219 fi putut s\u0103 cred c\u0103 am avut parte de un proces echitabil, dincolo de o mul\u021bime de ciud\u0103\u021benii procedurale. Dar prea evident\u0103 a devenit campania dus\u0103 de PSD, care controleaz\u0103 ANI \u0219i o parte din justi\u021bie, \u00eempotriva votului timi\u0219orenilor pentru primar. Au min\u021bit s\u0103pt\u0103m\u00e2ni \u00eentregi c\u0103 sanc\u021biunea prev\u0103zut\u0103 de lege pentru cazul meu ar fi \u00eencetarea mandatului, de\u0219i \u00een 2023 prefectul PSD de Timi\u0219 l-a sanc\u021bionat pe primarul PSD din Reca\u0219 g\u0103sit \u00een conflict de interese exact cu diminuarea indemniza\u021biei pe care am primit-o \u0219i eu azi\u201d<\/em>, a afirmat Dominic Fritz.<\/p>\n<p>Primarul Timi\u015foarei a vorbit \u015fi despre faptul c\u0103 PSD a reintrodus \u00een Parlament un amendament \u00een Legea Integrit\u0103\u021bi care l-ar putea viza.<\/p>\n<p><em>\u201cAcum vor s\u0103 schimbe legea \u0219i s\u0103 introduc\u0103 sanc\u021biunea despre care au min\u021bit c\u0103 ar exista deja. Vor s\u0103 le transmit\u0103 timi\u0219orenilor c\u0103 degeaba au votat. Amenin\u021barea nu mi se mai adreseaz\u0103 mie. <\/em><em>Amenin\u021barea, nevoalat\u0103, se adreseaz\u0103 tuturor cet\u0103\u021benilor care nu apleac\u0103 capul: Dac\u0103 PSD \u00ee\u0219i dore\u0219te, \u00eempreun\u0103 cu AUR, poate s\u0103 \u00eenceteze mandatul primarului chiar \u00een ora\u0219ul libert\u0103\u021bii. De\u0219i e v\u0103dit neconstitu\u021bional (Art. 15: \u201dLegea dispune numai pentru viitor\u201d). Mesajul lor e clar. Clar s\u0103 fie \u0219i al meu: Nu voi ceda. Nu voi abandona nici Timi\u0219oara, nici lupta pentru o Rom\u00e2nie dreapt\u0103. Nu duc lupta asta pentru mine, ci pentru cei care \u0219i-au pus \u00eencrederea \u0219i speran\u021ba \u00een schimb\u0103rile pe care reu\u0219im s\u0103 le facem \u00een Timi\u0219oara \u0219i \u00een \u021bar\u0103. \u0218i \u0219tiu al\u0103turi de mine mii \u0219i mii de timi\u0219oreni, de colegi din USR \u0219i nu numai, de cet\u0103\u021beni simpli care s-au s\u0103turat de pr\u0103darea \u021b\u0103rii \u0219i de lupul PSD care ne explic\u0103 cum e paznic la oi. V\u0103 mul\u021bumesc pentru \u00eencuraj\u0103ri \u0219i sus\u021binere. V\u0103 promit c\u0103 vom c\u00e2\u0219tiga aceast\u0103 lupt\u0103, indiferent c\u00e2t de jos vor cobor\u00ee<\/em>\u201c, a declarat Dominic Fritz.<\/p>\n<\/div>\n<p>[analyse_source url=&#8221;https:\/\/www.banatulmeu.ro\/dominic-fritz-dupa-ce-salariul-i-a-fost-taiat-cu-10-iau-act-de-aceasta-sanctiune-cu-capul-sus\/&#8221;]<\/p>\n","protected":false},"excerpt":{"rendered":"<p>[analyse_image type=&#8221;featured&#8221; src=&#8221;http:\/\/www.banatulmeu.ro\/wp-content\/uploads\/2026\/08\/dominic-fritz1-e1785853024317.jpg&#8221;] Dominic Fritz a reac\u0163ionat dup\u0103 ce prefectul de Timi\u015f a anun\u0163at, mar\u0163i, c\u0103 salariul \u00eei va fi diminuat cu 10% timp de \u015fase luni, dup\u0103 ce a pierdut definitiv procesul cu ANI, care l-a declarat \u00een conflict de interese. \u201dStai \u00een banca ta, sunt oameni mai mari ca tine la Bucure\u0219ti\u201d e [&hellip;]<\/p>\n","protected":false},"author":1,"featured_media":0,"comment_status":"open","ping_status":"","sticky":false,"template":"","format":"standard","meta":{"footnotes":""},"categories":[89],"tags":[204,226],"class_list":["post-2081580","post","type-post","status-publish","format-standard","hentry","category-romania","tag-banatulmeu-ro","tag-crawlmanager"],"_links":{"self":[{"href":"https:\/\/analyse.optim.biz\/index.php?rest_route=\/wp\/v2\/posts\/2081580","targetHints":{"allow":["GET"]}}],"collection":[{"href":"https:\/\/analyse.optim.biz\/index.php?rest_route=\/wp\/v2\/posts"}],"about":[{"href":"https:\/\/analyse.optim.biz\/index.php?rest_route=\/wp\/v2\/types\/post"}],"author":[{"embeddable":true,"href":"https:\/\/analyse.optim.biz\/index.php?rest_route=\/wp\/v2\/users\/1"}],"replies":[{"embeddable":true,"href":"https:\/\/analyse.optim.biz\/index.php?rest_route=%2Fwp%2Fv2%2Fcomments&post=2081580"}],"version-history":[{"count":0,"href":"https:\/\/analyse.optim.biz\/index.php?rest_route=\/wp\/v2\/posts\/2081580\/revisions"}],"wp:attachment":[{"href":"https:\/\/analyse.optim.biz\/index.php?rest_route=%2Fwp%2Fv2%2Fmedia&parent=2081580"}],"wp:term":[{"taxonomy":"category","embeddable":true,"href":"https:\/\/analyse.optim.biz\/index.php?rest_route=%2Fwp%2Fv2%2Fcategories&post=2081580"},{"taxonomy":"post_tag","embeddable":true,"href":"https:\/\/analyse.optim.biz\/index.php?rest_route=%2Fwp%2Fv2%2Ftags&post=2081580"}],"curies":[{"name":"wp","href":"https:\/\/api.w.org\/{rel}","templated":true}]}}