{"id":2081573,"date":"2026-08-06T19:30:30","date_gmt":"2026-08-06T16:30:30","guid":{"rendered":"https:\/\/analyse.optim.biz\/?p=2081573"},"modified":"2026-08-06T19:30:30","modified_gmt":"2026-08-06T16:30:30","slug":"calendarul-zilei-7-august-sf-teodora-de-la-sihla","status":"publish","type":"post","link":"https:\/\/analyse.optim.biz\/?p=2081573","title":{"rendered":"Calendarul zilei 7 august: Sf. Teodora de la Sihla"},"content":{"rendered":"<p>[analyse_image type=&#8221;featured&#8221; src=&#8221;https:\/\/r3media.ro\/wp-content\/uploads\/2021\/08\/Sfanta-Teodora-de-la-Sihla-e1628286322477.jpghttps:\/\/r3media.ro\/wp-content\/uploads\/2021\/08\/Sfanta-Teodora-de-la-Sihla-e1628286322477.jpg&#8221;]<\/p>\n<article id=\"template-id-10782\" class=\"post-10782 tdb_templates type-tdb_templates status-publish post\">\n<div id=\"tdi_2\" class=\"tdc-zone\">\n<div class=\"tdc_zone tdi_3  wpb_row td-pb-row\">\n<div id=\"tdi_4\" class=\"tdc-row\">\n<div class=\"vc_row tdi_5  wpb_row td-pb-row\">\n<div class=\"vc_column tdi_7  wpb_column vc_column_container tdc-column td-pb-span8\">\n<div class=\"wpb_wrapper\">\n<div class=\"td_block_wrap tdb_breadcrumbs tdi_8 td-pb-border-top td_block_template_1 tdb-breadcrumbs \" data-td-block-uid=\"tdi_8\">\n<div class=\"tdb-block-inner td-fix-index\"><span><a title=\"Vede\u021bi toate articolele \u00een PRIM PLAN\" class=\"tdb-entry-crumb\" href=\"https:\/\/r3media.ro\/category\/stiri-prim-plan\/\">PRIM PLAN<\/a><\/span><span class=\"tdb-bred-no-url-last\">Calendarul zilei 7 august: Sf. Teodora de la Sihla<\/span><\/div>\n<\/div>\n<div class=\"td_block_wrap tdb_single_categories tdi_9 td-pb-border-top td_block_template_1 \" data-td-block-uid=\"tdi_9\">\n<div class=\"tdb-category td-fix-index\"><a class=\"tdb-entry-category\" href=\"https:\/\/r3media.ro\/category\/stiri-prim-plan\/\">PRIM PLAN<\/a><a class=\"tdb-entry-category\" href=\"https:\/\/r3media.ro\/category\/stiri\/\">\u0218TIRI<\/a><\/div>\n<\/div>\n<div class=\"td_block_wrap tdb_title tdi_10 tdb-single-title td-pb-border-top td_block_template_1\" data-td-block-uid=\"tdi_10\">\n<div class=\"tdb-block-inner td-fix-index\">\n<h1 class=\"tdb-title-text\">Calendarul zilei 7 august: Sf. Teodora de la Sihla<\/h1>\n<\/div>\n<\/div>\n<div class=\"vc_row_inner tdi_12  vc_row vc_inner wpb_row td-pb-row\">\n<div class=\"vc_column_inner tdi_14  wpb_column vc_column_container tdc-inner-column td-pb-span12\">\n<div class=\"vc_column-inner\">\n<div class=\"wpb_wrapper\">\n<div class=\"td_block_wrap tdb_single_author tdi_15 td-pb-border-top td_block_template_1 tdb-post-meta\" data-td-block-uid=\"tdi_15\">\n<div class=\"tdb-block-inner td-fix-index\">\n<div class=\"tdb-author-name-wrap\"><a class=\"tdb-author-name\" href=\"https:\/\/r3media.ro\/author\/redactia\/\">Redac\u021bia<\/a><\/div>\n<\/div>\n<\/div>\n<div class=\"td_block_wrap tdb_single_date tdi_16 td-pb-border-top td_block_template_1 tdb-post-meta\" data-td-block-uid=\"tdi_16\">\n<div class=\"tdb-block-inner td-fix-index\"><time class=\"entry-date updated td-module-date\" datetime=\"2026-08-06T22:30:30+03:00\">06\/08\/2026<\/time><\/div>\n<\/div>\n<\/div>\n<\/div>\n<\/div>\n<\/div>\n<div class=\"td_block_wrap tdb_single_content tdi_18 td-pb-border-top r3-post-content-v td_block_template_1 td-post-content tagdiv-type\" data-td-block-uid=\"tdi_18\">\n<div class=\"tdb-block-inner td-fix-index\">\n<p><strong>\u00cen calendarul ortodox, pe data de 7 august o pr\u0103znuim pe Sf\u00e2nta Teodora de la Sihla. Cuvioasa Teodora este singura rom\u00e2nc\u0103 trecut\u0103 \u00een r\u00e2ndul sfin\u0163ilor. A fost fiica lui \u015etefan Joldea, arma\u015f, un fel de comandant de artilerie la Cetatea Neam\u0163ului. \u015etefan Joldea a tr\u0103it \u00een comun\u0103 V\u00e2n\u0103tori-Neam\u0163 \u015fi a avut dou\u0103 fiice pe Marghita (Marghiolita) \u015fi pe Teodora.<\/strong><\/p>\n<p>Sf\u00e2nta Teodora se c\u0103s\u0103tore\u0219te cu Elefterie, \u00eens\u0103 nu dup\u0103 mult timp cei doi vor intra \u00een cinul monahal. Teodora a intrat la Schitul V\u0103rz\u0103re\u015fti-Vrancea, iar so\u0163ul ei, la Schitul Poiana M\u0103rului.<\/p>\n<p>Cuvioasa Teodora ajunge ucenica egumenei m\u0103n\u0103stirii, schimonahia Paisia.<\/p>\n<p>Din cauza turcilor, egumena se retrage \u00een Mun\u0163ii Buz\u0103ului \u00eempreun\u0103 cu Sf\u00e2nta Teodora \u015fi cu c\u00e2teva maici. Dup\u0103 zece ani de nevoin\u0163\u0103 \u00een Mun\u0163ii Buz\u0103ului, ajunge \u00een Mun\u0163ii Neam\u0163ului.<\/p>\n<p>Cuv\u00e2ntul \u201cSihla\u201d \u00eenseamn\u0103 p\u0103dure deas\u0103 de copaci tineri Ieroschimonahul Pavel, duhovnicul Sih\u0103striei, a dus-o pe fericita Teodora \u00een p\u0103r\u0163ile Sihlei, unde se afla un bordei p\u0103r\u0103sit. Acolo a r\u0103mas singur\u0103, numai cu Hristos, \u015fi a petrecut mul\u0163i ani \u00een cea mai aspr\u0103 nevoin\u0163\u0103 pustniceasc\u0103. Era la sf\u00e2r\u015fitul secolului al XVII-lea.<\/p>\n<p>Schitul Sihla \u00eenc\u0103 nu luase fiin\u0163\u0103. \u00cens\u0103 p\u0103durile din \u00eemprejurimi ad\u0103posteau numero\u015fi pustnici.<\/p>\n<p>Dup\u0103 un timp, Cuvioasa Teodora se mut\u0103 din chilie \u00een pe\u015ftera de al\u0103turi, unde r\u0103m\u00e2ne p\u00e2n\u0103 la moarte, ostenindu-se \u00een post \u015fi rug\u0103ciune, pentru ea \u015fi pentru toat\u0103 lumea. Pu\u0163ina hran\u0103 \u015fi-o procura fie din fructele ce i le oferea p\u0103durea, fie mai ales dintr-un fel de ieder\u0103, ce cre\u015fte p\u00e2n\u0103 azi pe st\u00e2ncile Sihlei, numit\u0103 \u201ciarb\u0103 dulce\u201d sau \u201cm\u0103cri\u015ful Sfintei Teodora\u201d. Sf\u00e2nta Teodora de la Sihla \u2013 supranumit\u0103 \u0219i \u201cFloare duhovniceasc\u0103 a Moldovei\u201d\/<\/p>\n<p>Dup\u0103 ce \u0219i-a m\u0103rturisti p\u0103catele \u0219i a fost \u00eemp\u0103rt\u0103\u0219it\u0103 cu Sfintele Taine, Sf\u00e2nta Teodora a rostit ultimele sale cuvinte: \u201cSlav\u0103 \u021aie, Doamne, pentru toate\u201d \u0219i \u0219i-a dat duhul.<\/p>\n<p><strong>Sinodul Bisericii Ortodoxe Rom\u00e2ne a stabilit ca zi de pr\u0103znuire pentru Sf\u00e2nta Teodora de la Sihla data de 7 august<\/strong><\/p>\n<p>Mai t\u00e2rziu, dup\u0103 mul\u021bi ani, ieromonahul Elefterie s-a retras la M\u0103n\u0103stirea Secu \u0219i mai apoi la Sihla, pentru a fi c\u00e2t mai aproape de aceea care i-a fost so\u021bie.<\/p>\n<p>A tr\u0103it sub st\u00e2ncile Sihlei, iar c\u00e2nd acesta a decedat, a fost \u00eengropat \u00een poiana unde se afl\u0103 acum schitul. Trupul Sfintei Teodora a r\u0103mas t\u0103inuit \u00een pe\u0219ter\u0103 p\u00e2n\u0103 dup\u0103 anul 1830, atunci c\u00e2nd familia domnitorului Mihail Sturza a re\u00eennoit Schitul Sihla \u0219i a a\u0219ezat moa\u0219tele ei \u00een racla de pre\u021b, pe care le-a depus \u00een biserica schitului.<\/p>\n<p>Ulterior, atunci c\u00e2nd s-a zidit o biseric\u0103 nou\u0103 la mo\u0219ia familiei din satul Miclau\u0219eni, Ia\u0219i, moa\u0219tele au fost duse aici \u0219i mult\u0103 lume venea s\u0103 se \u00eenchine sfintei. Pe 20 iunie 1992, Sinodul Bisericii Ortodoxe Rom\u00e2ne a recunoscut \u0219i a proclamat sfin\u021benia Cuvioasei Teodora de la Sihla, stabilindu-se ca zi de pr\u0103znuire data de 7 august.<\/p>\n<h2><strong> Rug\u0103ciune c\u0103tre Sf\u00e2nta Cuvioas\u0103 Teodora de la Sihla<\/strong><\/h2>\n<p>\u201cO, Prea Cuvioas\u0103 Maic\u0103 Teodora, care din copil\u0103rie pe Hristos L-ai iubit \u0219i pentru dragostea Lui \u00een toat\u0103 via\u021ba ta te-ai nevoit; multe nevoin\u021be \u0219i ispite ai suferit \u0219i \u00een via\u021ba cea pustniceasc\u0103, cu darul lui Dum\u00adnezeu, ai sporit. Cu mul\u021bimea \u00eenfr\u00e2n\u0103rii \u0219i a lacrimilor celor duhovnice\u0219ti, sufletul t\u0103u l-ai luminat \u0219i \u00een singur\u0103tatea pustiei cu ispr\u0103vile faptelor tale celor bune ai str\u0103lucit. Pustia Sihlei cu via\u021ba ta o ai sfin\u021bit \u0219i pild\u0103 siha\u0219trilor te-ai f\u0103cut. Iar Prea Bunul Dumnezeu, la vremea cuvenit\u0103, sfin\u021benia vie\u021bii tale a des\u00adcoperit-o \u0219i ca pe o comoar\u0103 ascuns\u0103 lumii te-a ar\u0103tat. De aceea, \u0219i noi nevrednicii, cu evlavie \u0219i cu credin\u021b\u0103, cerem sfintele tale rug\u0103ciuni \u0219i te chem\u0103m: roag\u0103-te Prea \u00cenduratului nostru M\u00e2ntuitor ca \u0219i noi, p\u0103c\u0103to\u0219ii, \u00een vremea vie\u021bii noastre \u0219i \u00een vremea sf\u00e2r\u0219itului nostru s\u0103 do\u00adb\u00e2ndim mila \u0219i m\u00e2ntuirea Lui, spre a sl\u0103vi \u0219i a ne \u00eenchina \u00een veacul de acum \u0219i \u00een cel viitor Tat\u0103lui \u0219i Fiului \u0219i Sf\u00e2ntului Duh, \u00een vecii vecilor. Amin!\u201d<\/p>\n<div class=\"crp_related     crp-masonry\">\n<h2>\u00ceN CONTEXT<\/h2>\n<ul>\n<li><a href=\"https:\/\/r3media.ro\/calendarul-zilei-11-septembrie-sf-cuv-teodora-din-alexandria-sf-cuv-eufrosin-bucatarul\/\" class=\"crp_link post-81074\"><span class=\"crp_title\">Calendarul zilei 11 septembrie: Sf. Cuv. Teodora din Alexandria; Sf. Cuv. Eufrosin buc\u0103tarul<\/span><\/a><\/li>\n<li><a href=\"https:\/\/r3media.ro\/calendarul-zilei-7-ianuarie-sfantul-ioan-botezatorul-craciunul-pe-calendarul-vechi\/\" class=\"crp_link post-10400\"><span class=\"crp_title\">Calendarul zilei 7 ianuarie: Sf\u00e2ntul Ioan Botez\u0103torul. Cr\u0103ciunul pe calendarul vechi<\/span><\/a><\/li>\n<li><a href=\"https:\/\/r3media.ro\/calendarul-zilei-8-august-1917-incepe-marea-batalie-de-la-oituz-din-primul-razboi-mondial\/\" class=\"crp_link post-25646\"><span class=\"crp_title\">Calendarul zilei | 8 august 1917: \u00cencepe marea b\u0103t\u0103lie de la Oituz, din Primul R\u0103zboi Mondial<\/span><\/a><\/li>\n<li><a href=\"https:\/\/r3media.ro\/vasile-banescu-ironie-crezul-ortodox\/\" class=\"crp_link post-116747\"><span class=\"crp_title\">Vasile B\u0103nescu ironizeaz\u0103 Crezul Ortodox: Staboricesc<\/span><\/a><\/li>\n<li><a href=\"https:\/\/r3media.ro\/calendarul-zilei-4-aprilie-1944-cea-mai-neagra-zi-a-capitalei-2942-de-bucuresteni-ucisi-de-bombardamentele-americane-aviatorii-care-au-adus-moartea-au-monumente-romanii\/\" class=\"crp_link post-17571\"><span class=\"crp_title\">Calendarul zilei | 4 aprilie 1944, cea mai neagr\u0103 zi a Capitalei: 2942 de bucure\u0219teni uci\u0219i\u2026<\/span><\/a><\/li>\n<li><a href=\"https:\/\/r3media.ro\/calendarul-zilei-20-august-51-de-ani-de-la-moartea-teologului-si-poetului-nichifor-crainic\/\" class=\"crp_link post-52604\"><span class=\"crp_title\">Calendarul zilei 20 august: 53 de ani de la moartea teologului \u0219i poetului Nichifor Crainic<\/span><\/a><\/li>\n<li><a href=\"https:\/\/r3media.ro\/calendarul-zilei-23-august-1944-romania-iese-din-alianta-cu-germania-nazista-maresalul-antonescu-este-arestat-23-august-1939-semnarea-pactului-ribbentrop-molotov\/\" class=\"crp_link post-26515\"><span class=\"crp_title\">Calendarul zilei: 23 august 1944, Rom\u00e2nia iese din alian\u021ba cu Germania nazist\u0103. Mare\u0219alul\u2026<\/span><\/a><\/li>\n<li><a href=\"https:\/\/r3media.ro\/calendarul-zilei-29-august-taierea-capului-sf-ioan-botezatorul-post\/\" class=\"crp_link post-26932\"><span class=\"crp_title\">Calendarul zilei: 29 august, T\u0103ierea capului Sf. Ioan Botez\u0103torul (Post)<\/span><\/a><\/li>\n<\/ul>\n<\/div>\n<\/div>\n<\/div>\n<div class=\"td_block_wrap tdb_single_tags tdi_19 td-pb-border-top td_block_template_1\" data-td-block-uid=\"tdi_19\">\n<div class=\"tdb-block-inner td-fix-index\">\n<ul class=\"tdb-tags\">\n<li><span>SUBIECTE FIERBIN\u021aI<\/span><\/li>\n<li><a href=\"https:\/\/r3media.ro\/tag\/biserica-ortodoxa-romana-bor\/\">biserica ortodoxa romana (BOR)<\/a><\/li>\n<li><a href=\"https:\/\/r3media.ro\/tag\/calendar-ortodox\/\">calendar ortodox<\/a><\/li>\n<li><a href=\"https:\/\/r3media.ro\/tag\/calendarul-zilei\/\">calendarul zilei<\/a><\/li>\n<li><a href=\"https:\/\/r3media.ro\/tag\/calendarul-zilei-7-august\/\">calendarul zilei 7 august<\/a><\/li>\n<li><a href=\"https:\/\/r3media.ro\/tag\/sfinti-romani\/\">sfinti romani<\/a><\/li>\n<li><a href=\"https:\/\/r3media.ro\/tag\/teodora-de-la-sihla\/\">teodora de la sihla<\/a><\/li>\n<\/ul>\n<\/div>\n<\/div>\n<div class=\"td_block_wrap td_block_text_with_title tdi_20 tagdiv-type td-pb-border-top td_block_template_1\" data-td-block-uid=\"tdi_20\">\n<div class=\"td_mod_wrap td-fix-index\">\n<p>Dragi prieteni,<\/p>\n<p>dac\u0103 dori\u021bi o pres\u0103 independent\u0103, trebuie s-o sus\u021bine\u021bi. \u00cen Rom\u00e2nia, mediul economic este conectat la sistemul globalist \u0219i nu exist\u0103, precum \u00een Statele Unite sau alte \u021b\u0103ri, companii care s\u0103-\u0219i asume cauze conservatoare \u0219i\/sau na\u021bionale.<\/p>\n<p>Recenta criz\u0103 a ar\u0103tat c\u00e2t\u0103 nevoie exist\u0103 pentru o pres\u0103 independent\u0103, care s\u0103 nu depind\u0103 de subven\u021biile guvernamentale \u0219i de banii multina\u021bionalelor.<\/p>\n<p>Nimeni nu-mi \u201eediteaz\u0103\u201d ideile \u0219i materialele publicate. Sunt un <strong><span>om liber<\/span>.<\/strong> Dac\u0103 dore\u0219ti s\u0103 ai ce citi \u00een continuare, contribuie \u0219i tu printr-o <strong><a href=\"https:\/\/r3media.ro\/sustine-r3media\/\" target=\"_blank\" rel=\"noopener noreferrer\">dona\u021bie<\/a>, <\/strong>oric\u00e2t de mic\u0103<strong>.<\/strong>\u00a0<strong><span>\u00cempreun\u0103<\/span>,<\/strong> putem reu\u0219i multe.<\/p>\n<p>Mul\u021bumesc.<\/p>\n<p>Mihai \u0218om\u0103nescu<br \/>Publisher <span><strong><span>R<\/span><span>3<span>m<\/span><\/span><span>edia<\/span><\/strong><\/span><\/p>\n<\/div>\n<\/div>\n<div class=\"td_block_wrap td_block_9 tdi_22 td-pb-border-top td_block_template_1 td-column-2 td_block_padding td_block_bot_line\" data-td-block-uid=\"tdi_22\">\n<div class=\"td-block-title-wrap\">\n<h4 class=\"block-title td-block-title\"><span class=\"td-pulldown-size\">MAI MULTE DE LA ACELA\u0218I AUTOR<\/span><\/h4>\n<\/div>\n<div id=\"tdi_22\" class=\"td_block_inner\">\n<div class=\"td-block-row\">\n<div class=\"td-block-span6\">\n<div class=\"td_module_8 td_module_wrap\">\n<div class=\"item-details\">\n<h3 class=\"entry-title td-module-title\"><a href=\"https:\/\/r3media.ro\/un-tongalez-un-sud-african-si-un-australian-vor-evolua-pentru-nationala-de-rugby-a-romaniei\/\" rel=\"bookmark\" title=\"Rugby: Un tongalez, un sud-african \u0219i un australian au depus jur\u0103m\u00e2ntul de credin\u021b\u0103 fa\u021b\u0103 de Rom\u00e2nia\">Rugby: Un tongalez, un sud-african \u0219i un australian au depus jur\u0103m\u00e2ntul de credin\u021b\u0103 fa\u021b\u0103&#8230;<\/a><\/h3>\n<div class=\"td-module-meta-info\"><a href=\"https:\/\/r3media.ro\/category\/stiri-prim-plan\/\" class=\"td-post-category\">PRIM PLAN<\/a><span class=\"td-post-author-name\"><a href=\"https:\/\/r3media.ro\/author\/redactia\/\">Redac\u021bia<\/a><span>&#8211;<\/span><\/span><span class=\"td-post-date\"><time class=\"entry-date updated td-module-date\" datetime=\"2026-08-06T18:40:30+03:00\">06\/08\/2026<\/time><\/span><\/div>\n<\/div>\n<\/div>\n<\/div>\n<div class=\"td-block-span6\">\n<div class=\"td_module_8 td_module_wrap\">\n<div class=\"item-details\">\n<h3 class=\"entry-title td-module-title\"><a href=\"https:\/\/r3media.ro\/aur-platforma-nicusor-dan\/\" rel=\"bookmark\" title=\"AUR a lansat platforma suspeND.ro: procesul de suspendare a pre\u0219edintelui Nicu\u0219or Dan\">AUR a lansat platforma suspeND.ro: procesul de suspendare a pre\u0219edintelui Nicu\u0219or Dan<\/a><\/h3>\n<div class=\"td-module-meta-info\"><a href=\"https:\/\/r3media.ro\/category\/stiri-prim-plan\/\" class=\"td-post-category\">PRIM PLAN<\/a><span class=\"td-post-author-name\"><a href=\"https:\/\/r3media.ro\/author\/redactia\/\">Redac\u021bia<\/a><span>&#8211;<\/span><\/span><span class=\"td-post-date\"><time class=\"entry-date updated td-module-date\" datetime=\"2026-08-06T13:31:37+03:00\">06\/08\/2026<\/time><\/span><\/div>\n<\/div>\n<\/div>\n<\/div>\n<\/div>\n<div class=\"td-block-row\">\n<div class=\"td-block-span6\">\n<div class=\"td_module_8 td_module_wrap\">\n<div class=\"item-details\">\n<h3 class=\"entry-title td-module-title\"><a href=\"https:\/\/r3media.ro\/mariuca-zaharia-fetita-12-ani-marasesti\/\" rel=\"bookmark\" title=\"Calendarul zilei 6 august: M\u0103riuca Zaharia, feti\u021ba de 12 ani c\u0103zut\u0103 la M\u0103r\u0103\u0219e\u0219ti, care nu mai are loc \u00een manualele de istorie\">Calendarul zilei 6 august: M\u0103riuca Zaharia, feti\u021ba de 12 ani c\u0103zut\u0103 la M\u0103r\u0103\u0219e\u0219ti, care&#8230;<\/a><\/h3>\n<div class=\"td-module-meta-info\"><a href=\"https:\/\/r3media.ro\/category\/stiri-prim-plan\/\" class=\"td-post-category\">PRIM PLAN<\/a><span class=\"td-post-author-name\"><a href=\"https:\/\/r3media.ro\/author\/redactia\/\">Redac\u021bia<\/a><span>&#8211;<\/span><\/span><span class=\"td-post-date\"><time class=\"entry-date updated td-module-date\" datetime=\"2026-08-05T22:42:18+03:00\">05\/08\/2026<\/time><\/span><\/div>\n<\/div>\n<\/div>\n<\/div>\n<div class=\"td-block-span6\">\n<div class=\"td_module_8 td_module_wrap\">\n<div class=\"item-details\">\n<h3 class=\"entry-title td-module-title\"><a href=\"https:\/\/r3media.ro\/calendarul-zilei-6-august-schimbarea-la-fata-a-domnului\/\" rel=\"bookmark\" title=\"Calendarul zilei 6 august: Schimbarea la fa\u021b\u0103 a Domnului\">Calendarul zilei 6 august: Schimbarea la fa\u021b\u0103 a Domnului<\/a><\/h3>\n<div class=\"td-module-meta-info\"><a href=\"https:\/\/r3media.ro\/category\/stiri-prim-plan\/\" class=\"td-post-category\">PRIM PLAN<\/a><span class=\"td-post-author-name\"><a href=\"https:\/\/r3media.ro\/author\/redactia\/\">Redac\u021bia<\/a><span>&#8211;<\/span><\/span><span class=\"td-post-date\"><time class=\"entry-date updated td-module-date\" datetime=\"2026-08-05T22:00:40+03:00\">05\/08\/2026<\/time><\/span><\/div>\n<\/div>\n<\/div>\n<\/div>\n<\/div>\n<div class=\"td-block-row\">\n<div class=\"td-block-span6\">\n<div class=\"td_module_8 td_module_wrap\">\n<div class=\"item-details\">\n<h3 class=\"entry-title td-module-title\"><a href=\"https:\/\/r3media.ro\/5-august-sf-ioan-iacob-hozevitul-de-la-neamt\/\" rel=\"bookmark\" title=\"Calendarul zilei 5 august: Sf. Ioan Iacob Hozevitul (de la Neam\u021b)\">Calendarul zilei 5 august: Sf. Ioan Iacob Hozevitul (de la Neam\u021b)<\/a><\/h3>\n<div class=\"td-module-meta-info\"><a href=\"https:\/\/r3media.ro\/category\/actualitate\/\" class=\"td-post-category\">ACTUALITATE<\/a><span class=\"td-post-author-name\"><a href=\"https:\/\/r3media.ro\/author\/redactia\/\">Redac\u021bia<\/a><span>&#8211;<\/span><\/span><span class=\"td-post-date\"><time class=\"entry-date updated td-module-date\" datetime=\"2026-08-04T22:00:04+03:00\">04\/08\/2026<\/time><\/span><\/div>\n<\/div>\n<\/div>\n<\/div>\n<div class=\"td-block-span6\">\n<div class=\"td_module_8 td_module_wrap\">\n<div class=\"item-details\">\n<h3 class=\"entry-title td-module-title\"><a href=\"https:\/\/r3media.ro\/niculina-stelea-aur-green-deal-bruxelles-energie\/\" rel=\"bookmark\" title=\"Niculina Stelea (AUR): \u201eDelirul verde\u201d, intitulat pompos Green Deal de c\u0103tre Bruxelles, este \u00een mare m\u0103sur\u0103 vinovat de prezumtiva apocalips\u0103 energetic\u0103\">Niculina Stelea (AUR): \u201eDelirul verde\u201d, intitulat pompos Green Deal de c\u0103tre Bruxelles, este \u00een&#8230;<\/a><\/h3>\n<div class=\"td-module-meta-info\"><a href=\"https:\/\/r3media.ro\/category\/actualitate\/\" class=\"td-post-category\">ACTUALITATE<\/a><span class=\"td-post-author-name\"><a href=\"https:\/\/r3media.ro\/author\/redactia\/\">Redac\u021bia<\/a><span>&#8211;<\/span><\/span><span class=\"td-post-date\"><time class=\"entry-date updated td-module-date\" datetime=\"2026-08-04T14:13:44+03:00\">04\/08\/2026<\/time><\/span><\/div>\n<\/div>\n<\/div>\n<\/div>\n<\/div>\n<\/div>\n<\/div>\n<div class=\"td_block_wrap tdb_single_comments tdi_23 tdb-comm-layout2 td-pb-border-top td_block_template_1\" data-td-block-uid=\"tdi_23\">\n<div class=\"tdb-block-inner td-fix-index\">\n<div class=\"comments\" id=\"comments\">\n<div id=\"respond\" class=\"comment-respond\">\n<h3 id=\"reply-title\" class=\"comment-reply-title\">AI CEVA DE SPUS? <small><a rel=\"nofollow\" id=\"cancel-comment-reply-link\" href=\"https:\/\/r3media.ro\/calendarul-zilei-7-august-sf-teodora-de-la-sihla\/#respond\">Renun\u021ba\u021bi la r\u0103spuns<\/a><\/small><\/h3>\n<div class=\"comment-form-input-wrap td-form-comment\">\n<div class=\"td-warning-comment\">V\u0103 rug\u0103m s\u0103 introduce\u021bi comentariul dvs.!<\/div>\n<\/div>\n<div class=\"comment-form-input-wrap td-form-author\">\n<div class=\"td-warning-author\">Introduce\u021bi aici numele dvs.<\/div>\n<\/div>\n<div class=\"comment-form-input-wrap td-form-email\">\n<div class=\"td-warning-email-error\">A\u021bi introdus o adres\u0103 de e-mail incorect\u0103!<\/div>\n<div class=\"td-warning-email\">V\u0103 rug\u0103m s\u0103 introduce\u021bi adresa dvs. de e-mail aici<\/div>\n<\/div>\n<\/div>\n<\/div>\n<\/div>\n<\/div>\n<\/div>\n<\/div>\n<div class=\"vc_column tdi_25  wpb_column vc_column_container tdc-column td-pb-span4 td-is-sticky\">\n<div class=\"wpb_wrapper\" data-sticky-enabled-on=\"W3RydWUsdHJ1ZSx0cnVlLHRydWVd\" data-sticky-offset=\"20\" data-sticky-is-width-auto=\"W2ZhbHNlLGZhbHNlLGZhbHNlLGZhbHNlXQ==\">\n<div class=\"wpb_wrapper td_block_wrap vc_widget_sidebar tdi_27 \">\n<div class=\"td_block_wrap td_block_7 td_block_widget tdi_28 td-pb-border-top td_block_template_1 td-column-1 td_block_padding\" data-td-block-uid=\"tdi_28\">\n<div class=\"td-block-title-wrap\">\n<h4 class=\"block-title td-block-title\"><span class=\"td-pulldown-size\">Articole RELA\u021aIONATE<\/span><\/h4>\n<\/div>\n<div id=\"tdi_28\" class=\"td_block_inner\">\n<div class=\"td-block-span12\">\n<div class=\"td_module_6 td_module_wrap td-animation-stack\">\n<div class=\"td-module-thumb\"><a href=\"https:\/\/r3media.ro\/un-tongalez-un-sud-african-si-un-australian-vor-evolua-pentru-nationala-de-rugby-a-romaniei\/\" rel=\"bookmark\" class=\"td-image-wrap \" title=\"Rugby: Un tongalez, un sud-african \u0219i un australian au depus jur\u0103m\u00e2ntul de credin\u021b\u0103 fa\u021b\u0103 de Rom\u00e2nia\"><img loading=\"lazy\" decoding=\"async\" class=\"entry-thumb\" src=\"https:\/\/r3media.ro\/wp-content\/uploads\/2026\/08\/rugby-romania-e1786027644471-100x70.jpg\" alt title=\"Rugby: Un tongalez, un sud-african \u0219i un australian au depus jur\u0103m\u00e2ntul de credin\u021b\u0103 fa\u021b\u0103 de Rom\u00e2nia\" width=\"100\" height=\"70\"><\/a><\/div>\n<div class=\"item-details\">\n<h3 class=\"entry-title td-module-title\"><a href=\"https:\/\/r3media.ro\/un-tongalez-un-sud-african-si-un-australian-vor-evolua-pentru-nationala-de-rugby-a-romaniei\/\" rel=\"bookmark\" title=\"Rugby: Un tongalez, un sud-african \u0219i un australian au depus jur\u0103m\u00e2ntul de credin\u021b\u0103 fa\u021b\u0103 de Rom\u00e2nia\">Rugby: Un tongalez, un sud-african \u0219i un australian au depus jur\u0103m\u00e2ntul&#8230;<\/a><\/h3>\n<div class=\"td-module-meta-info\"><span class=\"td-post-date\"><time class=\"entry-date updated td-module-date\" datetime=\"2026-08-06T18:40:30+03:00\">06\/08\/2026<\/time><\/span><\/div>\n<\/div>\n<\/div>\n<\/div>\n<div class=\"td-block-span12\">\n<div class=\"td_module_6 td_module_wrap td-animation-stack\">\n<div class=\"td-module-thumb\"><a href=\"https:\/\/r3media.ro\/senat-sua-vot-punere-acuzare-anthony-fauci-refuz-gestionare-pandemie-covid-19\/\" rel=\"bookmark\" class=\"td-image-wrap \" title=\"Senatul SUA a votat pentru punerea sub acuzare a lui Anthony Fauci. A refuzat s\u0103 spun\u0103 cum a gestionat pandemia de Covid-19\"><img loading=\"lazy\" decoding=\"async\" class=\"entry-thumb\" src=\"https:\/\/r3media.ro\/wp-content\/uploads\/2021\/02\/anthony-fauci-vaccinarea-planetei-100x70.jpg\" alt title=\"Senatul SUA a votat pentru punerea sub acuzare a lui Anthony Fauci. A refuzat s\u0103 spun\u0103 cum a gestionat pandemia de Covid-19\" width=\"100\" height=\"70\"><\/a><\/div>\n<div class=\"item-details\">\n<h3 class=\"entry-title td-module-title\"><a href=\"https:\/\/r3media.ro\/senat-sua-vot-punere-acuzare-anthony-fauci-refuz-gestionare-pandemie-covid-19\/\" rel=\"bookmark\" title=\"Senatul SUA a votat pentru punerea sub acuzare a lui Anthony Fauci. A refuzat s\u0103 spun\u0103 cum a gestionat pandemia de Covid-19\">Senatul SUA a votat pentru punerea sub acuzare a lui Anthony&#8230;<\/a><\/h3>\n<div class=\"td-module-meta-info\"><span class=\"td-post-date\"><time class=\"entry-date updated td-module-date\" datetime=\"2026-08-06T17:58:49+03:00\">06\/08\/2026<\/time><\/span><\/div>\n<\/div>\n<\/div>\n<\/div>\n<div class=\"td-block-span12\">\n<div class=\"td_module_6 td_module_wrap td-animation-stack\">\n<div class=\"td-module-thumb\"><a href=\"https:\/\/r3media.ro\/danemarca-introduce-reguli-stricte-combatere-frauda-inteligenta-artificiala-scoli\/\" rel=\"bookmark\" class=\"td-image-wrap \" title=\"Danemarca introduce reguli stricte pentru combaterea fraudei cu inteligen\u021b\u0103 artificial\u0103 (IA) \u00een \u0219coli\"><img loading=\"lazy\" decoding=\"async\" class=\"entry-thumb\" src=\"https:\/\/r3media.ro\/wp-content\/uploads\/2026\/08\/copil-la-calculator-100x70.jpg\" alt title=\"Danemarca introduce reguli stricte pentru combaterea fraudei cu inteligen\u021b\u0103 artificial\u0103 (IA) \u00een \u0219coli\" width=\"100\" height=\"70\"><\/a><\/div>\n<div class=\"item-details\">\n<h3 class=\"entry-title td-module-title\"><a href=\"https:\/\/r3media.ro\/danemarca-introduce-reguli-stricte-combatere-frauda-inteligenta-artificiala-scoli\/\" rel=\"bookmark\" title=\"Danemarca introduce reguli stricte pentru combaterea fraudei cu inteligen\u021b\u0103 artificial\u0103 (IA) \u00een \u0219coli\">Danemarca introduce reguli stricte pentru combaterea fraudei cu inteligen\u021b\u0103 artificial\u0103 (IA)&#8230;<\/a><\/h3>\n<div class=\"td-module-meta-info\"><span class=\"td-post-date\"><time class=\"entry-date updated td-module-date\" datetime=\"2026-08-06T17:27:27+03:00\">06\/08\/2026<\/time><\/span><\/div>\n<\/div>\n<\/div>\n<\/div>\n<div class=\"td-block-span12\">\n<div class=\"td_module_6 td_module_wrap td-animation-stack\">\n<div class=\"td-module-thumb\"><a href=\"https:\/\/r3media.ro\/kia-recheama-service-prima-generatie-masini-electrice-e-niro-risc-incendiu\/\" rel=\"bookmark\" class=\"td-image-wrap \" title=\"Kia recheam\u0103 \u00een service prima genera\u021bie de ma\u0219ini electrice e-Niro din cauza riscului de incendiu\"><img loading=\"lazy\" decoding=\"async\" class=\"entry-thumb\" src=\"https:\/\/r3media.ro\/wp-content\/uploads\/2026\/08\/masina-kia-motors-100x70.jpg\" alt title=\"Kia recheam\u0103 \u00een service prima genera\u021bie de ma\u0219ini electrice e-Niro din cauza riscului de incendiu\" width=\"100\" height=\"70\"><\/a><\/div>\n<div class=\"item-details\">\n<h3 class=\"entry-title td-module-title\"><a href=\"https:\/\/r3media.ro\/kia-recheama-service-prima-generatie-masini-electrice-e-niro-risc-incendiu\/\" rel=\"bookmark\" title=\"Kia recheam\u0103 \u00een service prima genera\u021bie de ma\u0219ini electrice e-Niro din cauza riscului de incendiu\">Kia recheam\u0103 \u00een service prima genera\u021bie de ma\u0219ini electrice e-Niro din&#8230;<\/a><\/h3>\n<div class=\"td-module-meta-info\"><span class=\"td-post-date\"><time class=\"entry-date updated td-module-date\" datetime=\"2026-08-06T17:07:42+03:00\">06\/08\/2026<\/time><\/span><\/div>\n<\/div>\n<\/div>\n<\/div>\n<div class=\"td-block-span12\">\n<div class=\"td_module_6 td_module_wrap td-animation-stack\">\n<div class=\"td-module-thumb\"><a href=\"https:\/\/r3media.ro\/oficial-1989-rationalizare-consum-energie\/\" rel=\"bookmark\" class=\"td-image-wrap \" title=\"E oficial, ne \u00eentoarcem \u00eenainte de 89: Guvernul ra\u021bionalizeaz\u0103 consumul de energie printr-un act normativ\"><img loading=\"lazy\" decoding=\"async\" class=\"entry-thumb\" src=\"https:\/\/r3media.ro\/wp-content\/uploads\/2025\/11\/bolojan-mosteanu-e1781434692661-100x70.png\" alt title=\"E oficial, ne \u00eentoarcem \u00eenainte de 89: Guvernul ra\u021bionalizeaz\u0103 consumul de energie printr-un act normativ\" width=\"100\" height=\"70\"><\/a><\/div>\n<div class=\"item-details\">\n<h3 class=\"entry-title td-module-title\"><a href=\"https:\/\/r3media.ro\/oficial-1989-rationalizare-consum-energie\/\" rel=\"bookmark\" title=\"E oficial, ne \u00eentoarcem \u00eenainte de 89: Guvernul ra\u021bionalizeaz\u0103 consumul de energie printr-un act normativ\">E oficial, ne \u00eentoarcem \u00eenainte de 89: Guvernul ra\u021bionalizeaz\u0103 consumul de&#8230;<\/a><\/h3>\n<div class=\"td-module-meta-info\"><span class=\"td-post-date\"><time class=\"entry-date updated td-module-date\" datetime=\"2026-08-06T14:08:20+03:00\">06\/08\/2026<\/time><\/span><\/div>\n<\/div>\n<\/div>\n<\/div>\n<div class=\"td-block-span12\">\n<div class=\"td_module_6 td_module_wrap td-animation-stack\">\n<div class=\"td-module-thumb\"><a href=\"https:\/\/r3media.ro\/aur-platforma-nicusor-dan\/\" rel=\"bookmark\" class=\"td-image-wrap \" title=\"AUR a lansat platforma suspeND.ro: procesul de suspendare a pre\u0219edintelui Nicu\u0219or Dan\"><img loading=\"lazy\" decoding=\"async\" class=\"entry-thumb\" src=\"https:\/\/r3media.ro\/wp-content\/uploads\/2026\/08\/suspend-nicusor-dan-100x70.jpg\" alt title=\"AUR a lansat platforma suspeND.ro: procesul de suspendare a pre\u0219edintelui Nicu\u0219or Dan\" width=\"100\" height=\"70\"><\/a><\/div>\n<div class=\"item-details\">\n<h3 class=\"entry-title td-module-title\"><a href=\"https:\/\/r3media.ro\/aur-platforma-nicusor-dan\/\" rel=\"bookmark\" title=\"AUR a lansat platforma suspeND.ro: procesul de suspendare a pre\u0219edintelui Nicu\u0219or Dan\">AUR a lansat platforma suspeND.ro: procesul de suspendare a pre\u0219edintelui Nicu\u0219or&#8230;<\/a><\/h3>\n<div class=\"td-module-meta-info\"><span class=\"td-post-date\"><time class=\"entry-date updated td-module-date\" datetime=\"2026-08-06T13:31:37+03:00\">06\/08\/2026<\/time><\/span><\/div>\n<\/div>\n<\/div>\n<\/div>\n<div class=\"td-block-span12\">\n<div class=\"td_module_6 td_module_wrap td-animation-stack\">\n<div class=\"td-module-thumb\"><a href=\"https:\/\/r3media.ro\/romanii-bolojan-mindruta-consum-energie-electrica-romania\/\" rel=\"bookmark\" class=\"td-image-wrap \" title=\"Rom\u00e2nii nu au ascultat apelul lui Bolojan \u0219i al lui M\u00eendru\u021b\u0103: Miercuri sear\u0103 s-a \u00eenregistrat unul dintre cele mai ridicate niveluri ale consumului de energie electric\u0103 din aceast\u0103 var\u0103\"><img loading=\"lazy\" decoding=\"async\" class=\"entry-thumb\" src=\"https:\/\/r3media.ro\/wp-content\/uploads\/2026\/08\/pexels-lamps-2178743-100x70.jpg\" alt title=\"Rom\u00e2nii nu au ascultat apelul lui Bolojan \u0219i al lui M\u00eendru\u021b\u0103: Miercuri sear\u0103 s-a \u00eenregistrat unul dintre cele mai ridicate niveluri ale consumului de energie electric\u0103 din aceast\u0103 var\u0103\" width=\"100\" height=\"70\"><\/a><\/div>\n<div class=\"item-details\">\n<h3 class=\"entry-title td-module-title\"><a href=\"https:\/\/r3media.ro\/romanii-bolojan-mindruta-consum-energie-electrica-romania\/\" rel=\"bookmark\" title=\"Rom\u00e2nii nu au ascultat apelul lui Bolojan \u0219i al lui M\u00eendru\u021b\u0103: Miercuri sear\u0103 s-a \u00eenregistrat unul dintre cele mai ridicate niveluri ale consumului de energie electric\u0103 din aceast\u0103 var\u0103\">Rom\u00e2nii nu au ascultat apelul lui Bolojan \u0219i al lui M\u00eendru\u021b\u0103:&#8230;<\/a><\/h3>\n<div class=\"td-module-meta-info\"><span class=\"td-post-date\"><time class=\"entry-date updated td-module-date\" datetime=\"2026-08-06T12:57:34+03:00\">06\/08\/2026<\/time><\/span><\/div>\n<\/div>\n<\/div>\n<\/div>\n<\/div>\n<\/div>\n<aside class=\"td_block_template_1 widget widget_recent_comments\">\n<h4 class=\"block-title\"><span>INTR\u0102 \u00ceN DISCU\u021aIE!<\/span><\/h4>\n<ul id=\"recentcomments\">\n<li class=\"recentcomments\"><span class=\"comment-author-link\">George<\/span> la <a href=\"https:\/\/r3media.ro\/mariuca-zaharia-fetita-12-ani-marasesti\/#comment-40352\">Calendarul zilei 6 august: M\u0103riuca Zaharia, feti\u021ba de 12 ani c\u0103zut\u0103 la M\u0103r\u0103\u0219e\u0219ti, care nu mai are loc \u00een manualele de istorie<\/a><\/li>\n<li class=\"recentcomments\"><span class=\"comment-author-link\">Nicu<\/span> la <a href=\"https:\/\/r3media.ro\/ucraina-scuze-grecia-drona-marina-insula-lefkada-expolozie-portul-constanta\/#comment-40351\">Ucraina i-a cerut scuze Greciei pentru c\u0103 o dron\u0103 marin\u0103 a ajuns l\u00e2ng\u0103 Insula Lefkada. Nicio vorb\u0103 despre drona care putea s\u0103 arunce \u00een aer Portul Constan\u021ba<\/a><\/li>\n<li class=\"recentcomments\"><span class=\"comment-author-link\">Nicu<\/span> la <a href=\"https:\/\/r3media.ro\/bulgaria-nivelul-scazut-al-apelor-dunarii-nu-afecteaza-centrala-nucleara-de-la-kozlodui\/#comment-40350\">Bulgaria: Nivelul sc\u0103zut al apelor Dun\u0103rii NU afecteaz\u0103 centrala nuclear\u0103 de la Kozlodui<\/a><\/li>\n<li class=\"recentcomments\"><span class=\"comment-author-link\">Cristian<\/span> la <a href=\"https:\/\/r3media.ro\/4-august-1919-armata-romana-budapesta\/#comment-40349\">Calendarul zilei: 4 august 1919, cucerirea Budapestei de c\u0103tre Armata Rom\u00e2n\u0103<\/a><\/li>\n<li class=\"recentcomments\"><span class=\"comment-author-link\">Nicu<\/span> la <a href=\"https:\/\/r3media.ro\/ministr-securitate-energetica-marea-britanie-subventii-net-zero-umfla-facturi-cetateni-energie\/#comment-40348\">Ministrul Securit\u0103\u021bii Energetice din Marea Britanie neag\u0103 faptul c\u0103 subven\u021biile Net Zero umfl\u0103 facturile cet\u0103\u021benilor la energie<\/a><\/li>\n<li class=\"recentcomments\"><span class=\"comment-author-link\">Nicu<\/span> la <a href=\"https:\/\/r3media.ro\/sursa-crizei-energetice-radu-miruta-romania-capacitati-carbune-seceta\/#comment-40347\">Sursa crizei energetice. Ministrul Radu Miru\u021b\u0103: Rom\u00e2nia a \u00eenchis capacit\u0103\u021bi de produc\u021bie pe carbune f\u0103r\u0103 s\u0103 pun\u0103 nimic \u00een loc. Nu te po\u021bi ascunde \u00een spatele secetei<\/a><\/li>\n<li class=\"recentcomments\"><span class=\"comment-author-link\">Gavril\u0103 Moldovan<\/span> la <a href=\"https:\/\/r3media.ro\/prima-oara-istorie-presedintia-document-primplan-patriotism-european\/#comment-40346\">Pentru prima oar\u0103 \u00een istorie, Pre\u0219edin\u021bia Rom\u00e2niei emite un document care pune pe primul plan o alt\u0103 entitate dec\u00e2t \u021bara noastr\u0103: patriotismul european<\/a><\/li>\n<\/ul>\n<\/aside>\n<aside class=\"td_block_template_1 widget widget_search\">\n<h4 class=\"block-title\"><span>CAUT\u0102 \u0218I VEI G\u0102SI<\/span><\/h4>\n<\/aside>\n<\/div>\n<\/div>\n<\/div>\n<\/div>\n<\/div>\n<\/div>\n<\/div>\n<p><span class=\"td-page-meta\"><\/span><span class=\"td-page-meta\"><span class=\"td-page-meta\"><\/span><\/span><span class=\"td-page-meta\"><\/span><\/article>\n<\/p>\n<div class=\"td_block_wrap tdb_single_content tdi_18 td-pb-border-top r3-post-content-v td_block_template_1 td-post-content tagdiv-type\" data-td-block-uid=\"tdi_18\">\n<div class=\"tdb-block-inner td-fix-index\">\n<p><strong>\u00cen calendarul ortodox, pe data de 7 august o pr\u0103znuim pe Sf\u00e2nta Teodora de la Sihla. Cuvioasa Teodora este singura rom\u00e2nc\u0103 trecut\u0103 \u00een r\u00e2ndul sfin\u0163ilor. A fost fiica lui \u015etefan Joldea, arma\u015f, un fel de comandant de artilerie la Cetatea Neam\u0163ului. \u015etefan Joldea a tr\u0103it \u00een comun\u0103 V\u00e2n\u0103tori-Neam\u0163 \u015fi a avut dou\u0103 fiice pe Marghita (Marghiolita) \u015fi pe Teodora.<\/strong><\/p>\n<p>Sf\u00e2nta Teodora se c\u0103s\u0103tore\u0219te cu Elefterie, \u00eens\u0103 nu dup\u0103 mult timp cei doi vor intra \u00een cinul monahal. Teodora a intrat la Schitul V\u0103rz\u0103re\u015fti-Vrancea, iar so\u0163ul ei, la Schitul Poiana M\u0103rului.<\/p>\n<p>Cuvioasa Teodora ajunge ucenica egumenei m\u0103n\u0103stirii, schimonahia Paisia.<\/p>\n<p>Din cauza turcilor, egumena se retrage \u00een Mun\u0163ii Buz\u0103ului \u00eempreun\u0103 cu Sf\u00e2nta Teodora \u015fi cu c\u00e2teva maici. Dup\u0103 zece ani de nevoin\u0163\u0103 \u00een Mun\u0163ii Buz\u0103ului, ajunge \u00een Mun\u0163ii Neam\u0163ului.<\/p>\n<p>Cuv\u00e2ntul \u201cSihla\u201d \u00eenseamn\u0103 p\u0103dure deas\u0103 de copaci tineri Ieroschimonahul Pavel, duhovnicul Sih\u0103striei, a dus-o pe fericita Teodora \u00een p\u0103r\u0163ile Sihlei, unde se afla un bordei p\u0103r\u0103sit. Acolo a r\u0103mas singur\u0103, numai cu Hristos, \u015fi a petrecut mul\u0163i ani \u00een cea mai aspr\u0103 nevoin\u0163\u0103 pustniceasc\u0103. Era la sf\u00e2r\u015fitul secolului al XVII-lea.<\/p>\n<p>Schitul Sihla \u00eenc\u0103 nu luase fiin\u0163\u0103. \u00cens\u0103 p\u0103durile din \u00eemprejurimi ad\u0103posteau numero\u015fi pustnici.<\/p>\n<p>Dup\u0103 un timp, Cuvioasa Teodora se mut\u0103 din chilie \u00een pe\u015ftera de al\u0103turi, unde r\u0103m\u00e2ne p\u00e2n\u0103 la moarte, ostenindu-se \u00een post \u015fi rug\u0103ciune, pentru ea \u015fi pentru toat\u0103 lumea. Pu\u0163ina hran\u0103 \u015fi-o procura fie din fructele ce i le oferea p\u0103durea, fie mai ales dintr-un fel de ieder\u0103, ce cre\u015fte p\u00e2n\u0103 azi pe st\u00e2ncile Sihlei, numit\u0103 \u201ciarb\u0103 dulce\u201d sau \u201cm\u0103cri\u015ful Sfintei Teodora\u201d. Sf\u00e2nta Teodora de la Sihla \u2013 supranumit\u0103 \u0219i \u201cFloare duhovniceasc\u0103 a Moldovei\u201d\/<\/p>\n<p>Dup\u0103 ce \u0219i-a m\u0103rturisti p\u0103catele \u0219i a fost \u00eemp\u0103rt\u0103\u0219it\u0103 cu Sfintele Taine, Sf\u00e2nta Teodora a rostit ultimele sale cuvinte: \u201cSlav\u0103 \u021aie, Doamne, pentru toate\u201d \u0219i \u0219i-a dat duhul.<\/p>\n<p><strong>Sinodul Bisericii Ortodoxe Rom\u00e2ne a stabilit ca zi de pr\u0103znuire pentru Sf\u00e2nta Teodora de la Sihla data de 7 august<\/strong><\/p>\n<p>Mai t\u00e2rziu, dup\u0103 mul\u021bi ani, ieromonahul Elefterie s-a retras la M\u0103n\u0103stirea Secu \u0219i mai apoi la Sihla, pentru a fi c\u00e2t mai aproape de aceea care i-a fost so\u021bie.<\/p>\n<p>A tr\u0103it sub st\u00e2ncile Sihlei, iar c\u00e2nd acesta a decedat, a fost \u00eengropat \u00een poiana unde se afl\u0103 acum schitul. Trupul Sfintei Teodora a r\u0103mas t\u0103inuit \u00een pe\u0219ter\u0103 p\u00e2n\u0103 dup\u0103 anul 1830, atunci c\u00e2nd familia domnitorului Mihail Sturza a re\u00eennoit Schitul Sihla \u0219i a a\u0219ezat moa\u0219tele ei \u00een racla de pre\u021b, pe care le-a depus \u00een biserica schitului.<\/p>\n<p>Ulterior, atunci c\u00e2nd s-a zidit o biseric\u0103 nou\u0103 la mo\u0219ia familiei din satul Miclau\u0219eni, Ia\u0219i, moa\u0219tele au fost duse aici \u0219i mult\u0103 lume venea s\u0103 se \u00eenchine sfintei. Pe 20 iunie 1992, Sinodul Bisericii Ortodoxe Rom\u00e2ne a recunoscut \u0219i a proclamat sfin\u021benia Cuvioasei Teodora de la Sihla, stabilindu-se ca zi de pr\u0103znuire data de 7 august.<\/p>\n<h2><strong> Rug\u0103ciune c\u0103tre Sf\u00e2nta Cuvioas\u0103 Teodora de la Sihla<\/strong><\/h2>\n<p>\u201cO, Prea Cuvioas\u0103 Maic\u0103 Teodora, care din copil\u0103rie pe Hristos L-ai iubit \u0219i pentru dragostea Lui \u00een toat\u0103 via\u021ba ta te-ai nevoit; multe nevoin\u021be \u0219i ispite ai suferit \u0219i \u00een via\u021ba cea pustniceasc\u0103, cu darul lui Dum\u00adnezeu, ai sporit. Cu mul\u021bimea \u00eenfr\u00e2n\u0103rii \u0219i a lacrimilor celor duhovnice\u0219ti, sufletul t\u0103u l-ai luminat \u0219i \u00een singur\u0103tatea pustiei cu ispr\u0103vile faptelor tale celor bune ai str\u0103lucit. Pustia Sihlei cu via\u021ba ta o ai sfin\u021bit \u0219i pild\u0103 siha\u0219trilor te-ai f\u0103cut. Iar Prea Bunul Dumnezeu, la vremea cuvenit\u0103, sfin\u021benia vie\u021bii tale a des\u00adcoperit-o \u0219i ca pe o comoar\u0103 ascuns\u0103 lumii te-a ar\u0103tat. De aceea, \u0219i noi nevrednicii, cu evlavie \u0219i cu credin\u021b\u0103, cerem sfintele tale rug\u0103ciuni \u0219i te chem\u0103m: roag\u0103-te Prea \u00cenduratului nostru M\u00e2ntuitor ca \u0219i noi, p\u0103c\u0103to\u0219ii, \u00een vremea vie\u021bii noastre \u0219i \u00een vremea sf\u00e2r\u0219itului nostru s\u0103 do\u00adb\u00e2ndim mila \u0219i m\u00e2ntuirea Lui, spre a sl\u0103vi \u0219i a ne \u00eenchina \u00een veacul de acum \u0219i \u00een cel viitor Tat\u0103lui \u0219i Fiului \u0219i Sf\u00e2ntului Duh, \u00een vecii vecilor. Amin!\u201d<\/p>\n<div class=\"crp_related     crp-masonry\">\n<h2>\u00ceN CONTEXT<\/h2>\n<ul>\n<li><a href=\"https:\/\/r3media.ro\/calendarul-zilei-11-septembrie-sf-cuv-teodora-din-alexandria-sf-cuv-eufrosin-bucatarul\/\" class=\"crp_link post-81074\"><span class=\"crp_title\">Calendarul zilei 11 septembrie: Sf. Cuv. Teodora din Alexandria; Sf. Cuv. Eufrosin buc\u0103tarul<\/span><\/a><\/li>\n<li><a href=\"https:\/\/r3media.ro\/calendarul-zilei-7-ianuarie-sfantul-ioan-botezatorul-craciunul-pe-calendarul-vechi\/\" class=\"crp_link post-10400\"><span class=\"crp_title\">Calendarul zilei 7 ianuarie: Sf\u00e2ntul Ioan Botez\u0103torul. Cr\u0103ciunul pe calendarul vechi<\/span><\/a><\/li>\n<li><a href=\"https:\/\/r3media.ro\/calendarul-zilei-8-august-1917-incepe-marea-batalie-de-la-oituz-din-primul-razboi-mondial\/\" class=\"crp_link post-25646\"><span class=\"crp_title\">Calendarul zilei | 8 august 1917: \u00cencepe marea b\u0103t\u0103lie de la Oituz, din Primul R\u0103zboi Mondial<\/span><\/a><\/li>\n<li><a href=\"https:\/\/r3media.ro\/vasile-banescu-ironie-crezul-ortodox\/\" class=\"crp_link post-116747\"><span class=\"crp_title\">Vasile B\u0103nescu ironizeaz\u0103 Crezul Ortodox: Staboricesc<\/span><\/a><\/li>\n<li><a href=\"https:\/\/r3media.ro\/calendarul-zilei-4-aprilie-1944-cea-mai-neagra-zi-a-capitalei-2942-de-bucuresteni-ucisi-de-bombardamentele-americane-aviatorii-care-au-adus-moartea-au-monumente-romanii\/\" class=\"crp_link post-17571\"><span class=\"crp_title\">Calendarul zilei | 4 aprilie 1944, cea mai neagr\u0103 zi a Capitalei: 2942 de bucure\u0219teni uci\u0219i\u2026<\/span><\/a><\/li>\n<li><a href=\"https:\/\/r3media.ro\/calendarul-zilei-20-august-51-de-ani-de-la-moartea-teologului-si-poetului-nichifor-crainic\/\" class=\"crp_link post-52604\"><span class=\"crp_title\">Calendarul zilei 20 august: 53 de ani de la moartea teologului \u0219i poetului Nichifor Crainic<\/span><\/a><\/li>\n<li><a href=\"https:\/\/r3media.ro\/calendarul-zilei-23-august-1944-romania-iese-din-alianta-cu-germania-nazista-maresalul-antonescu-este-arestat-23-august-1939-semnarea-pactului-ribbentrop-molotov\/\" class=\"crp_link post-26515\"><span class=\"crp_title\">Calendarul zilei: 23 august 1944, Rom\u00e2nia iese din alian\u021ba cu Germania nazist\u0103. Mare\u0219alul\u2026<\/span><\/a><\/li>\n<li><a href=\"https:\/\/r3media.ro\/calendarul-zilei-29-august-taierea-capului-sf-ioan-botezatorul-post\/\" class=\"crp_link post-26932\"><span class=\"crp_title\">Calendarul zilei: 29 august, T\u0103ierea capului Sf. Ioan Botez\u0103torul (Post)<\/span><\/a><\/li>\n<\/ul>\n<\/div>\n<\/div>\n<\/div>\n<p>[analyse_source url=&#8221;https:\/\/r3media.ro\/calendarul-zilei-7-august-sf-teodora-de-la-sihla\/&#8221;]<\/p>\n","protected":false},"excerpt":{"rendered":"<p>[analyse_image type=&#8221;featured&#8221; src=&#8221;https:\/\/r3media.ro\/wp-content\/uploads\/2021\/08\/Sfanta-Teodora-de-la-Sihla-e1628286322477.jpghttps:\/\/r3media.ro\/wp-content\/uploads\/2021\/08\/Sfanta-Teodora-de-la-Sihla-e1628286322477.jpg&#8221;] PRIM PLANCalendarul zilei 7 august: Sf. Teodora de la Sihla PRIM PLAN\u0218TIRI Calendarul zilei 7 august: Sf. Teodora de la Sihla Redac\u021bia 06\/08\/2026 \u00cen calendarul ortodox, pe data de 7 august o pr\u0103znuim pe Sf\u00e2nta Teodora de la Sihla. Cuvioasa Teodora este singura rom\u00e2nc\u0103 trecut\u0103 \u00een r\u00e2ndul sfin\u0163ilor. A fost fiica lui [&hellip;]<\/p>\n","protected":false},"author":1,"featured_media":0,"comment_status":"open","ping_status":"","sticky":false,"template":"","format":"standard","meta":{"footnotes":""},"categories":[89],"tags":[226,93],"class_list":["post-2081573","post","type-post","status-publish","format-standard","hentry","category-romania","tag-crawlmanager","tag-r3media-ro"],"_links":{"self":[{"href":"https:\/\/analyse.optim.biz\/index.php?rest_route=\/wp\/v2\/posts\/2081573","targetHints":{"allow":["GET"]}}],"collection":[{"href":"https:\/\/analyse.optim.biz\/index.php?rest_route=\/wp\/v2\/posts"}],"about":[{"href":"https:\/\/analyse.optim.biz\/index.php?rest_route=\/wp\/v2\/types\/post"}],"author":[{"embeddable":true,"href":"https:\/\/analyse.optim.biz\/index.php?rest_route=\/wp\/v2\/users\/1"}],"replies":[{"embeddable":true,"href":"https:\/\/analyse.optim.biz\/index.php?rest_route=%2Fwp%2Fv2%2Fcomments&post=2081573"}],"version-history":[{"count":0,"href":"https:\/\/analyse.optim.biz\/index.php?rest_route=\/wp\/v2\/posts\/2081573\/revisions"}],"wp:attachment":[{"href":"https:\/\/analyse.optim.biz\/index.php?rest_route=%2Fwp%2Fv2%2Fmedia&parent=2081573"}],"wp:term":[{"taxonomy":"category","embeddable":true,"href":"https:\/\/analyse.optim.biz\/index.php?rest_route=%2Fwp%2Fv2%2Fcategories&post=2081573"},{"taxonomy":"post_tag","embeddable":true,"href":"https:\/\/analyse.optim.biz\/index.php?rest_route=%2Fwp%2Fv2%2Ftags&post=2081573"}],"curies":[{"name":"wp","href":"https:\/\/api.w.org\/{rel}","templated":true}]}}