{"id":2081551,"date":"2026-08-05T17:39:21","date_gmt":"2026-08-05T14:39:21","guid":{"rendered":"https:\/\/analyse.optim.biz\/?p=2081551"},"modified":"2026-08-05T17:39:21","modified_gmt":"2026-08-05T14:39:21","slug":"buzau-wine-fest-primul-eveniment-organizat-de-omd-judetul-buzau-pietroasele-devine-timp-de-trei-zile-capitala-vinului-si-a-patrimoniului-local","status":"publish","type":"post","link":"https:\/\/analyse.optim.biz\/?p=2081551","title":{"rendered":"Buz\u0103u Wine Fest, primul eveniment organizat de OMD Jude\u021bul Buz\u0103u. Pietroasele devine, timp de trei zile, capitala vinului \u0219i a patrimoniului local"},"content":{"rendered":"<p>[analyse_image type=&#8221;featured&#8221; src=&#8221;https:\/\/www.observatorulbuzoian.ro\/wp-content\/uploads\/2026\/08\/Buzau-Wine-Fest-scaled.jpeg&#8221;]<\/p>\n<div class=\"td-post-content tagdiv-type\">\n<p class=\"isSelectedEnd\">Comuna Pietroasele va g\u0103zdui, \u00een perioada 28-30 august 2026, prima edi\u021bie a <strong>Buz\u0103u Wine Fest<\/strong>, un festival dedicat vinului, patrimoniului \u0219i identit\u0103\u021bii locale. Evenimentul marcheaz\u0103 totodat\u0103 prima ac\u021biune organizat\u0103 de<strong> Organiza\u021bia de Management al Destina\u021biei (OMD) Jude\u021bul Buz\u0103u<\/strong>, \u00een parteneriat cu Centrul Jude\u021bean pentru Artele Spectacolului \u0219i Cultur\u0103 \u201eGeorge Ciprian\u201d, fiind un pas important \u00een promovarea integrat\u0103 turistic\u0103 \u0219i cultural\u0103 a jude\u021bului.<\/p>\n<p class=\"isSelectedEnd\">Potrivit organizatorilor, festivalul \u00ee\u0219i propune s\u0103 transforme unul dintre cele mai valoroase repere ale jude\u021bului \u00eentr-un spa\u021biu \u00een care patrimoniul, cultura \u0219i tradi\u021bia viticol\u0103 se \u00eent\u00e2lnesc.<\/p>\n<p class=\"isSelectedEnd\">\u201eFestivalul este organizat, \u00een premier\u0103, prin parteneriatul dintre Organiza\u021bia de Management al Destina\u021biei Jude\u021bul Buz\u0103u \u0219i Centrul Jude\u021bean pentru Artele Spectacolului \u0219i Cultur\u0103 \u00abGeorge Ciprian\u00bb, colaborare care marcheaz\u0103 \u00eenceputul unei noi direc\u021bii de promovare integrat\u0103 a jude\u021bului, \u00een care turismul \u0219i cultura construiesc \u00eempreun\u0103 experien\u021be cu identitate\u201d, se arat\u0103 \u00een comunicatul transmis de organizatori.<\/p>\n<p class=\"isSelectedEnd\">Locul ales pentru desf\u0103\u0219urarea festivalului nu este \u00eent\u00e2mpl\u0103tor. Organizatorii subliniaz\u0103 c\u0103 Pietroasele reprezint\u0103 una dintre cele mai importante zone viticole din Rom\u00e2nia \u0219i este str\u00e2ns legat\u0103 de istoria celebrului Tezaur de la Pietroasele.<\/p>\n<p class=\"isSelectedEnd\">\u201eComuna Pietroasele nu a fost aleas\u0103 \u00eent\u00e2mpl\u0103tor. Este locul \u00een care istoria, patrimoniul \u0219i cultura vinului coexist\u0103 de secole. Aici, \u00een apropierea locului unde a fost descoperit celebrul Tezaur de la Pietroasele \u0219i \u00een inima uneia dintre cele mai cunoscute zone viticole ale Rom\u00e2niei, Buz\u0103u Wine Fest \u00ee\u0219i propune s\u0103 ofere publicului mai mult dec\u00e2t un festival: o experien\u021b\u0103 care vorbe\u0219te despre spiritul locului\u201d, precizeaz\u0103 organizatorii.<\/p>\n<p class=\"isSelectedEnd\">Festivalul va debuta cu ceremonia tradi\u021bional\u0103 de zdrobire a strugurilor, moment simbolic care marcheaz\u0103 \u00eenceputul s\u0103rb\u0103torii dedicate vinului \u0219i recoltei.<\/p>\n<p class=\"isSelectedEnd\">Pe parcursul celor trei zile, participan\u021bii vor putea degusta vinurile cramelor buzoiene, vor descoperi preparate din gastronomia local\u0103, produse artizanale \u0219i vor asista la expozi\u021bii \u0219i demonstra\u021bii dedicate tradi\u021biilor \u0219i me\u0219te\u0219ugurilor specifice zonei. Evenimentul va reuni produc\u0103tori, arti\u0219ti, me\u0219te\u0219ugari \u0219i comunit\u0103\u021bi locale \u00eentr-un demers comun de promovare a identit\u0103\u021bii jude\u021bului Buz\u0103u.<\/p>\n<p class=\"isSelectedEnd\">Organizatorii au preg\u0103tit un program care \u00eembin\u0103 muzica modern\u0103, folclorul \u0219i reconstituirile istorice.<\/p>\n<p class=\"isSelectedEnd\"><strong>Vineri, 28 august<\/strong><\/p>\n<ul data-spread=\"false\">\n<li>Ceremonia tradi\u021bional\u0103 de zdrobire a strugurilor, care va deschide oficial festivalul;<\/li>\n<li>Concerte \u0219i spectacole sus\u021binute de arti\u0219ti \u0219i ansambluri locale;<\/li>\n<li>Concert <strong>Zdob \u0219i Zdub<\/strong>, capul de afi\u0219 al primei seri.<\/li>\n<\/ul>\n<p class=\"isSelectedEnd\"><strong>S\u00e2mb\u0103t\u0103, 29 august<\/strong><\/p>\n<ul data-spread=\"false\">\n<li>Degust\u0103ri de vinuri \u0219i produse locale;<\/li>\n<li>Spectacole ale arti\u0219tilor \u0219i ansamblurilor tradi\u021bionale din jude\u021b;<\/li>\n<li>Concerte sus\u021binute de <strong>AMNA<\/strong> \u0219i <strong>Taraful Ionel Tudorache<\/strong>.<\/li>\n<\/ul>\n<p class=\"isSelectedEnd\"><strong>Duminic\u0103, 30 august<\/strong><\/p>\n<ul data-spread=\"false\">\n<li>Zi dedicat\u0103 patrimoniului istoric;<\/li>\n<li>Reconstituiri istorice, demonstra\u021bii \u0219i ateliere educative sus\u021binute de <strong>Garda Apulum<\/strong>;<\/li>\n<li>Activit\u0103\u021bi interactive dedicate descoperirii istoriei \u0219i patrimoniului de la Pietroasele, al\u0103turi de spectacole folclorice \u0219i arti\u0219ti locali.<\/li>\n<\/ul>\n<p class=\"isSelectedEnd\">Organizatorii \u00ee\u0219i propun ca festivalul s\u0103 devin\u0103 unul dintre evenimentele reprezentative ale jude\u021bului.<\/p>\n<p class=\"isSelectedEnd\">\u201eBuz\u0103u Wine Fest \u00ee\u0219i propune s\u0103 devin\u0103 un eveniment reprezentativ pentru jude\u021b, reunind \u00eentr-un singur spa\u021biu vinul, gastronomia, tradi\u021biile, cultura, patrimoniul \u0219i muzica, pentru a oferi publicului o imagine autentic\u0103 asupra valorilor care definesc Buz\u0103ul \u0219i a poten\u021bialului s\u0103u turistic \u0219i cultural\u201d, se mai arat\u0103 \u00een comunicat.<\/p>\n<p><strong>Buz\u0103u Wine Fest<\/strong> va avea loc \u00een perioada <strong>28-30 august 2026<\/strong>, \u00een <strong>Zona Tezaur din Pietroasele<\/strong>, iar accesul publicului este gratuit.<\/p>\n<\/div>\n<p>[analyse_source url=&#8221;https:\/\/www.observatorulbuzoian.ro\/buzau-wine-fest-primul-eveniment-organizat-de-omd-judetul-buzau-pietroasele-devine-timp-de-trei-zile-capitala-vinului-si-a-patrimoniului-local\/&#8221;]<\/p>\n","protected":false},"excerpt":{"rendered":"<p>[analyse_image type=&#8221;featured&#8221; src=&#8221;https:\/\/www.observatorulbuzoian.ro\/wp-content\/uploads\/2026\/08\/Buzau-Wine-Fest-scaled.jpeg&#8221;] Comuna Pietroasele va g\u0103zdui, \u00een perioada 28-30 august 2026, prima edi\u021bie a Buz\u0103u Wine Fest, un festival dedicat vinului, patrimoniului \u0219i identit\u0103\u021bii locale. Evenimentul marcheaz\u0103 totodat\u0103 prima ac\u021biune organizat\u0103 de Organiza\u021bia de Management al Destina\u021biei (OMD) Jude\u021bul Buz\u0103u, \u00een parteneriat cu Centrul Jude\u021bean pentru Artele Spectacolului \u0219i Cultur\u0103 \u201eGeorge Ciprian\u201d, fiind un [&hellip;]<\/p>\n","protected":false},"author":1,"featured_media":0,"comment_status":"open","ping_status":"","sticky":false,"template":"","format":"standard","meta":{"footnotes":""},"categories":[2],"tags":[226,82],"class_list":["post-2081551","post","type-post","status-publish","format-standard","hentry","category-politics","tag-crawlmanager","tag-observatorulbuzoian-ro"],"_links":{"self":[{"href":"https:\/\/analyse.optim.biz\/index.php?rest_route=\/wp\/v2\/posts\/2081551","targetHints":{"allow":["GET"]}}],"collection":[{"href":"https:\/\/analyse.optim.biz\/index.php?rest_route=\/wp\/v2\/posts"}],"about":[{"href":"https:\/\/analyse.optim.biz\/index.php?rest_route=\/wp\/v2\/types\/post"}],"author":[{"embeddable":true,"href":"https:\/\/analyse.optim.biz\/index.php?rest_route=\/wp\/v2\/users\/1"}],"replies":[{"embeddable":true,"href":"https:\/\/analyse.optim.biz\/index.php?rest_route=%2Fwp%2Fv2%2Fcomments&post=2081551"}],"version-history":[{"count":0,"href":"https:\/\/analyse.optim.biz\/index.php?rest_route=\/wp\/v2\/posts\/2081551\/revisions"}],"wp:attachment":[{"href":"https:\/\/analyse.optim.biz\/index.php?rest_route=%2Fwp%2Fv2%2Fmedia&parent=2081551"}],"wp:term":[{"taxonomy":"category","embeddable":true,"href":"https:\/\/analyse.optim.biz\/index.php?rest_route=%2Fwp%2Fv2%2Fcategories&post=2081551"},{"taxonomy":"post_tag","embeddable":true,"href":"https:\/\/analyse.optim.biz\/index.php?rest_route=%2Fwp%2Fv2%2Ftags&post=2081551"}],"curies":[{"name":"wp","href":"https:\/\/api.w.org\/{rel}","templated":true}]}}