{"id":2081464,"date":"2026-08-06T09:40:23","date_gmt":"2026-08-06T06:40:23","guid":{"rendered":"https:\/\/analyse.optim.biz\/?p=2081464"},"modified":"2026-08-06T09:40:23","modified_gmt":"2026-08-06T06:40:23","slug":"ioana-velcea-printre-favoritele-la-titlul-de-mvp-al-fiba-u18-womens-eurobasket-2026-division-b","status":"publish","type":"post","link":"https:\/\/analyse.optim.biz\/?p=2081464","title":{"rendered":"Ioana Velcea, printre favoritele la titlul de MVP al FIBA U18 Women&#8217;s EuroBasket 2026, Division B &#8211;"},"content":{"rendered":"<p>[analyse_image type=&#8221;featured&#8221; src=&#8221;https:\/\/liberinteleorman.ro\/wp-content\/uploads\/2026\/08\/IMG_9861.jpeg&#8221;]<\/p>\n<div class=\"entry-content single56__content single56__post_content single56__body_area\">\n<hr class=\"wp-block-separator has-alpha-channel-opacity\">\n<p><strong>Baschetul rom\u00e2nesc are din nou motive de m\u00e2ndrie. Ioana-Vanessa Velcea, din Teleorman, se num\u0103r\u0103 printre juc\u0103toarele nominalizate \u00een cursa pentru titlul de\u00a0MVP al FIBA U18 Women\u2019s EuroBasket 2026, Division B, confirm\u00e2nd \u00eenc\u0103 o dat\u0103 statutul s\u0103u de una dintre cele mai promi\u021b\u0103toare tinere sportive din Europa<\/strong>.<\/p>\n<p>La doar 17 ani, funda\u0219ul Rom\u00e2niei este considerat\u0103 una dintre principalele arme ale na\u021bionalei la turneul g\u0103zduit la Tulcea. Oficialii FIBA spun c\u0103 Ioana Velcea poart\u0103 pe umeri o mare parte din speran\u021bele echipei Rom\u00e2niei \u0219i c\u0103 are toate calit\u0103\u021bile pentru a face diferen\u021ba \u00een momentele importante ale competi\u021biei. <\/p>\n<p>Nominalizarea nu este deloc \u00eent\u00e2mpl\u0103toare. \u00cen vara anului trecut, Ioana Velcea a impresionat la Campionatul European U16, unde a avut o medie de peste 20 de puncte pe meci \u0219i a fost desemnat\u0103\u00a0MVP-ul FIBA U16 Women\u2019s EuroBasket 2024, Division B, dup\u0103 ce a condus Rom\u00e2nia c\u0103tre c\u00e2\u0219tigarea competi\u021biei. Evolu\u021biile sale constante i-au adus \u0219i convocarea la echipa na\u021bional\u0103 de senioare pentru preliminariile FIBA Women\u2019s EuroBasket 2027. <\/p>\n<p>\u00cen prezent, FIBA o include pe rom\u00e2nc\u0103 \u00eentr-o list\u0103 select\u0103 de candidate la titlul de MVP al competi\u021biei, al\u0103turi de alte mari talente ale continentului, precum Gabija Galvanauskaite (Lituania), Maayan Gorin (Israel), Michaela Oravcova (Slovacia) \u0219i Siena Sanford (Norvegia). <\/p>\n<p>Votul pentru desemnarea celei mai valoroase juc\u0103toare este deschis fanilor, iar sus\u021bin\u0103torii Rom\u00e2niei \u00ee\u0219i pot exprima op\u021biunea \u00een sondajul publicat de FIBA. Distinc\u021bia va recompensa juc\u0103toarea care va avea cel mai mare impact asupra turneului \u0219i va confirma evolu\u021biile excelente ar\u0103tate pe parcursul competi\u021biei, potrivit <a href=\"https:\/\/www.fiba.basketball\/en\/news\/vote-who-will-win-the-fiba-u18-womens-eurobasket-2026-division-b-title?utm_source=chatgpt.com\" target=\"_blank\" rel=\"noopener\">FIBA Basketball<\/a>.<\/p>\n<p>Pentru Rom\u00e2nia, prezen\u021ba Ioanei Velcea printre favorite arat\u0103 c\u0103 genera\u021bia actual\u0103 are poten\u021bialul de a readuce baschetul feminin rom\u00e2nesc \u00een prim-planul Europei. Dac\u0103 va continua evolu\u021biile care au consacrat-o \u00een ultimii ani, t\u00e2n\u0103ra sportiv\u0103 are toate \u0219ansele s\u0103 transforme orice nominalizare \u00eentr-un nou trofeu individual.<\/p>\n<p><a href=\"https:\/\/www.fiba.basketball\/en\/events\/fiba-u18-womens-eurobasket-2026-division-b\/news\/vote-who-will-be-the-mvp-of-the-fiba-u18-womens-eurobasket-2026-division-b\" target=\"_blank\" rel=\"noopener\">https:\/\/www.fiba.basketball\/en\/events\/fiba-u18-womens-eurobasket-2026-division-b\/news\/vote-who-will-be-the-mvp-of-the-fiba-u18-womens-eurobasket-2026-division-b<\/a><\/p>\n<\/div>\n<p>[analyse_source url=&#8221;https:\/\/liberinteleorman.ro\/ioana-velcea-printre-favoritele-la-titlul-de-mvp-al-fiba-u18-womens-eurobasket-2026-division-b\/&#8221;]<\/p>\n","protected":false},"excerpt":{"rendered":"<p>[analyse_image type=&#8221;featured&#8221; src=&#8221;https:\/\/liberinteleorman.ro\/wp-content\/uploads\/2026\/08\/IMG_9861.jpeg&#8221;] Baschetul rom\u00e2nesc are din nou motive de m\u00e2ndrie. Ioana-Vanessa Velcea, din Teleorman, se num\u0103r\u0103 printre juc\u0103toarele nominalizate \u00een cursa pentru titlul de\u00a0MVP al FIBA U18 Women\u2019s EuroBasket 2026, Division B, confirm\u00e2nd \u00eenc\u0103 o dat\u0103 statutul s\u0103u de una dintre cele mai promi\u021b\u0103toare tinere sportive din Europa. La doar 17 ani, funda\u0219ul Rom\u00e2niei [&hellip;]<\/p>\n","protected":false},"author":1,"featured_media":0,"comment_status":"open","ping_status":"","sticky":false,"template":"","format":"standard","meta":{"footnotes":""},"categories":[89],"tags":[226,181],"class_list":["post-2081464","post","type-post","status-publish","format-standard","hentry","category-romania","tag-crawlmanager","tag-liberinteleorman-ro"],"_links":{"self":[{"href":"https:\/\/analyse.optim.biz\/index.php?rest_route=\/wp\/v2\/posts\/2081464","targetHints":{"allow":["GET"]}}],"collection":[{"href":"https:\/\/analyse.optim.biz\/index.php?rest_route=\/wp\/v2\/posts"}],"about":[{"href":"https:\/\/analyse.optim.biz\/index.php?rest_route=\/wp\/v2\/types\/post"}],"author":[{"embeddable":true,"href":"https:\/\/analyse.optim.biz\/index.php?rest_route=\/wp\/v2\/users\/1"}],"replies":[{"embeddable":true,"href":"https:\/\/analyse.optim.biz\/index.php?rest_route=%2Fwp%2Fv2%2Fcomments&post=2081464"}],"version-history":[{"count":0,"href":"https:\/\/analyse.optim.biz\/index.php?rest_route=\/wp\/v2\/posts\/2081464\/revisions"}],"wp:attachment":[{"href":"https:\/\/analyse.optim.biz\/index.php?rest_route=%2Fwp%2Fv2%2Fmedia&parent=2081464"}],"wp:term":[{"taxonomy":"category","embeddable":true,"href":"https:\/\/analyse.optim.biz\/index.php?rest_route=%2Fwp%2Fv2%2Fcategories&post=2081464"},{"taxonomy":"post_tag","embeddable":true,"href":"https:\/\/analyse.optim.biz\/index.php?rest_route=%2Fwp%2Fv2%2Ftags&post=2081464"}],"curies":[{"name":"wp","href":"https:\/\/api.w.org\/{rel}","templated":true}]}}