{"id":2081460,"date":"2026-08-06T07:28:42","date_gmt":"2026-08-06T04:28:42","guid":{"rendered":"https:\/\/analyse.optim.biz\/?p=2081460"},"modified":"2026-08-06T07:28:42","modified_gmt":"2026-08-06T04:28:42","slug":"vernisaj-la-muzeul-de-istorie-din-suceava-expozitia-nicolae-stoica-ultimul-mare-interbelic","status":"publish","type":"post","link":"https:\/\/analyse.optim.biz\/?p=2081460","title":{"rendered":"Vernisaj la Muzeul de Istorie din Suceava: Expozi\u021bia \u201eNicolae Stoica. Ultimul mare interbelic\u201d"},"content":{"rendered":"<p>[analyse_image type=&#8221;featured&#8221; src=&#8221;https:\/\/www.newsbucovina.ro\/wp-content\/uploads\/2026\/08\/afis-expo-Stoica-1.jpghttps:\/\/cdn.newsbucovina.ro\/wp-content\/uploads\/2026\/08\/afis-expo-Stoica-1.jpg&#8221;]<\/p>\n<div class=\"td-post-content tagdiv-type\">\n<div class=\"td-a-rec td-a-rec-id-content_top  tdi_3 td_block_template_1\"><strong>Intr\u0103 acum \u0219i \u00een grupul de <\/p>\n<div class=\"wp-block-button\"><a class=\"wp-block-button__link wp-element-button\" href=\"https:\/\/t.me\/+TH8wcfnp8fw5NWI0\">Telegram News Bucovina<\/a><\/div>\n<p><\/strong><\/div>\n<p class=\"wp-block-paragraph\">Muzeul Na\u021bional al Bucovinei invit\u0103 publicul la vernisajul expozi\u021biei \u201eNicolae Stoica. Ultimul mare interbelic\u201d, care va avea loc miercuri, 12 august 2026, ora 13:00, \u00een Sala Parter a Muzeului de Istorie din Suceava.<\/p>\n<figure class=\"wp-block-image size-large\"><a href=\"https:\/\/cdn.newsbucovina.ro\/wp-content\/uploads\/2026\/08\/afis-expo-Stoica.jpg\"><img loading=\"lazy\" decoding=\"async\" width=\"731\" height=\"1024\" src=\"https:\/\/cdn.newsbucovina.ro\/wp-content\/uploads\/2026\/08\/afis-expo-Stoica-731x1024.jpg\" alt class=\"wp-image-445775\"><\/a><\/figure>\n<p class=\"wp-block-paragraph\">Expozi\u021bia reune\u0219te 43 de lucr\u0103ri de pictur\u0103 \u0219i grafic\u0103 \u0219i prezint\u0103 crea\u021bia unui valoros artist rom\u00e2n al secolului al XX-lea, prea pu\u021bin cunoscut publicului larg. Proiectul a fost realizat cu sprijinul unor prestigioase institu\u021bii muzeale \u0219i parteneri culturali, printre care Muzeul Na\u021bional de Art\u0103 al Rom\u00e2niei, Muzeul de Art\u0103 Cluj-Napoca, Muzeul de Art\u0103 Craiova, Muzeul Jude\u021bean de Art\u0103 \u201eCentrul Artistic Baia Mare\u201d, Muzeul Municipiului Bucure\u0219ti, Muzeul \u201eVasile P\u00e2rvan\u201d B\u00e2rlad, precum \u0219i mai multe funda\u021bii \u0219i galerii de art\u0103.<\/p>\n<p class=\"wp-block-paragraph\">N\u0103scut la Br\u0103ila, la 28 martie 1903, Nicolae Stoica a absolvit Academia de Belle Arte din Bucure\u0219ti \u00een 1925, dup\u0103 ce a urmat timp de doi ani cursurile Facult\u0103\u021bii de Medicin\u0103. Participarea sa \u00een acela\u0219i an la expozi\u021bia Tinerimea Artistic\u0103 i-a adus aprecierea istoricului Nicolae Iorga \u0219i o burs\u0103 de studii la Academia de Arte din Roma, unde s-a specializat \u00een arta plastic\u0103 \u0219i \u00een conservarea-restaurarea operelor de art\u0103. Ulterior \u0219i-a continuat perfec\u021bionarea \u00een Fran\u021ba, la Sorbona, \u00een domeniul picturii murale.<\/p>\n<p class=\"wp-block-paragraph\">\u00centre 1926 \u0219i 1944 a participat constant la Saloanele Oficiale, at\u00e2t ca expozant, c\u00e2t \u0219i ca membru al juriului. Dup\u0103 excluderea din Sindicatul Artelor Frumoase, \u00een 1945, s-a dedicat picturii religioase \u0219i restaur\u0103rii unor importante monumente de patrimoniu. Momentul de v\u00e2rf al acestei etape a fost decorarea Catedralei Ortodoxe din T\u00e2rgu Mure\u0219, realizat\u0103 \u00een fresc\u0103, tempera gras\u0103, mozaic \u0219i vitraliu, lucrare finalizat\u0103 \u00een 1986, cu doi ani \u00eenaintea dispari\u021biei artistului.<\/p>\n<p class=\"wp-block-paragraph\">Expozi\u021bia, curatoriat\u0103 de Damian Florea, va fi deschis\u0103 publicului \u00een perioada 12-30 august 2026. Proiectul este aprobat \u0219i finan\u021bat de Consiliul Jude\u021bean Suceava \u0219i \u00ee\u0219i propune s\u0103 readuc\u0103 \u00een aten\u021bie personalitatea \u0219i opera unui creator care a contribuit semnificativ la dezvoltarea picturii rom\u00e2ne\u0219ti \u0219i a artei monumentale.<\/p>\n<figure class=\"wp-block-embed is-type-video is-provider-youtube wp-block-embed-youtube wp-embed-aspect-16-9 wp-has-aspect-ratio\">\n<div class=\"wp-block-embed__wrapper\">\n<div class=\"youtube-embed\" data-video_id=\"owaoRC5i8gM\"><iframe loading=\"lazy\" title=\"De ce s\u0103 vrei s\u0103 MORI la 23 de ani?? Buchet de infrac\u021biuni = ADIO via\u021b\u0103!!! Nu a avut nicio \u0219ans\u0103...\" width=\"696\" height=\"392\" src=\"https:\/\/www.youtube.com\/embed\/owaoRC5i8gM?feature=oembed&amp;enablejsapi=1\" frameborder allow=\"accelerometer; autoplay; clipboard-write; encrypted-media; gyroscope; picture-in-picture; web-share\" referrerpolicy=\"strict-origin-when-cross-origin\" allowfullscreen><\/iframe><\/div>\n<\/div>\n<\/figure>\n<div class=\"td-a-rec td-a-rec-id-content_bottom  tdi_4 td_block_template_1\"><strong>Intr\u0103 acum \u0219i \u00een grupul de <\/p>\n<div class=\"wp-block-button\"><a class=\"wp-block-button__link wp-element-button\" href=\"https:\/\/t.me\/+TH8wcfnp8fw5NWI0\">Telegram News Bucovina<\/a><\/div>\n<p><\/strong><\/div>\n<\/div>\n<div class=\"td-post-content tagdiv-type\">\n<div class=\"td-a-rec td-a-rec-id-content_top  tdi_3 td_block_template_1\"><strong>Intr\u0103 acum \u0219i \u00een grupul de <\/p>\n<div class=\"wp-block-button\"><a class=\"wp-block-button__link wp-element-button\" href=\"https:\/\/t.me\/+TH8wcfnp8fw5NWI0\">Telegram News Bucovina<\/a><\/div>\n<p><\/strong><\/div>\n<p class=\"wp-block-paragraph\">Muzeul Na\u021bional al Bucovinei invit\u0103 publicul la vernisajul expozi\u021biei \u201eNicolae Stoica. Ultimul mare interbelic\u201d, care va avea loc miercuri, 12 august 2026, ora 13:00, \u00een Sala Parter a Muzeului de Istorie din Suceava.<\/p>\n<figure class=\"wp-block-image size-large\"><a href=\"https:\/\/cdn.newsbucovina.ro\/wp-content\/uploads\/2026\/08\/afis-expo-Stoica.jpg\"><img loading=\"lazy\" decoding=\"async\" width=\"731\" height=\"1024\" src=\"https:\/\/cdn.newsbucovina.ro\/wp-content\/uploads\/2026\/08\/afis-expo-Stoica-731x1024.jpg\" alt class=\"wp-image-445775\"><\/a><\/figure>\n<p class=\"wp-block-paragraph\">Expozi\u021bia reune\u0219te 43 de lucr\u0103ri de pictur\u0103 \u0219i grafic\u0103 \u0219i prezint\u0103 crea\u021bia unui valoros artist rom\u00e2n al secolului al XX-lea, prea pu\u021bin cunoscut publicului larg. Proiectul a fost realizat cu sprijinul unor prestigioase institu\u021bii muzeale \u0219i parteneri culturali, printre care Muzeul Na\u021bional de Art\u0103 al Rom\u00e2niei, Muzeul de Art\u0103 Cluj-Napoca, Muzeul de Art\u0103 Craiova, Muzeul Jude\u021bean de Art\u0103 \u201eCentrul Artistic Baia Mare\u201d, Muzeul Municipiului Bucure\u0219ti, Muzeul \u201eVasile P\u00e2rvan\u201d B\u00e2rlad, precum \u0219i mai multe funda\u021bii \u0219i galerii de art\u0103.<\/p>\n<p class=\"wp-block-paragraph\">N\u0103scut la Br\u0103ila, la 28 martie 1903, Nicolae Stoica a absolvit Academia de Belle Arte din Bucure\u0219ti \u00een 1925, dup\u0103 ce a urmat timp de doi ani cursurile Facult\u0103\u021bii de Medicin\u0103. Participarea sa \u00een acela\u0219i an la expozi\u021bia Tinerimea Artistic\u0103 i-a adus aprecierea istoricului Nicolae Iorga \u0219i o burs\u0103 de studii la Academia de Arte din Roma, unde s-a specializat \u00een arta plastic\u0103 \u0219i \u00een conservarea-restaurarea operelor de art\u0103. Ulterior \u0219i-a continuat perfec\u021bionarea \u00een Fran\u021ba, la Sorbona, \u00een domeniul picturii murale.<\/p>\n<p class=\"wp-block-paragraph\">\u00centre 1926 \u0219i 1944 a participat constant la Saloanele Oficiale, at\u00e2t ca expozant, c\u00e2t \u0219i ca membru al juriului. Dup\u0103 excluderea din Sindicatul Artelor Frumoase, \u00een 1945, s-a dedicat picturii religioase \u0219i restaur\u0103rii unor importante monumente de patrimoniu. Momentul de v\u00e2rf al acestei etape a fost decorarea Catedralei Ortodoxe din T\u00e2rgu Mure\u0219, realizat\u0103 \u00een fresc\u0103, tempera gras\u0103, mozaic \u0219i vitraliu, lucrare finalizat\u0103 \u00een 1986, cu doi ani \u00eenaintea dispari\u021biei artistului.<\/p>\n<p class=\"wp-block-paragraph\">Expozi\u021bia, curatoriat\u0103 de Damian Florea, va fi deschis\u0103 publicului \u00een perioada 12-30 august 2026. Proiectul este aprobat \u0219i finan\u021bat de Consiliul Jude\u021bean Suceava \u0219i \u00ee\u0219i propune s\u0103 readuc\u0103 \u00een aten\u021bie personalitatea \u0219i opera unui creator care a contribuit semnificativ la dezvoltarea picturii rom\u00e2ne\u0219ti \u0219i a artei monumentale.<\/p>\n<figure class=\"wp-block-embed is-type-video is-provider-youtube wp-block-embed-youtube wp-embed-aspect-16-9 wp-has-aspect-ratio\">\n<div class=\"wp-block-embed__wrapper\">\n<div class=\"youtube-embed\" data-video_id=\"owaoRC5i8gM\"><iframe loading=\"lazy\" title=\"De ce s\u0103 vrei s\u0103 MORI la 23 de ani?? Buchet de infrac\u021biuni = ADIO via\u021b\u0103!!! Nu a avut nicio \u0219ans\u0103...\" width=\"696\" height=\"392\" src=\"https:\/\/www.youtube.com\/embed\/owaoRC5i8gM?feature=oembed&amp;enablejsapi=1\" frameborder allow=\"accelerometer; autoplay; clipboard-write; encrypted-media; gyroscope; picture-in-picture; web-share\" referrerpolicy=\"strict-origin-when-cross-origin\" allowfullscreen><\/iframe><\/div>\n<\/div>\n<\/figure>\n<div class=\"td-a-rec td-a-rec-id-content_bottom  tdi_4 td_block_template_1\"><strong>Intr\u0103 acum \u0219i \u00een grupul de <\/p>\n<div class=\"wp-block-button\"><a class=\"wp-block-button__link wp-element-button\" href=\"https:\/\/t.me\/+TH8wcfnp8fw5NWI0\">Telegram News Bucovina<\/a><\/div>\n<p><\/strong><\/div>\n<\/div>\n<p>[analyse_source url=&#8221;https:\/\/www.newsbucovina.ro\/evenimente\/445774\/vernisaj-la-muzeul-de-istorie-din-suceava-expozitia-nicolae-stoica-ultimul-mare-interbelic&#8221;]<\/p>\n","protected":false},"excerpt":{"rendered":"<p>[analyse_image type=&#8221;featured&#8221; src=&#8221;https:\/\/www.newsbucovina.ro\/wp-content\/uploads\/2026\/08\/afis-expo-Stoica-1.jpghttps:\/\/cdn.newsbucovina.ro\/wp-content\/uploads\/2026\/08\/afis-expo-Stoica-1.jpg&#8221;] Intr\u0103 acum \u0219i \u00een grupul de Telegram News Bucovina Muzeul Na\u021bional al Bucovinei invit\u0103 publicul la vernisajul expozi\u021biei \u201eNicolae Stoica. Ultimul mare interbelic\u201d, care va avea loc miercuri, 12 august 2026, ora 13:00, \u00een Sala Parter a Muzeului de Istorie din Suceava. Expozi\u021bia reune\u0219te 43 de lucr\u0103ri de pictur\u0103 \u0219i grafic\u0103 \u0219i [&hellip;]<\/p>\n","protected":false},"author":1,"featured_media":0,"comment_status":"open","ping_status":"","sticky":false,"template":"","format":"standard","meta":{"footnotes":""},"categories":[89],"tags":[226,165],"class_list":["post-2081460","post","type-post","status-publish","format-standard","hentry","category-romania","tag-crawlmanager","tag-newsbucovina-ro"],"_links":{"self":[{"href":"https:\/\/analyse.optim.biz\/index.php?rest_route=\/wp\/v2\/posts\/2081460","targetHints":{"allow":["GET"]}}],"collection":[{"href":"https:\/\/analyse.optim.biz\/index.php?rest_route=\/wp\/v2\/posts"}],"about":[{"href":"https:\/\/analyse.optim.biz\/index.php?rest_route=\/wp\/v2\/types\/post"}],"author":[{"embeddable":true,"href":"https:\/\/analyse.optim.biz\/index.php?rest_route=\/wp\/v2\/users\/1"}],"replies":[{"embeddable":true,"href":"https:\/\/analyse.optim.biz\/index.php?rest_route=%2Fwp%2Fv2%2Fcomments&post=2081460"}],"version-history":[{"count":0,"href":"https:\/\/analyse.optim.biz\/index.php?rest_route=\/wp\/v2\/posts\/2081460\/revisions"}],"wp:attachment":[{"href":"https:\/\/analyse.optim.biz\/index.php?rest_route=%2Fwp%2Fv2%2Fmedia&parent=2081460"}],"wp:term":[{"taxonomy":"category","embeddable":true,"href":"https:\/\/analyse.optim.biz\/index.php?rest_route=%2Fwp%2Fv2%2Fcategories&post=2081460"},{"taxonomy":"post_tag","embeddable":true,"href":"https:\/\/analyse.optim.biz\/index.php?rest_route=%2Fwp%2Fv2%2Ftags&post=2081460"}],"curies":[{"name":"wp","href":"https:\/\/api.w.org\/{rel}","templated":true}]}}