{"id":2081459,"date":"2026-08-06T13:28:31","date_gmt":"2026-08-06T10:28:31","guid":{"rendered":"https:\/\/analyse.optim.biz\/?p=2081459"},"modified":"2026-08-06T13:28:31","modified_gmt":"2026-08-06T10:28:31","slug":"cursuri-gratuite-de-sport-si-fitness-pentru-suceveni-in-luna-august-suceava-da-startul-miscarii-editia-2026","status":"publish","type":"post","link":"https:\/\/analyse.optim.biz\/?p=2081459","title":{"rendered":"Cursuri gratuite de sport \u0219i fitness pentru suceveni, \u00een luna august. \u201eSuceava d\u0103 Startul Mi\u0219c\u0103rii \u2013 Edi\u021bia 2026\u201d"},"content":{"rendered":"<p>[analyse_image type=&#8221;featured&#8221; src=&#8221;https:\/\/www.newsbucovina.ro\/wp-content\/uploads\/2026\/08\/1-Flyer_Suceava_da_Startul_Miscarii_Alexandra_Deea_1440x1800-1.pnghttps:\/\/cdn.newsbucovina.ro\/wp-content\/uploads\/2026\/08\/1-Flyer_Suceava_da_Startul_Miscarii_Alexandra_Deea_1440x1800-1.png&#8221;]<\/p>\n<div class=\"td-post-content tagdiv-type\">\n<div class=\"td-a-rec td-a-rec-id-content_top  tdi_3 td_block_template_1\"><strong>Intr\u0103 acum \u0219i \u00een grupul de <\/p>\n<div class=\"wp-block-button\"><a class=\"wp-block-button__link wp-element-button\" href=\"https:\/\/t.me\/+TH8wcfnp8fw5NWI0\">Telegram News Bucovina<\/a><\/div>\n<p><\/strong><\/div>\n<p class=\"wp-block-paragraph\">Asocia\u021bia Ini\u021biative Sportive \u0219i S\u0103n\u0103toase (AISS), \u00een parteneriat cu Consiliul Jude\u021bean Suceava, continu\u0103 \u00een luna august proiectul \u201eSuceava d\u0103 Startul Mi\u0219c\u0103rii \u2013 Edi\u021bia 2026\u201d, oferind sucevenilor posibilitatea de a participa gratuit la cursuri de sport \u0219i fitness.<\/p>\n<figure class=\"wp-block-gallery has-nested-images columns-default is-cropped wp-block-gallery-1 is-layout-flex wp-block-gallery-is-layout-flex\">\n<figure class=\"wp-block-image size-large\"><a href=\"https:\/\/cdn.newsbucovina.ro\/wp-content\/uploads\/2026\/08\/1-Flyer_Suceava_da_Startul_Miscarii_Alexandra_Deea_1440x1800.png\"><img loading=\"lazy\" decoding=\"async\" width=\"819\" height=\"1024\" data-id=\"445830\" src=\"https:\/\/cdn.newsbucovina.ro\/wp-content\/uploads\/2026\/08\/1-Flyer_Suceava_da_Startul_Miscarii_Alexandra_Deea_1440x1800-819x1024.png\" alt class=\"wp-image-445830\"><\/a><\/figure>\n<figure class=\"wp-block-image size-large\"><a href=\"https:\/\/cdn.newsbucovina.ro\/wp-content\/uploads\/2026\/08\/Afis_Suceava_da_Startul_Miscarii_Editia_2026_Copii_Alexandra_1440x1800.png\"><img loading=\"lazy\" decoding=\"async\" width=\"819\" height=\"1024\" data-id=\"445829\" src=\"https:\/\/cdn.newsbucovina.ro\/wp-content\/uploads\/2026\/08\/Afis_Suceava_da_Startul_Miscarii_Editia_2026_Copii_Alexandra_1440x1800-819x1024.png\" alt class=\"wp-image-445829\"><\/a><\/figure>\n<figure class=\"wp-block-image size-large\"><a href=\"https:\/\/cdn.newsbucovina.ro\/wp-content\/uploads\/2026\/08\/Flyer_Suceava_da_Startul_Miscarii_Program_General_1440x1800.png\"><img decoding=\"async\" loading=\"lazy\" width=\"819\" height=\"1024\" data-id=\"445831\" src=\"https:\/\/cdn.newsbucovina.ro\/wp-content\/uploads\/2026\/08\/Flyer_Suceava_da_Startul_Miscarii_Program_General_1440x1800-819x1024.png\" alt class=\"wp-image-445831\"><\/a><\/figure>\n<figure class=\"wp-block-image size-large\"><a href=\"https:\/\/cdn.newsbucovina.ro\/wp-content\/uploads\/2026\/08\/Flyer_Suceava_da_Startul_Miscarii_Step_Aerobic_1440x1800.png\"><img decoding=\"async\" loading=\"lazy\" width=\"819\" height=\"1024\" data-id=\"445832\" src=\"https:\/\/cdn.newsbucovina.ro\/wp-content\/uploads\/2026\/08\/Flyer_Suceava_da_Startul_Miscarii_Step_Aerobic_1440x1800-819x1024.png\" alt class=\"wp-image-445832\"><\/a><\/figure>\n<\/figure>\n<p class=\"wp-block-paragraph\">Ini\u021biativa \u00ee\u0219i propune s\u0103 \u00eencurajeze mi\u0219carea, s\u0103 reduc\u0103 sedentarismul \u0219i s\u0103 ofere copiilor, adolescen\u021bilor \u0219i adul\u021bilor oportunitatea de a adopta un stil de via\u021b\u0103 mai activ \u0219i mai s\u0103n\u0103tos. Programul include Zumba Fitness, Rebound &amp; Shape, Full Body Workout, Postural Workout, Fitness Aerobic, Step Aerobic Workout, precum \u0219i activit\u0103\u021bi de sport, dans \u0219i distrac\u021bie pentru copii.<\/p>\n<p class=\"wp-block-paragraph\">Activit\u0103\u021bile sunt adaptate diferitelor categorii de v\u00e2rst\u0103 \u0219i niveluri de preg\u0103tire fizic\u0103, astfel \u00eenc\u00e2t \u0219i persoanele care nu practic\u0103 sport \u00een mod regulat s\u0103 poat\u0103 participa. Pe l\u00e2ng\u0103 beneficiile asupra condi\u021biei fizice, mobilit\u0103\u021bii, posturii \u0219i coordon\u0103rii, proiectul creeaz\u0103 un cadru \u00een care oamenii pot socializa \u0219i se pot bucura \u00eempreun\u0103 de mi\u0219care.<\/p>\n<p class=\"wp-block-paragraph\">Proiectul este sus\u021binut financiar de Consiliul Jude\u021bean Suceava \u0219i realizat de Asocia\u021bia Ini\u021biative Sportive \u0219i S\u0103n\u0103toase. Participarea la activit\u0103\u021bile organizate pe parcursul lunii august 2026 este 100% gratuit\u0103.<\/p>\n<p class=\"wp-block-paragraph\">Cursurile se desf\u0103\u0219oar\u0103 la Casa de Cultur\u0103 Suceava, etajul 2. \u00censcrierile \u0219i informa\u021biile se pot ob\u021bine la num\u0103rul de telefon 0741 02 54 54. Locurile sunt limitate, iar persoanele interesate sunt \u00eencurajate s\u0103 se \u00eenscrie din timp.<\/p>\n<figure class=\"wp-block-embed is-type-video is-provider-youtube wp-block-embed-youtube wp-embed-aspect-16-9 wp-has-aspect-ratio\">\n<div class=\"wp-block-embed__wrapper\">\n<div class=\"youtube-embed\" data-video_id=\"owaoRC5i8gM\"><iframe loading=\"lazy\" title=\"De ce s\u0103 vrei s\u0103 MORI la 23 de ani?? Buchet de infrac\u021biuni = ADIO via\u021b\u0103!!! Nu a avut nicio \u0219ans\u0103...\" width=\"696\" height=\"392\" src=\"https:\/\/www.youtube.com\/embed\/owaoRC5i8gM?feature=oembed&amp;enablejsapi=1\" frameborder allow=\"accelerometer; autoplay; clipboard-write; encrypted-media; gyroscope; picture-in-picture; web-share\" referrerpolicy=\"strict-origin-when-cross-origin\" allowfullscreen><\/iframe><\/div>\n<\/div>\n<\/figure>\n<div class=\"td-a-rec td-a-rec-id-content_bottom  tdi_4 td_block_template_1\"><strong>Intr\u0103 acum \u0219i \u00een grupul de <\/p>\n<div class=\"wp-block-button\"><a class=\"wp-block-button__link wp-element-button\" href=\"https:\/\/t.me\/+TH8wcfnp8fw5NWI0\">Telegram News Bucovina<\/a><\/div>\n<p><\/strong><\/div>\n<\/div>\n<div class=\"td-post-content tagdiv-type\">\n<div class=\"td-a-rec td-a-rec-id-content_top  tdi_3 td_block_template_1\"><strong>Intr\u0103 acum \u0219i \u00een grupul de <\/p>\n<div class=\"wp-block-button\"><a class=\"wp-block-button__link wp-element-button\" href=\"https:\/\/t.me\/+TH8wcfnp8fw5NWI0\">Telegram News Bucovina<\/a><\/div>\n<p><\/strong><\/div>\n<p class=\"wp-block-paragraph\">Asocia\u021bia Ini\u021biative Sportive \u0219i S\u0103n\u0103toase (AISS), \u00een parteneriat cu Consiliul Jude\u021bean Suceava, continu\u0103 \u00een luna august proiectul \u201eSuceava d\u0103 Startul Mi\u0219c\u0103rii \u2013 Edi\u021bia 2026\u201d, oferind sucevenilor posibilitatea de a participa gratuit la cursuri de sport \u0219i fitness.<\/p>\n<figure class=\"wp-block-gallery has-nested-images columns-default is-cropped wp-block-gallery-1 is-layout-flex wp-block-gallery-is-layout-flex\">\n<figure class=\"wp-block-image size-large\"><a href=\"https:\/\/cdn.newsbucovina.ro\/wp-content\/uploads\/2026\/08\/1-Flyer_Suceava_da_Startul_Miscarii_Alexandra_Deea_1440x1800.png\"><img loading=\"lazy\" decoding=\"async\" width=\"819\" height=\"1024\" data-id=\"445830\" src=\"https:\/\/cdn.newsbucovina.ro\/wp-content\/uploads\/2026\/08\/1-Flyer_Suceava_da_Startul_Miscarii_Alexandra_Deea_1440x1800-819x1024.png\" alt class=\"wp-image-445830\"><\/a><\/figure>\n<figure class=\"wp-block-image size-large\"><a href=\"https:\/\/cdn.newsbucovina.ro\/wp-content\/uploads\/2026\/08\/Afis_Suceava_da_Startul_Miscarii_Editia_2026_Copii_Alexandra_1440x1800.png\"><img loading=\"lazy\" decoding=\"async\" width=\"819\" height=\"1024\" data-id=\"445829\" src=\"https:\/\/cdn.newsbucovina.ro\/wp-content\/uploads\/2026\/08\/Afis_Suceava_da_Startul_Miscarii_Editia_2026_Copii_Alexandra_1440x1800-819x1024.png\" alt class=\"wp-image-445829\"><\/a><\/figure>\n<figure class=\"wp-block-image size-large\"><a href=\"https:\/\/cdn.newsbucovina.ro\/wp-content\/uploads\/2026\/08\/Flyer_Suceava_da_Startul_Miscarii_Program_General_1440x1800.png\"><img decoding=\"async\" loading=\"lazy\" width=\"819\" height=\"1024\" data-id=\"445831\" src=\"https:\/\/cdn.newsbucovina.ro\/wp-content\/uploads\/2026\/08\/Flyer_Suceava_da_Startul_Miscarii_Program_General_1440x1800-819x1024.png\" alt class=\"wp-image-445831\"><\/a><\/figure>\n<figure class=\"wp-block-image size-large\"><a href=\"https:\/\/cdn.newsbucovina.ro\/wp-content\/uploads\/2026\/08\/Flyer_Suceava_da_Startul_Miscarii_Step_Aerobic_1440x1800.png\"><img decoding=\"async\" loading=\"lazy\" width=\"819\" height=\"1024\" data-id=\"445832\" src=\"https:\/\/cdn.newsbucovina.ro\/wp-content\/uploads\/2026\/08\/Flyer_Suceava_da_Startul_Miscarii_Step_Aerobic_1440x1800-819x1024.png\" alt class=\"wp-image-445832\"><\/a><\/figure>\n<\/figure>\n<p class=\"wp-block-paragraph\">Ini\u021biativa \u00ee\u0219i propune s\u0103 \u00eencurajeze mi\u0219carea, s\u0103 reduc\u0103 sedentarismul \u0219i s\u0103 ofere copiilor, adolescen\u021bilor \u0219i adul\u021bilor oportunitatea de a adopta un stil de via\u021b\u0103 mai activ \u0219i mai s\u0103n\u0103tos. Programul include Zumba Fitness, Rebound &amp; Shape, Full Body Workout, Postural Workout, Fitness Aerobic, Step Aerobic Workout, precum \u0219i activit\u0103\u021bi de sport, dans \u0219i distrac\u021bie pentru copii.<\/p>\n<p class=\"wp-block-paragraph\">Activit\u0103\u021bile sunt adaptate diferitelor categorii de v\u00e2rst\u0103 \u0219i niveluri de preg\u0103tire fizic\u0103, astfel \u00eenc\u00e2t \u0219i persoanele care nu practic\u0103 sport \u00een mod regulat s\u0103 poat\u0103 participa. Pe l\u00e2ng\u0103 beneficiile asupra condi\u021biei fizice, mobilit\u0103\u021bii, posturii \u0219i coordon\u0103rii, proiectul creeaz\u0103 un cadru \u00een care oamenii pot socializa \u0219i se pot bucura \u00eempreun\u0103 de mi\u0219care.<\/p>\n<p class=\"wp-block-paragraph\">Proiectul este sus\u021binut financiar de Consiliul Jude\u021bean Suceava \u0219i realizat de Asocia\u021bia Ini\u021biative Sportive \u0219i S\u0103n\u0103toase. Participarea la activit\u0103\u021bile organizate pe parcursul lunii august 2026 este 100% gratuit\u0103.<\/p>\n<p class=\"wp-block-paragraph\">Cursurile se desf\u0103\u0219oar\u0103 la Casa de Cultur\u0103 Suceava, etajul 2. \u00censcrierile \u0219i informa\u021biile se pot ob\u021bine la num\u0103rul de telefon 0741 02 54 54. Locurile sunt limitate, iar persoanele interesate sunt \u00eencurajate s\u0103 se \u00eenscrie din timp.<\/p>\n<figure class=\"wp-block-embed is-type-video is-provider-youtube wp-block-embed-youtube wp-embed-aspect-16-9 wp-has-aspect-ratio\">\n<div class=\"wp-block-embed__wrapper\">\n<div class=\"youtube-embed\" data-video_id=\"owaoRC5i8gM\"><iframe loading=\"lazy\" title=\"De ce s\u0103 vrei s\u0103 MORI la 23 de ani?? Buchet de infrac\u021biuni = ADIO via\u021b\u0103!!! Nu a avut nicio \u0219ans\u0103...\" width=\"696\" height=\"392\" src=\"https:\/\/www.youtube.com\/embed\/owaoRC5i8gM?feature=oembed&amp;enablejsapi=1\" frameborder allow=\"accelerometer; autoplay; clipboard-write; encrypted-media; gyroscope; picture-in-picture; web-share\" referrerpolicy=\"strict-origin-when-cross-origin\" allowfullscreen><\/iframe><\/div>\n<\/div>\n<\/figure>\n<div class=\"td-a-rec td-a-rec-id-content_bottom  tdi_4 td_block_template_1\"><strong>Intr\u0103 acum \u0219i \u00een grupul de <\/p>\n<div class=\"wp-block-button\"><a class=\"wp-block-button__link wp-element-button\" href=\"https:\/\/t.me\/+TH8wcfnp8fw5NWI0\">Telegram News Bucovina<\/a><\/div>\n<p><\/strong><\/div>\n<\/div>\n<p>[analyse_source url=&#8221;https:\/\/www.newsbucovina.ro\/evenimente\/445828\/cursuri-gratuite-de-sport-si-fitness-pentru-suceveni-in-luna-august-suceava-da-startul-miscarii-editia-2026&#8243;]<\/p>\n","protected":false},"excerpt":{"rendered":"<p>[analyse_image type=&#8221;featured&#8221; src=&#8221;https:\/\/www.newsbucovina.ro\/wp-content\/uploads\/2026\/08\/1-Flyer_Suceava_da_Startul_Miscarii_Alexandra_Deea_1440x1800-1.pnghttps:\/\/cdn.newsbucovina.ro\/wp-content\/uploads\/2026\/08\/1-Flyer_Suceava_da_Startul_Miscarii_Alexandra_Deea_1440x1800-1.png&#8221;] Intr\u0103 acum \u0219i \u00een grupul de Telegram News Bucovina Asocia\u021bia Ini\u021biative Sportive \u0219i S\u0103n\u0103toase (AISS), \u00een parteneriat cu Consiliul Jude\u021bean Suceava, continu\u0103 \u00een luna august proiectul \u201eSuceava d\u0103 Startul Mi\u0219c\u0103rii \u2013 Edi\u021bia 2026\u201d, oferind sucevenilor posibilitatea de a participa gratuit la cursuri de sport \u0219i fitness. Ini\u021biativa \u00ee\u0219i propune s\u0103 \u00eencurajeze mi\u0219carea, [&hellip;]<\/p>\n","protected":false},"author":1,"featured_media":0,"comment_status":"open","ping_status":"","sticky":false,"template":"","format":"standard","meta":{"footnotes":""},"categories":[89],"tags":[226,165],"class_list":["post-2081459","post","type-post","status-publish","format-standard","hentry","category-romania","tag-crawlmanager","tag-newsbucovina-ro"],"_links":{"self":[{"href":"https:\/\/analyse.optim.biz\/index.php?rest_route=\/wp\/v2\/posts\/2081459","targetHints":{"allow":["GET"]}}],"collection":[{"href":"https:\/\/analyse.optim.biz\/index.php?rest_route=\/wp\/v2\/posts"}],"about":[{"href":"https:\/\/analyse.optim.biz\/index.php?rest_route=\/wp\/v2\/types\/post"}],"author":[{"embeddable":true,"href":"https:\/\/analyse.optim.biz\/index.php?rest_route=\/wp\/v2\/users\/1"}],"replies":[{"embeddable":true,"href":"https:\/\/analyse.optim.biz\/index.php?rest_route=%2Fwp%2Fv2%2Fcomments&post=2081459"}],"version-history":[{"count":0,"href":"https:\/\/analyse.optim.biz\/index.php?rest_route=\/wp\/v2\/posts\/2081459\/revisions"}],"wp:attachment":[{"href":"https:\/\/analyse.optim.biz\/index.php?rest_route=%2Fwp%2Fv2%2Fmedia&parent=2081459"}],"wp:term":[{"taxonomy":"category","embeddable":true,"href":"https:\/\/analyse.optim.biz\/index.php?rest_route=%2Fwp%2Fv2%2Fcategories&post=2081459"},{"taxonomy":"post_tag","embeddable":true,"href":"https:\/\/analyse.optim.biz\/index.php?rest_route=%2Fwp%2Fv2%2Ftags&post=2081459"}],"curies":[{"name":"wp","href":"https:\/\/api.w.org\/{rel}","templated":true}]}}