{"id":208132,"date":"2014-04-08T17:48:33","date_gmt":"2014-04-08T14:48:33","guid":{"rendered":"https:\/\/analyse.optim.biz\/?p=208132"},"modified":"2014-04-08T17:48:33","modified_gmt":"2014-04-08T14:48:33","slug":"proiect-de-lege-seful-serviciului-de-informatii-al-apararii-ar-putea-fi-numit-de-premier","status":"publish","type":"post","link":"https:\/\/analyse.optim.biz\/?p=208132","title":{"rendered":"Proiect de lege. \u015eeful serviciului de informa\u0163ii al Ap\u0103r\u0103rii ar putea fi numit de premier"},"content":{"rendered":"<div class=\"entry data-app-meta data-app-meta-article\" data-embed-base-url-canonical=\"https:\/\/www.digi24.ro\/embed\/stiri\/actualitate\/politica\/proiect-de-lege-seful-serviciului-de-informatii-al-apararii-ar-putea-fi-numit-de-premier-226565\">\n<p data-index=\"1\">Potrivit unui proiect de lege ini\u0163iat de mai multi parlamentari ai puterii, printre care \u015fi actualul ministru al Ap\u0103r\u0103rii, Mircea Du\u015fa, \u015feful acestei direc\u0163ii ar urma s\u0103 fie numit de premier, la propunerea ministrului Ap\u0103r\u0103rii, cu avizul CSAT. Premierul \u00eel nume\u015fte deja pe \u015feful DGIPI, serviciul de informa\u0163ii al Ministerului de Interne.<\/p>\n<p data-index=\"2\">Proiectul privind trecerea direc\u021biei de informa\u021bii a armatei \u00een subordinea premierului a fost deja criticat de opozi\u0163ie, mai ales c\u0103 printre ini\u021biatori se num\u0103r\u0103 \u0219i socrul premierului Victor Ponta, <strong>Ilie S\u00e2rbu<\/strong>.<\/p>\n<p data-index=\"3\">\u201eNu po\u021bi s\u0103 faci o propunere care s\u0103 \u00eei aduc\u0103 beneficii celui cu care stai \u00een fiecare zi \u00een cas\u0103 \u0219i pui la cale toate strategiile politice\u201d, a spus deputatul PDL <strong>Tinel Gheorghe<\/strong>.<\/p>\n<p data-index=\"4\">\u201eNu bate\u021bi c\u00e2mpii\u201d, a fost replica social-democratului <strong>Viorel Hrebenciuc<\/strong>.<\/p>\n<p data-index=\"5\">\u201eEu bat c\u00e2mpiile, c\u00e2mpii bate\u021bi dumneavoastr\u0103\u201d, i-a r\u0103spuns <strong>Tinel Gheorghe.<\/strong><\/p>\n<p data-index=\"6\">Deputa\u0163ii opozi\u0163iei \u00eel acuz\u0103 pe premier c\u0103 vrea prea mult\u0103 putere, \u00een timp ce colegii lui Victor Ponta spun c\u0103 legea ar fi de fapt necesar\u0103 \u00een contextul noilor realit\u0103\u0163i de la grani\u0163a cu Ucraina.<\/p>\n<p data-index=\"7\">\u201eRealitatea lumii s-a schimbat. Era o necesitate cerut\u0103 de exterior\u201d, a spus deputatul PSD <strong>Gheorghe Emacu<\/strong>.<\/p>\n<p data-index=\"8\">\u201eAcest proeict de lege nu are leg\u0103tur\u0103 cu ce se \u00eent\u00e2mpl\u0103 l\u00e2ng\u0103 grani\u021ba Rom\u00e2niei, nu este determinat\u0103 nici de situa\u021bia din Ucraina, ci de concentrarea puterii la un singur om\u201d, a spus parlamentarul PNL <strong>George Scutaru<\/strong>.<\/p>\n<p data-index=\"9\">De\u0219i votul privind noua lege era programat ast\u0103zi, dup\u0103 dezbaterile din plen, el nu a mai avut loc. De ce? Nici pre\u015fedintele \u015fedin\u0163ei de plen nu a \u015ftiut s\u0103 dea r\u0103spunsul.<\/p>\n<p data-index=\"10\">\u201eDup\u0103 \u0219edin\u021b\u0103 voi cerceta s\u0103 v\u0103d ce s-a \u00eent\u00e2mplat \u0219i ve\u021bi primi r\u0103spuns\u201d, a spus <strong>Viorel Hrebenciuc<\/strong>.<\/p>\n<p data-index=\"11\">Potrivit liderului deputa\u0163ilor PSD, <strong>Marian Neac\u015fu<\/strong>, votul a fost am\u00e2nat de fapt pentru c\u0103 ministrul Ap\u0103r\u0103rii, <strong>Mircea Du\u015fa<\/strong>, voia s\u0103 fie \u015fi el prezent \u00een sal\u0103.<\/p>\n<p data-index=\"12\">Camera decizional\u0103 pentru acest proiect este Senatul.<\/p>\n<\/div>\n<p> Source URL: https:\/\/www.digi24.ro\/stiri\/actualitate\/politica\/proiect-de-lege-seful-serviciului-de-informatii-al-apararii-ar-putea-fi-numit-de-premier-226565<\/p>\n","protected":false},"excerpt":{"rendered":"<p>Potrivit unui proiect de lege ini\u0163iat de mai multi parlamentari ai puterii, printre care \u015fi actualul ministru al Ap\u0103r\u0103rii, Mircea Du\u015fa, \u015feful acestei direc\u0163ii ar urma s\u0103 fie numit de premier, la propunerea ministrului Ap\u0103r\u0103rii, cu avizul CSAT. Premierul \u00eel nume\u015fte deja pe \u015feful DGIPI, serviciul de informa\u0163ii al Ministerului de Interne. Proiectul privind trecerea [&hellip;]<\/p>\n","protected":false},"author":1,"featured_media":208133,"comment_status":"open","ping_status":"","sticky":false,"template":"","format":"standard","meta":{"footnotes":""},"categories":[2],"tags":[11],"class_list":["post-208132","post","type-post","status-publish","format-standard","has-post-thumbnail","hentry","category-politics","tag-digi24"],"_links":{"self":[{"href":"https:\/\/analyse.optim.biz\/index.php?rest_route=\/wp\/v2\/posts\/208132","targetHints":{"allow":["GET"]}}],"collection":[{"href":"https:\/\/analyse.optim.biz\/index.php?rest_route=\/wp\/v2\/posts"}],"about":[{"href":"https:\/\/analyse.optim.biz\/index.php?rest_route=\/wp\/v2\/types\/post"}],"author":[{"embeddable":true,"href":"https:\/\/analyse.optim.biz\/index.php?rest_route=\/wp\/v2\/users\/1"}],"replies":[{"embeddable":true,"href":"https:\/\/analyse.optim.biz\/index.php?rest_route=%2Fwp%2Fv2%2Fcomments&post=208132"}],"version-history":[{"count":0,"href":"https:\/\/analyse.optim.biz\/index.php?rest_route=\/wp\/v2\/posts\/208132\/revisions"}],"wp:featuredmedia":[{"embeddable":true,"href":"https:\/\/analyse.optim.biz\/index.php?rest_route=\/wp\/v2\/media\/208133"}],"wp:attachment":[{"href":"https:\/\/analyse.optim.biz\/index.php?rest_route=%2Fwp%2Fv2%2Fmedia&parent=208132"}],"wp:term":[{"taxonomy":"category","embeddable":true,"href":"https:\/\/analyse.optim.biz\/index.php?rest_route=%2Fwp%2Fv2%2Fcategories&post=208132"},{"taxonomy":"post_tag","embeddable":true,"href":"https:\/\/analyse.optim.biz\/index.php?rest_route=%2Fwp%2Fv2%2Ftags&post=208132"}],"curies":[{"name":"wp","href":"https:\/\/api.w.org\/{rel}","templated":true}]}}