{"id":2081260,"date":"2026-08-06T14:56:29","date_gmt":"2026-08-06T11:56:29","guid":{"rendered":"https:\/\/analyse.optim.biz\/?p=2081260"},"modified":"2026-08-06T14:56:29","modified_gmt":"2026-08-06T11:56:29","slug":"liviu-gherman-acuza-o-campanie-de-denigrare-dupa-procesul-castigat-impotriva-primariei-sanandrei-si-publica","status":"publish","type":"post","link":"https:\/\/analyse.optim.biz\/?p=2081260","title":{"rendered":"Liviu Gherman acuz\u0103 o campanie de denigrare dup\u0103 procesul c\u00e2\u0219tigat \u00eempotriva Prim\u0103riei S\u00e2nandrei \u0219i public\u0103"},"content":{"rendered":"<p>[analyse_image type=&#8221;featured&#8221; src=&#8221;https:\/\/orasul-timisoara.ro\/wp-content\/uploads\/2026\/08\/liviu-ghrerman-biaren-timisoara.jpg&#8221;]<\/p>\n<article id=\"post-40076\" class=\"td-post-template-7 post-40076 post type-post status-publish format-standard has-post-thumbnail category-featured category-politic category-stiri-timisoara tag-aur tag-claudiu-coman tag-consiliul-local-sanandrei tag-curtea-de-apel-timisoara tag-impozite-locale tag-liviu-gherman tag-primaria-sanandrei-2 tag-proces-primaria-sanandrei tag-sanandrei-2 td-container-wrap\">\n<div class=\"td-full-screen-header-image-wrap\">\n<div class=\"td-container td-post-header\">\n<div class=\"td-crumb-container\">\n<div class=\"entry-crumbs\"><span><a title=\"Vede\u021bi toate articolele \u00een Politic\" class=\"entry-crumb\" href=\"https:\/\/orasul-timisoara.ro\/local-category\/politic\/\">Politic<\/a><\/span><span class=\"td-bred-no-url-last\">Liviu Gherman acuz\u0103 o campanie de denigrare dup\u0103 procesul c\u00e2\u0219tigat \u00eempotriva Prim\u0103riei&#8230;<\/span><\/div>\n<\/div>\n<div class=\"td-post-header-holder\">\n<div class=\"td-parallax-header\">\n<header class=\"td-post-title\">\n<ul class=\"td-category\">\n<li class=\"entry-category\"><a href=\"https:\/\/orasul-timisoara.ro\/local-category\/politic\/\">Politic<\/a><\/li>\n<li class=\"entry-category\"><a href=\"https:\/\/orasul-timisoara.ro\/local-category\/stiri-timisoara\/\">\u0218tiri Locale<\/a><\/li>\n<\/ul>\n<h1 class=\"entry-title\">Liviu Gherman acuz\u0103 o campanie de denigrare dup\u0103 procesul c\u00e2\u0219tigat \u00eempotriva Prim\u0103riei S\u00e2nandrei \u0219i public\u0103 documente: \u201eAm c\u00e2\u0219tigat \u00een instan\u021b\u0103, dar autorit\u0103\u021bile refuz\u0103 s\u0103 restituie sumele\u201d<\/h1>\n<div class=\"td-module-meta-info\">\n<div class=\"td-post-author-name\">\n<div class=\"td-author-by\">De c\u0103tre<\/div>\n<p><a href=\"https:\/\/orasul-timisoara.ro\/author\/timisoara\/\">redactia<\/a><\/p>\n<div class=\"td-author-line\"> &#8211; <\/div>\n<\/div>\n<p><span class=\"td-post-date\"><time class=\"entry-date updated td-module-date\" datetime=\"2026-08-06T17:56:29+03:00\">06\/08\/2026<\/time><\/span><\/div>\n<\/header>\n<\/div>\n<\/div>\n<\/div>\n<div id=\"td-full-screen-header-image\" class=\"td-image-gradient-style7\"><img decoding=\"async\" class=\"td-backstretch\" src=\"https:\/\/orasul-timisoara.ro\/wp-content\/uploads\/2026\/08\/liviu-ghrerman-biaren-timisoara.jpg\"><\/div>\n<\/div>\n<div class=\"td-container\">\n<div class=\"td-pb-row\">\n<div class=\"td-pb-span8 td-main-content\" role=\"main\">\n<div class=\"td-ss-main-content\">\n<div class=\"td-post-sharing-top\">\n<div class=\"td-post-sharing-classic\"><iframe title=\"topFacebookLike\" frameborder src=\"https:\/\/www.facebook.com\/plugins\/like.php?href=https:\/\/orasul-timisoara.ro\/local-40076\/&amp;layout=button_count&amp;show_faces=false&amp;width=105&amp;action=like&amp;colorscheme=light&amp;height=21\"><\/iframe><\/div>\n<div id=\"td_social_sharing_article_top\" class=\"td-post-sharing td-ps-bg td-ps-notext td-post-sharing-style1 \">\n<div class=\"td-post-sharing-visible\"><a class=\"td-social-sharing-button td-social-sharing-button-js td-social-network td-social-facebook\" href=\"https:\/\/www.facebook.com\/sharer.php?u=https%3A%2F%2Forasul-timisoara.ro%2Flocal-40076%2F\" title=\"Facebook\"><\/p>\n<div class=\"td-social-but-text\">Facebook<\/div>\n<p><\/a><a class=\"td-social-sharing-button td-social-sharing-button-js td-social-network td-social-twitter\" href=\"https:\/\/twitter.com\/intent\/tweet?text=Liviu+Gherman+acuz%C4%83+o+campanie+de+denigrare+dup%C4%83+procesul+c%C3%A2%C8%99tigat+%C3%AEmpotriva+Prim%C4%83riei+S%C3%A2nandrei+%C8%99i+public%C4%83+documente%3A+%E2%80%9EAm+c%C3%A2%C8%99tigat+%C3%AEn+instan%C8%9B%C4%83%2C+dar+autorit%C4%83%C8%9Bile+refuz%C4%83+s%C4%83+restituie+sumele%E2%80%9D&amp;url=https%3A%2F%2Forasul-timisoara.ro%2Flocal-40076%2F&amp;via=orasultm\" title=\"Twitter\"><\/p>\n<div class=\"td-social-but-text\">Twitter<\/div>\n<p><\/a><a class=\"td-social-sharing-button td-social-sharing-button-js td-social-network td-social-whatsapp\" href=\"https:\/\/api.whatsapp.com\/send?text=Liviu+Gherman+acuz%C4%83+o+campanie+de+denigrare+dup%C4%83+procesul+c%C3%A2%C8%99tigat+%C3%AEmpotriva+Prim%C4%83riei+S%C3%A2nandrei+%C8%99i+public%C4%83+documente%3A+%E2%80%9EAm+c%C3%A2%C8%99tigat+%C3%AEn+instan%C8%9B%C4%83%2C+dar+autorit%C4%83%C8%9Bile+refuz%C4%83+s%C4%83+restituie+sumele%E2%80%9D%20%0A%0A%20https:\/\/orasul-timisoara.ro\/local-40076\/\" title=\"WhatsApp\"><\/p>\n<div class=\"td-social-but-text\">WhatsApp<\/div>\n<p><\/a><a class=\"td-social-sharing-button td-social-sharing-button-js td-social-network td-social-linkedin\" href=\"https:\/\/www.linkedin.com\/shareArticle?mini=true&amp;url=https:\/\/orasul-timisoara.ro\/local-40076\/&amp;title=Liviu+Gherman+acuz%C4%83+o+campanie+de+denigrare+dup%C4%83+procesul+c%C3%A2%C8%99tigat+%C3%AEmpotriva+Prim%C4%83riei+S%C3%A2nandrei+%C8%99i+public%C4%83+documente%3A+%E2%80%9EAm+c%C3%A2%C8%99tigat+%C3%AEn+instan%C8%9B%C4%83%2C+dar+autorit%C4%83%C8%9Bile+refuz%C4%83+s%C4%83+restituie+sumele%E2%80%9D\" title=\"Linkedin\"><\/p>\n<div class=\"td-social-but-text\">Linkedin<\/div>\n<p><\/a><a class=\"td-social-sharing-button td-social-sharing-button-js td-social-network td-social-reddit\" href=\"https:\/\/reddit.com\/submit?url=https:\/\/orasul-timisoara.ro\/local-40076\/&amp;title=Liviu+Gherman+acuz%C4%83+o+campanie+de+denigrare+dup%C4%83+procesul+c%C3%A2%C8%99tigat+%C3%AEmpotriva+Prim%C4%83riei+S%C3%A2nandrei+%C8%99i+public%C4%83+documente%3A+%E2%80%9EAm+c%C3%A2%C8%99tigat+%C3%AEn+instan%C8%9B%C4%83%2C+dar+autorit%C4%83%C8%9Bile+refuz%C4%83+s%C4%83+restituie+sumele%E2%80%9D\" title=\"ReddIt\"><\/p>\n<div class=\"td-social-but-text\">ReddIt<\/div>\n<p><\/a><a class=\"td-social-sharing-button td-social-sharing-button-js td-social-network td-social-mail\" href=\"mailto:?subject=Liviu%20Gherman%20acuz%C4%83%20o%20campanie%20de%20denigrare%20dup%C4%83%20procesul%20c%C3%A2%C8%99tigat%20%C3%AEmpotriva%20Prim%C4%83riei%20S%C3%A2nandrei%20%C8%99i%20public%C4%83%20documente:%20%E2%80%9EAm%20c%C3%A2%C8%99tigat%20%C3%AEn%20instan%C8%9B%C4%83,%20dar%20autorit%C4%83%C8%9Bile%20refuz%C4%83%20s%C4%83%20restituie%20sumele%E2%80%9D&amp;body=https:\/\/orasul-timisoara.ro\/local-40076\/\" title=\"Email\"><\/p>\n<div class=\"td-social-but-text\">Email<\/div>\n<p><\/a><a class=\"td-social-sharing-button td-social-sharing-button-js td-social-network td-social-print\" href=\"https:\/\/orasul-timisoara.ro\/local-40076\/\" title=\"Imprimare\"><\/p>\n<div class=\"td-social-but-text\">Imprimare<\/div>\n<p><\/a><\/div>\n<\/div>\n<\/div>\n<div class=\"td-post-content tagdiv-type\">\n<p class=\"wp-block-paragraph\">Consilierul local AUR din S\u00e2nandrei, <strong>Liviu Gherman<\/strong>, <a href=\"https:\/\/www.facebook.com\/biarena\/posts\/pfbid021Y4hsr2VCZ6FFa8fBKFDrSNcCVqsecTL1z5CERE7aVgYxeoEpqnr7RDrPfSHjoGel\" data-type=\"link\" data-id=\"https:\/\/www.facebook.com\/biarena\/posts\/pfbid021Y4hsr2VCZ6FFa8fBKFDrSNcCVqsecTL1z5CERE7aVgYxeoEpqnr7RDrPfSHjoGel\" target=\"_blank\" rel=\"noopener\">sus\u021bine c\u0103 este \u021binta<\/a> unei campanii de denigrare, dup\u0103 apari\u021bia \u00een spa\u021biul public a unor informa\u021bii pe care le consider\u0103 false \u0219i def\u0103im\u0103toare la adresa sa \u0219i a societ\u0103\u021bii \u00een care este asociat. Acesta afirm\u0103 c\u0103 atacurile au ap\u0103rut \u00een contextul unui litigiu cu Prim\u0103ria S\u00e2nandrei privind impozitarea unor cl\u0103diri \u0219i spune c\u0103 a decis s\u0103 fac\u0103 publice mai multe documente pentru a-\u0219i sus\u021bine pozi\u021bia.<\/p>\n<p class=\"wp-block-paragraph\">\u00centr-un comunicat transmis presei, Liviu Gherman respinge toate acuza\u021biile formulate la adresa sa \u0219i sus\u021bine c\u0103 acestea afecteaz\u0103 imaginea \u0219i reputa\u021bia unei afaceri dezvoltate \u00een peste 17 ani de activitate.<\/p>\n<h2 class=\"wp-block-heading\">Sus\u021bine c\u0103 litigiul a \u00eenceput dup\u0103 contestarea \u00een instan\u021b\u0103 a impozitelor locale<\/h2>\n<p class=\"wp-block-paragraph\">Potrivit lui Liviu Gherman, societatea din care face parte a contestat \u00een instan\u021b\u0103 modul \u00een care Prim\u0103ria S\u00e2nandrei a stabilit impozitul pentru cl\u0103dirile nereziden\u021biale. Acesta afirm\u0103 c\u0103 instan\u021ba i-a dat c\u00e2\u0219tig de cauz\u0103 printr-o hot\u0103r\u00e2re definitiv\u0103 privind anularea prevederilor referitoare la cotele de impozitare aplicate \u00een mai mul\u021bi ani fiscali.<\/p>\n<p class=\"wp-block-paragraph\">Consilierul local sus\u021bine c\u0103, \u00een ciuda hot\u0103r\u00e2rii definitive, autoritatea local\u0103 nu ar fi restituit sumele revendicate de societate, evaluate de acesta la aproximativ 400.000 de euro. Totodat\u0103, documentele depuse \u00eentr-un alt litigiu aflat pe rol indic\u0103 solicitarea unor desp\u0103gubiri de peste dou\u0103 milioane de lei reprezent\u00e2nd diferen\u021be de impozit \u0219i major\u0103ri de \u00eent\u00e2rziere.<\/p>\n<h2 class=\"wp-block-heading\">Liviu Gherman: \u201eUlterior am fost supu\u0219i \u00een mod repetat unor controale\u201d<\/h2>\n<p class=\"wp-block-paragraph\">\u00cen comunicatul transmis, Liviu Gherman afirm\u0103 c\u0103 dup\u0103 deschiderea litigiului at\u00e2t el, c\u00e2t \u0219i societatea comercial\u0103 au fost supu\u0219i \u00een mod repetat unor controale desf\u0103\u0219urate de diferite institu\u021bii publice.<\/p>\n<p class=\"wp-block-paragraph\">Acesta mai precizeaz\u0103 c\u0103 firma achit\u0103 anual c\u0103tre bugetul local aproximativ 2,6 milioane de lei sub form\u0103 de taxe \u0219i impozite \u0219i consider\u0103 c\u0103 este dificil de \u00een\u021beles de ce aceea\u0219i autoritate care \u00eencaseaz\u0103 aceste sume formuleaz\u0103 acuza\u021bii la adresa societ\u0103\u021bii.<\/p>\n<p class=\"wp-block-paragraph\">\u201eAfirma\u021biile publicate sunt neadev\u0103rate \u0219i nu reflect\u0103 realitatea. Resping categoric aceste acuza\u021bii, \u00eentruc\u00e2t ele aduc prejudicii imaginii, reputa\u021biei mele \u0219i activit\u0103\u021bii societ\u0103\u021bii pe care o coordonez de peste 17 de ani. Societatea \u00een cadrul c\u0103reia sunt asociat a ac\u021bionat \u00een instan\u021b\u0103 Prim\u0103ria S\u00e2nandrei ca urmare a supraimpozit\u0103rii cl\u0103dirilor aflate \u00een patrimoniul societ\u0103\u021bii. Instan\u021ba ne-a dat c\u00e2\u0219tig de cauz\u0103, \u00eens\u0103, \u00een pofida hot\u0103r\u00e2rii pronun\u021bate, autoritatea local\u0103 refuz\u0103 s\u0103 restituie suma de aproximativ 400.000 de euro datorat\u0103 societ\u0103\u021bii. Ulterior acestui litigiu, societatea \u0219i subsemnatul am fost supu\u0219i \u00een mod repetat unor controale efectuate de diferite institu\u021bii publice\u201d, se arat\u0103 \u00een comunicatul semnat de Liviu Gherman.<\/p>\n<h2 class=\"wp-block-heading\">A f\u0103cut publice documente pe care spune c\u0103 \u00ee\u0219i bazeaz\u0103 afirma\u021biile<\/h2>\n<p class=\"wp-block-paragraph\">Pentru a-\u0219i sus\u021bine pozi\u021bia, Liviu Gherman a publicat mai multe documente, printre care o hot\u0103r\u00e2re definitiv\u0103 a Cur\u021bii de Apel Timi\u0219oara privind anularea unor prevederi referitoare la cotele de impozitare pentru cl\u0103dirile nereziden\u021biale, documente privind litigiile fiscale cu Prim\u0103ria S\u00e2nandrei, precum \u0219i acte emise de Inspectoratul pentru Situa\u021bii de Urgen\u021b\u0103 \u0219i autoriza\u021bii referitoare la investi\u021biile societ\u0103\u021bii.<\/p>\n<p class=\"wp-block-paragraph\">Consilierul local afirm\u0103 c\u0103 a ales s\u0103 fac\u0103 publice aceste documente pentru a demonstra c\u0103 informa\u021biile ap\u0103rute \u00een spa\u021biul public nu corespund realit\u0103\u021bii \u0219i pentru a ap\u0103ra imaginea companiei.<\/p>\n<figure class=\"wp-block-gallery has-nested-images columns-6 is-cropped td-modal-on-gallery wp-block-gallery-1 is-layout-flex wp-block-gallery-is-layout-flex\">\n<figure class=\"wp-block-image size-full\"><img loading=\"lazy\" decoding=\"async\" width=\"833\" height=\"1725\" data-id=\"40077\" src=\"https:\/\/orasul-timisoara.ro\/wp-content\/uploads\/2026\/08\/748088603_1617212767081622_4841269000677680262_n.jpg\" alt class=\"wp-image-40077\"><\/figure>\n<figure class=\"wp-block-image size-full\"><img loading=\"lazy\" decoding=\"async\" width=\"1152\" height=\"2048\" data-id=\"40078\" src=\"https:\/\/orasul-timisoara.ro\/wp-content\/uploads\/2026\/08\/749184178_1616944123775153_8631382780536430244_n.jpg\" alt class=\"wp-image-40078\"><\/figure>\n<figure class=\"wp-block-image size-full\"><img loading=\"lazy\" decoding=\"async\" width=\"1152\" height=\"2048\" data-id=\"40079\" src=\"https:\/\/orasul-timisoara.ro\/wp-content\/uploads\/2026\/08\/749161236_1616944103775155_120618722706980063_n.jpg\" alt class=\"wp-image-40079\"><\/figure>\n<figure class=\"wp-block-image size-full\"><img decoding=\"async\" loading=\"lazy\" width=\"1319\" height=\"1896\" data-id=\"40081\" src=\"https:\/\/orasul-timisoara.ro\/wp-content\/uploads\/2026\/08\/748016021_1616944057108493_3357566800320817188_n.jpg\" alt class=\"wp-image-40081\"><\/figure>\n<figure class=\"wp-block-image size-full\"><img decoding=\"async\" loading=\"lazy\" width=\"946\" height=\"2048\" data-id=\"40080\" src=\"https:\/\/orasul-timisoara.ro\/wp-content\/uploads\/2026\/08\/748763697_1616944047108494_8175424857795073560_n.jpg\" alt class=\"wp-image-40080\"><\/figure>\n<figure class=\"wp-block-image size-full\"><img decoding=\"async\" loading=\"lazy\" width=\"945\" height=\"2048\" data-id=\"40086\" src=\"https:\/\/orasul-timisoara.ro\/wp-content\/uploads\/2026\/08\/WhatsApp-Image-2026-08-06-at-18.05.28.jpeg\" alt class=\"wp-image-40086\"><\/figure>\n<\/figure>\n<h2 class=\"wp-block-heading\">Anun\u021b\u0103 c\u0103 va folosi toate mijloacele legale<\/h2>\n<p class=\"wp-block-paragraph\">La finalul comunicatului, Liviu Gherman transmite c\u0103 \u00ee\u0219i rezerv\u0103 dreptul de a utiliza toate mijloacele legale pentru ap\u0103rarea drepturilor, imaginii \u0219i reputa\u021biei sale, precum \u0219i a societ\u0103\u021bii din care face parte.<\/p>\n<pre class=\"wp-block-verse\">\u201eAm ales s\u0103 prezint public aceste documente deoarece nu pot permite ca imaginea unei afaceri construite cu responsabilitate \u00een peste 17 ani s\u0103 fie afectat\u0103 de informa\u021bii false. \u00cen cadrul societ\u0103\u021bii lucreaz\u0103 aproximativ 15 angaja\u021bi, iar fa\u021b\u0103 de ace\u0219tia, precum \u0219i fa\u021b\u0103 de partenerii \u0219i clien\u021bii no\u0219tri, am obliga\u021bia de a ap\u0103ra adev\u0103rul \u0219i reputa\u021bia companiei. \u00cemi rezerv dreptul de a utiliza toate mijloacele legale pentru ap\u0103rarea drepturilor, imaginii \u0219i reputa\u021biei mele, precum \u0219i a societ\u0103\u021bii\u201d, a transmis Liviu Gherman.<\/pre>\n<p class=\"wp-block-paragraph\"><em>Redac\u021bia precizeaz\u0103 c\u0103 informa\u021biile privind presupusa campanie de denigrare, refuzul de restituire a sumelor \u0219i desf\u0103\u0219urarea controalelor reprezint\u0103 afirma\u021biile formulate de Liviu Gherman \u00een comunicatul transmis. Documentele publicate de acesta confirm\u0103 existen\u021ba litigiilor \u0219i a unor hot\u0103r\u00e2ri judec\u0103tore\u0219ti, \u00eens\u0103 pozi\u021bia Prim\u0103riei S\u00e2nandrei cu privire la aceste sus\u021bineri nu a fost prezentat\u0103 \u00een cadrul acestui material.<\/em><\/p>\n<\/div>\n<footer>\n<div class=\"td-post-source-tags\">\n<ul class=\"td-tags td-post-small-box clearfix\">\n<li><span>ETICHETE<\/span><\/li>\n<li><a href=\"https:\/\/orasul-timisoara.ro\/local-tag\/aur\/\">aur<\/a><\/li>\n<li><a href=\"https:\/\/orasul-timisoara.ro\/local-tag\/claudiu-coman\/\">claudiu coman<\/a><\/li>\n<li><a href=\"https:\/\/orasul-timisoara.ro\/local-tag\/consiliul-local-sanandrei\/\">Consiliul Local S\u00e2nandrei<\/a><\/li>\n<li><a href=\"https:\/\/orasul-timisoara.ro\/local-tag\/curtea-de-apel-timisoara\/\">Curtea de Apel Timi\u0219oara<\/a><\/li>\n<li><a href=\"https:\/\/orasul-timisoara.ro\/local-tag\/impozite-locale\/\">impozite locale<\/a><\/li>\n<li><a href=\"https:\/\/orasul-timisoara.ro\/local-tag\/liviu-gherman\/\">liviu gherman<\/a><\/li>\n<li><a href=\"https:\/\/orasul-timisoara.ro\/local-tag\/primaria-sanandrei-2\/\">prim\u0103ria S\u00e2nandrei<\/a><\/li>\n<li><a href=\"https:\/\/orasul-timisoara.ro\/local-tag\/proces-primaria-sanandrei\/\">proces Prim\u0103ria S\u00e2nandrei<\/a><\/li>\n<li><a href=\"https:\/\/orasul-timisoara.ro\/local-tag\/sanandrei-2\/\">S\u00e2nandrei<\/a><\/li>\n<\/ul>\n<\/div>\n<div class=\"td-post-sharing-bottom\">\n<div class=\"td-post-sharing-classic\"><iframe title=\"bottomFacebookLike\" frameborder src=\"https:\/\/www.facebook.com\/plugins\/like.php?href=https:\/\/orasul-timisoara.ro\/local-40076\/&amp;layout=button_count&amp;show_faces=false&amp;width=105&amp;action=like&amp;colorscheme=light&amp;height=21\"><\/iframe><\/div>\n<div id=\"td_social_sharing_article_bottom\" class=\"td-post-sharing td-ps-bg td-ps-notext td-post-sharing-style1 \">\n<div class=\"td-post-sharing-visible\"><a class=\"td-social-sharing-button td-social-sharing-button-js td-social-network td-social-facebook\" href=\"https:\/\/www.facebook.com\/sharer.php?u=https%3A%2F%2Forasul-timisoara.ro%2Flocal-40076%2F\" title=\"Facebook\"><\/p>\n<div class=\"td-social-but-text\">Facebook<\/div>\n<p><\/a><a class=\"td-social-sharing-button td-social-sharing-button-js td-social-network td-social-twitter\" href=\"https:\/\/twitter.com\/intent\/tweet?text=Liviu+Gherman+acuz%C4%83+o+campanie+de+denigrare+dup%C4%83+procesul+c%C3%A2%C8%99tigat+%C3%AEmpotriva+Prim%C4%83riei+S%C3%A2nandrei+%C8%99i+public%C4%83+documente%3A+%E2%80%9EAm+c%C3%A2%C8%99tigat+%C3%AEn+instan%C8%9B%C4%83%2C+dar+autorit%C4%83%C8%9Bile+refuz%C4%83+s%C4%83+restituie+sumele%E2%80%9D&amp;url=https%3A%2F%2Forasul-timisoara.ro%2Flocal-40076%2F&amp;via=orasultm\" title=\"Twitter\"><\/p>\n<div class=\"td-social-but-text\">Twitter<\/div>\n<p><\/a><a class=\"td-social-sharing-button td-social-sharing-button-js td-social-network td-social-whatsapp\" href=\"https:\/\/api.whatsapp.com\/send?text=Liviu+Gherman+acuz%C4%83+o+campanie+de+denigrare+dup%C4%83+procesul+c%C3%A2%C8%99tigat+%C3%AEmpotriva+Prim%C4%83riei+S%C3%A2nandrei+%C8%99i+public%C4%83+documente%3A+%E2%80%9EAm+c%C3%A2%C8%99tigat+%C3%AEn+instan%C8%9B%C4%83%2C+dar+autorit%C4%83%C8%9Bile+refuz%C4%83+s%C4%83+restituie+sumele%E2%80%9D%20%0A%0A%20https:\/\/orasul-timisoara.ro\/local-40076\/\" title=\"WhatsApp\"><\/p>\n<div class=\"td-social-but-text\">WhatsApp<\/div>\n<p><\/a><a class=\"td-social-sharing-button td-social-sharing-button-js td-social-network td-social-linkedin\" href=\"https:\/\/www.linkedin.com\/shareArticle?mini=true&amp;url=https:\/\/orasul-timisoara.ro\/local-40076\/&amp;title=Liviu+Gherman+acuz%C4%83+o+campanie+de+denigrare+dup%C4%83+procesul+c%C3%A2%C8%99tigat+%C3%AEmpotriva+Prim%C4%83riei+S%C3%A2nandrei+%C8%99i+public%C4%83+documente%3A+%E2%80%9EAm+c%C3%A2%C8%99tigat+%C3%AEn+instan%C8%9B%C4%83%2C+dar+autorit%C4%83%C8%9Bile+refuz%C4%83+s%C4%83+restituie+sumele%E2%80%9D\" title=\"Linkedin\"><\/p>\n<div class=\"td-social-but-text\">Linkedin<\/div>\n<p><\/a><a class=\"td-social-sharing-button td-social-sharing-button-js td-social-network td-social-reddit\" href=\"https:\/\/reddit.com\/submit?url=https:\/\/orasul-timisoara.ro\/local-40076\/&amp;title=Liviu+Gherman+acuz%C4%83+o+campanie+de+denigrare+dup%C4%83+procesul+c%C3%A2%C8%99tigat+%C3%AEmpotriva+Prim%C4%83riei+S%C3%A2nandrei+%C8%99i+public%C4%83+documente%3A+%E2%80%9EAm+c%C3%A2%C8%99tigat+%C3%AEn+instan%C8%9B%C4%83%2C+dar+autorit%C4%83%C8%9Bile+refuz%C4%83+s%C4%83+restituie+sumele%E2%80%9D\" title=\"ReddIt\"><\/p>\n<div class=\"td-social-but-text\">ReddIt<\/div>\n<p><\/a><a class=\"td-social-sharing-button td-social-sharing-button-js td-social-network td-social-mail\" href=\"mailto:?subject=Liviu%20Gherman%20acuz%C4%83%20o%20campanie%20de%20denigrare%20dup%C4%83%20procesul%20c%C3%A2%C8%99tigat%20%C3%AEmpotriva%20Prim%C4%83riei%20S%C3%A2nandrei%20%C8%99i%20public%C4%83%20documente:%20%E2%80%9EAm%20c%C3%A2%C8%99tigat%20%C3%AEn%20instan%C8%9B%C4%83,%20dar%20autorit%C4%83%C8%9Bile%20refuz%C4%83%20s%C4%83%20restituie%20sumele%E2%80%9D&amp;body=https:\/\/orasul-timisoara.ro\/local-40076\/\" title=\"Email\"><\/p>\n<div class=\"td-social-but-text\">Email<\/div>\n<p><\/a><a class=\"td-social-sharing-button td-social-sharing-button-js td-social-network td-social-print\" href=\"https:\/\/orasul-timisoara.ro\/local-40076\/\" title=\"Imprimare\"><\/p>\n<div class=\"td-social-but-text\">Imprimare<\/div>\n<p><\/a><\/div>\n<\/div>\n<\/div>\n<div class=\"td-block-row td-post-next-prev\">\n<div class=\"td-block-span6 td-post-prev-post\">\n<div class=\"td-post-next-prev-content\"><span>Articolul precedent<\/span><a href=\"https:\/\/orasul-timisoara.ro\/local-40073\/\">Lucr\u0103ri Aquatim vineri, 7 august. Patru localit\u0103\u021bi din Timi\u0219 vor avea presiune redus\u0103 la ap\u0103<\/a><\/div>\n<\/div>\n<div class=\"td-block-span6 td-post-next-post\">\n<div class=\"td-post-next-prev-content\"><span>Articolul urm\u0103tor<\/span><a href=\"https:\/\/orasul-timisoara.ro\/local-40085\/\">Casieria Aquatim de pe strada Oituz se \u00eenchide definitiv din 10 august<\/a><\/div>\n<\/div>\n<\/div>\n<div class=\"td-author-name vcard author\"><span class=\"fn\"><a href=\"https:\/\/orasul-timisoara.ro\/author\/timisoara\/\">redactia<\/a><\/span><\/div>\n<p><span class=\"td-page-meta\"><\/span><span class=\"td-page-meta\"><span class=\"td-page-meta\"><\/span><\/span><span class=\"td-page-meta\"><\/span><\/footer>\n<div class=\"td_block_wrap td_block_related_posts tdi_3 td_with_ajax_pagination td-pb-border-top td_block_template_8\" data-td-block-uid=\"tdi_3\">\n<h4 class=\"td-related-title td-block-title\"><a id=\"tdi_4\" class=\"td-related-left td-cur-simple-item\" data-td_filter_value data-td_block_id=\"tdi_3\" href=\"https:\/\/orasul-timisoara.ro\/local-40076\/\">ARTICOLE SIMILARE<\/a><a id=\"tdi_5\" class=\"td-related-right\" data-td_filter_value=\"td_related_more_from_author\" data-td_block_id=\"tdi_3\" href=\"https:\/\/orasul-timisoara.ro\/local-40076\/\">DE LA ACELA\u0218I AUTOR<\/a><\/h4>\n<div id=\"tdi_3\" class=\"td_block_inner\">\n<div class=\"td-related-row\">\n<div class=\"td-related-span4\">\n<div class=\"td_module_related_posts td-animation-stack td_mod_related_posts\">\n<div class=\"td-module-image\">\n<div class=\"td-module-thumb\"><a href=\"https:\/\/orasul-timisoara.ro\/local-39566\/\" rel=\"bookmark\" class=\"td-image-wrap \" title=\"Sondaj politic: PNL reduce diferen\u021ba fa\u021b\u0103 de AUR, PSD este indicat drept principal responsabil pentru criz\u0103\"><img loading=\"lazy\" decoding=\"async\" class=\"entry-thumb\" src=\"https:\/\/orasul-timisoara.ro\/wp-content\/uploads\/2025\/07\/dominic-fritz-ilie-bolojan-436x300.jpg\" alt title=\"Sondaj politic: PNL reduce diferen\u021ba fa\u021b\u0103 de AUR, PSD este indicat drept principal responsabil pentru criz\u0103\" width=\"218\" height=\"150\"><\/a><\/div>\n<\/div>\n<div class=\"item-details\">\n<h3 class=\"entry-title td-module-title\"><a href=\"https:\/\/orasul-timisoara.ro\/local-39566\/\" rel=\"bookmark\" title=\"Sondaj politic: PNL reduce diferen\u021ba fa\u021b\u0103 de AUR, PSD este indicat drept principal responsabil pentru criz\u0103\">Sondaj politic: PNL reduce diferen\u021ba fa\u021b\u0103 de AUR, PSD este indicat drept principal responsabil pentru criz\u0103<\/a><\/h3>\n<\/div>\n<\/div>\n<\/div>\n<div class=\"td-related-span4\">\n<div class=\"td_module_related_posts td-animation-stack td_mod_related_posts\">\n<div class=\"td-module-image\">\n<div class=\"td-module-thumb\"><a href=\"https:\/\/orasul-timisoara.ro\/local-39435\/\" rel=\"bookmark\" class=\"td-image-wrap \" title=\"De r\u00e2sul-pl\u00e2nsului la S\u00e2nandrei: un milion de euro investi\u021bi de Prim\u0103rie \u00eentr-un drum aflat pe un teren privat executat silit de Finan\u021be\"><img loading=\"lazy\" decoding=\"async\" class=\"entry-thumb\" src=\"https:\/\/orasul-timisoara.ro\/wp-content\/uploads\/2026\/07\/carani-drum-top-436x300.jpg\" alt title=\"De r\u00e2sul-pl\u00e2nsului la S\u00e2nandrei: un milion de euro investi\u021bi de Prim\u0103rie \u00eentr-un drum aflat pe un teren privat executat silit de Finan\u021be\" width=\"218\" height=\"150\"><\/a><\/div>\n<\/div>\n<div class=\"item-details\">\n<h3 class=\"entry-title td-module-title\"><a href=\"https:\/\/orasul-timisoara.ro\/local-39435\/\" rel=\"bookmark\" title=\"De r\u00e2sul-pl\u00e2nsului la S\u00e2nandrei: un milion de euro investi\u021bi de Prim\u0103rie \u00eentr-un drum aflat pe un teren privat executat silit de Finan\u021be\">De r\u00e2sul-pl\u00e2nsului la S\u00e2nandrei: un milion de euro investi\u021bi de Prim\u0103rie \u00eentr-un drum aflat pe un teren privat executat silit de Finan\u021be<\/a><\/h3>\n<\/div>\n<\/div>\n<\/div>\n<div class=\"td-related-span4\">\n<div class=\"td_module_related_posts td-animation-stack td_mod_related_posts\">\n<div class=\"td-module-image\">\n<div class=\"td-module-thumb\"><a href=\"https:\/\/orasul-timisoara.ro\/local-39306\/\" rel=\"bookmark\" class=\"td-image-wrap \" title=\"Guvernul Ve\u0219tea nu a trecut de Parlament. Doar 212 voturi exprimate \u00een plen, 189 pentru si 23 impotriva\"><img loading=\"lazy\" decoding=\"async\" class=\"entry-thumb\" src=\"https:\/\/orasul-timisoara.ro\/wp-content\/uploads\/2026\/06\/Screenshot-2026-06-22-233355-436x300.jpg\" alt title=\"Guvernul Ve\u0219tea nu a trecut de Parlament. Doar 212 voturi exprimate \u00een plen, 189 pentru si 23 impotriva\" width=\"218\" height=\"150\"><\/a><\/div>\n<\/div>\n<div class=\"item-details\">\n<h3 class=\"entry-title td-module-title\"><a href=\"https:\/\/orasul-timisoara.ro\/local-39306\/\" rel=\"bookmark\" title=\"Guvernul Ve\u0219tea nu a trecut de Parlament. Doar 212 voturi exprimate \u00een plen, 189 pentru si 23 impotriva\">Guvernul Ve\u0219tea nu a trecut de Parlament. Doar 212 voturi exprimate \u00een plen, 189 pentru si 23 impotriva<\/a><\/h3>\n<\/div>\n<\/div>\n<\/div>\n<\/div>\n<\/div>\n<\/div>\n<div class=\"comments\" id=\"comments\">\n<div id=\"respond\" class=\"comment-respond\">\n<h3 id=\"reply-title\" class=\"comment-reply-title\">L\u0102SA\u021aI UN MESAJ<\/h3>\n<div class=\"comment-form-input-wrap td-form-comment\">\n<div class=\"td-warning-comment\">V\u0103 rug\u0103m s\u0103 introduce\u021bi comentariul dvs.!<\/div>\n<\/div>\n<div class=\"comment-form-input-wrap td-form-author\">\n<div class=\"td-warning-author\">Introduce\u021bi aici numele dvs.<\/div>\n<\/div>\n<div class=\"comment-form-input-wrap td-form-email\">\n<div class=\"td-warning-email-error\">A\u021bi introdus o adres\u0103 de e-mail incorect\u0103!<\/div>\n<div class=\"td-warning-email\">V\u0103 rug\u0103m s\u0103 introduce\u021bi adresa dvs. de e-mail aici<\/div>\n<\/div>\n<\/div>\n<p class=\"akismet_comment_form_privacy_notice\">Acest site folose\u0219te Akismet pentru a reduce spamul. <a href=\"https:\/\/akismet.com\/privacy\/\" target=\"_blank\" rel=\"nofollow noopener\">Afl\u0103 cum sunt procesate datele comentariilor tale<\/a>.<\/p>\n<\/div>\n<\/div>\n<\/div>\n<div class=\"td-pb-span4 td-main-sidebar\" role=\"complementary\">\n<div class=\"td-ss-main-sidebar\">\n<aside id=\"block-4\" class=\"td_block_template_8 widget block-4 widget_block widget_media_image\">\n<figure class=\"wp-block-image size-full\"><img decoding=\"async\" loading=\"lazy\" width=\"336\" height=\"280\" src=\"https:\/\/orasul-timisoara.ro\/wp-content\/uploads\/2024\/11\/ReTIM-Abonamentul-Verde-Google-Ads-336x280px.gif\" alt class=\"wp-image-29257\"><\/figure>\n<\/aside>\n<div class=\"td_block_wrap td_block_social_counter td_block_widget tdi_6 td-social-style5 td-social-boxed td-pb-border-top td_block_template_8\">\n<div class=\"td-block-title-wrap\">\n<h4 class=\"td-block-title\"><span>Urm\u0103re\u0219te-ne pe Social Media<\/span><\/h4>\n<\/div>\n<div class=\"td-social-list\">\n<div class=\"td_social_type td-pb-margin-side td_social_facebook\">\n<div class=\"td-social-box\"><span class=\"td_social_info td_social_info_counter\">344,595<\/span><span class=\"td_social_info td_social_info_name\">Fani<\/span><span class=\"td_social_button\"><a href=\"https:\/\/www.facebook.com\/247timisoara\" target=\"_blank\" rel=\"nofollow\">\u00cemi place<\/a><\/span><\/div>\n<\/div>\n<div class=\"td_social_type td-pb-margin-side td_social_instagram\">\n<div class=\"td-social-box\"><span class=\"td_social_info td_social_info_counter\">4,416<\/span><span class=\"td_social_info td_social_info_name\">Cititori<\/span><span class=\"td_social_button\"><a href=\"https:\/\/instagram.com\/orasultimisoararo\/\" target=\"_blank\" rel=\"nofollow\">Conecta\u021bi-v\u0103<\/a><\/span><\/div>\n<\/div>\n<div class=\"td_social_type td-pb-margin-side td_social_rss\">\n<div class=\"td-social-box\"><span class=\"td_social_info td_social_info_counter\">12,506<\/span><span class=\"td_social_info td_social_info_name\">Cititori<\/span><span class=\"td_social_button\"><a href=\"https:\/\/orasul-timisoara.ro\/feed\/\" target=\"_blank\" rel=\"nofollow\">Conecta\u021bi-v\u0103<\/a><\/span><\/div>\n<\/div>\n<div class=\"td_social_type td-pb-margin-side td_social_tiktok\">\n<div class=\"td-social-box\"><span class=\"td_social_info td_social_info_counter\">1,500<\/span><span class=\"td_social_info td_social_info_name\">Cititori<\/span><span class=\"td_social_button\"><a href=\"https:\/\/www.tiktok.com\/@orasultimisoara\" target=\"_blank\" rel=\"nofollow\">Conecta\u021bi-v\u0103<\/a><\/span><\/div>\n<\/div>\n<div class=\"td_social_type td-pb-margin-side td_social_twitter\">\n<div class=\"td-social-box\"><span class=\"td_social_info td_social_info_counter\">1,595<\/span><span class=\"td_social_info td_social_info_name\">Cititori<\/span><span class=\"td_social_button\"><a href=\"https:\/\/twitter.com\/orasultm\" target=\"_blank\" rel=\"nofollow\">Conecta\u021bi-v\u0103<\/a><\/span><\/div>\n<\/div>\n<div class=\"td_social_type td-pb-margin-side td_social_youtube\">\n<div class=\"td-social-box\"><span class=\"td_social_info td_social_info_counter\">3,506<\/span><span class=\"td_social_info td_social_info_name\">Abona\u021bi<\/span><span class=\"td_social_button\"><a href=\"https:\/\/www.youtube.com\/channel\/UCQNsQvs2XCSIm1Z-AHRturw?sub_confirmation=1\" target=\"_blank\" rel=\"nofollow\">Abona\u021bi-v\u0103<\/a><\/span><\/div>\n<\/div>\n<\/div>\n<\/div>\n<aside id=\"text-7\" class=\"td_block_template_8 widget text-7 widget_text\">\n<h4 class=\"td-block-title\"><span>C\u0103ut\u0103ri populare pe OTM<\/span><\/h4>\n<div class=\"textwidget\"><a href=\"https:\/\/orasul-timisoara.ro\/?s=timisoara\"><span>Timisoara<\/span><\/a><a href=\"https:\/\/orasul-timisoara.ro\/?s=calin+dobra\"><span>Calin Dobra<\/span><\/a><a href=\"https:\/\/orasul-timisoara.ro\/?s=primaria+timisoara\"><span>Primaria Timisoara<\/span><\/a><a href=\"https:\/\/orasul-timisoara.ro\/?s=dominic+fritz\"><span>Dominic Fritz<\/span><\/a><a href=\"https:\/\/orasul-timisoara.ro\/?s=nicolae+robu\"><span>Nicolae Robu<\/span><\/a><a href=\"https:\/\/orasul-timisoara.ro\/?s=consiliul+local+timisoara\">Consiliul Local Timisoara<\/a><a href=\"https:\/\/orasul-timisoara.ro\/?s=consiliul+judetean+timis\"><span>Consiliul Judetean Timis<\/span><\/a><a href=\"https:\/\/orasul-timisoara.ro\/?s=cjt\"><span>CJT<\/span><\/a><a href=\"https:\/\/orasul-timisoara.ro\/?s=Alfred+Simonis\"><span>Alfred Simonis<\/span><\/a><a href=\"https:\/\/orasul-timisoara.ro\/?s=PNL\"><span>PNL<\/span><\/a><a href=\"https:\/\/orasul-timisoara.ro\/?s=coronavirus\"><span>coronavirus<\/span><\/a><a href=\"https:\/\/orasul-timisoara.ro\/?s=teatru+timisoara\">teatru Timisoara<\/a><a href=\"https:\/\/orasul-timisoara.ro\/?s=restaurante\"><span>restaurante Timisoara<\/span><\/a><a href=\"https:\/\/orasul-timisoara.ro\/?s=diskoteka\"><span>Diskoteka<\/span><\/a><a href=\"https:\/\/orasul-timisoara.ro\/?s=iulius+town\"><span>Iulius Town<\/span><\/a><a href=\"https:\/\/orasul-timisoara.ro\/?s=iulius+mall\"><span>Iulius Mall<\/span><\/a><a href=\"https:\/\/orasul-timisoara.ro\/?s=stpt\"><span>STPT<\/span><\/a><a href=\"https:\/\/orasul-timisoara.ro\/?s=alin+nica\"><span>Alin Nica<\/span><\/a><a href=\"https:\/\/orasul-timisoara.ro\/?s=psd\"><span>PSD<\/span><\/a><a href=\"https:\/\/orasul-timisoara.ro\/?s=aeroport\"><span>Aeroportul International Timisoara<\/span><\/a><a href=\"https:\/\/orasul-timisoara.ro\/?s=babes\"><span>Spitalul Victor Babes Timisoara<\/span><\/a><a href=\"https:\/\/orasul-timisoara.ro\/?s=poli\"><span>Poli Timi\u0219oara<\/span><\/a><a href=\"https:\/\/orasul-timisoara.ro\/?s=carantina\"><span>carantina<\/span><\/a><a href=\"https:\/\/orasul-timisoara.ro\/?s=aquatim\"><span>Aquatim<\/span><\/a><a href=\"https:\/\/orasul-timisoara.ro\/local-category\/stiri-timisoara\/\"><span>Stiri Timisoara<\/span><\/a><a href=\"https:\/\/orasul-timisoara.ro\/local-category\/investitii-in-timisoara\/\"><span>Investi\u021bii in Timi\u0219oara<\/span><\/a><a href=\"https:\/\/orasul-timisoara.ro\/local-9463\/\"><span>shaorma<\/span><\/a><a href=\"https:\/\/orasul-timisoara.ro\/?s=trafic\"><span>trafic rutier<\/span><\/a><a href=\"https:\/\/orasul-timisoara.ro\/?s=politia\"><span>politia locala timisoara<\/span><\/a><a href=\"https:\/\/orasul-timisoara.ro\/?s=roxana\"><span>Roxana Iliescu<\/span><\/a><a href=\"https:\/\/orasul-timisoara.ro\/?s=colterm\"><span>Colterm<\/span><\/a><a href=\"https:\/\/orasul-timisoara.ro\/?s=latcau\"><span>Ruben La\u021bc\u0103u<\/span><\/a><a href=\"https:\/\/orasul-timisoara.ro\/?s=timis\"><span>\u0218tiri din Timi\u0219<\/span><\/a><a href=\"https:\/\/orasul-timisoara.ro\/?s=spital\"><span>Spitale din Timi\u0219oara<\/span><\/a><a href=\"https:\/\/orasul-timisoara.ro\/?s=tabara\"><span>Cosmin Tab\u0103r\u0103<\/span><\/a><\/div>\n<\/aside>\n<aside id=\"rss-2\" class=\"td_block_template_8 widget rss-2 widget_rss\">\n<h4 class=\"td-block-title\"><span><a class=\"rsswidget rss-widget-feed\" href=\"https:\/\/fashionfridays.ro\/feed\"><img decoding=\"async\" class=\"rss-widget-icon\" width=\"14\" height=\"14\" src=\"https:\/\/orasul-timisoara.ro\/wp-includes\/images\/rss.png\" alt=\"RSS\" loading=\"lazy\"><\/a><a class=\"rsswidget rss-widget-title\" href=\"https:\/\/fashionfridays.ro\/\">Fashion Fridays<\/a><\/span><\/h4>\n<ul>\n<li><a class=\"rsswidget\" href=\"https:\/\/fashionfridays.ro\/romania-devine-a-29-a-piata-vogue-o-noua-era-pentru-industria-locala-de-moda\/\">Rom\u00e2nia devine a 29-a pia\u021b\u0103 Vogue: o nou\u0103 er\u0103 pentru industria local\u0103 de mod\u0103<\/a>\n<div class=\"rssSummary\">Revista Vogue \u00ee\u0219i extinde prezen\u021ba global\u0103 \u0219i va fi lansat\u0103 oficial \u00een Rom\u00e2nia \u00een prim\u0103vara anului 2027, marc\u00e2nd intrarea pe cea de-a 29-a pia\u021b\u0103 interna\u021bional\u0103. Proiectul este realizat \u00een parteneriat cu AEMME Publishing, o companie media recent \u00eenfiin\u021bat\u0103, care va publica edi\u021bia local\u0103 sub licen\u021b\u0103. Noua edi\u021bie, Vogue Rom\u00e2nia, \u00ee\u0219i propune s\u0103 combine autoritatea global\u0103 [\u2026]<\/div>\n<\/li>\n<\/ul>\n<\/aside>\n<aside id=\"rss-4\" class=\"td_block_template_8 widget rss-4 widget_rss\">\n<h4 class=\"td-block-title\"><span><a class=\"rsswidget rss-widget-feed\" href=\"https:\/\/emasini.ro\/feed\"><img decoding=\"async\" class=\"rss-widget-icon\" width=\"14\" height=\"14\" src=\"https:\/\/orasul-timisoara.ro\/wp-includes\/images\/rss.png\" alt=\"RSS\" loading=\"lazy\"><\/a><a class=\"rsswidget rss-widget-title\" href=\"https:\/\/emasini.ro\/\">eMasini<\/a><\/span><\/h4>\n<ul>\n<li><a class=\"rsswidget\" href=\"https:\/\/emasini.ro\/bmw-testeaza-noul-i4-convertible-primul-cabrio-electric-accesibil-al-marcii\/\">BMW testeaz\u0103 noul i4 Convertible, primul cabrio electric accesibil al m\u0103rcii<\/a>\n<div class=\"rssSummary\">BMW accelereaz\u0103 dezvoltarea noii genera\u021bii de modele electrice bazate pe platforma Neue Klasse, iar unul dintre cele mai interesante proiecte aflate \u00een teste este viitorul BMW i4 Convertible. Prototipul camuflat a fost surprins pe \u0219osele, confirm\u00e2nd c\u0103 produc\u0103torul german preg\u0103te\u0219te o decapotabil\u0103 electric\u0103 destinat\u0103 unui segment \u00een care oferta este, \u00een prezent, extrem de limitat\u0103. [\u2026]<\/div>\n<\/li>\n<\/ul>\n<\/aside>\n<\/div>\n<\/div>\n<\/div>\n<\/div>\n<\/article>\n<div class=\"td-post-content tagdiv-type\">\n<p class=\"wp-block-paragraph\">Consilierul local AUR din S\u00e2nandrei, <strong>Liviu Gherman<\/strong>, <a href=\"https:\/\/www.facebook.com\/biarena\/posts\/pfbid021Y4hsr2VCZ6FFa8fBKFDrSNcCVqsecTL1z5CERE7aVgYxeoEpqnr7RDrPfSHjoGel\" data-type=\"link\" data-id=\"https:\/\/www.facebook.com\/biarena\/posts\/pfbid021Y4hsr2VCZ6FFa8fBKFDrSNcCVqsecTL1z5CERE7aVgYxeoEpqnr7RDrPfSHjoGel\" target=\"_blank\" rel=\"noopener\">sus\u021bine c\u0103 este \u021binta<\/a> unei campanii de denigrare, dup\u0103 apari\u021bia \u00een spa\u021biul public a unor informa\u021bii pe care le consider\u0103 false \u0219i def\u0103im\u0103toare la adresa sa \u0219i a societ\u0103\u021bii \u00een care este asociat. Acesta afirm\u0103 c\u0103 atacurile au ap\u0103rut \u00een contextul unui litigiu cu Prim\u0103ria S\u00e2nandrei privind impozitarea unor cl\u0103diri \u0219i spune c\u0103 a decis s\u0103 fac\u0103 publice mai multe documente pentru a-\u0219i sus\u021bine pozi\u021bia.<\/p>\n<p class=\"wp-block-paragraph\">\u00centr-un comunicat transmis presei, Liviu Gherman respinge toate acuza\u021biile formulate la adresa sa \u0219i sus\u021bine c\u0103 acestea afecteaz\u0103 imaginea \u0219i reputa\u021bia unei afaceri dezvoltate \u00een peste 17 ani de activitate.<\/p>\n<h2 class=\"wp-block-heading\">Sus\u021bine c\u0103 litigiul a \u00eenceput dup\u0103 contestarea \u00een instan\u021b\u0103 a impozitelor locale<\/h2>\n<p class=\"wp-block-paragraph\">Potrivit lui Liviu Gherman, societatea din care face parte a contestat \u00een instan\u021b\u0103 modul \u00een care Prim\u0103ria S\u00e2nandrei a stabilit impozitul pentru cl\u0103dirile nereziden\u021biale. Acesta afirm\u0103 c\u0103 instan\u021ba i-a dat c\u00e2\u0219tig de cauz\u0103 printr-o hot\u0103r\u00e2re definitiv\u0103 privind anularea prevederilor referitoare la cotele de impozitare aplicate \u00een mai mul\u021bi ani fiscali.<\/p>\n<p class=\"wp-block-paragraph\">Consilierul local sus\u021bine c\u0103, \u00een ciuda hot\u0103r\u00e2rii definitive, autoritatea local\u0103 nu ar fi restituit sumele revendicate de societate, evaluate de acesta la aproximativ 400.000 de euro. Totodat\u0103, documentele depuse \u00eentr-un alt litigiu aflat pe rol indic\u0103 solicitarea unor desp\u0103gubiri de peste dou\u0103 milioane de lei reprezent\u00e2nd diferen\u021be de impozit \u0219i major\u0103ri de \u00eent\u00e2rziere.<\/p>\n<h2 class=\"wp-block-heading\">Liviu Gherman: \u201eUlterior am fost supu\u0219i \u00een mod repetat unor controale\u201d<\/h2>\n<p class=\"wp-block-paragraph\">\u00cen comunicatul transmis, Liviu Gherman afirm\u0103 c\u0103 dup\u0103 deschiderea litigiului at\u00e2t el, c\u00e2t \u0219i societatea comercial\u0103 au fost supu\u0219i \u00een mod repetat unor controale desf\u0103\u0219urate de diferite institu\u021bii publice.<\/p>\n<p class=\"wp-block-paragraph\">Acesta mai precizeaz\u0103 c\u0103 firma achit\u0103 anual c\u0103tre bugetul local aproximativ 2,6 milioane de lei sub form\u0103 de taxe \u0219i impozite \u0219i consider\u0103 c\u0103 este dificil de \u00een\u021beles de ce aceea\u0219i autoritate care \u00eencaseaz\u0103 aceste sume formuleaz\u0103 acuza\u021bii la adresa societ\u0103\u021bii.<\/p>\n<p class=\"wp-block-paragraph\">\u201eAfirma\u021biile publicate sunt neadev\u0103rate \u0219i nu reflect\u0103 realitatea. Resping categoric aceste acuza\u021bii, \u00eentruc\u00e2t ele aduc prejudicii imaginii, reputa\u021biei mele \u0219i activit\u0103\u021bii societ\u0103\u021bii pe care o coordonez de peste 17 de ani. Societatea \u00een cadrul c\u0103reia sunt asociat a ac\u021bionat \u00een instan\u021b\u0103 Prim\u0103ria S\u00e2nandrei ca urmare a supraimpozit\u0103rii cl\u0103dirilor aflate \u00een patrimoniul societ\u0103\u021bii. Instan\u021ba ne-a dat c\u00e2\u0219tig de cauz\u0103, \u00eens\u0103, \u00een pofida hot\u0103r\u00e2rii pronun\u021bate, autoritatea local\u0103 refuz\u0103 s\u0103 restituie suma de aproximativ 400.000 de euro datorat\u0103 societ\u0103\u021bii. Ulterior acestui litigiu, societatea \u0219i subsemnatul am fost supu\u0219i \u00een mod repetat unor controale efectuate de diferite institu\u021bii publice\u201d, se arat\u0103 \u00een comunicatul semnat de Liviu Gherman.<\/p>\n<h2 class=\"wp-block-heading\">A f\u0103cut publice documente pe care spune c\u0103 \u00ee\u0219i bazeaz\u0103 afirma\u021biile<\/h2>\n<p class=\"wp-block-paragraph\">Pentru a-\u0219i sus\u021bine pozi\u021bia, Liviu Gherman a publicat mai multe documente, printre care o hot\u0103r\u00e2re definitiv\u0103 a Cur\u021bii de Apel Timi\u0219oara privind anularea unor prevederi referitoare la cotele de impozitare pentru cl\u0103dirile nereziden\u021biale, documente privind litigiile fiscale cu Prim\u0103ria S\u00e2nandrei, precum \u0219i acte emise de Inspectoratul pentru Situa\u021bii de Urgen\u021b\u0103 \u0219i autoriza\u021bii referitoare la investi\u021biile societ\u0103\u021bii.<\/p>\n<p class=\"wp-block-paragraph\">Consilierul local afirm\u0103 c\u0103 a ales s\u0103 fac\u0103 publice aceste documente pentru a demonstra c\u0103 informa\u021biile ap\u0103rute \u00een spa\u021biul public nu corespund realit\u0103\u021bii \u0219i pentru a ap\u0103ra imaginea companiei.<\/p>\n<figure class=\"wp-block-gallery has-nested-images columns-6 is-cropped td-modal-on-gallery wp-block-gallery-1 is-layout-flex wp-block-gallery-is-layout-flex\">\n<figure class=\"wp-block-image size-full\"><img loading=\"lazy\" decoding=\"async\" width=\"833\" height=\"1725\" data-id=\"40077\" src=\"https:\/\/orasul-timisoara.ro\/wp-content\/uploads\/2026\/08\/748088603_1617212767081622_4841269000677680262_n.jpg\" alt class=\"wp-image-40077\"><\/figure>\n<figure class=\"wp-block-image size-full\"><img loading=\"lazy\" decoding=\"async\" width=\"1152\" height=\"2048\" data-id=\"40078\" src=\"https:\/\/orasul-timisoara.ro\/wp-content\/uploads\/2026\/08\/749184178_1616944123775153_8631382780536430244_n.jpg\" alt class=\"wp-image-40078\"><\/figure>\n<figure class=\"wp-block-image size-full\"><img loading=\"lazy\" decoding=\"async\" width=\"1152\" height=\"2048\" data-id=\"40079\" src=\"https:\/\/orasul-timisoara.ro\/wp-content\/uploads\/2026\/08\/749161236_1616944103775155_120618722706980063_n.jpg\" alt class=\"wp-image-40079\"><\/figure>\n<figure class=\"wp-block-image size-full\"><img decoding=\"async\" loading=\"lazy\" width=\"1319\" height=\"1896\" data-id=\"40081\" src=\"https:\/\/orasul-timisoara.ro\/wp-content\/uploads\/2026\/08\/748016021_1616944057108493_3357566800320817188_n.jpg\" alt class=\"wp-image-40081\"><\/figure>\n<figure class=\"wp-block-image size-full\"><img decoding=\"async\" loading=\"lazy\" width=\"946\" height=\"2048\" data-id=\"40080\" src=\"https:\/\/orasul-timisoara.ro\/wp-content\/uploads\/2026\/08\/748763697_1616944047108494_8175424857795073560_n.jpg\" alt class=\"wp-image-40080\"><\/figure>\n<figure class=\"wp-block-image size-full\"><img decoding=\"async\" loading=\"lazy\" width=\"945\" height=\"2048\" data-id=\"40086\" src=\"https:\/\/orasul-timisoara.ro\/wp-content\/uploads\/2026\/08\/WhatsApp-Image-2026-08-06-at-18.05.28.jpeg\" alt class=\"wp-image-40086\"><\/figure>\n<\/figure>\n<h2 class=\"wp-block-heading\">Anun\u021b\u0103 c\u0103 va folosi toate mijloacele legale<\/h2>\n<p class=\"wp-block-paragraph\">La finalul comunicatului, Liviu Gherman transmite c\u0103 \u00ee\u0219i rezerv\u0103 dreptul de a utiliza toate mijloacele legale pentru ap\u0103rarea drepturilor, imaginii \u0219i reputa\u021biei sale, precum \u0219i a societ\u0103\u021bii din care face parte.<\/p>\n<pre class=\"wp-block-verse\">\u201eAm ales s\u0103 prezint public aceste documente deoarece nu pot permite ca imaginea unei afaceri construite cu responsabilitate \u00een peste 17 ani s\u0103 fie afectat\u0103 de informa\u021bii false. \u00cen cadrul societ\u0103\u021bii lucreaz\u0103 aproximativ 15 angaja\u021bi, iar fa\u021b\u0103 de ace\u0219tia, precum \u0219i fa\u021b\u0103 de partenerii \u0219i clien\u021bii no\u0219tri, am obliga\u021bia de a ap\u0103ra adev\u0103rul \u0219i reputa\u021bia companiei. \u00cemi rezerv dreptul de a utiliza toate mijloacele legale pentru ap\u0103rarea drepturilor, imaginii \u0219i reputa\u021biei mele, precum \u0219i a societ\u0103\u021bii\u201d, a transmis Liviu Gherman.<\/pre>\n<p class=\"wp-block-paragraph\"><em>Redac\u021bia precizeaz\u0103 c\u0103 informa\u021biile privind presupusa campanie de denigrare, refuzul de restituire a sumelor \u0219i desf\u0103\u0219urarea controalelor reprezint\u0103 afirma\u021biile formulate de Liviu Gherman \u00een comunicatul transmis. Documentele publicate de acesta confirm\u0103 existen\u021ba litigiilor \u0219i a unor hot\u0103r\u00e2ri judec\u0103tore\u0219ti, \u00eens\u0103 pozi\u021bia Prim\u0103riei S\u00e2nandrei cu privire la aceste sus\u021bineri nu a fost prezentat\u0103 \u00een cadrul acestui material.<\/em><\/p>\n<\/div>\n<p>[analyse_source url=&#8221;https:\/\/orasul-timisoara.ro\/local-40076\/&#8221;]<\/p>\n","protected":false},"excerpt":{"rendered":"<p>[analyse_image type=&#8221;featured&#8221; src=&#8221;https:\/\/orasul-timisoara.ro\/wp-content\/uploads\/2026\/08\/liviu-ghrerman-biaren-timisoara.jpg&#8221;] PoliticLiviu Gherman acuz\u0103 o campanie de denigrare dup\u0103 procesul c\u00e2\u0219tigat \u00eempotriva Prim\u0103riei&#8230; Politic \u0218tiri Locale Liviu Gherman acuz\u0103 o campanie de denigrare dup\u0103 procesul c\u00e2\u0219tigat \u00eempotriva Prim\u0103riei S\u00e2nandrei \u0219i public\u0103 documente: \u201eAm c\u00e2\u0219tigat \u00een instan\u021b\u0103, dar autorit\u0103\u021bile refuz\u0103 s\u0103 restituie sumele\u201d De c\u0103tre redactia &#8211; 06\/08\/2026 Facebook Twitter WhatsApp Linkedin ReddIt Email [&hellip;]<\/p>\n","protected":false},"author":1,"featured_media":0,"comment_status":"open","ping_status":"","sticky":false,"template":"","format":"standard","meta":{"footnotes":""},"categories":[89],"tags":[226,189],"class_list":["post-2081260","post","type-post","status-publish","format-standard","hentry","category-romania","tag-crawlmanager","tag-orasul-timisoara-ro"],"_links":{"self":[{"href":"https:\/\/analyse.optim.biz\/index.php?rest_route=\/wp\/v2\/posts\/2081260","targetHints":{"allow":["GET"]}}],"collection":[{"href":"https:\/\/analyse.optim.biz\/index.php?rest_route=\/wp\/v2\/posts"}],"about":[{"href":"https:\/\/analyse.optim.biz\/index.php?rest_route=\/wp\/v2\/types\/post"}],"author":[{"embeddable":true,"href":"https:\/\/analyse.optim.biz\/index.php?rest_route=\/wp\/v2\/users\/1"}],"replies":[{"embeddable":true,"href":"https:\/\/analyse.optim.biz\/index.php?rest_route=%2Fwp%2Fv2%2Fcomments&post=2081260"}],"version-history":[{"count":0,"href":"https:\/\/analyse.optim.biz\/index.php?rest_route=\/wp\/v2\/posts\/2081260\/revisions"}],"wp:attachment":[{"href":"https:\/\/analyse.optim.biz\/index.php?rest_route=%2Fwp%2Fv2%2Fmedia&parent=2081260"}],"wp:term":[{"taxonomy":"category","embeddable":true,"href":"https:\/\/analyse.optim.biz\/index.php?rest_route=%2Fwp%2Fv2%2Fcategories&post=2081260"},{"taxonomy":"post_tag","embeddable":true,"href":"https:\/\/analyse.optim.biz\/index.php?rest_route=%2Fwp%2Fv2%2Ftags&post=2081260"}],"curies":[{"name":"wp","href":"https:\/\/api.w.org\/{rel}","templated":true}]}}