{"id":2081230,"date":"2026-08-06T04:15:43","date_gmt":"2026-08-06T01:15:43","guid":{"rendered":"https:\/\/analyse.optim.biz\/?p=2081230"},"modified":"2026-08-06T04:15:43","modified_gmt":"2026-08-06T01:15:43","slug":"unii-cu-munca-vasile-rimbu-cu-lauda-campania-de-imagine-a-primarului-continua","status":"publish","type":"post","link":"https:\/\/analyse.optim.biz\/?p=2081230","title":{"rendered":"Unii cu munca, Vasile R\u00eembu cu lauda. Campania de imagine a primarului continu\u0103"},"content":{"rendered":"<p>[analyse_image type=&#8221;featured&#8221; src=&#8221;https:\/\/www.radiotop.ro\/img\/media\/2026\/08\/doroftei-rimbu-cusnir-banca.jpg&#8221;]<\/p>\n<div class=\"entry-content no-share\">\n<div class=\"content-inner \">\n<p>\u00cen uralele publicului, primarul Sucevei, Vasile R\u00eembu, a anun\u021bat o nou\u0103 realizare a administra\u021biei sale binef\u0103c\u0103toare. Pe pagina de Facebook a domniei sale, dar \u0219i pe cea a Prim\u0103riei, pentru ca mai mult\u0103 lume s\u0103 vad\u0103 cum face Vasile R\u00eembu Suceava bine, a ap\u0103rut urm\u0103toarea postare:<\/p>\n<p>\u201dZona Albina, la ceas de sear\u0103, am ref\u0103cut aceast\u0103 zon\u0103 dup\u0103 40 de ani de uitare. La fel \u0219i pia\u021beta din fa\u021ba magazinului Albina. M\u00e2ine vom amenaja \u0219i spa\u021biul verde din fa\u021ba magazinului. Vom reface, de asemenea, zona de la sta\u021bia banc\u0103, apoi f\u00e2nt\u00e2na si pia\u021beta care se afl\u0103 la intersec\u021bia dintre George Enescu \u0219i Universit\u0103\u021bii, precum \u0219i pia\u021beta \u0219i zona pietonal\u0103 din zona Orizont\u201d. Postarea a fost \u00eenso\u021bit\u0103 de c\u00eeteva fotografii cu zona, care \u00eentr-adev\u0103r arat\u0103 foarte bine. Pe unele site-uri de \u0219tiri au ap\u0103rut \u0219i fotografii \u00een care primarul Vasile R\u00eembu, \u201dbra\u021bul s\u0103u armat\u201d Ovidiu Doroftei, \u0219eful Poli\u021biei Locale, \u0219i m\u00eena sa c\u00eend dreapt\u0103, c\u00eend st\u00eeng\u0103, viceprimarul Dan Ioan Cu\u0219nir, stau la pozat plini de ei pe una dintre b\u0103ncile proasp\u0103t montate la \u201dAlbina\u201d.<\/p>\n<p>\u00cens\u0103, onorata audien\u021b\u0103 trebuie s\u0103 \u0219tie c\u0103 nici Prim\u0103ria Suceava, \u0219i nici domnii R\u00eembu, Doroftei \u0219i Cu\u0219nir pe persoan\u0103 fizic\u0103 nu au modernizat zona. Ei nu au pus nici un leu \u0219i nici nu au pus m\u00eena pe vreo bucat\u0103 de lemn sau pe vreun ciocan. Acest lucru a fost recunoscut de primar \u00een cea mai recent\u0103 \u0219edin\u021b\u0103 a Consiliului Local Suceava, atunci c\u00eend a fost \u00eentrebat cine a modernizat zona, de fapt. La \u201dAlbina\u201d, investi\u021bia a f\u0103cut-o pizzeria de-acolo. De bun\u0103 voie \u0219i nesilit\u0103 de nimeni? Spre imposibil de crezut a\u0219a ceva. \u00cen \u201dcazarma\u201d lui Vasile R\u00eembu te po\u021bi trezi oric\u00eend cu Poli\u021bia Local\u0103 pe cap, spun\u00eend c\u0103 are o reclama\u021bie de la nu-\u0219tiu-care cet\u0103\u021bean deranjat de zgomotul f\u0103cut de cu\u021bitul cu care se taie pizza din farfurie. Sau te po\u021bi trezi c\u0103-\u021bi vine vreun angajat de la Prim\u0103rie s\u0103-\u021bi m\u0103soare cu metrul de croitorie restaurantul, ca s\u0103 vad\u0103 dac\u0103 nu cumva ai intrat cu 2 centimetri pe domeniul public. A\u0219a c\u0103 mai bine te execu\u021bi \u0219i pui dou\u0103 fire de iarb\u0103, trei flori \u0219i dou\u0103 b\u0103nci.<\/p>\n<p>Totu\u0219i, important este c\u0103 s-a f\u0103cut ceva frumos. Primarul a \u0219tiut s\u0103 se descurce, iar pentru asta, bravo lui, \u00eens\u0103 doar \u00eentr-un fel, pentru c\u0103 este aproape imposibil de crezut c\u0103 modernizarea a fost f\u0103cut\u0103 de firma care are pizzeria pentru c\u0103 aceasta nu mai \u0219tia ce s\u0103 fac\u0103 cu banii. Vorbim despre o societate comercial\u0103 \u0219i nu despre o societate caritabil\u0103. \u00cen lipsa unei inform\u0103ri publice \u00een ceea ce prive\u0219te partenieratul public-privat \u00eentre Prim\u0103rie \u0219i pizzerie se poate specula, nu-i a\u0219a?<\/p>\n<p>\u00cen acela\u0219i timp, critici pentru primar, pentru c\u0103 a dat de \u00een\u021beles c\u0103 Prim\u0103ria a f\u0103cut moderniz\u0103ri \u00een zona \u201dAlbina\u201d cu banii ei \u0219i cu munca ei.<\/p>\n<p>Nu ar fi de mirare ca Vasile R\u00eembu, Ovidiu Doroftei \u0219i Dan Ioan Cu\u0219nir s\u0103 mearg\u0103 s\u0103 se fotografieze \u0219i \u00een tribunele modernizate ale stadionului \u201dAreni\u201d \u0219i s\u0103 se laude dup\u0103 aceea. \u00cens\u0103, va fi mai greu s\u0103-i cread\u0103 lumea, pentru c\u0103 ac\u021bionarii clubului de fotbal de Liga a II-a CSM Cetatea 1932 Suceava au anun\u021bat, deja, c\u0103 tot ce s-a f\u0103cut la stadion s-a f\u0103cut pe banii lor. Ei, dar c\u00eet\u0103 lume se uit\u0103 \u00een gura ac\u021bionarilor Cet\u0103\u021bii \u0219i c\u00eet\u0103 lume se uit\u0103 \u00een gura lui Vasile R\u00eembu?<\/p>\n<p>P\u00een\u0103 la urm\u0103, mai cu o postare de-a lui Vasile R\u00eembu, mai cu o postare de-a Prim\u0103riei, mai cu ni\u0219te like-uri din partea sus\u021bin\u0103torilor \u00een orb sau a celor care nu \u0219tiu nici unde este \u201dAlbina\u201d \u0219i nici unde este stadionul, impresia va fi aceea c\u0103 Vasile R\u00eembu, doar el, face Suceava bine. Campania de imagine a lui Vasile R\u00eembu continu\u0103. (Foto: Monitorul de Suceava)<\/p>\n<p>\u00a0<\/p>\n<\/div>\n<\/div>\n<div class=\"content-inner \">\n<p>\u00cen uralele publicului, primarul Sucevei, Vasile R\u00eembu, a anun\u021bat o nou\u0103 realizare a administra\u021biei sale binef\u0103c\u0103toare. Pe pagina de Facebook a domniei sale, dar \u0219i pe cea a Prim\u0103riei, pentru ca mai mult\u0103 lume s\u0103 vad\u0103 cum face Vasile R\u00eembu Suceava bine, a ap\u0103rut urm\u0103toarea postare:<\/p>\n<p>\u201dZona Albina, la ceas de sear\u0103, am ref\u0103cut aceast\u0103 zon\u0103 dup\u0103 40 de ani de uitare. La fel \u0219i pia\u021beta din fa\u021ba magazinului Albina. M\u00e2ine vom amenaja \u0219i spa\u021biul verde din fa\u021ba magazinului. Vom reface, de asemenea, zona de la sta\u021bia banc\u0103, apoi f\u00e2nt\u00e2na si pia\u021beta care se afl\u0103 la intersec\u021bia dintre George Enescu \u0219i Universit\u0103\u021bii, precum \u0219i pia\u021beta \u0219i zona pietonal\u0103 din zona Orizont\u201d. Postarea a fost \u00eenso\u021bit\u0103 de c\u00eeteva fotografii cu zona, care \u00eentr-adev\u0103r arat\u0103 foarte bine. Pe unele site-uri de \u0219tiri au ap\u0103rut \u0219i fotografii \u00een care primarul Vasile R\u00eembu, \u201dbra\u021bul s\u0103u armat\u201d Ovidiu Doroftei, \u0219eful Poli\u021biei Locale, \u0219i m\u00eena sa c\u00eend dreapt\u0103, c\u00eend st\u00eeng\u0103, viceprimarul Dan Ioan Cu\u0219nir, stau la pozat plini de ei pe una dintre b\u0103ncile proasp\u0103t montate la \u201dAlbina\u201d.<\/p>\n<p>\u00cens\u0103, onorata audien\u021b\u0103 trebuie s\u0103 \u0219tie c\u0103 nici Prim\u0103ria Suceava, \u0219i nici domnii R\u00eembu, Doroftei \u0219i Cu\u0219nir pe persoan\u0103 fizic\u0103 nu au modernizat zona. Ei nu au pus nici un leu \u0219i nici nu au pus m\u00eena pe vreo bucat\u0103 de lemn sau pe vreun ciocan. Acest lucru a fost recunoscut de primar \u00een cea mai recent\u0103 \u0219edin\u021b\u0103 a Consiliului Local Suceava, atunci c\u00eend a fost \u00eentrebat cine a modernizat zona, de fapt. La \u201dAlbina\u201d, investi\u021bia a f\u0103cut-o pizzeria de-acolo. De bun\u0103 voie \u0219i nesilit\u0103 de nimeni? Spre imposibil de crezut a\u0219a ceva. \u00cen \u201dcazarma\u201d lui Vasile R\u00eembu te po\u021bi trezi oric\u00eend cu Poli\u021bia Local\u0103 pe cap, spun\u00eend c\u0103 are o reclama\u021bie de la nu-\u0219tiu-care cet\u0103\u021bean deranjat de zgomotul f\u0103cut de cu\u021bitul cu care se taie pizza din farfurie. Sau te po\u021bi trezi c\u0103-\u021bi vine vreun angajat de la Prim\u0103rie s\u0103-\u021bi m\u0103soare cu metrul de croitorie restaurantul, ca s\u0103 vad\u0103 dac\u0103 nu cumva ai intrat cu 2 centimetri pe domeniul public. A\u0219a c\u0103 mai bine te execu\u021bi \u0219i pui dou\u0103 fire de iarb\u0103, trei flori \u0219i dou\u0103 b\u0103nci.<\/p>\n<p>Totu\u0219i, important este c\u0103 s-a f\u0103cut ceva frumos. Primarul a \u0219tiut s\u0103 se descurce, iar pentru asta, bravo lui, \u00eens\u0103 doar \u00eentr-un fel, pentru c\u0103 este aproape imposibil de crezut c\u0103 modernizarea a fost f\u0103cut\u0103 de firma care are pizzeria pentru c\u0103 aceasta nu mai \u0219tia ce s\u0103 fac\u0103 cu banii. Vorbim despre o societate comercial\u0103 \u0219i nu despre o societate caritabil\u0103. \u00cen lipsa unei inform\u0103ri publice \u00een ceea ce prive\u0219te partenieratul public-privat \u00eentre Prim\u0103rie \u0219i pizzerie se poate specula, nu-i a\u0219a?<\/p>\n<p>\u00cen acela\u0219i timp, critici pentru primar, pentru c\u0103 a dat de \u00een\u021beles c\u0103 Prim\u0103ria a f\u0103cut moderniz\u0103ri \u00een zona \u201dAlbina\u201d cu banii ei \u0219i cu munca ei.<\/p>\n<p>Nu ar fi de mirare ca Vasile R\u00eembu, Ovidiu Doroftei \u0219i Dan Ioan Cu\u0219nir s\u0103 mearg\u0103 s\u0103 se fotografieze \u0219i \u00een tribunele modernizate ale stadionului \u201dAreni\u201d \u0219i s\u0103 se laude dup\u0103 aceea. \u00cens\u0103, va fi mai greu s\u0103-i cread\u0103 lumea, pentru c\u0103 ac\u021bionarii clubului de fotbal de Liga a II-a CSM Cetatea 1932 Suceava au anun\u021bat, deja, c\u0103 tot ce s-a f\u0103cut la stadion s-a f\u0103cut pe banii lor. Ei, dar c\u00eet\u0103 lume se uit\u0103 \u00een gura ac\u021bionarilor Cet\u0103\u021bii \u0219i c\u00eet\u0103 lume se uit\u0103 \u00een gura lui Vasile R\u00eembu?<\/p>\n<p>P\u00een\u0103 la urm\u0103, mai cu o postare de-a lui Vasile R\u00eembu, mai cu o postare de-a Prim\u0103riei, mai cu ni\u0219te like-uri din partea sus\u021bin\u0103torilor \u00een orb sau a celor care nu \u0219tiu nici unde este \u201dAlbina\u201d \u0219i nici unde este stadionul, impresia va fi aceea c\u0103 Vasile R\u00eembu, doar el, face Suceava bine. Campania de imagine a lui Vasile R\u00eembu continu\u0103. (Foto: Monitorul de Suceava)<\/p>\n<p>\u00a0<\/p>\n<\/div>\n<p>[analyse_source url=&#8221;https:\/\/www.radiotop.ro\/tableta-zilei\/unii-cu-munca-vasile-rimbu-cu-lauda-campania-de-imagine-a-primarului-continua.html&#8221;]<\/p>\n","protected":false},"excerpt":{"rendered":"<p>[analyse_image type=&#8221;featured&#8221; src=&#8221;https:\/\/www.radiotop.ro\/img\/media\/2026\/08\/doroftei-rimbu-cusnir-banca.jpg&#8221;] \u00cen uralele publicului, primarul Sucevei, Vasile R\u00eembu, a anun\u021bat o nou\u0103 realizare a administra\u021biei sale binef\u0103c\u0103toare. Pe pagina de Facebook a domniei sale, dar \u0219i pe cea a Prim\u0103riei, pentru ca mai mult\u0103 lume s\u0103 vad\u0103 cum face Vasile R\u00eembu Suceava bine, a ap\u0103rut urm\u0103toarea postare: \u201dZona Albina, la ceas de sear\u0103, [&hellip;]<\/p>\n","protected":false},"author":1,"featured_media":0,"comment_status":"open","ping_status":"","sticky":false,"template":"","format":"standard","meta":{"footnotes":""},"categories":[89],"tags":[226,163],"class_list":["post-2081230","post","type-post","status-publish","format-standard","hentry","category-romania","tag-crawlmanager","tag-radiotop-ro"],"_links":{"self":[{"href":"https:\/\/analyse.optim.biz\/index.php?rest_route=\/wp\/v2\/posts\/2081230","targetHints":{"allow":["GET"]}}],"collection":[{"href":"https:\/\/analyse.optim.biz\/index.php?rest_route=\/wp\/v2\/posts"}],"about":[{"href":"https:\/\/analyse.optim.biz\/index.php?rest_route=\/wp\/v2\/types\/post"}],"author":[{"embeddable":true,"href":"https:\/\/analyse.optim.biz\/index.php?rest_route=\/wp\/v2\/users\/1"}],"replies":[{"embeddable":true,"href":"https:\/\/analyse.optim.biz\/index.php?rest_route=%2Fwp%2Fv2%2Fcomments&post=2081230"}],"version-history":[{"count":0,"href":"https:\/\/analyse.optim.biz\/index.php?rest_route=\/wp\/v2\/posts\/2081230\/revisions"}],"wp:attachment":[{"href":"https:\/\/analyse.optim.biz\/index.php?rest_route=%2Fwp%2Fv2%2Fmedia&parent=2081230"}],"wp:term":[{"taxonomy":"category","embeddable":true,"href":"https:\/\/analyse.optim.biz\/index.php?rest_route=%2Fwp%2Fv2%2Fcategories&post=2081230"},{"taxonomy":"post_tag","embeddable":true,"href":"https:\/\/analyse.optim.biz\/index.php?rest_route=%2Fwp%2Fv2%2Ftags&post=2081230"}],"curies":[{"name":"wp","href":"https:\/\/api.w.org\/{rel}","templated":true}]}}