{"id":2081214,"date":"2026-08-06T14:07:42","date_gmt":"2026-08-06T11:07:42","guid":{"rendered":"https:\/\/analyse.optim.biz\/?p=2081214"},"modified":"2026-08-06T14:07:42","modified_gmt":"2026-08-06T11:07:42","slug":"kia-recheama-in-service-prima-generatie-de-masini-electrice-e-niro-din-cauza-riscului-de-incendiu","status":"publish","type":"post","link":"https:\/\/analyse.optim.biz\/?p=2081214","title":{"rendered":"Kia recheam\u0103 \u00een service prima genera\u021bie de ma\u0219ini electrice e-Niro din cauza riscului de incendiu"},"content":{"rendered":"<p>[analyse_image type=&#8221;featured&#8221; src=&#8221;https:\/\/r3media.ro\/wp-content\/uploads\/2026\/08\/masina-kia-motors-scaled-e1786024720524.jpghttps:\/\/r3media.ro\/wp-content\/uploads\/2026\/08\/masina-kia-motors-scaled-e1786024720524.jpg&#8221;]<\/p>\n<article id=\"template-id-109\" class=\"post-109 tdb_templates type-tdb_templates status-publish post\">\n<div id=\"tdi_2\" class=\"tdc-zone\">\n<div class=\"tdc_zone tdi_3  wpb_row td-pb-row\">\n<div id=\"tdi_4\" class=\"tdc-row\">\n<div class=\"vc_row tdi_5  wpb_row td-pb-row\">\n<div class=\"vc_column tdi_7  wpb_column vc_column_container tdc-column td-pb-span8\">\n<div class=\"wpb_wrapper\">\n<div class=\"td_block_wrap tdb_breadcrumbs tdi_8 td-pb-border-top td_block_template_1 tdb-breadcrumbs \" data-td-block-uid=\"tdi_8\">\n<div class=\"tdb-block-inner td-fix-index\"><span><a title=\"Vede\u021bi toate articolele \u00een FEATURED\" class=\"tdb-entry-crumb\" href=\"https:\/\/r3media.ro\/category\/featured\/\">FEATURED<\/a><\/span><span class=\"tdb-bred-no-url-last\">Kia recheam\u0103 \u00een service prima genera\u021bie de ma\u0219ini electrice e-Niro din cauza&#8230;<\/span><\/div>\n<\/div>\n<div class=\"td_block_wrap tdb_single_categories tdi_9 td-pb-border-top td_block_template_1 \" data-td-block-uid=\"tdi_9\">\n<div class=\"tdb-category td-fix-index\"><a class=\"tdb-entry-category\" href=\"https:\/\/r3media.ro\/category\/featured\/\">FEATURED<\/a><a class=\"tdb-entry-category\" href=\"https:\/\/r3media.ro\/category\/stiri\/\">\u0218TIRI<\/a><\/div>\n<\/div>\n<div class=\"td_block_wrap tdb_title tdi_10 tdb-single-title td-pb-border-top td_block_template_1\" data-td-block-uid=\"tdi_10\">\n<div class=\"tdb-block-inner td-fix-index\">\n<h1 class=\"tdb-title-text\">Kia recheam\u0103 \u00een service prima genera\u021bie de ma\u0219ini electrice e-Niro din cauza riscului de incendiu<\/h1>\n<\/div>\n<\/div>\n<div class=\"vc_row_inner tdi_12  vc_row vc_inner wpb_row td-pb-row\">\n<div class=\"vc_column_inner tdi_14  wpb_column vc_column_container tdc-inner-column td-pb-span12\">\n<div class=\"vc_column-inner\">\n<div class=\"wpb_wrapper\">\n<div class=\"td_block_wrap tdb_single_author tdi_15 td-pb-border-top td_block_template_1 tdb-post-meta\" data-td-block-uid=\"tdi_15\">\n<div class=\"tdb-block-inner td-fix-index\">\n<div class=\"tdb-author-name-wrap\"><a class=\"tdb-author-name\" href=\"https:\/\/r3media.ro\/author\/oana\/\">Oana Ivan<\/a><\/div>\n<\/div>\n<\/div>\n<div class=\"td_block_wrap tdb_single_date tdi_16 td-pb-border-top td_block_template_1 tdb-post-meta\" data-td-block-uid=\"tdi_16\">\n<div class=\"tdb-block-inner td-fix-index\"><time class=\"entry-date updated td-module-date\" datetime=\"2026-08-06T17:07:42+03:00\">06\/08\/2026<\/time><\/div>\n<\/div>\n<\/div>\n<\/div>\n<\/div>\n<\/div>\n<div class=\"td_block_wrap tdb_single_featured_image tdi_17 tdb-content-horiz-left td-pb-border-top td_block_template_1\" data-td-block-uid=\"tdi_17\">\n<div class=\"tdb-block-inner td-fix-index\">\n<figure><figcaption class=\"tdb-caption-text\">Surs\u0103 &#8211; Unsplash<\/figcaption><\/figure>\n<\/div>\n<\/div>\n<div class=\"td_block_wrap tdb_single_content tdi_18 td-pb-border-top td_block_template_1 td-post-content tagdiv-type\" data-td-block-uid=\"tdi_18\">\n<div class=\"tdb-block-inner td-fix-index\">\n<p><strong>Kia a lansat o rechemare global\u0103 pentru prima genera\u021bie e-Niro. Campania de rechemare \u00een service afecteaz\u0103 versiunea complet electric\u0103 a modelului \u0219i abordeaz\u0103 monitorizarea insuficient\u0103 a bateriei, care ar putea cre\u0219te riscul de incendiu. Sunt afectate doar unit\u0103\u021bile din prima genera\u021bie, potrivit <a href=\"https:\/\/www.electrive.com\/2026\/08\/06\/kia-recalls-first-generation-e-niro-over-fire-risk\/\" target=\"_blank\" rel=\"noopener\">Electrive<\/a>.<\/strong><\/p>\n<p>Rechemarea acoper\u0103 vehiculele construite \u00eentre 19 mai 2020 \u0219i 18 martie 2022. La nivel global, 14.117 vehicule necesit\u0103 inspec\u021bie la service-uri autorizate, inclusiv 11.331 \u00een Europa. \u00cen Germania, rechemarea afecteaz\u0103 1.791 de vehicule.<\/p>\n<p>Rechemarea abordeaz\u0103 logica de monitorizare inadecvat\u0103 din sistemul de gestionare a bateriei (BMS). \u00cen anumite condi\u021bii de func\u021bionare, bateria de \u00eenalt\u0103 tensiune poate pierde controlul. Problema poate cauza supra\u00eenc\u0103lzirea celulelor bateriei \u0219i cre\u0219terea riscului de incendiu. Defec\u021biunea poate ap\u0103rea \u00een timp ce vehiculul este condus, parcat sau \u00eenc\u0103rcat.<\/p>\n<h2><strong>Risc de incendiu la ma\u0219inile electrice Kia. Sunt verificate vehiculele din \u00eentreaga lume<\/strong><\/h2>\n<p>\u00a0<\/p>\n<p>La service-urile autorizate, tehnicienii vor actualiza software-ul sistemului de gestionare a bateriei ca principal\u0103 m\u0103sur\u0103 corectiv\u0103. Procedura dureaz\u0103 aproximativ 30 de minute. \u00cen plus, va fi inspectat\u0103 starea bateriei de \u00eenalt\u0103 tensiune.<\/p>\n<p>Dac\u0103 inspec\u021bia identific\u0103 deterior\u0103ri ale bateriei de \u00eenalt\u0103 tensiune, \u00eentregul pachet de baterii va fi \u00eenlocuit gratuit. Aceast\u0103 repara\u021bie poate dura p\u00e2n\u0103 la \u0219ase ore. Kia efectueaz\u0103 rechemarea sub codul intern al campaniei \u201e261261\u201d.<\/p>\n<p>Toate vehiculele afectate apar\u021bin primei genera\u021bii Kia e-Niro, construit\u0103 \u00eentre sf\u00e2r\u0219itul anului 2018 \u0219i martie 2022. Modelul de a doua genera\u021bie, comercializat sub numele de Niro EV, utilizeaz\u0103 componente diferite ale bateriei \u0219i nu este afectat de rechemare. Kia a \u00eentrerupt v\u00e2nz\u0103rile modelului Niro EV \u00een Germania \u00een noiembrie 2024, dup\u0103 lansarea modelului EV3. La nivel interna\u021bional, compania vinde acum doar stocul r\u0103mas de Niro EV, \u00een timp ce Niro continu\u0103 s\u0103 fie oferit exclusiv cu sisteme de propulsie hibride.<\/p>\n<p>Compania-mam\u0103 a Kia, Hyundai, a emis anterior rechem\u0103ri similare pentru Kona Electric \u0219i Ioniq Electric din cauza unor probleme comparabile legate de sistemul de gestionare a bateriei. Proprietarii vehiculelor e-Niro afectate vor fi contacta\u021bi direct pentru a programa o \u00eent\u00e2lnire la un atelier autorizat. Potrivit Kia, p\u00e2n\u0103 \u00een prezent nu au fost raportate cazuri de daune materiale sau v\u0103t\u0103m\u0103ri corporale legate de acest defect.<\/p>\n<h2><strong>Hyundai a rechemat de asemenea zeci de mii de ma\u0219ini electrice \u00een service<\/strong><\/h2>\n<p>\u00a0<\/p>\n<p>Anun\u021bul Kia vine la c\u00e2teva zile dup\u0103 ce <a href=\"https:\/\/r3media.ro\/hyundai-recheama-service-masini-electrice-inster-risc-incendiu\/\" target=\"_blank\" rel=\"noopener\">Hyundai a dispus<\/a> rechemarea \u00een service a zeci de mii de ma\u0219ini electrice Inster tot din cauza unui poten\u021bial risc de incendiu.<\/p>\n<p>Rechemarea afecteaz\u0103 toate vehiculele construite \u00eentre 14 februarie 2024 \u0219i 14 aprilie 2026. Printre vehiculele afectate se num\u0103r\u0103 probabil \u0219i majoritatea modelelor Inster \u00eenmatriculate \u00een ultimele s\u0103pt\u0103m\u00e2ni. Ca parte a rechem\u0103rii, Hyundai va \u00eenlocui componenta defect\u0103 cu o pies\u0103 revizuit\u0103. Centrele de service autorizate vor efectua repara\u021bia. Produc\u0103torul sf\u0103tuie\u0219te clien\u021bii afecta\u021bi s\u0103-\u0219i fac\u0103 o programare la un atelier c\u00e2t mai cur\u00e2nd posibil. Ace\u0219tia vor trebui s\u0103 aib\u0103 la \u00eendem\u00e2n\u0103 codul de rechemare specific produc\u0103torului 61D127 la momentul program\u0103rii.<\/p>\n<p>\u00cen 2024, Hyundai\u00a0<a href=\"https:\/\/r3media.ro\/hyundai-recheama-in-service-masini-electrice-risc-extraordinar-de-mare-producere-accidente\/\" target=\"_blank\" rel=\"noopener\"><strong>a rechemat \u00een service<\/strong><\/a>\u00a0mii de modele de vehicule electrice Ioniq 5 \u0219i Ioniq 6, din cauza unei defec\u021biuni majore care ar putea face ca ma\u0219ina s\u0103 produc\u0103 un accident.<\/p>\n<h2><strong>Nenum\u0103rate probleme la ma\u0219inile electrice \u00een ultimii ani<\/strong><\/h2>\n<p>\u00a0<\/p>\n<p>\u00cen ultimii ani, nenum\u0103rate ma\u0219ini electrice au luat foc din senin ori au preluat controlul conducerii de la \u0219ofer. De\u0219i incendiile sunt relativ rare, atunci c\u00e2nd apar pot fi mai greu de stins dec\u00e2t cele la autoturismele cu motor termic. De obicei, acestea sunt cauzate de defecte ale bateriei, accidente grave sau probleme de fabrica\u021bie. Bateriile litiu-ion pot intra \u00eentr-un proces numit \u201efug\u0103 termic\u0103\u201d, care genereaz\u0103 temperaturi foarte ridicate.<\/p>\n<p>Stingerea unui incendiu la o ma\u0219in\u0103 electric\u0103 necesit\u0103 cantit\u0103\u021bi mari de ap\u0103 \u0219i poate dura mai mult timp. De aceea, pompierii folosesc proceduri speciale pentru r\u0103cirea bateriei \u0219i prevenirea reaprinderii. Cu toate acestea, statisticile arat\u0103 c\u0103 ma\u0219inile electrice nu iau foc mai frecvent dec\u00e2t cele pe benzin\u0103 sau motorin\u0103.<\/p>\n<div class=\"crp_related     crp-masonry\">\n<h2>\u00ceN CONTEXT<\/h2>\n<ul>\n<li><a href=\"https:\/\/r3media.ro\/hyundai-recheama-service-masini-electrice-inster-risc-incendiu\/\" class=\"crp_link post-120703\"><span class=\"crp_title\">Hyundai recheam\u0103 \u00een service zeci de mii de ma\u0219ini electrice din cauza riscului de incendiu<\/span><\/a><\/li>\n<li><a href=\"https:\/\/r3media.ro\/piata-masini-electrice-prabusire-statele-unite-ale-americii-vanzari-scazut-80-credit-fiscal-federal-vehicule-prietenoase-mediu-eliminat-donald-trump\/\" class=\"crp_link post-114057\"><span class=\"crp_title\">Pia\u021ba ma\u0219inilor electrice s-a pr\u0103bu\u0219it \u00een Statele Unite ale Americii: V\u00e2nz\u0103rile au sc\u0103zut cu\u2026<\/span><\/a><\/li>\n<li><a href=\"https:\/\/r3media.ro\/tara-europa-norvegia-masini-electrice-inmatriculate-cota-ridicata\/\" class=\"crp_link post-120796\"><span class=\"crp_title\">\u021aara din Europa unde aproape toate ma\u0219inile \u00eenmatriculate sune electrice. Cota a ajuns la\u2026<\/span><\/a><\/li>\n<li><a href=\"https:\/\/r3media.ro\/femeie-cumparat-automobil-electric-mana-a-doua-surpriza-plecat-masina\/\" class=\"crp_link post-119601\"><span class=\"crp_title\">O femeie care \u0219i-a achizi\u021bionat un automobil electric la m\u00e2na a doua a avut parte de o\u2026<\/span><\/a><\/li>\n<li><a href=\"https:\/\/r3media.ro\/lovitura-romani-masini-electrice-guvernul-bolojan-scade-valoare-ecotichetului-programul-rabla\/\" class=\"crp_link post-112582\"><span class=\"crp_title\">Lovitur\u0103 dup\u0103 lovitur\u0103 pentru rom\u00e2nii care vor ma\u0219ini electrice: Guvernul Bolojan scade\u2026<\/span><\/a><\/li>\n<li><a href=\"https:\/\/r3media.ro\/propunere-bruxelles-industria-auto-romania-dacia-ford-otosan\/\" class=\"crp_link post-116333\"><span class=\"crp_title\">Propunere de la Bruxelles cu poten\u021bial impact masiv pentru industria auto din Rom\u00e2nia: Dacia\u2026<\/span><\/a><\/li>\n<li><a href=\"https:\/\/r3media.ro\/europa-vanzari-masini-electrice-china-america-de-nord\/\" class=\"crp_link post-116212\"><span class=\"crp_title\">Europa, singurul continent unde v\u00e2nz\u0103rile de ma\u0219ini electrice au crescut. China \u0219i America\u2026<\/span><\/a><\/li>\n<li><a href=\"https:\/\/r3media.ro\/lovitura-usturatoare-masini-electrice-guvernul-bolojan-gand-rau-plata-impozite-echitate-sociala\/\" class=\"crp_link post-112532\"><span class=\"crp_title\">Lovitur\u0103 ustur\u0103toare pentru rom\u00e2nii care au ma\u0219ini electrice: Guvernul Bolojan le-a pus g\u00e2nd\u2026<\/span><\/a><\/li>\n<\/ul>\n<\/div>\n<\/div>\n<\/div>\n<div class=\"td_block_wrap tdb_single_tags tdi_19 td-pb-border-top td_block_template_1\" data-td-block-uid=\"tdi_19\">\n<div class=\"tdb-block-inner td-fix-index\">\n<ul class=\"tdb-tags\">\n<li><span>SUBIECTE FIERBIN\u021aI<\/span><\/li>\n<li><a href=\"https:\/\/r3media.ro\/tag\/kia-motors\/\">kia motors<\/a><\/li>\n<li><a href=\"https:\/\/r3media.ro\/tag\/masini-electrice\/\">masini electrice<\/a><\/li>\n<\/ul>\n<\/div>\n<\/div>\n<div class=\"td_block_wrap td_block_9 tdi_20 td_with_ajax_pagination td-pb-border-top td_block_template_1 td-column-2 td_block_padding td_block_bot_line\" data-td-block-uid=\"tdi_20\">\n<div class=\"td-block-title-wrap\">\n<h4 class=\"block-title td-block-title\"><span class=\"td-pulldown-size\">CITE\u0218TE MAI MULT<\/span><\/h4>\n<\/div>\n<div id=\"tdi_20\" class=\"td_block_inner\">\n<div class=\"td-block-row\">\n<div class=\"td-block-span6\">\n<div class=\"td_module_8 td_module_wrap\">\n<div class=\"item-details\">\n<h3 class=\"entry-title td-module-title\"><a href=\"https:\/\/r3media.ro\/show-iluzie-si-realitate-de-la-the-truman-show-la-son-of-a-rich\/\" rel=\"bookmark\" title=\"Show, iluzie \u0219i realitate: de la The Truman Show la Son of a Rich\">Show, iluzie \u0219i realitate: de la The Truman Show la Son of a Rich<\/a><\/h3>\n<div class=\"td-module-meta-info\"><a href=\"https:\/\/r3media.ro\/category\/opinii\/\" class=\"td-post-category\">OPINII<\/a><span class=\"td-post-author-name\"><a href=\"https:\/\/r3media.ro\/author\/costi_balasoiu\/\">Constantin B\u0103l\u0103\u0219oiu<\/a><span>&#8211;<\/span><\/span><span class=\"td-post-date\"><time class=\"entry-date updated td-module-date\" datetime=\"2026-08-04T21:41:25+03:00\">04\/08\/2026<\/time><\/span><\/div>\n<\/div>\n<\/div>\n<\/div>\n<div class=\"td-block-span6\">\n<div class=\"td_module_8 td_module_wrap\">\n<div class=\"item-details\">\n<h3 class=\"entry-title td-module-title\"><a href=\"https:\/\/r3media.ro\/cand-incepe-scoala-in-2026-structura-an-nou-scolar\/\" rel=\"bookmark\" title=\"C\u00e2nd \u00eencepe \u0219coala \u00een 2026: Structura noului an \u0219colar, vacan\u021bele \u0219i zilele libere\">C\u00e2nd \u00eencepe \u0219coala \u00een 2026: Structura noului an \u0219colar, vacan\u021bele \u0219i zilele libere<\/a><\/h3>\n<div class=\"td-module-meta-info\"><a href=\"https:\/\/r3media.ro\/category\/actualitate\/\" class=\"td-post-category\">ACTUALITATE<\/a><span class=\"td-post-author-name\"><a href=\"https:\/\/r3media.ro\/author\/oana\/\">Oana Ivan<\/a><span>&#8211;<\/span><\/span><span class=\"td-post-date\"><time class=\"entry-date updated td-module-date\" datetime=\"2026-08-03T22:23:20+03:00\">03\/08\/2026<\/time><\/span><\/div>\n<\/div>\n<\/div>\n<\/div>\n<\/div>\n<div class=\"td-block-row\">\n<div class=\"td-block-span6\">\n<div class=\"td_module_8 td_module_wrap\">\n<div class=\"item-details\">\n<h3 class=\"entry-title td-module-title\"><a href=\"https:\/\/r3media.ro\/tara-europa-norvegia-masini-electrice-inmatriculate-cota-ridicata\/\" rel=\"bookmark\" title=\"\u021aara din Europa unde aproape toate ma\u0219inile \u00eenmatriculate sune electrice. Cota a ajuns la 97,6% \u00een iulie\">\u021aara din Europa unde aproape toate ma\u0219inile \u00eenmatriculate sune electrice. Cota a ajuns la&#8230;<\/a><\/h3>\n<div class=\"td-module-meta-info\"><a href=\"https:\/\/r3media.ro\/category\/actualitate\/\" class=\"td-post-category\">ACTUALITATE<\/a><span class=\"td-post-author-name\"><a href=\"https:\/\/r3media.ro\/author\/oana\/\">Oana Ivan<\/a><span>&#8211;<\/span><\/span><span class=\"td-post-date\"><time class=\"entry-date updated td-module-date\" datetime=\"2026-08-03T17:01:21+03:00\">03\/08\/2026<\/time><\/span><\/div>\n<\/div>\n<\/div>\n<\/div>\n<div class=\"td-block-span6\">\n<div class=\"td_module_8 td_module_wrap\">\n<div class=\"item-details\">\n<h3 class=\"entry-title td-module-title\"><a href=\"https:\/\/r3media.ro\/puterea-mitologica-instalata-a-romaniei\/\" rel=\"bookmark\" title=\"Puterea mitologic\u0103 instalat\u0103 a Rom\u00e2niei\">Puterea mitologic\u0103 instalat\u0103 a Rom\u00e2niei<\/a><\/h3>\n<div class=\"td-module-meta-info\"><a href=\"https:\/\/r3media.ro\/category\/opinii\/\" class=\"td-post-category\">OPINII<\/a><span class=\"td-post-author-name\"><a href=\"https:\/\/r3media.ro\/author\/tru\/\">TRU (Traian Ungureanu)<\/a><span>&#8211;<\/span><\/span><span class=\"td-post-date\"><time class=\"entry-date updated td-module-date\" datetime=\"2026-08-02T22:08:04+03:00\">02\/08\/2026<\/time><\/span><\/div>\n<\/div>\n<\/div>\n<\/div>\n<\/div>\n<div class=\"td-block-row\">\n<div class=\"td-block-span6\">\n<div class=\"td_module_8 td_module_wrap\">\n<div class=\"item-details\">\n<h3 class=\"entry-title td-module-title\"><a href=\"https:\/\/r3media.ro\/hyundai-recheama-service-masini-electrice-inster-risc-incendiu\/\" rel=\"bookmark\" title=\"Hyundai recheam\u0103 \u00een service zeci de mii de ma\u0219ini electrice din cauza riscului de incendiu\">Hyundai recheam\u0103 \u00een service zeci de mii de ma\u0219ini electrice din cauza riscului de&#8230;<\/a><\/h3>\n<div class=\"td-module-meta-info\"><a href=\"https:\/\/r3media.ro\/category\/actualitate\/\" class=\"td-post-category\">ACTUALITATE<\/a><span class=\"td-post-author-name\"><a href=\"https:\/\/r3media.ro\/author\/oana\/\">Oana Ivan<\/a><span>&#8211;<\/span><\/span><span class=\"td-post-date\"><time class=\"entry-date updated td-module-date\" datetime=\"2026-08-02T08:34:05+03:00\">02\/08\/2026<\/time><\/span><\/div>\n<\/div>\n<\/div>\n<\/div>\n<div class=\"td-block-span6\">\n<div class=\"td_module_8 td_module_wrap\">\n<div class=\"item-details\">\n<h3 class=\"entry-title td-module-title\"><a href=\"https:\/\/r3media.ro\/dragostea-care-transcende-epoci-descult-in-parc-1967\/\" rel=\"bookmark\" title=\"Dragostea care transcende epoci \u2014 Descul\u021b \u00een parc (1967)\">Dragostea care transcende epoci \u2014 Descul\u021b \u00een parc (1967)<\/a><\/h3>\n<div class=\"td-module-meta-info\"><a href=\"https:\/\/r3media.ro\/category\/opinii\/\" class=\"td-post-category\">OPINII<\/a><span class=\"td-post-author-name\"><a href=\"https:\/\/r3media.ro\/author\/costi_balasoiu\/\">Constantin B\u0103l\u0103\u0219oiu<\/a><span>&#8211;<\/span><\/span><span class=\"td-post-date\"><time class=\"entry-date updated td-module-date\" datetime=\"2026-08-01T13:45:14+03:00\">01\/08\/2026<\/time><\/span><\/div>\n<\/div>\n<\/div>\n<\/div>\n<\/div>\n<div class=\"td-block-row\">\n<div class=\"td-block-span6\">\n<div class=\"td_module_8 td_module_wrap\">\n<div class=\"item-details\">\n<h3 class=\"entry-title td-module-title\"><a href=\"https:\/\/r3media.ro\/masina-electrica-foc-turcia-incarcat-vehicul-explozie-pompieri-stingere-incendiu-video\/\" rel=\"bookmark\" title=\"VIDEO | O ma\u0219in\u0103 electric\u0103 a luat foc \u00een timp ce se afla la \u00eenc\u0103rcat. Vehiculul a explodat chiar c\u00e2nd pompierii \u00eencercau s\u0103 sting\u0103 incendiul folosind o p\u0103tur\u0103 ignifug\u0103\">VIDEO | O ma\u0219in\u0103 electric\u0103 a luat foc \u00een timp ce se afla la&#8230;<\/a><\/h3>\n<div class=\"td-module-meta-info\"><a href=\"https:\/\/r3media.ro\/category\/actualitate\/\" class=\"td-post-category\">ACTUALITATE<\/a><span class=\"td-post-author-name\"><a href=\"https:\/\/r3media.ro\/author\/oana\/\">Oana Ivan<\/a><span>&#8211;<\/span><\/span><span class=\"td-post-date\"><time class=\"entry-date updated td-module-date\" datetime=\"2026-07-31T13:33:48+03:00\">31\/07\/2026<\/time><\/span><\/div>\n<\/div>\n<\/div>\n<\/div>\n<div class=\"td-block-span6\">\n<div class=\"td_module_8 td_module_wrap\">\n<div class=\"item-details\">\n<h3 class=\"entry-title td-module-title\"><a href=\"https:\/\/r3media.ro\/spania-asediu-migranti-exclava-ceuta-africa-madrid-trupe-securitate-video\/\" rel=\"bookmark\" title=\"VIDEO | Spania se afl\u0103 sub asediu: Mii de migran\u021bi au luat cu asalt exclava Ceuta din Africa. Madridul a trimis trupe pentru a consolida securitatea\">VIDEO | Spania se afl\u0103 sub asediu: Mii de migran\u021bi au luat cu asalt&#8230;<\/a><\/h3>\n<div class=\"td-module-meta-info\"><a href=\"https:\/\/r3media.ro\/category\/actualitate\/\" class=\"td-post-category\">ACTUALITATE<\/a><span class=\"td-post-author-name\"><a href=\"https:\/\/r3media.ro\/author\/oana\/\">Oana Ivan<\/a><span>&#8211;<\/span><\/span><span class=\"td-post-date\"><time class=\"entry-date updated td-module-date\" datetime=\"2026-07-31T12:39:57+03:00\">31\/07\/2026<\/time><\/span><\/div>\n<\/div>\n<\/div>\n<\/div>\n<\/div>\n<div class=\"td-block-row\">\n<div class=\"td-block-span6\">\n<div class=\"td_module_8 td_module_wrap\">\n<div class=\"item-details\">\n<h3 class=\"entry-title td-module-title\"><a href=\"https:\/\/r3media.ro\/expert-ucraina-faliment-agricultura-romaneasca-tehnologii-ue\/\" rel=\"bookmark\" title=\"Un expert explic\u0103 felul \u00een care concuren\u021ba din Ucraina bag\u0103 \u00een faliment agricultura rom\u00e2neasc\u0103: Folosesc tehnologii interzise \u00een UE\">Un expert explic\u0103 felul \u00een care concuren\u021ba din Ucraina bag\u0103 \u00een faliment agricultura rom\u00e2neasc\u0103:&#8230;<\/a><\/h3>\n<div class=\"td-module-meta-info\"><a href=\"https:\/\/r3media.ro\/category\/actualitate\/\" class=\"td-post-category\">ACTUALITATE<\/a><span class=\"td-post-author-name\"><a href=\"https:\/\/r3media.ro\/author\/radu_ursan\/\">Radu Ursan<\/a><span>&#8211;<\/span><\/span><span class=\"td-post-date\"><time class=\"entry-date updated td-module-date\" datetime=\"2026-07-30T09:51:48+03:00\">30\/07\/2026<\/time><\/span><\/div>\n<\/div>\n<\/div>\n<\/div>\n<div class=\"td-block-span6\">\n<div class=\"td_module_8 td_module_wrap\">\n<div class=\"item-details\">\n<h3 class=\"entry-title td-module-title\"><a href=\"https:\/\/r3media.ro\/cornel-nistorescu-drone-razboi-ucraina\/\" rel=\"bookmark\" title=\"Cornel Nistorescu, dup\u0103 incidentele cu drone: Adie a aer de r\u0103zboi. De mirare c\u0103 dronele ucrainene nu au st\u00e2rnit at\u00e2ta t\u0103r\u0103boi\">Cornel Nistorescu, dup\u0103 incidentele cu drone: Adie a aer de r\u0103zboi. De mirare c\u0103&#8230;<\/a><\/h3>\n<div class=\"td-module-meta-info\"><a href=\"https:\/\/r3media.ro\/category\/actualitate\/\" class=\"td-post-category\">ACTUALITATE<\/a><span class=\"td-post-author-name\"><a href=\"https:\/\/r3media.ro\/author\/radu_ursan\/\">Radu Ursan<\/a><span>&#8211;<\/span><\/span><span class=\"td-post-date\"><time class=\"entry-date updated td-module-date\" datetime=\"2026-07-28T10:21:51+03:00\">28\/07\/2026<\/time><\/span><\/div>\n<\/div>\n<\/div>\n<\/div>\n<\/div>\n<div class=\"td-block-row\">\n<div class=\"td-block-span6\">\n<div class=\"td_module_8 td_module_wrap\">\n<div class=\"item-details\">\n<h3 class=\"entry-title td-module-title\"><a href=\"https:\/\/r3media.ro\/bnr-recomanda-romani-rezerve-de-cash-atacuri-cibernetice-numerar-relevant-criza\/\" rel=\"bookmark\" title=\"BNR le recomand\u0103 rom\u00e2nilor s\u0103 p\u0103streze rezerve de cash: Numerarul se poate dovedi relevant \u00een criz\u0103\">BNR le recomand\u0103 rom\u00e2nilor s\u0103 p\u0103streze rezerve de cash: Numerarul se poate dovedi relevant&#8230;<\/a><\/h3>\n<div class=\"td-module-meta-info\"><a href=\"https:\/\/r3media.ro\/category\/actualitate\/\" class=\"td-post-category\">ACTUALITATE<\/a><span class=\"td-post-author-name\"><a href=\"https:\/\/r3media.ro\/author\/oana\/\">Oana Ivan<\/a><span>&#8211;<\/span><\/span><span class=\"td-post-date\"><time class=\"entry-date updated td-module-date\" datetime=\"2026-07-27T13:11:47+03:00\">27\/07\/2026<\/time><\/span><\/div>\n<\/div>\n<\/div>\n<\/div>\n<div class=\"td-block-span6\">\n<div class=\"td_module_8 td_module_wrap\">\n<div class=\"item-details\">\n<h3 class=\"entry-title td-module-title\"><a href=\"https:\/\/r3media.ro\/statul-roman-a-semnat-actul-propriei-disparitii\/\" rel=\"bookmark\" title=\"Statul rom\u00e2n a semnat actul propriei dispari\u021bii?\">Statul rom\u00e2n a semnat actul propriei dispari\u021bii?<\/a><\/h3>\n<div class=\"td-module-meta-info\"><a href=\"https:\/\/r3media.ro\/category\/opinii\/\" class=\"td-post-category\">OPINII<\/a><span class=\"td-post-author-name\"><a href=\"https:\/\/r3media.ro\/author\/gabipopa\/\">Gabriel Popa<\/a><span>&#8211;<\/span><\/span><span class=\"td-post-date\"><time class=\"entry-date updated td-module-date\" datetime=\"2026-07-27T15:07:05+03:00\">27\/07\/2026<\/time><\/span><\/div>\n<\/div>\n<\/div>\n<\/div>\n<\/div>\n<\/div>\n<div class=\"td-load-more-wrap td-load-more-infinite-wrap\" id=\"infinite-lm-tdi_20\"><a href=\"https:\/\/r3media.ro\/kia-recheama-service-prima-generatie-masini-electrice-e-niro-risc-incendiu\/\" class=\"td_ajax_load_more td_ajax_load_more_js\" aria-label=\"\u00cenc\u0103rca\u021bi mai multe\" id=\"next-page-tdi_20\" data-td_block_id=\"tdi_20\">\u00cenc\u0103rca\u021bi mai multe<\/a><\/div>\n<\/div>\n<div class=\"td_block_wrap tdb_single_comments tdi_21 tdb-comm-layout2 td-pb-border-top td_block_template_1\" data-td-block-uid=\"tdi_21\">\n<div class=\"tdb-block-inner td-fix-index\">\n<div class=\"comments\" id=\"comments\">\n<div id=\"respond\" class=\"comment-respond\">\n<h3 id=\"reply-title\" class=\"comment-reply-title\">AI CEVA DE SPUS? <small><a rel=\"nofollow\" id=\"cancel-comment-reply-link\" href=\"https:\/\/r3media.ro\/kia-recheama-service-prima-generatie-masini-electrice-e-niro-risc-incendiu\/#respond\">Renun\u021ba\u021bi la r\u0103spuns<\/a><\/small><\/h3>\n<div class=\"comment-form-input-wrap td-form-comment\">\n<div class=\"td-warning-comment\">V\u0103 rug\u0103m s\u0103 introduce\u021bi comentariul dvs.!<\/div>\n<\/div>\n<div class=\"comment-form-input-wrap td-form-author\">\n<div class=\"td-warning-author\">Introduce\u021bi aici numele dvs.<\/div>\n<\/div>\n<div class=\"comment-form-input-wrap td-form-email\">\n<div class=\"td-warning-email-error\">A\u021bi introdus o adres\u0103 de e-mail incorect\u0103!<\/div>\n<div class=\"td-warning-email\">V\u0103 rug\u0103m s\u0103 introduce\u021bi adresa dvs. de e-mail aici<\/div>\n<\/div>\n<\/div>\n<\/div>\n<\/div>\n<\/div>\n<\/div>\n<\/div>\n<div class=\"vc_column tdi_23  wpb_column vc_column_container tdc-column td-pb-span4 td-is-sticky\">\n<div class=\"wpb_wrapper\" data-sticky-enabled-on=\"W3RydWUsdHJ1ZSx0cnVlLHRydWVd\" data-sticky-offset=\"20\" data-sticky-is-width-auto=\"W2ZhbHNlLGZhbHNlLGZhbHNlLGZhbHNlXQ==\">\n<div class=\"wpb_wrapper td_block_wrap vc_widget_sidebar tdi_25 \">\n<div class=\"td_block_wrap td_block_7 td_block_widget tdi_26 td-pb-border-top td_block_template_1 td-column-1 td_block_padding\" data-td-block-uid=\"tdi_26\">\n<div class=\"td-block-title-wrap\">\n<h4 class=\"block-title td-block-title\"><span class=\"td-pulldown-size\">Articole RELA\u021aIONATE<\/span><\/h4>\n<\/div>\n<div id=\"tdi_26\" class=\"td_block_inner\">\n<div class=\"td-block-span12\">\n<div class=\"td_module_6 td_module_wrap td-animation-stack\">\n<div class=\"td-module-thumb\"><a href=\"https:\/\/r3media.ro\/calendarul-zilei-7-august-sf-teodora-de-la-sihla\/\" rel=\"bookmark\" class=\"td-image-wrap \" title=\"Calendarul zilei 7 august: Sf. Teodora de la Sihla\"><img loading=\"lazy\" decoding=\"async\" class=\"entry-thumb\" src=\"https:\/\/r3media.ro\/wp-content\/uploads\/2021\/08\/Sfanta-Teodora-de-la-Sihla-100x70.jpg\" alt title=\"Calendarul zilei 7 august: Sf. Teodora de la Sihla\" width=\"100\" height=\"70\"><\/a><\/div>\n<div class=\"item-details\">\n<h3 class=\"entry-title td-module-title\"><a href=\"https:\/\/r3media.ro\/calendarul-zilei-7-august-sf-teodora-de-la-sihla\/\" rel=\"bookmark\" title=\"Calendarul zilei 7 august: Sf. Teodora de la Sihla\">Calendarul zilei 7 august: Sf. Teodora de la Sihla<\/a><\/h3>\n<div class=\"td-module-meta-info\"><span class=\"td-post-date\"><time class=\"entry-date updated td-module-date\" datetime=\"2026-08-06T22:30:30+03:00\">06\/08\/2026<\/time><\/span><\/div>\n<\/div>\n<\/div>\n<\/div>\n<div class=\"td-block-span12\">\n<div class=\"td_module_6 td_module_wrap td-animation-stack\">\n<div class=\"td-module-thumb\"><a href=\"https:\/\/r3media.ro\/un-tongalez-un-sud-african-si-un-australian-vor-evolua-pentru-nationala-de-rugby-a-romaniei\/\" rel=\"bookmark\" class=\"td-image-wrap \" title=\"Rugby: Un tongalez, un sud-african \u0219i un australian au depus jur\u0103m\u00e2ntul de credin\u021b\u0103 fa\u021b\u0103 de Rom\u00e2nia\"><img loading=\"lazy\" decoding=\"async\" class=\"entry-thumb\" src=\"https:\/\/r3media.ro\/wp-content\/uploads\/2026\/08\/rugby-romania-e1786027644471-100x70.jpg\" alt title=\"Rugby: Un tongalez, un sud-african \u0219i un australian au depus jur\u0103m\u00e2ntul de credin\u021b\u0103 fa\u021b\u0103 de Rom\u00e2nia\" width=\"100\" height=\"70\"><\/a><\/div>\n<div class=\"item-details\">\n<h3 class=\"entry-title td-module-title\"><a href=\"https:\/\/r3media.ro\/un-tongalez-un-sud-african-si-un-australian-vor-evolua-pentru-nationala-de-rugby-a-romaniei\/\" rel=\"bookmark\" title=\"Rugby: Un tongalez, un sud-african \u0219i un australian au depus jur\u0103m\u00e2ntul de credin\u021b\u0103 fa\u021b\u0103 de Rom\u00e2nia\">Rugby: Un tongalez, un sud-african \u0219i un australian au depus jur\u0103m\u00e2ntul&#8230;<\/a><\/h3>\n<div class=\"td-module-meta-info\"><span class=\"td-post-date\"><time class=\"entry-date updated td-module-date\" datetime=\"2026-08-06T18:40:30+03:00\">06\/08\/2026<\/time><\/span><\/div>\n<\/div>\n<\/div>\n<\/div>\n<div class=\"td-block-span12\">\n<div class=\"td_module_6 td_module_wrap td-animation-stack\">\n<div class=\"td-module-thumb\"><a href=\"https:\/\/r3media.ro\/senat-sua-vot-punere-acuzare-anthony-fauci-refuz-gestionare-pandemie-covid-19\/\" rel=\"bookmark\" class=\"td-image-wrap \" title=\"Senatul SUA a votat pentru punerea sub acuzare a lui Anthony Fauci. A refuzat s\u0103 spun\u0103 cum a gestionat pandemia de Covid-19\"><img loading=\"lazy\" decoding=\"async\" class=\"entry-thumb\" src=\"https:\/\/r3media.ro\/wp-content\/uploads\/2021\/02\/anthony-fauci-vaccinarea-planetei-100x70.jpg\" alt title=\"Senatul SUA a votat pentru punerea sub acuzare a lui Anthony Fauci. A refuzat s\u0103 spun\u0103 cum a gestionat pandemia de Covid-19\" width=\"100\" height=\"70\"><\/a><\/div>\n<div class=\"item-details\">\n<h3 class=\"entry-title td-module-title\"><a href=\"https:\/\/r3media.ro\/senat-sua-vot-punere-acuzare-anthony-fauci-refuz-gestionare-pandemie-covid-19\/\" rel=\"bookmark\" title=\"Senatul SUA a votat pentru punerea sub acuzare a lui Anthony Fauci. A refuzat s\u0103 spun\u0103 cum a gestionat pandemia de Covid-19\">Senatul SUA a votat pentru punerea sub acuzare a lui Anthony&#8230;<\/a><\/h3>\n<div class=\"td-module-meta-info\"><span class=\"td-post-date\"><time class=\"entry-date updated td-module-date\" datetime=\"2026-08-06T17:58:49+03:00\">06\/08\/2026<\/time><\/span><\/div>\n<\/div>\n<\/div>\n<\/div>\n<div class=\"td-block-span12\">\n<div class=\"td_module_6 td_module_wrap td-animation-stack\">\n<div class=\"td-module-thumb\"><a href=\"https:\/\/r3media.ro\/danemarca-introduce-reguli-stricte-combatere-frauda-inteligenta-artificiala-scoli\/\" rel=\"bookmark\" class=\"td-image-wrap \" title=\"Danemarca introduce reguli stricte pentru combaterea fraudei cu inteligen\u021b\u0103 artificial\u0103 (IA) \u00een \u0219coli\"><img loading=\"lazy\" decoding=\"async\" class=\"entry-thumb\" src=\"https:\/\/r3media.ro\/wp-content\/uploads\/2026\/08\/copil-la-calculator-100x70.jpg\" alt title=\"Danemarca introduce reguli stricte pentru combaterea fraudei cu inteligen\u021b\u0103 artificial\u0103 (IA) \u00een \u0219coli\" width=\"100\" height=\"70\"><\/a><\/div>\n<div class=\"item-details\">\n<h3 class=\"entry-title td-module-title\"><a href=\"https:\/\/r3media.ro\/danemarca-introduce-reguli-stricte-combatere-frauda-inteligenta-artificiala-scoli\/\" rel=\"bookmark\" title=\"Danemarca introduce reguli stricte pentru combaterea fraudei cu inteligen\u021b\u0103 artificial\u0103 (IA) \u00een \u0219coli\">Danemarca introduce reguli stricte pentru combaterea fraudei cu inteligen\u021b\u0103 artificial\u0103 (IA)&#8230;<\/a><\/h3>\n<div class=\"td-module-meta-info\"><span class=\"td-post-date\"><time class=\"entry-date updated td-module-date\" datetime=\"2026-08-06T17:27:27+03:00\">06\/08\/2026<\/time><\/span><\/div>\n<\/div>\n<\/div>\n<\/div>\n<div class=\"td-block-span12\">\n<div class=\"td_module_6 td_module_wrap td-animation-stack\">\n<div class=\"td-module-thumb\"><a href=\"https:\/\/r3media.ro\/oficial-1989-rationalizare-consum-energie\/\" rel=\"bookmark\" class=\"td-image-wrap \" title=\"E oficial, ne \u00eentoarcem \u00eenainte de 89: Guvernul ra\u021bionalizeaz\u0103 consumul de energie printr-un act normativ\"><img loading=\"lazy\" decoding=\"async\" class=\"entry-thumb\" src=\"https:\/\/r3media.ro\/wp-content\/uploads\/2025\/11\/bolojan-mosteanu-e1781434692661-100x70.png\" alt title=\"E oficial, ne \u00eentoarcem \u00eenainte de 89: Guvernul ra\u021bionalizeaz\u0103 consumul de energie printr-un act normativ\" width=\"100\" height=\"70\"><\/a><\/div>\n<div class=\"item-details\">\n<h3 class=\"entry-title td-module-title\"><a href=\"https:\/\/r3media.ro\/oficial-1989-rationalizare-consum-energie\/\" rel=\"bookmark\" title=\"E oficial, ne \u00eentoarcem \u00eenainte de 89: Guvernul ra\u021bionalizeaz\u0103 consumul de energie printr-un act normativ\">E oficial, ne \u00eentoarcem \u00eenainte de 89: Guvernul ra\u021bionalizeaz\u0103 consumul de&#8230;<\/a><\/h3>\n<div class=\"td-module-meta-info\"><span class=\"td-post-date\"><time class=\"entry-date updated td-module-date\" datetime=\"2026-08-06T14:08:20+03:00\">06\/08\/2026<\/time><\/span><\/div>\n<\/div>\n<\/div>\n<\/div>\n<div class=\"td-block-span12\">\n<div class=\"td_module_6 td_module_wrap td-animation-stack\">\n<div class=\"td-module-thumb\"><a href=\"https:\/\/r3media.ro\/aur-platforma-nicusor-dan\/\" rel=\"bookmark\" class=\"td-image-wrap \" title=\"AUR a lansat platforma suspeND.ro: procesul de suspendare a pre\u0219edintelui Nicu\u0219or Dan\"><img loading=\"lazy\" decoding=\"async\" class=\"entry-thumb\" src=\"https:\/\/r3media.ro\/wp-content\/uploads\/2026\/08\/suspend-nicusor-dan-100x70.jpg\" alt title=\"AUR a lansat platforma suspeND.ro: procesul de suspendare a pre\u0219edintelui Nicu\u0219or Dan\" width=\"100\" height=\"70\"><\/a><\/div>\n<div class=\"item-details\">\n<h3 class=\"entry-title td-module-title\"><a href=\"https:\/\/r3media.ro\/aur-platforma-nicusor-dan\/\" rel=\"bookmark\" title=\"AUR a lansat platforma suspeND.ro: procesul de suspendare a pre\u0219edintelui Nicu\u0219or Dan\">AUR a lansat platforma suspeND.ro: procesul de suspendare a pre\u0219edintelui Nicu\u0219or&#8230;<\/a><\/h3>\n<div class=\"td-module-meta-info\"><span class=\"td-post-date\"><time class=\"entry-date updated td-module-date\" datetime=\"2026-08-06T13:31:37+03:00\">06\/08\/2026<\/time><\/span><\/div>\n<\/div>\n<\/div>\n<\/div>\n<div class=\"td-block-span12\">\n<div class=\"td_module_6 td_module_wrap td-animation-stack\">\n<div class=\"td-module-thumb\"><a href=\"https:\/\/r3media.ro\/romanii-bolojan-mindruta-consum-energie-electrica-romania\/\" rel=\"bookmark\" class=\"td-image-wrap \" title=\"Rom\u00e2nii nu au ascultat apelul lui Bolojan \u0219i al lui M\u00eendru\u021b\u0103: Miercuri sear\u0103 s-a \u00eenregistrat unul dintre cele mai ridicate niveluri ale consumului de energie electric\u0103 din aceast\u0103 var\u0103\"><img loading=\"lazy\" decoding=\"async\" class=\"entry-thumb\" src=\"https:\/\/r3media.ro\/wp-content\/uploads\/2026\/08\/pexels-lamps-2178743-100x70.jpg\" alt title=\"Rom\u00e2nii nu au ascultat apelul lui Bolojan \u0219i al lui M\u00eendru\u021b\u0103: Miercuri sear\u0103 s-a \u00eenregistrat unul dintre cele mai ridicate niveluri ale consumului de energie electric\u0103 din aceast\u0103 var\u0103\" width=\"100\" height=\"70\"><\/a><\/div>\n<div class=\"item-details\">\n<h3 class=\"entry-title td-module-title\"><a href=\"https:\/\/r3media.ro\/romanii-bolojan-mindruta-consum-energie-electrica-romania\/\" rel=\"bookmark\" title=\"Rom\u00e2nii nu au ascultat apelul lui Bolojan \u0219i al lui M\u00eendru\u021b\u0103: Miercuri sear\u0103 s-a \u00eenregistrat unul dintre cele mai ridicate niveluri ale consumului de energie electric\u0103 din aceast\u0103 var\u0103\">Rom\u00e2nii nu au ascultat apelul lui Bolojan \u0219i al lui M\u00eendru\u021b\u0103:&#8230;<\/a><\/h3>\n<div class=\"td-module-meta-info\"><span class=\"td-post-date\"><time class=\"entry-date updated td-module-date\" datetime=\"2026-08-06T12:57:34+03:00\">06\/08\/2026<\/time><\/span><\/div>\n<\/div>\n<\/div>\n<\/div>\n<\/div>\n<\/div>\n<aside class=\"td_block_template_1 widget widget_recent_comments\">\n<h4 class=\"block-title\"><span>INTR\u0102 \u00ceN DISCU\u021aIE!<\/span><\/h4>\n<ul id=\"recentcomments\">\n<li class=\"recentcomments\"><span class=\"comment-author-link\">George<\/span> la <a href=\"https:\/\/r3media.ro\/mariuca-zaharia-fetita-12-ani-marasesti\/#comment-40352\">Calendarul zilei 6 august: M\u0103riuca Zaharia, feti\u021ba de 12 ani c\u0103zut\u0103 la M\u0103r\u0103\u0219e\u0219ti, care nu mai are loc \u00een manualele de istorie<\/a><\/li>\n<li class=\"recentcomments\"><span class=\"comment-author-link\">Nicu<\/span> la <a href=\"https:\/\/r3media.ro\/ucraina-scuze-grecia-drona-marina-insula-lefkada-expolozie-portul-constanta\/#comment-40351\">Ucraina i-a cerut scuze Greciei pentru c\u0103 o dron\u0103 marin\u0103 a ajuns l\u00e2ng\u0103 Insula Lefkada. Nicio vorb\u0103 despre drona care putea s\u0103 arunce \u00een aer Portul Constan\u021ba<\/a><\/li>\n<li class=\"recentcomments\"><span class=\"comment-author-link\">Nicu<\/span> la <a href=\"https:\/\/r3media.ro\/bulgaria-nivelul-scazut-al-apelor-dunarii-nu-afecteaza-centrala-nucleara-de-la-kozlodui\/#comment-40350\">Bulgaria: Nivelul sc\u0103zut al apelor Dun\u0103rii NU afecteaz\u0103 centrala nuclear\u0103 de la Kozlodui<\/a><\/li>\n<li class=\"recentcomments\"><span class=\"comment-author-link\">Cristian<\/span> la <a href=\"https:\/\/r3media.ro\/4-august-1919-armata-romana-budapesta\/#comment-40349\">Calendarul zilei: 4 august 1919, cucerirea Budapestei de c\u0103tre Armata Rom\u00e2n\u0103<\/a><\/li>\n<li class=\"recentcomments\"><span class=\"comment-author-link\">Nicu<\/span> la <a href=\"https:\/\/r3media.ro\/ministr-securitate-energetica-marea-britanie-subventii-net-zero-umfla-facturi-cetateni-energie\/#comment-40348\">Ministrul Securit\u0103\u021bii Energetice din Marea Britanie neag\u0103 faptul c\u0103 subven\u021biile Net Zero umfl\u0103 facturile cet\u0103\u021benilor la energie<\/a><\/li>\n<li class=\"recentcomments\"><span class=\"comment-author-link\">Nicu<\/span> la <a href=\"https:\/\/r3media.ro\/sursa-crizei-energetice-radu-miruta-romania-capacitati-carbune-seceta\/#comment-40347\">Sursa crizei energetice. Ministrul Radu Miru\u021b\u0103: Rom\u00e2nia a \u00eenchis capacit\u0103\u021bi de produc\u021bie pe carbune f\u0103r\u0103 s\u0103 pun\u0103 nimic \u00een loc. Nu te po\u021bi ascunde \u00een spatele secetei<\/a><\/li>\n<li class=\"recentcomments\"><span class=\"comment-author-link\">Gavril\u0103 Moldovan<\/span> la <a href=\"https:\/\/r3media.ro\/prima-oara-istorie-presedintia-document-primplan-patriotism-european\/#comment-40346\">Pentru prima oar\u0103 \u00een istorie, Pre\u0219edin\u021bia Rom\u00e2niei emite un document care pune pe primul plan o alt\u0103 entitate dec\u00e2t \u021bara noastr\u0103: patriotismul european<\/a><\/li>\n<\/ul>\n<\/aside>\n<aside class=\"td_block_template_1 widget widget_search\">\n<h4 class=\"block-title\"><span>CAUT\u0102 \u0218I VEI G\u0102SI<\/span><\/h4>\n<\/aside>\n<\/div>\n<\/div>\n<\/div>\n<\/div>\n<\/div>\n<\/div>\n<\/div>\n<p><span class=\"td-page-meta\"><\/span><span class=\"td-page-meta\"><span class=\"td-page-meta\"><\/span><\/span><span class=\"td-page-meta\"><\/span><\/article>\n<\/p>\n<div class=\"td_block_wrap tdb_single_content tdi_18 td-pb-border-top td_block_template_1 td-post-content tagdiv-type\" data-td-block-uid=\"tdi_18\">\n<div class=\"tdb-block-inner td-fix-index\">\n<p><strong>Kia a lansat o rechemare global\u0103 pentru prima genera\u021bie e-Niro. Campania de rechemare \u00een service afecteaz\u0103 versiunea complet electric\u0103 a modelului \u0219i abordeaz\u0103 monitorizarea insuficient\u0103 a bateriei, care ar putea cre\u0219te riscul de incendiu. Sunt afectate doar unit\u0103\u021bile din prima genera\u021bie, potrivit <a href=\"https:\/\/www.electrive.com\/2026\/08\/06\/kia-recalls-first-generation-e-niro-over-fire-risk\/\" target=\"_blank\" rel=\"noopener\">Electrive<\/a>.<\/strong><\/p>\n<p>Rechemarea acoper\u0103 vehiculele construite \u00eentre 19 mai 2020 \u0219i 18 martie 2022. La nivel global, 14.117 vehicule necesit\u0103 inspec\u021bie la service-uri autorizate, inclusiv 11.331 \u00een Europa. \u00cen Germania, rechemarea afecteaz\u0103 1.791 de vehicule.<\/p>\n<p>Rechemarea abordeaz\u0103 logica de monitorizare inadecvat\u0103 din sistemul de gestionare a bateriei (BMS). \u00cen anumite condi\u021bii de func\u021bionare, bateria de \u00eenalt\u0103 tensiune poate pierde controlul. Problema poate cauza supra\u00eenc\u0103lzirea celulelor bateriei \u0219i cre\u0219terea riscului de incendiu. Defec\u021biunea poate ap\u0103rea \u00een timp ce vehiculul este condus, parcat sau \u00eenc\u0103rcat.<\/p>\n<h2><strong>Risc de incendiu la ma\u0219inile electrice Kia. Sunt verificate vehiculele din \u00eentreaga lume<\/strong><\/h2>\n<p>\u00a0<\/p>\n<p>La service-urile autorizate, tehnicienii vor actualiza software-ul sistemului de gestionare a bateriei ca principal\u0103 m\u0103sur\u0103 corectiv\u0103. Procedura dureaz\u0103 aproximativ 30 de minute. \u00cen plus, va fi inspectat\u0103 starea bateriei de \u00eenalt\u0103 tensiune.<\/p>\n<p>Dac\u0103 inspec\u021bia identific\u0103 deterior\u0103ri ale bateriei de \u00eenalt\u0103 tensiune, \u00eentregul pachet de baterii va fi \u00eenlocuit gratuit. Aceast\u0103 repara\u021bie poate dura p\u00e2n\u0103 la \u0219ase ore. Kia efectueaz\u0103 rechemarea sub codul intern al campaniei \u201e261261\u201d.<\/p>\n<p>Toate vehiculele afectate apar\u021bin primei genera\u021bii Kia e-Niro, construit\u0103 \u00eentre sf\u00e2r\u0219itul anului 2018 \u0219i martie 2022. Modelul de a doua genera\u021bie, comercializat sub numele de Niro EV, utilizeaz\u0103 componente diferite ale bateriei \u0219i nu este afectat de rechemare. Kia a \u00eentrerupt v\u00e2nz\u0103rile modelului Niro EV \u00een Germania \u00een noiembrie 2024, dup\u0103 lansarea modelului EV3. La nivel interna\u021bional, compania vinde acum doar stocul r\u0103mas de Niro EV, \u00een timp ce Niro continu\u0103 s\u0103 fie oferit exclusiv cu sisteme de propulsie hibride.<\/p>\n<p>Compania-mam\u0103 a Kia, Hyundai, a emis anterior rechem\u0103ri similare pentru Kona Electric \u0219i Ioniq Electric din cauza unor probleme comparabile legate de sistemul de gestionare a bateriei. Proprietarii vehiculelor e-Niro afectate vor fi contacta\u021bi direct pentru a programa o \u00eent\u00e2lnire la un atelier autorizat. Potrivit Kia, p\u00e2n\u0103 \u00een prezent nu au fost raportate cazuri de daune materiale sau v\u0103t\u0103m\u0103ri corporale legate de acest defect.<\/p>\n<h2><strong>Hyundai a rechemat de asemenea zeci de mii de ma\u0219ini electrice \u00een service<\/strong><\/h2>\n<p>\u00a0<\/p>\n<p>Anun\u021bul Kia vine la c\u00e2teva zile dup\u0103 ce <a href=\"https:\/\/r3media.ro\/hyundai-recheama-service-masini-electrice-inster-risc-incendiu\/\" target=\"_blank\" rel=\"noopener\">Hyundai a dispus<\/a> rechemarea \u00een service a zeci de mii de ma\u0219ini electrice Inster tot din cauza unui poten\u021bial risc de incendiu.<\/p>\n<p>Rechemarea afecteaz\u0103 toate vehiculele construite \u00eentre 14 februarie 2024 \u0219i 14 aprilie 2026. Printre vehiculele afectate se num\u0103r\u0103 probabil \u0219i majoritatea modelelor Inster \u00eenmatriculate \u00een ultimele s\u0103pt\u0103m\u00e2ni. Ca parte a rechem\u0103rii, Hyundai va \u00eenlocui componenta defect\u0103 cu o pies\u0103 revizuit\u0103. Centrele de service autorizate vor efectua repara\u021bia. Produc\u0103torul sf\u0103tuie\u0219te clien\u021bii afecta\u021bi s\u0103-\u0219i fac\u0103 o programare la un atelier c\u00e2t mai cur\u00e2nd posibil. Ace\u0219tia vor trebui s\u0103 aib\u0103 la \u00eendem\u00e2n\u0103 codul de rechemare specific produc\u0103torului 61D127 la momentul program\u0103rii.<\/p>\n<p>\u00cen 2024, Hyundai\u00a0<a href=\"https:\/\/r3media.ro\/hyundai-recheama-in-service-masini-electrice-risc-extraordinar-de-mare-producere-accidente\/\" target=\"_blank\" rel=\"noopener\"><strong>a rechemat \u00een service<\/strong><\/a>\u00a0mii de modele de vehicule electrice Ioniq 5 \u0219i Ioniq 6, din cauza unei defec\u021biuni majore care ar putea face ca ma\u0219ina s\u0103 produc\u0103 un accident.<\/p>\n<h2><strong>Nenum\u0103rate probleme la ma\u0219inile electrice \u00een ultimii ani<\/strong><\/h2>\n<p>\u00a0<\/p>\n<p>\u00cen ultimii ani, nenum\u0103rate ma\u0219ini electrice au luat foc din senin ori au preluat controlul conducerii de la \u0219ofer. De\u0219i incendiile sunt relativ rare, atunci c\u00e2nd apar pot fi mai greu de stins dec\u00e2t cele la autoturismele cu motor termic. De obicei, acestea sunt cauzate de defecte ale bateriei, accidente grave sau probleme de fabrica\u021bie. Bateriile litiu-ion pot intra \u00eentr-un proces numit \u201efug\u0103 termic\u0103\u201d, care genereaz\u0103 temperaturi foarte ridicate.<\/p>\n<p>Stingerea unui incendiu la o ma\u0219in\u0103 electric\u0103 necesit\u0103 cantit\u0103\u021bi mari de ap\u0103 \u0219i poate dura mai mult timp. De aceea, pompierii folosesc proceduri speciale pentru r\u0103cirea bateriei \u0219i prevenirea reaprinderii. Cu toate acestea, statisticile arat\u0103 c\u0103 ma\u0219inile electrice nu iau foc mai frecvent dec\u00e2t cele pe benzin\u0103 sau motorin\u0103.<\/p>\n<div class=\"crp_related     crp-masonry\">\n<h2>\u00ceN CONTEXT<\/h2>\n<ul>\n<li><a href=\"https:\/\/r3media.ro\/hyundai-recheama-service-masini-electrice-inster-risc-incendiu\/\" class=\"crp_link post-120703\"><span class=\"crp_title\">Hyundai recheam\u0103 \u00een service zeci de mii de ma\u0219ini electrice din cauza riscului de incendiu<\/span><\/a><\/li>\n<li><a href=\"https:\/\/r3media.ro\/piata-masini-electrice-prabusire-statele-unite-ale-americii-vanzari-scazut-80-credit-fiscal-federal-vehicule-prietenoase-mediu-eliminat-donald-trump\/\" class=\"crp_link post-114057\"><span class=\"crp_title\">Pia\u021ba ma\u0219inilor electrice s-a pr\u0103bu\u0219it \u00een Statele Unite ale Americii: V\u00e2nz\u0103rile au sc\u0103zut cu\u2026<\/span><\/a><\/li>\n<li><a href=\"https:\/\/r3media.ro\/tara-europa-norvegia-masini-electrice-inmatriculate-cota-ridicata\/\" class=\"crp_link post-120796\"><span class=\"crp_title\">\u021aara din Europa unde aproape toate ma\u0219inile \u00eenmatriculate sune electrice. Cota a ajuns la\u2026<\/span><\/a><\/li>\n<li><a href=\"https:\/\/r3media.ro\/femeie-cumparat-automobil-electric-mana-a-doua-surpriza-plecat-masina\/\" class=\"crp_link post-119601\"><span class=\"crp_title\">O femeie care \u0219i-a achizi\u021bionat un automobil electric la m\u00e2na a doua a avut parte de o\u2026<\/span><\/a><\/li>\n<li><a href=\"https:\/\/r3media.ro\/lovitura-romani-masini-electrice-guvernul-bolojan-scade-valoare-ecotichetului-programul-rabla\/\" class=\"crp_link post-112582\"><span class=\"crp_title\">Lovitur\u0103 dup\u0103 lovitur\u0103 pentru rom\u00e2nii care vor ma\u0219ini electrice: Guvernul Bolojan scade\u2026<\/span><\/a><\/li>\n<li><a href=\"https:\/\/r3media.ro\/propunere-bruxelles-industria-auto-romania-dacia-ford-otosan\/\" class=\"crp_link post-116333\"><span class=\"crp_title\">Propunere de la Bruxelles cu poten\u021bial impact masiv pentru industria auto din Rom\u00e2nia: Dacia\u2026<\/span><\/a><\/li>\n<li><a href=\"https:\/\/r3media.ro\/europa-vanzari-masini-electrice-china-america-de-nord\/\" class=\"crp_link post-116212\"><span class=\"crp_title\">Europa, singurul continent unde v\u00e2nz\u0103rile de ma\u0219ini electrice au crescut. China \u0219i America\u2026<\/span><\/a><\/li>\n<li><a href=\"https:\/\/r3media.ro\/lovitura-usturatoare-masini-electrice-guvernul-bolojan-gand-rau-plata-impozite-echitate-sociala\/\" class=\"crp_link post-112532\"><span class=\"crp_title\">Lovitur\u0103 ustur\u0103toare pentru rom\u00e2nii care au ma\u0219ini electrice: Guvernul Bolojan le-a pus g\u00e2nd\u2026<\/span><\/a><\/li>\n<\/ul>\n<\/div>\n<\/div>\n<\/div>\n<p>[analyse_source url=&#8221;https:\/\/r3media.ro\/kia-recheama-service-prima-generatie-masini-electrice-e-niro-risc-incendiu\/&#8221;]<\/p>\n","protected":false},"excerpt":{"rendered":"<p>[analyse_image type=&#8221;featured&#8221; src=&#8221;https:\/\/r3media.ro\/wp-content\/uploads\/2026\/08\/masina-kia-motors-scaled-e1786024720524.jpghttps:\/\/r3media.ro\/wp-content\/uploads\/2026\/08\/masina-kia-motors-scaled-e1786024720524.jpg&#8221;] FEATUREDKia recheam\u0103 \u00een service prima genera\u021bie de ma\u0219ini electrice e-Niro din cauza&#8230; FEATURED\u0218TIRI Kia recheam\u0103 \u00een service prima genera\u021bie de ma\u0219ini electrice e-Niro din cauza riscului de incendiu Oana Ivan 06\/08\/2026 Surs\u0103 &#8211; Unsplash Kia a lansat o rechemare global\u0103 pentru prima genera\u021bie e-Niro. Campania de rechemare \u00een service afecteaz\u0103 versiunea complet [&hellip;]<\/p>\n","protected":false},"author":1,"featured_media":0,"comment_status":"open","ping_status":"","sticky":false,"template":"","format":"standard","meta":{"footnotes":""},"categories":[89],"tags":[226,93],"class_list":["post-2081214","post","type-post","status-publish","format-standard","hentry","category-romania","tag-crawlmanager","tag-r3media-ro"],"_links":{"self":[{"href":"https:\/\/analyse.optim.biz\/index.php?rest_route=\/wp\/v2\/posts\/2081214","targetHints":{"allow":["GET"]}}],"collection":[{"href":"https:\/\/analyse.optim.biz\/index.php?rest_route=\/wp\/v2\/posts"}],"about":[{"href":"https:\/\/analyse.optim.biz\/index.php?rest_route=\/wp\/v2\/types\/post"}],"author":[{"embeddable":true,"href":"https:\/\/analyse.optim.biz\/index.php?rest_route=\/wp\/v2\/users\/1"}],"replies":[{"embeddable":true,"href":"https:\/\/analyse.optim.biz\/index.php?rest_route=%2Fwp%2Fv2%2Fcomments&post=2081214"}],"version-history":[{"count":0,"href":"https:\/\/analyse.optim.biz\/index.php?rest_route=\/wp\/v2\/posts\/2081214\/revisions"}],"wp:attachment":[{"href":"https:\/\/analyse.optim.biz\/index.php?rest_route=%2Fwp%2Fv2%2Fmedia&parent=2081214"}],"wp:term":[{"taxonomy":"category","embeddable":true,"href":"https:\/\/analyse.optim.biz\/index.php?rest_route=%2Fwp%2Fv2%2Fcategories&post=2081214"},{"taxonomy":"post_tag","embeddable":true,"href":"https:\/\/analyse.optim.biz\/index.php?rest_route=%2Fwp%2Fv2%2Ftags&post=2081214"}],"curies":[{"name":"wp","href":"https:\/\/api.w.org\/{rel}","templated":true}]}}