{"id":2081212,"date":"2026-08-06T14:58:49","date_gmt":"2026-08-06T11:58:49","guid":{"rendered":"https:\/\/analyse.optim.biz\/?p=2081212"},"modified":"2026-08-06T14:58:49","modified_gmt":"2026-08-06T11:58:49","slug":"senatul-sua-a-votat-pentru-punerea-sub-acuzare-a-lui-anthony-fauci-a-refuzat-sa-spuna-cum-a-gestionat-pandemia-de-covid-19","status":"publish","type":"post","link":"https:\/\/analyse.optim.biz\/?p=2081212","title":{"rendered":"Senatul SUA a votat pentru punerea sub acuzare a lui Anthony Fauci. A refuzat s\u0103 spun\u0103 cum a gestionat pandemia de Covid-19"},"content":{"rendered":"<p>[analyse_image type=&#8221;featured&#8221; src=&#8221;https:\/\/r3media.ro\/wp-content\/uploads\/2021\/02\/anthony-fauci-vaccinarea-planetei.jpghttps:\/\/r3media.ro\/wp-content\/uploads\/2021\/02\/anthony-fauci-vaccinarea-planetei.jpg&#8221;]<\/p>\n<article id=\"template-id-109\" class=\"post-109 tdb_templates type-tdb_templates status-publish post\">\n<div id=\"tdi_2\" class=\"tdc-zone\">\n<div class=\"tdc_zone tdi_3  wpb_row td-pb-row\">\n<div id=\"tdi_4\" class=\"tdc-row\">\n<div class=\"vc_row tdi_5  wpb_row td-pb-row\">\n<div class=\"vc_column tdi_7  wpb_column vc_column_container tdc-column td-pb-span8\">\n<div class=\"wpb_wrapper\">\n<div class=\"td_block_wrap tdb_breadcrumbs tdi_8 td-pb-border-top td_block_template_1 tdb-breadcrumbs \" data-td-block-uid=\"tdi_8\">\n<div class=\"tdb-block-inner td-fix-index\"><span><a title=\"Vede\u021bi toate articolele \u00een FEATURED\" class=\"tdb-entry-crumb\" href=\"https:\/\/r3media.ro\/category\/featured\/\">FEATURED<\/a><\/span><span class=\"tdb-bred-no-url-last\">Senatul SUA a votat pentru punerea sub acuzare a lui Anthony Fauci&#8230;.<\/span><\/div>\n<\/div>\n<div class=\"td_block_wrap tdb_single_categories tdi_9 td-pb-border-top td_block_template_1 \" data-td-block-uid=\"tdi_9\">\n<div class=\"tdb-category td-fix-index\"><a class=\"tdb-entry-category\" href=\"https:\/\/r3media.ro\/category\/featured\/\">FEATURED<\/a><a class=\"tdb-entry-category\" href=\"https:\/\/r3media.ro\/category\/stiri\/\">\u0218TIRI<\/a><\/div>\n<\/div>\n<div class=\"td_block_wrap tdb_title tdi_10 tdb-single-title td-pb-border-top td_block_template_1\" data-td-block-uid=\"tdi_10\">\n<div class=\"tdb-block-inner td-fix-index\">\n<h1 class=\"tdb-title-text\">Senatul SUA a votat pentru punerea sub acuzare a lui Anthony Fauci. A refuzat s\u0103 spun\u0103 cum a gestionat pandemia de Covid-19<\/h1>\n<\/div>\n<\/div>\n<div class=\"vc_row_inner tdi_12  vc_row vc_inner wpb_row td-pb-row\">\n<div class=\"vc_column_inner tdi_14  wpb_column vc_column_container tdc-inner-column td-pb-span12\">\n<div class=\"vc_column-inner\">\n<div class=\"wpb_wrapper\">\n<div class=\"td_block_wrap tdb_single_author tdi_15 td-pb-border-top td_block_template_1 tdb-post-meta\" data-td-block-uid=\"tdi_15\">\n<div class=\"tdb-block-inner td-fix-index\">\n<div class=\"tdb-author-name-wrap\"><a class=\"tdb-author-name\" href=\"https:\/\/r3media.ro\/author\/oana\/\">Oana Ivan<\/a><\/div>\n<\/div>\n<\/div>\n<div class=\"td_block_wrap tdb_single_date tdi_16 td-pb-border-top td_block_template_1 tdb-post-meta\" data-td-block-uid=\"tdi_16\">\n<div class=\"tdb-block-inner td-fix-index\"><time class=\"entry-date updated td-module-date\" datetime=\"2026-08-06T17:58:49+03:00\">06\/08\/2026<\/time><\/div>\n<\/div>\n<\/div>\n<\/div>\n<\/div>\n<\/div>\n<div class=\"td_block_wrap tdb_single_featured_image tdi_17 tdb-content-horiz-left td-pb-border-top td_block_template_1\" data-td-block-uid=\"tdi_17\">\n<div class=\"tdb-block-inner td-fix-index\">\n<figure><figcaption class=\"tdb-caption-text\">Sursa foto: REUTERS<\/figcaption><\/figure>\n<\/div>\n<\/div>\n<div class=\"td_block_wrap tdb_single_content tdi_18 td-pb-border-top td_block_template_1 td-post-content tagdiv-type\" data-td-block-uid=\"tdi_18\">\n<div class=\"tdb-block-inner td-fix-index\">\n<p><strong>O comisie a Senatului a votat joi pentru a-l condamna pe Dr. <a href=\"https:\/\/r3media.ro\/tag\/anthony-fauci\/\" target=\"_blank\" rel=\"noopener\">Anthony Fauci<\/a> pentru sfidarea Cur\u021bii. Fauci a refuzat s\u0103 r\u0103spund\u0103 la \u00eentreb\u0103ri despre modul \u00een care a gestionat pandemia de COVID-19, precum \u0219i despre m\u0103rturia sa anterioar\u0103 \u00een fa\u021ba Congresului cu privire la cercet\u0103rile riscante, finan\u021bate de SUA, privind \u201ec\u00e2\u0219tigul de func\u021bie\u201d, potrivit <a href=\"https:\/\/nypost.com\/2026\/08\/06\/us-news\/senate-panel-votes-to-hold-dr-anthony-fauci-in-contempt-after-he-took-the-fifth-111-times-during-covid-hearing\/\" target=\"_blank\" rel=\"noopener\">New York Post<\/a>.<\/strong><\/p>\n<p>Comisia Senatului pentru Securitate Intern\u0103 a votat cu 8 pentru \u0219i 5 \u00eempotriv\u0103. Votul s-a desf\u0103\u0219urat strict pe criterii de partid. Fostul director NIAID ar putea fi astfel urm\u0103rit penal. S\u0103pt\u0103m\u00e2na trecut\u0103, el \u0219i-a invocat drepturile din al Cincilea Amendament de 111 ori.<\/p>\n<p>Rezolu\u021bia privind sfidarea \u00eel autorizeaz\u0103 pe vicepre\u0219edintele JD Vance s\u0103 ac\u021bioneze. El este pre\u0219edintele Senatului. Vance va trimite raportul comisiei c\u0103tre procurorul federal al Districtului Columbia, Jeanine Pirro.<\/p>\n<p>Sfidarea Congresului este o infrac\u021biune minor\u0103. Dac\u0103 va fi condamnat, Fauci risc\u0103 p\u00e2n\u0103 la un an de \u00eenchisoare. De asemenea, el poate primi o amend\u0103 de 1.000 de dolari.<\/p>\n<p>Audierea a avut loc pe 29 iulie. \u00cen declara\u021bia de deschidere, Fauci l-a acuzat pe pre\u0219edintele comisiei, Rand Paul. El a sus\u021binut c\u0103 senatorul republican are o obsesie fa\u021b\u0103 de el. Fauci a ad\u0103ugat c\u0103 Paul \u00eencearc\u0103 s\u0103 \u00eel trimit\u0103 dup\u0103 gratii.<\/p>\n<p>Paul \u0219i republicanii aveau preg\u0103tite mai multe \u00eentreb\u0103ri. Acestea vizau experimente controversate de la Institutul de Virologie din Wuhan. Ei au vrut s\u0103 discute \u0219i despre posibila scurgere a virusului din laborator. O alt\u0103 tem\u0103 viza baza \u0219tiin\u021bific\u0103 a politicilor din timpul pandemiei.<\/p>\n<h2><strong>Democra\u021bii au f\u0103cut demersuri pentru suspendarea rezolu\u021biei \u00eempotriva lui Anthony Fauci<\/strong><\/h2>\n<p>\u00a0<\/p>\n<p>Democra\u021bii au depus mai multe mo\u021biuni pentru suspendarea rezolu\u021biei. Ei au cerut imunitate fa\u021b\u0103 de urm\u0103rirea penal\u0103 federal\u0103 pentru Fauci. \u00cen schimb, acesta ar fi depus o m\u0103rturie complet\u0103. Republicanii din comisie au respins \u00eens\u0103 toate aceste propuneri.<\/p>\n<p>Oponen\u021bii rezolu\u021biei au explicat teama lui Fauci de o urm\u0103rire penal\u0103. Rand Paul ceruse repetat Departamentului Justi\u021biei s\u0103 \u00eel investigheze pe fostul oficial. Motivul \u00eel constituiau presupusele declara\u021bii false f\u0103cute anterior \u00een fa\u021ba Congresului.<\/p>\n<p>Procurorii generali din trei state au emis cita\u021bii pe numele lui Fauci. Exper\u021bii \u00een drept au f\u0103cut o observa\u021bie important\u0103. R\u0103spunsurile date \u00een Senat nu l-ar fi protejat de acuza\u021bii la nivel statal. Gra\u021bierea sa federal\u0103 nu schimba acest lucru.<\/p>\n<p>Senatorul democrat Gary Peters a criticat dur ac\u021biunile republicanilor. El l-a acuzat pe Rand Paul c\u0103 pedepse\u0219te un martor. Fauci doar \u0219i-a exercitat un drept constitu\u021bional protejat.<\/p>\n<p>Peters este principalul reprezentant al democra\u021bilor din comisie. El a avertizat asupra consecin\u021belor acestui vot. Martorii viitori s-ar putea teme s\u0103 mai vin\u0103 \u00een fa\u021ba Congresului. Ei ar putea fi pedepsi\u021bi chiar dac\u0103 respect\u0103 legea.<\/p>\n<p>Peters a men\u021bionat un alt pericol major. Pre\u0219edintele comisiei ar putea trimite cazul la Departamentul Justi\u021biei f\u0103r\u0103 votul \u00eentregului Senat. Senatorul democrat consider\u0103 acest demers extrem de periculos.<\/p>\n<h2><strong>Tulsi Gabbard a scos la lumin\u0103 informa\u021bii despre Anthony Fauci chiar \u00een ultima zi de mandat<\/strong><\/h2>\n<p>\u00a0<\/p>\n<p>\u00centr-un dosar f\u0103cut public \u00een ultima sa zi de mandat, directoarea DNI\u00a0<strong><a href=\"https:\/\/r3media.ro\/tulsi-gabbard-declasifica-informatii-laboratoare-biologice-ucraina-manipulare-genetica-sporire-periculozitate\/\" target=\"_blank\" rel=\"noopener\">Tulsi Gabbard<\/a><\/strong>\u00a0sus\u021bine c\u0103 dr. Antony Fauci a <a href=\"https:\/\/r3media.ro\/tulsi-gabbard-fauci-manipulare-servicii-origine-laborator-covid\/\" target=\"_blank\" rel=\"noopener\"><strong>manipulat<\/strong><\/a> serviciile de informa\u021bii pentru a ascunde originea de laborator a COVID.<\/p>\n<p>Conform fostei directoare a Serviciilor Na\u021bionale de Informa\u021bii (DNI) ale Statelor Unite, dr. Anthony Fauci, fost director al Institutului Na\u021bional pentru Alergii \u0219i Boli Infec\u021bioase (NIAID), ar fi min\u021bit Congresul \u0219i ar fi manipulat comunitatea de informa\u021bii pentru a-\u0219i ascunde rolul \u00een pandemia de coronavirus.<\/p>\n<div class=\"crp_related     crp-masonry\">\n<h2>\u00ceN CONTEXT<\/h2>\n<ul>\n<li><a href=\"https:\/\/r3media.ro\/fara-tine-in-google-r3media-dispare-iata-ce-poti-face-in-10-secunde\/\" class=\"crp_link post-119031\"><span class=\"crp_title\">F\u0103r\u0103 tine \u00een Google, R3media dispare. Iat\u0103 ce po\u021bi face \u00een 10 secunde<\/span><\/a><\/li>\n<li><a href=\"https:\/\/r3media.ro\/tulsi-gabbard-fauci-manipulare-servicii-origine-laborator-covid\/\" class=\"crp_link post-118655\"><span class=\"crp_title\">Tulsi Gabbard continu\u0103 declasific\u0103rile: Fauci ar fi manipulat serviciile de informa\u021bii\u2026<\/span><\/a><\/li>\n<\/ul>\n<\/div>\n<\/div>\n<\/div>\n<div class=\"td_block_wrap tdb_single_tags tdi_19 td-pb-border-top td_block_template_1\" data-td-block-uid=\"tdi_19\">\n<div class=\"tdb-block-inner td-fix-index\">\n<ul class=\"tdb-tags\">\n<li><span>SUBIECTE FIERBIN\u021aI<\/span><\/li>\n<li><a href=\"https:\/\/r3media.ro\/tag\/anthony-fauci\/\">anthony fauci<\/a><\/li>\n<li><a href=\"https:\/\/r3media.ro\/tag\/pandemie-covid-19\/\">pandemie covid-19<\/a><\/li>\n<\/ul>\n<\/div>\n<\/div>\n<div class=\"td_block_wrap td_block_9 tdi_20 td_with_ajax_pagination td-pb-border-top td_block_template_1 td-column-2 td_block_padding td_block_bot_line\" data-td-block-uid=\"tdi_20\">\n<div class=\"td-block-title-wrap\">\n<h4 class=\"block-title td-block-title\"><span class=\"td-pulldown-size\">CITE\u0218TE MAI MULT<\/span><\/h4>\n<\/div>\n<div id=\"tdi_20\" class=\"td_block_inner\">\n<div class=\"td-block-row\">\n<div class=\"td-block-span6\">\n<div class=\"td_module_8 td_module_wrap\">\n<div class=\"item-details\">\n<h3 class=\"entry-title td-module-title\"><a href=\"https:\/\/r3media.ro\/show-iluzie-si-realitate-de-la-the-truman-show-la-son-of-a-rich\/\" rel=\"bookmark\" title=\"Show, iluzie \u0219i realitate: de la The Truman Show la Son of a Rich\">Show, iluzie \u0219i realitate: de la The Truman Show la Son of a Rich<\/a><\/h3>\n<div class=\"td-module-meta-info\"><a href=\"https:\/\/r3media.ro\/category\/opinii\/\" class=\"td-post-category\">OPINII<\/a><span class=\"td-post-author-name\"><a href=\"https:\/\/r3media.ro\/author\/costi_balasoiu\/\">Constantin B\u0103l\u0103\u0219oiu<\/a><span>&#8211;<\/span><\/span><span class=\"td-post-date\"><time class=\"entry-date updated td-module-date\" datetime=\"2026-08-04T21:41:25+03:00\">04\/08\/2026<\/time><\/span><\/div>\n<\/div>\n<\/div>\n<\/div>\n<div class=\"td-block-span6\">\n<div class=\"td_module_8 td_module_wrap\">\n<div class=\"item-details\">\n<h3 class=\"entry-title td-module-title\"><a href=\"https:\/\/r3media.ro\/cand-incepe-scoala-in-2026-structura-an-nou-scolar\/\" rel=\"bookmark\" title=\"C\u00e2nd \u00eencepe \u0219coala \u00een 2026: Structura noului an \u0219colar, vacan\u021bele \u0219i zilele libere\">C\u00e2nd \u00eencepe \u0219coala \u00een 2026: Structura noului an \u0219colar, vacan\u021bele \u0219i zilele libere<\/a><\/h3>\n<div class=\"td-module-meta-info\"><a href=\"https:\/\/r3media.ro\/category\/actualitate\/\" class=\"td-post-category\">ACTUALITATE<\/a><span class=\"td-post-author-name\"><a href=\"https:\/\/r3media.ro\/author\/oana\/\">Oana Ivan<\/a><span>&#8211;<\/span><\/span><span class=\"td-post-date\"><time class=\"entry-date updated td-module-date\" datetime=\"2026-08-03T22:23:20+03:00\">03\/08\/2026<\/time><\/span><\/div>\n<\/div>\n<\/div>\n<\/div>\n<\/div>\n<div class=\"td-block-row\">\n<div class=\"td-block-span6\">\n<div class=\"td_module_8 td_module_wrap\">\n<div class=\"item-details\">\n<h3 class=\"entry-title td-module-title\"><a href=\"https:\/\/r3media.ro\/tara-europa-norvegia-masini-electrice-inmatriculate-cota-ridicata\/\" rel=\"bookmark\" title=\"\u021aara din Europa unde aproape toate ma\u0219inile \u00eenmatriculate sune electrice. Cota a ajuns la 97,6% \u00een iulie\">\u021aara din Europa unde aproape toate ma\u0219inile \u00eenmatriculate sune electrice. Cota a ajuns la&#8230;<\/a><\/h3>\n<div class=\"td-module-meta-info\"><a href=\"https:\/\/r3media.ro\/category\/actualitate\/\" class=\"td-post-category\">ACTUALITATE<\/a><span class=\"td-post-author-name\"><a href=\"https:\/\/r3media.ro\/author\/oana\/\">Oana Ivan<\/a><span>&#8211;<\/span><\/span><span class=\"td-post-date\"><time class=\"entry-date updated td-module-date\" datetime=\"2026-08-03T17:01:21+03:00\">03\/08\/2026<\/time><\/span><\/div>\n<\/div>\n<\/div>\n<\/div>\n<div class=\"td-block-span6\">\n<div class=\"td_module_8 td_module_wrap\">\n<div class=\"item-details\">\n<h3 class=\"entry-title td-module-title\"><a href=\"https:\/\/r3media.ro\/puterea-mitologica-instalata-a-romaniei\/\" rel=\"bookmark\" title=\"Puterea mitologic\u0103 instalat\u0103 a Rom\u00e2niei\">Puterea mitologic\u0103 instalat\u0103 a Rom\u00e2niei<\/a><\/h3>\n<div class=\"td-module-meta-info\"><a href=\"https:\/\/r3media.ro\/category\/opinii\/\" class=\"td-post-category\">OPINII<\/a><span class=\"td-post-author-name\"><a href=\"https:\/\/r3media.ro\/author\/tru\/\">TRU (Traian Ungureanu)<\/a><span>&#8211;<\/span><\/span><span class=\"td-post-date\"><time class=\"entry-date updated td-module-date\" datetime=\"2026-08-02T22:08:04+03:00\">02\/08\/2026<\/time><\/span><\/div>\n<\/div>\n<\/div>\n<\/div>\n<\/div>\n<div class=\"td-block-row\">\n<div class=\"td-block-span6\">\n<div class=\"td_module_8 td_module_wrap\">\n<div class=\"item-details\">\n<h3 class=\"entry-title td-module-title\"><a href=\"https:\/\/r3media.ro\/hyundai-recheama-service-masini-electrice-inster-risc-incendiu\/\" rel=\"bookmark\" title=\"Hyundai recheam\u0103 \u00een service zeci de mii de ma\u0219ini electrice din cauza riscului de incendiu\">Hyundai recheam\u0103 \u00een service zeci de mii de ma\u0219ini electrice din cauza riscului de&#8230;<\/a><\/h3>\n<div class=\"td-module-meta-info\"><a href=\"https:\/\/r3media.ro\/category\/actualitate\/\" class=\"td-post-category\">ACTUALITATE<\/a><span class=\"td-post-author-name\"><a href=\"https:\/\/r3media.ro\/author\/oana\/\">Oana Ivan<\/a><span>&#8211;<\/span><\/span><span class=\"td-post-date\"><time class=\"entry-date updated td-module-date\" datetime=\"2026-08-02T08:34:05+03:00\">02\/08\/2026<\/time><\/span><\/div>\n<\/div>\n<\/div>\n<\/div>\n<div class=\"td-block-span6\">\n<div class=\"td_module_8 td_module_wrap\">\n<div class=\"item-details\">\n<h3 class=\"entry-title td-module-title\"><a href=\"https:\/\/r3media.ro\/dragostea-care-transcende-epoci-descult-in-parc-1967\/\" rel=\"bookmark\" title=\"Dragostea care transcende epoci \u2014 Descul\u021b \u00een parc (1967)\">Dragostea care transcende epoci \u2014 Descul\u021b \u00een parc (1967)<\/a><\/h3>\n<div class=\"td-module-meta-info\"><a href=\"https:\/\/r3media.ro\/category\/opinii\/\" class=\"td-post-category\">OPINII<\/a><span class=\"td-post-author-name\"><a href=\"https:\/\/r3media.ro\/author\/costi_balasoiu\/\">Constantin B\u0103l\u0103\u0219oiu<\/a><span>&#8211;<\/span><\/span><span class=\"td-post-date\"><time class=\"entry-date updated td-module-date\" datetime=\"2026-08-01T13:45:14+03:00\">01\/08\/2026<\/time><\/span><\/div>\n<\/div>\n<\/div>\n<\/div>\n<\/div>\n<div class=\"td-block-row\">\n<div class=\"td-block-span6\">\n<div class=\"td_module_8 td_module_wrap\">\n<div class=\"item-details\">\n<h3 class=\"entry-title td-module-title\"><a href=\"https:\/\/r3media.ro\/masina-electrica-foc-turcia-incarcat-vehicul-explozie-pompieri-stingere-incendiu-video\/\" rel=\"bookmark\" title=\"VIDEO | O ma\u0219in\u0103 electric\u0103 a luat foc \u00een timp ce se afla la \u00eenc\u0103rcat. Vehiculul a explodat chiar c\u00e2nd pompierii \u00eencercau s\u0103 sting\u0103 incendiul folosind o p\u0103tur\u0103 ignifug\u0103\">VIDEO | O ma\u0219in\u0103 electric\u0103 a luat foc \u00een timp ce se afla la&#8230;<\/a><\/h3>\n<div class=\"td-module-meta-info\"><a href=\"https:\/\/r3media.ro\/category\/actualitate\/\" class=\"td-post-category\">ACTUALITATE<\/a><span class=\"td-post-author-name\"><a href=\"https:\/\/r3media.ro\/author\/oana\/\">Oana Ivan<\/a><span>&#8211;<\/span><\/span><span class=\"td-post-date\"><time class=\"entry-date updated td-module-date\" datetime=\"2026-07-31T13:33:48+03:00\">31\/07\/2026<\/time><\/span><\/div>\n<\/div>\n<\/div>\n<\/div>\n<div class=\"td-block-span6\">\n<div class=\"td_module_8 td_module_wrap\">\n<div class=\"item-details\">\n<h3 class=\"entry-title td-module-title\"><a href=\"https:\/\/r3media.ro\/spania-asediu-migranti-exclava-ceuta-africa-madrid-trupe-securitate-video\/\" rel=\"bookmark\" title=\"VIDEO | Spania se afl\u0103 sub asediu: Mii de migran\u021bi au luat cu asalt exclava Ceuta din Africa. Madridul a trimis trupe pentru a consolida securitatea\">VIDEO | Spania se afl\u0103 sub asediu: Mii de migran\u021bi au luat cu asalt&#8230;<\/a><\/h3>\n<div class=\"td-module-meta-info\"><a href=\"https:\/\/r3media.ro\/category\/actualitate\/\" class=\"td-post-category\">ACTUALITATE<\/a><span class=\"td-post-author-name\"><a href=\"https:\/\/r3media.ro\/author\/oana\/\">Oana Ivan<\/a><span>&#8211;<\/span><\/span><span class=\"td-post-date\"><time class=\"entry-date updated td-module-date\" datetime=\"2026-07-31T12:39:57+03:00\">31\/07\/2026<\/time><\/span><\/div>\n<\/div>\n<\/div>\n<\/div>\n<\/div>\n<div class=\"td-block-row\">\n<div class=\"td-block-span6\">\n<div class=\"td_module_8 td_module_wrap\">\n<div class=\"item-details\">\n<h3 class=\"entry-title td-module-title\"><a href=\"https:\/\/r3media.ro\/expert-ucraina-faliment-agricultura-romaneasca-tehnologii-ue\/\" rel=\"bookmark\" title=\"Un expert explic\u0103 felul \u00een care concuren\u021ba din Ucraina bag\u0103 \u00een faliment agricultura rom\u00e2neasc\u0103: Folosesc tehnologii interzise \u00een UE\">Un expert explic\u0103 felul \u00een care concuren\u021ba din Ucraina bag\u0103 \u00een faliment agricultura rom\u00e2neasc\u0103:&#8230;<\/a><\/h3>\n<div class=\"td-module-meta-info\"><a href=\"https:\/\/r3media.ro\/category\/actualitate\/\" class=\"td-post-category\">ACTUALITATE<\/a><span class=\"td-post-author-name\"><a href=\"https:\/\/r3media.ro\/author\/radu_ursan\/\">Radu Ursan<\/a><span>&#8211;<\/span><\/span><span class=\"td-post-date\"><time class=\"entry-date updated td-module-date\" datetime=\"2026-07-30T09:51:48+03:00\">30\/07\/2026<\/time><\/span><\/div>\n<\/div>\n<\/div>\n<\/div>\n<div class=\"td-block-span6\">\n<div class=\"td_module_8 td_module_wrap\">\n<div class=\"item-details\">\n<h3 class=\"entry-title td-module-title\"><a href=\"https:\/\/r3media.ro\/cornel-nistorescu-drone-razboi-ucraina\/\" rel=\"bookmark\" title=\"Cornel Nistorescu, dup\u0103 incidentele cu drone: Adie a aer de r\u0103zboi. De mirare c\u0103 dronele ucrainene nu au st\u00e2rnit at\u00e2ta t\u0103r\u0103boi\">Cornel Nistorescu, dup\u0103 incidentele cu drone: Adie a aer de r\u0103zboi. De mirare c\u0103&#8230;<\/a><\/h3>\n<div class=\"td-module-meta-info\"><a href=\"https:\/\/r3media.ro\/category\/actualitate\/\" class=\"td-post-category\">ACTUALITATE<\/a><span class=\"td-post-author-name\"><a href=\"https:\/\/r3media.ro\/author\/radu_ursan\/\">Radu Ursan<\/a><span>&#8211;<\/span><\/span><span class=\"td-post-date\"><time class=\"entry-date updated td-module-date\" datetime=\"2026-07-28T10:21:51+03:00\">28\/07\/2026<\/time><\/span><\/div>\n<\/div>\n<\/div>\n<\/div>\n<\/div>\n<div class=\"td-block-row\">\n<div class=\"td-block-span6\">\n<div class=\"td_module_8 td_module_wrap\">\n<div class=\"item-details\">\n<h3 class=\"entry-title td-module-title\"><a href=\"https:\/\/r3media.ro\/bnr-recomanda-romani-rezerve-de-cash-atacuri-cibernetice-numerar-relevant-criza\/\" rel=\"bookmark\" title=\"BNR le recomand\u0103 rom\u00e2nilor s\u0103 p\u0103streze rezerve de cash: Numerarul se poate dovedi relevant \u00een criz\u0103\">BNR le recomand\u0103 rom\u00e2nilor s\u0103 p\u0103streze rezerve de cash: Numerarul se poate dovedi relevant&#8230;<\/a><\/h3>\n<div class=\"td-module-meta-info\"><a href=\"https:\/\/r3media.ro\/category\/actualitate\/\" class=\"td-post-category\">ACTUALITATE<\/a><span class=\"td-post-author-name\"><a href=\"https:\/\/r3media.ro\/author\/oana\/\">Oana Ivan<\/a><span>&#8211;<\/span><\/span><span class=\"td-post-date\"><time class=\"entry-date updated td-module-date\" datetime=\"2026-07-27T13:11:47+03:00\">27\/07\/2026<\/time><\/span><\/div>\n<\/div>\n<\/div>\n<\/div>\n<div class=\"td-block-span6\">\n<div class=\"td_module_8 td_module_wrap\">\n<div class=\"item-details\">\n<h3 class=\"entry-title td-module-title\"><a href=\"https:\/\/r3media.ro\/statul-roman-a-semnat-actul-propriei-disparitii\/\" rel=\"bookmark\" title=\"Statul rom\u00e2n a semnat actul propriei dispari\u021bii?\">Statul rom\u00e2n a semnat actul propriei dispari\u021bii?<\/a><\/h3>\n<div class=\"td-module-meta-info\"><a href=\"https:\/\/r3media.ro\/category\/opinii\/\" class=\"td-post-category\">OPINII<\/a><span class=\"td-post-author-name\"><a href=\"https:\/\/r3media.ro\/author\/gabipopa\/\">Gabriel Popa<\/a><span>&#8211;<\/span><\/span><span class=\"td-post-date\"><time class=\"entry-date updated td-module-date\" datetime=\"2026-07-27T15:07:05+03:00\">27\/07\/2026<\/time><\/span><\/div>\n<\/div>\n<\/div>\n<\/div>\n<\/div>\n<\/div>\n<div class=\"td-load-more-wrap td-load-more-infinite-wrap\" id=\"infinite-lm-tdi_20\"><a href=\"https:\/\/r3media.ro\/senat-sua-vot-punere-acuzare-anthony-fauci-refuz-gestionare-pandemie-covid-19\/\" class=\"td_ajax_load_more td_ajax_load_more_js\" aria-label=\"\u00cenc\u0103rca\u021bi mai multe\" id=\"next-page-tdi_20\" data-td_block_id=\"tdi_20\">\u00cenc\u0103rca\u021bi mai multe<\/a><\/div>\n<\/div>\n<div class=\"td_block_wrap tdb_single_comments tdi_21 tdb-comm-layout2 td-pb-border-top td_block_template_1\" data-td-block-uid=\"tdi_21\">\n<div class=\"tdb-block-inner td-fix-index\">\n<div class=\"comments\" id=\"comments\">\n<div id=\"respond\" class=\"comment-respond\">\n<h3 id=\"reply-title\" class=\"comment-reply-title\">AI CEVA DE SPUS? <small><a rel=\"nofollow\" id=\"cancel-comment-reply-link\" href=\"https:\/\/r3media.ro\/senat-sua-vot-punere-acuzare-anthony-fauci-refuz-gestionare-pandemie-covid-19\/#respond\">Renun\u021ba\u021bi la r\u0103spuns<\/a><\/small><\/h3>\n<div class=\"comment-form-input-wrap td-form-comment\">\n<div class=\"td-warning-comment\">V\u0103 rug\u0103m s\u0103 introduce\u021bi comentariul dvs.!<\/div>\n<\/div>\n<div class=\"comment-form-input-wrap td-form-author\">\n<div class=\"td-warning-author\">Introduce\u021bi aici numele dvs.<\/div>\n<\/div>\n<div class=\"comment-form-input-wrap td-form-email\">\n<div class=\"td-warning-email-error\">A\u021bi introdus o adres\u0103 de e-mail incorect\u0103!<\/div>\n<div class=\"td-warning-email\">V\u0103 rug\u0103m s\u0103 introduce\u021bi adresa dvs. de e-mail aici<\/div>\n<\/div>\n<\/div>\n<\/div>\n<\/div>\n<\/div>\n<\/div>\n<\/div>\n<div class=\"vc_column tdi_23  wpb_column vc_column_container tdc-column td-pb-span4 td-is-sticky\">\n<div class=\"wpb_wrapper\" data-sticky-enabled-on=\"W3RydWUsdHJ1ZSx0cnVlLHRydWVd\" data-sticky-offset=\"20\" data-sticky-is-width-auto=\"W2ZhbHNlLGZhbHNlLGZhbHNlLGZhbHNlXQ==\">\n<div class=\"wpb_wrapper td_block_wrap vc_widget_sidebar tdi_25 \">\n<div class=\"td_block_wrap td_block_7 td_block_widget tdi_26 td-pb-border-top td_block_template_1 td-column-1 td_block_padding\" data-td-block-uid=\"tdi_26\">\n<div class=\"td-block-title-wrap\">\n<h4 class=\"block-title td-block-title\"><span class=\"td-pulldown-size\">Articole RELA\u021aIONATE<\/span><\/h4>\n<\/div>\n<div id=\"tdi_26\" class=\"td_block_inner\">\n<div class=\"td-block-span12\">\n<div class=\"td_module_6 td_module_wrap td-animation-stack\">\n<div class=\"td-module-thumb\"><a href=\"https:\/\/r3media.ro\/calendarul-zilei-7-august-sf-teodora-de-la-sihla\/\" rel=\"bookmark\" class=\"td-image-wrap \" title=\"Calendarul zilei 7 august: Sf. Teodora de la Sihla\"><img loading=\"lazy\" decoding=\"async\" class=\"entry-thumb\" src=\"https:\/\/r3media.ro\/wp-content\/uploads\/2021\/08\/Sfanta-Teodora-de-la-Sihla-100x70.jpg\" alt title=\"Calendarul zilei 7 august: Sf. Teodora de la Sihla\" width=\"100\" height=\"70\"><\/a><\/div>\n<div class=\"item-details\">\n<h3 class=\"entry-title td-module-title\"><a href=\"https:\/\/r3media.ro\/calendarul-zilei-7-august-sf-teodora-de-la-sihla\/\" rel=\"bookmark\" title=\"Calendarul zilei 7 august: Sf. Teodora de la Sihla\">Calendarul zilei 7 august: Sf. Teodora de la Sihla<\/a><\/h3>\n<div class=\"td-module-meta-info\"><span class=\"td-post-date\"><time class=\"entry-date updated td-module-date\" datetime=\"2026-08-06T22:30:30+03:00\">06\/08\/2026<\/time><\/span><\/div>\n<\/div>\n<\/div>\n<\/div>\n<div class=\"td-block-span12\">\n<div class=\"td_module_6 td_module_wrap td-animation-stack\">\n<div class=\"td-module-thumb\"><a href=\"https:\/\/r3media.ro\/un-tongalez-un-sud-african-si-un-australian-vor-evolua-pentru-nationala-de-rugby-a-romaniei\/\" rel=\"bookmark\" class=\"td-image-wrap \" title=\"Rugby: Un tongalez, un sud-african \u0219i un australian au depus jur\u0103m\u00e2ntul de credin\u021b\u0103 fa\u021b\u0103 de Rom\u00e2nia\"><img loading=\"lazy\" decoding=\"async\" class=\"entry-thumb\" src=\"https:\/\/r3media.ro\/wp-content\/uploads\/2026\/08\/rugby-romania-e1786027644471-100x70.jpg\" alt title=\"Rugby: Un tongalez, un sud-african \u0219i un australian au depus jur\u0103m\u00e2ntul de credin\u021b\u0103 fa\u021b\u0103 de Rom\u00e2nia\" width=\"100\" height=\"70\"><\/a><\/div>\n<div class=\"item-details\">\n<h3 class=\"entry-title td-module-title\"><a href=\"https:\/\/r3media.ro\/un-tongalez-un-sud-african-si-un-australian-vor-evolua-pentru-nationala-de-rugby-a-romaniei\/\" rel=\"bookmark\" title=\"Rugby: Un tongalez, un sud-african \u0219i un australian au depus jur\u0103m\u00e2ntul de credin\u021b\u0103 fa\u021b\u0103 de Rom\u00e2nia\">Rugby: Un tongalez, un sud-african \u0219i un australian au depus jur\u0103m\u00e2ntul&#8230;<\/a><\/h3>\n<div class=\"td-module-meta-info\"><span class=\"td-post-date\"><time class=\"entry-date updated td-module-date\" datetime=\"2026-08-06T18:40:30+03:00\">06\/08\/2026<\/time><\/span><\/div>\n<\/div>\n<\/div>\n<\/div>\n<div class=\"td-block-span12\">\n<div class=\"td_module_6 td_module_wrap td-animation-stack\">\n<div class=\"td-module-thumb\"><a href=\"https:\/\/r3media.ro\/danemarca-introduce-reguli-stricte-combatere-frauda-inteligenta-artificiala-scoli\/\" rel=\"bookmark\" class=\"td-image-wrap \" title=\"Danemarca introduce reguli stricte pentru combaterea fraudei cu inteligen\u021b\u0103 artificial\u0103 (IA) \u00een \u0219coli\"><img loading=\"lazy\" decoding=\"async\" class=\"entry-thumb\" src=\"https:\/\/r3media.ro\/wp-content\/uploads\/2026\/08\/copil-la-calculator-100x70.jpg\" alt title=\"Danemarca introduce reguli stricte pentru combaterea fraudei cu inteligen\u021b\u0103 artificial\u0103 (IA) \u00een \u0219coli\" width=\"100\" height=\"70\"><\/a><\/div>\n<div class=\"item-details\">\n<h3 class=\"entry-title td-module-title\"><a href=\"https:\/\/r3media.ro\/danemarca-introduce-reguli-stricte-combatere-frauda-inteligenta-artificiala-scoli\/\" rel=\"bookmark\" title=\"Danemarca introduce reguli stricte pentru combaterea fraudei cu inteligen\u021b\u0103 artificial\u0103 (IA) \u00een \u0219coli\">Danemarca introduce reguli stricte pentru combaterea fraudei cu inteligen\u021b\u0103 artificial\u0103 (IA)&#8230;<\/a><\/h3>\n<div class=\"td-module-meta-info\"><span class=\"td-post-date\"><time class=\"entry-date updated td-module-date\" datetime=\"2026-08-06T17:27:27+03:00\">06\/08\/2026<\/time><\/span><\/div>\n<\/div>\n<\/div>\n<\/div>\n<div class=\"td-block-span12\">\n<div class=\"td_module_6 td_module_wrap td-animation-stack\">\n<div class=\"td-module-thumb\"><a href=\"https:\/\/r3media.ro\/kia-recheama-service-prima-generatie-masini-electrice-e-niro-risc-incendiu\/\" rel=\"bookmark\" class=\"td-image-wrap \" title=\"Kia recheam\u0103 \u00een service prima genera\u021bie de ma\u0219ini electrice e-Niro din cauza riscului de incendiu\"><img loading=\"lazy\" decoding=\"async\" class=\"entry-thumb\" src=\"https:\/\/r3media.ro\/wp-content\/uploads\/2026\/08\/masina-kia-motors-100x70.jpg\" alt title=\"Kia recheam\u0103 \u00een service prima genera\u021bie de ma\u0219ini electrice e-Niro din cauza riscului de incendiu\" width=\"100\" height=\"70\"><\/a><\/div>\n<div class=\"item-details\">\n<h3 class=\"entry-title td-module-title\"><a href=\"https:\/\/r3media.ro\/kia-recheama-service-prima-generatie-masini-electrice-e-niro-risc-incendiu\/\" rel=\"bookmark\" title=\"Kia recheam\u0103 \u00een service prima genera\u021bie de ma\u0219ini electrice e-Niro din cauza riscului de incendiu\">Kia recheam\u0103 \u00een service prima genera\u021bie de ma\u0219ini electrice e-Niro din&#8230;<\/a><\/h3>\n<div class=\"td-module-meta-info\"><span class=\"td-post-date\"><time class=\"entry-date updated td-module-date\" datetime=\"2026-08-06T17:07:42+03:00\">06\/08\/2026<\/time><\/span><\/div>\n<\/div>\n<\/div>\n<\/div>\n<div class=\"td-block-span12\">\n<div class=\"td_module_6 td_module_wrap td-animation-stack\">\n<div class=\"td-module-thumb\"><a href=\"https:\/\/r3media.ro\/oficial-1989-rationalizare-consum-energie\/\" rel=\"bookmark\" class=\"td-image-wrap \" title=\"E oficial, ne \u00eentoarcem \u00eenainte de 89: Guvernul ra\u021bionalizeaz\u0103 consumul de energie printr-un act normativ\"><img loading=\"lazy\" decoding=\"async\" class=\"entry-thumb\" src=\"https:\/\/r3media.ro\/wp-content\/uploads\/2025\/11\/bolojan-mosteanu-e1781434692661-100x70.png\" alt title=\"E oficial, ne \u00eentoarcem \u00eenainte de 89: Guvernul ra\u021bionalizeaz\u0103 consumul de energie printr-un act normativ\" width=\"100\" height=\"70\"><\/a><\/div>\n<div class=\"item-details\">\n<h3 class=\"entry-title td-module-title\"><a href=\"https:\/\/r3media.ro\/oficial-1989-rationalizare-consum-energie\/\" rel=\"bookmark\" title=\"E oficial, ne \u00eentoarcem \u00eenainte de 89: Guvernul ra\u021bionalizeaz\u0103 consumul de energie printr-un act normativ\">E oficial, ne \u00eentoarcem \u00eenainte de 89: Guvernul ra\u021bionalizeaz\u0103 consumul de&#8230;<\/a><\/h3>\n<div class=\"td-module-meta-info\"><span class=\"td-post-date\"><time class=\"entry-date updated td-module-date\" datetime=\"2026-08-06T14:08:20+03:00\">06\/08\/2026<\/time><\/span><\/div>\n<\/div>\n<\/div>\n<\/div>\n<div class=\"td-block-span12\">\n<div class=\"td_module_6 td_module_wrap td-animation-stack\">\n<div class=\"td-module-thumb\"><a href=\"https:\/\/r3media.ro\/aur-platforma-nicusor-dan\/\" rel=\"bookmark\" class=\"td-image-wrap \" title=\"AUR a lansat platforma suspeND.ro: procesul de suspendare a pre\u0219edintelui Nicu\u0219or Dan\"><img loading=\"lazy\" decoding=\"async\" class=\"entry-thumb\" src=\"https:\/\/r3media.ro\/wp-content\/uploads\/2026\/08\/suspend-nicusor-dan-100x70.jpg\" alt title=\"AUR a lansat platforma suspeND.ro: procesul de suspendare a pre\u0219edintelui Nicu\u0219or Dan\" width=\"100\" height=\"70\"><\/a><\/div>\n<div class=\"item-details\">\n<h3 class=\"entry-title td-module-title\"><a href=\"https:\/\/r3media.ro\/aur-platforma-nicusor-dan\/\" rel=\"bookmark\" title=\"AUR a lansat platforma suspeND.ro: procesul de suspendare a pre\u0219edintelui Nicu\u0219or Dan\">AUR a lansat platforma suspeND.ro: procesul de suspendare a pre\u0219edintelui Nicu\u0219or&#8230;<\/a><\/h3>\n<div class=\"td-module-meta-info\"><span class=\"td-post-date\"><time class=\"entry-date updated td-module-date\" datetime=\"2026-08-06T13:31:37+03:00\">06\/08\/2026<\/time><\/span><\/div>\n<\/div>\n<\/div>\n<\/div>\n<div class=\"td-block-span12\">\n<div class=\"td_module_6 td_module_wrap td-animation-stack\">\n<div class=\"td-module-thumb\"><a href=\"https:\/\/r3media.ro\/romanii-bolojan-mindruta-consum-energie-electrica-romania\/\" rel=\"bookmark\" class=\"td-image-wrap \" title=\"Rom\u00e2nii nu au ascultat apelul lui Bolojan \u0219i al lui M\u00eendru\u021b\u0103: Miercuri sear\u0103 s-a \u00eenregistrat unul dintre cele mai ridicate niveluri ale consumului de energie electric\u0103 din aceast\u0103 var\u0103\"><img loading=\"lazy\" decoding=\"async\" class=\"entry-thumb\" src=\"https:\/\/r3media.ro\/wp-content\/uploads\/2026\/08\/pexels-lamps-2178743-100x70.jpg\" alt title=\"Rom\u00e2nii nu au ascultat apelul lui Bolojan \u0219i al lui M\u00eendru\u021b\u0103: Miercuri sear\u0103 s-a \u00eenregistrat unul dintre cele mai ridicate niveluri ale consumului de energie electric\u0103 din aceast\u0103 var\u0103\" width=\"100\" height=\"70\"><\/a><\/div>\n<div class=\"item-details\">\n<h3 class=\"entry-title td-module-title\"><a href=\"https:\/\/r3media.ro\/romanii-bolojan-mindruta-consum-energie-electrica-romania\/\" rel=\"bookmark\" title=\"Rom\u00e2nii nu au ascultat apelul lui Bolojan \u0219i al lui M\u00eendru\u021b\u0103: Miercuri sear\u0103 s-a \u00eenregistrat unul dintre cele mai ridicate niveluri ale consumului de energie electric\u0103 din aceast\u0103 var\u0103\">Rom\u00e2nii nu au ascultat apelul lui Bolojan \u0219i al lui M\u00eendru\u021b\u0103:&#8230;<\/a><\/h3>\n<div class=\"td-module-meta-info\"><span class=\"td-post-date\"><time class=\"entry-date updated td-module-date\" datetime=\"2026-08-06T12:57:34+03:00\">06\/08\/2026<\/time><\/span><\/div>\n<\/div>\n<\/div>\n<\/div>\n<\/div>\n<\/div>\n<aside class=\"td_block_template_1 widget widget_recent_comments\">\n<h4 class=\"block-title\"><span>INTR\u0102 \u00ceN DISCU\u021aIE!<\/span><\/h4>\n<ul id=\"recentcomments\">\n<li class=\"recentcomments\"><span class=\"comment-author-link\">George<\/span> la <a href=\"https:\/\/r3media.ro\/mariuca-zaharia-fetita-12-ani-marasesti\/#comment-40352\">Calendarul zilei 6 august: M\u0103riuca Zaharia, feti\u021ba de 12 ani c\u0103zut\u0103 la M\u0103r\u0103\u0219e\u0219ti, care nu mai are loc \u00een manualele de istorie<\/a><\/li>\n<li class=\"recentcomments\"><span class=\"comment-author-link\">Nicu<\/span> la <a href=\"https:\/\/r3media.ro\/ucraina-scuze-grecia-drona-marina-insula-lefkada-expolozie-portul-constanta\/#comment-40351\">Ucraina i-a cerut scuze Greciei pentru c\u0103 o dron\u0103 marin\u0103 a ajuns l\u00e2ng\u0103 Insula Lefkada. Nicio vorb\u0103 despre drona care putea s\u0103 arunce \u00een aer Portul Constan\u021ba<\/a><\/li>\n<li class=\"recentcomments\"><span class=\"comment-author-link\">Nicu<\/span> la <a href=\"https:\/\/r3media.ro\/bulgaria-nivelul-scazut-al-apelor-dunarii-nu-afecteaza-centrala-nucleara-de-la-kozlodui\/#comment-40350\">Bulgaria: Nivelul sc\u0103zut al apelor Dun\u0103rii NU afecteaz\u0103 centrala nuclear\u0103 de la Kozlodui<\/a><\/li>\n<li class=\"recentcomments\"><span class=\"comment-author-link\">Cristian<\/span> la <a href=\"https:\/\/r3media.ro\/4-august-1919-armata-romana-budapesta\/#comment-40349\">Calendarul zilei: 4 august 1919, cucerirea Budapestei de c\u0103tre Armata Rom\u00e2n\u0103<\/a><\/li>\n<li class=\"recentcomments\"><span class=\"comment-author-link\">Nicu<\/span> la <a href=\"https:\/\/r3media.ro\/ministr-securitate-energetica-marea-britanie-subventii-net-zero-umfla-facturi-cetateni-energie\/#comment-40348\">Ministrul Securit\u0103\u021bii Energetice din Marea Britanie neag\u0103 faptul c\u0103 subven\u021biile Net Zero umfl\u0103 facturile cet\u0103\u021benilor la energie<\/a><\/li>\n<li class=\"recentcomments\"><span class=\"comment-author-link\">Nicu<\/span> la <a href=\"https:\/\/r3media.ro\/sursa-crizei-energetice-radu-miruta-romania-capacitati-carbune-seceta\/#comment-40347\">Sursa crizei energetice. Ministrul Radu Miru\u021b\u0103: Rom\u00e2nia a \u00eenchis capacit\u0103\u021bi de produc\u021bie pe carbune f\u0103r\u0103 s\u0103 pun\u0103 nimic \u00een loc. Nu te po\u021bi ascunde \u00een spatele secetei<\/a><\/li>\n<li class=\"recentcomments\"><span class=\"comment-author-link\">Gavril\u0103 Moldovan<\/span> la <a href=\"https:\/\/r3media.ro\/prima-oara-istorie-presedintia-document-primplan-patriotism-european\/#comment-40346\">Pentru prima oar\u0103 \u00een istorie, Pre\u0219edin\u021bia Rom\u00e2niei emite un document care pune pe primul plan o alt\u0103 entitate dec\u00e2t \u021bara noastr\u0103: patriotismul european<\/a><\/li>\n<\/ul>\n<\/aside>\n<aside class=\"td_block_template_1 widget widget_search\">\n<h4 class=\"block-title\"><span>CAUT\u0102 \u0218I VEI G\u0102SI<\/span><\/h4>\n<\/aside>\n<\/div>\n<\/div>\n<\/div>\n<\/div>\n<\/div>\n<\/div>\n<\/div>\n<p><span class=\"td-page-meta\"><\/span><span class=\"td-page-meta\"><span class=\"td-page-meta\"><\/span><\/span><span class=\"td-page-meta\"><\/span><\/article>\n<\/p>\n<div class=\"td_block_wrap tdb_single_content tdi_18 td-pb-border-top td_block_template_1 td-post-content tagdiv-type\" data-td-block-uid=\"tdi_18\">\n<div class=\"tdb-block-inner td-fix-index\">\n<p><strong>O comisie a Senatului a votat joi pentru a-l condamna pe Dr. <a href=\"https:\/\/r3media.ro\/tag\/anthony-fauci\/\" target=\"_blank\" rel=\"noopener\">Anthony Fauci<\/a> pentru sfidarea Cur\u021bii. Fauci a refuzat s\u0103 r\u0103spund\u0103 la \u00eentreb\u0103ri despre modul \u00een care a gestionat pandemia de COVID-19, precum \u0219i despre m\u0103rturia sa anterioar\u0103 \u00een fa\u021ba Congresului cu privire la cercet\u0103rile riscante, finan\u021bate de SUA, privind \u201ec\u00e2\u0219tigul de func\u021bie\u201d, potrivit <a href=\"https:\/\/nypost.com\/2026\/08\/06\/us-news\/senate-panel-votes-to-hold-dr-anthony-fauci-in-contempt-after-he-took-the-fifth-111-times-during-covid-hearing\/\" target=\"_blank\" rel=\"noopener\">New York Post<\/a>.<\/strong><\/p>\n<p>Comisia Senatului pentru Securitate Intern\u0103 a votat cu 8 pentru \u0219i 5 \u00eempotriv\u0103. Votul s-a desf\u0103\u0219urat strict pe criterii de partid. Fostul director NIAID ar putea fi astfel urm\u0103rit penal. S\u0103pt\u0103m\u00e2na trecut\u0103, el \u0219i-a invocat drepturile din al Cincilea Amendament de 111 ori.<\/p>\n<p>Rezolu\u021bia privind sfidarea \u00eel autorizeaz\u0103 pe vicepre\u0219edintele JD Vance s\u0103 ac\u021bioneze. El este pre\u0219edintele Senatului. Vance va trimite raportul comisiei c\u0103tre procurorul federal al Districtului Columbia, Jeanine Pirro.<\/p>\n<p>Sfidarea Congresului este o infrac\u021biune minor\u0103. Dac\u0103 va fi condamnat, Fauci risc\u0103 p\u00e2n\u0103 la un an de \u00eenchisoare. De asemenea, el poate primi o amend\u0103 de 1.000 de dolari.<\/p>\n<p>Audierea a avut loc pe 29 iulie. \u00cen declara\u021bia de deschidere, Fauci l-a acuzat pe pre\u0219edintele comisiei, Rand Paul. El a sus\u021binut c\u0103 senatorul republican are o obsesie fa\u021b\u0103 de el. Fauci a ad\u0103ugat c\u0103 Paul \u00eencearc\u0103 s\u0103 \u00eel trimit\u0103 dup\u0103 gratii.<\/p>\n<p>Paul \u0219i republicanii aveau preg\u0103tite mai multe \u00eentreb\u0103ri. Acestea vizau experimente controversate de la Institutul de Virologie din Wuhan. Ei au vrut s\u0103 discute \u0219i despre posibila scurgere a virusului din laborator. O alt\u0103 tem\u0103 viza baza \u0219tiin\u021bific\u0103 a politicilor din timpul pandemiei.<\/p>\n<h2><strong>Democra\u021bii au f\u0103cut demersuri pentru suspendarea rezolu\u021biei \u00eempotriva lui Anthony Fauci<\/strong><\/h2>\n<p>\u00a0<\/p>\n<p>Democra\u021bii au depus mai multe mo\u021biuni pentru suspendarea rezolu\u021biei. Ei au cerut imunitate fa\u021b\u0103 de urm\u0103rirea penal\u0103 federal\u0103 pentru Fauci. \u00cen schimb, acesta ar fi depus o m\u0103rturie complet\u0103. Republicanii din comisie au respins \u00eens\u0103 toate aceste propuneri.<\/p>\n<p>Oponen\u021bii rezolu\u021biei au explicat teama lui Fauci de o urm\u0103rire penal\u0103. Rand Paul ceruse repetat Departamentului Justi\u021biei s\u0103 \u00eel investigheze pe fostul oficial. Motivul \u00eel constituiau presupusele declara\u021bii false f\u0103cute anterior \u00een fa\u021ba Congresului.<\/p>\n<p>Procurorii generali din trei state au emis cita\u021bii pe numele lui Fauci. Exper\u021bii \u00een drept au f\u0103cut o observa\u021bie important\u0103. R\u0103spunsurile date \u00een Senat nu l-ar fi protejat de acuza\u021bii la nivel statal. Gra\u021bierea sa federal\u0103 nu schimba acest lucru.<\/p>\n<p>Senatorul democrat Gary Peters a criticat dur ac\u021biunile republicanilor. El l-a acuzat pe Rand Paul c\u0103 pedepse\u0219te un martor. Fauci doar \u0219i-a exercitat un drept constitu\u021bional protejat.<\/p>\n<p>Peters este principalul reprezentant al democra\u021bilor din comisie. El a avertizat asupra consecin\u021belor acestui vot. Martorii viitori s-ar putea teme s\u0103 mai vin\u0103 \u00een fa\u021ba Congresului. Ei ar putea fi pedepsi\u021bi chiar dac\u0103 respect\u0103 legea.<\/p>\n<p>Peters a men\u021bionat un alt pericol major. Pre\u0219edintele comisiei ar putea trimite cazul la Departamentul Justi\u021biei f\u0103r\u0103 votul \u00eentregului Senat. Senatorul democrat consider\u0103 acest demers extrem de periculos.<\/p>\n<h2><strong>Tulsi Gabbard a scos la lumin\u0103 informa\u021bii despre Anthony Fauci chiar \u00een ultima zi de mandat<\/strong><\/h2>\n<p>\u00a0<\/p>\n<p>\u00centr-un dosar f\u0103cut public \u00een ultima sa zi de mandat, directoarea DNI\u00a0<strong><a href=\"https:\/\/r3media.ro\/tulsi-gabbard-declasifica-informatii-laboratoare-biologice-ucraina-manipulare-genetica-sporire-periculozitate\/\" target=\"_blank\" rel=\"noopener\">Tulsi Gabbard<\/a><\/strong>\u00a0sus\u021bine c\u0103 dr. Antony Fauci a <a href=\"https:\/\/r3media.ro\/tulsi-gabbard-fauci-manipulare-servicii-origine-laborator-covid\/\" target=\"_blank\" rel=\"noopener\"><strong>manipulat<\/strong><\/a> serviciile de informa\u021bii pentru a ascunde originea de laborator a COVID.<\/p>\n<p>Conform fostei directoare a Serviciilor Na\u021bionale de Informa\u021bii (DNI) ale Statelor Unite, dr. Anthony Fauci, fost director al Institutului Na\u021bional pentru Alergii \u0219i Boli Infec\u021bioase (NIAID), ar fi min\u021bit Congresul \u0219i ar fi manipulat comunitatea de informa\u021bii pentru a-\u0219i ascunde rolul \u00een pandemia de coronavirus.<\/p>\n<div class=\"crp_related     crp-masonry\">\n<h2>\u00ceN CONTEXT<\/h2>\n<ul>\n<li><a href=\"https:\/\/r3media.ro\/fara-tine-in-google-r3media-dispare-iata-ce-poti-face-in-10-secunde\/\" class=\"crp_link post-119031\"><span class=\"crp_title\">F\u0103r\u0103 tine \u00een Google, R3media dispare. Iat\u0103 ce po\u021bi face \u00een 10 secunde<\/span><\/a><\/li>\n<li><a href=\"https:\/\/r3media.ro\/tulsi-gabbard-fauci-manipulare-servicii-origine-laborator-covid\/\" class=\"crp_link post-118655\"><span class=\"crp_title\">Tulsi Gabbard continu\u0103 declasific\u0103rile: Fauci ar fi manipulat serviciile de informa\u021bii\u2026<\/span><\/a><\/li>\n<\/ul>\n<\/div>\n<\/div>\n<\/div>\n<p>[analyse_source url=&#8221;https:\/\/r3media.ro\/senat-sua-vot-punere-acuzare-anthony-fauci-refuz-gestionare-pandemie-covid-19\/&#8221;]<\/p>\n","protected":false},"excerpt":{"rendered":"<p>[analyse_image type=&#8221;featured&#8221; src=&#8221;https:\/\/r3media.ro\/wp-content\/uploads\/2021\/02\/anthony-fauci-vaccinarea-planetei.jpghttps:\/\/r3media.ro\/wp-content\/uploads\/2021\/02\/anthony-fauci-vaccinarea-planetei.jpg&#8221;] FEATUREDSenatul SUA a votat pentru punerea sub acuzare a lui Anthony Fauci&#8230;. FEATURED\u0218TIRI Senatul SUA a votat pentru punerea sub acuzare a lui Anthony Fauci. A refuzat s\u0103 spun\u0103 cum a gestionat pandemia de Covid-19 Oana Ivan 06\/08\/2026 Sursa foto: REUTERS O comisie a Senatului a votat joi pentru a-l condamna pe [&hellip;]<\/p>\n","protected":false},"author":1,"featured_media":0,"comment_status":"open","ping_status":"","sticky":false,"template":"","format":"standard","meta":{"footnotes":""},"categories":[89],"tags":[226,93],"class_list":["post-2081212","post","type-post","status-publish","format-standard","hentry","category-romania","tag-crawlmanager","tag-r3media-ro"],"_links":{"self":[{"href":"https:\/\/analyse.optim.biz\/index.php?rest_route=\/wp\/v2\/posts\/2081212","targetHints":{"allow":["GET"]}}],"collection":[{"href":"https:\/\/analyse.optim.biz\/index.php?rest_route=\/wp\/v2\/posts"}],"about":[{"href":"https:\/\/analyse.optim.biz\/index.php?rest_route=\/wp\/v2\/types\/post"}],"author":[{"embeddable":true,"href":"https:\/\/analyse.optim.biz\/index.php?rest_route=\/wp\/v2\/users\/1"}],"replies":[{"embeddable":true,"href":"https:\/\/analyse.optim.biz\/index.php?rest_route=%2Fwp%2Fv2%2Fcomments&post=2081212"}],"version-history":[{"count":0,"href":"https:\/\/analyse.optim.biz\/index.php?rest_route=\/wp\/v2\/posts\/2081212\/revisions"}],"wp:attachment":[{"href":"https:\/\/analyse.optim.biz\/index.php?rest_route=%2Fwp%2Fv2%2Fmedia&parent=2081212"}],"wp:term":[{"taxonomy":"category","embeddable":true,"href":"https:\/\/analyse.optim.biz\/index.php?rest_route=%2Fwp%2Fv2%2Fcategories&post=2081212"},{"taxonomy":"post_tag","embeddable":true,"href":"https:\/\/analyse.optim.biz\/index.php?rest_route=%2Fwp%2Fv2%2Ftags&post=2081212"}],"curies":[{"name":"wp","href":"https:\/\/api.w.org\/{rel}","templated":true}]}}