{"id":208121,"date":"2014-04-08T19:26:55","date_gmt":"2014-04-08T16:26:55","guid":{"rendered":"https:\/\/analyse.optim.biz\/?p=208121"},"modified":"2014-04-08T19:26:55","modified_gmt":"2014-04-08T16:26:55","slug":"scandal-in-parlament-prima-intabulare-nu-va-fi-gratuita","status":"publish","type":"post","link":"https:\/\/analyse.optim.biz\/?p=208121","title":{"rendered":"Scandal \u00een Parlament. Prima \u00eentabulare nu va fi gratuit\u0103"},"content":{"rendered":"<div class=\"entry data-app-meta data-app-meta-article\" data-embed-base-url-canonical=\"https:\/\/www.digi24.ro\/embed\/stiri\/actualitate\/politica\/scandal-in-parlament-prima-intabulare-nu-va-fi-gratuita-226594\">\n<p data-index=\"1\">\u201eProiectul de lege a fost aprobat\u201d, a anun\u021bat vicepre\u0219edintele Camerei, <strong>Viorel Hrebenciuc<\/strong>.<\/p>\n<p data-index=\"2\">\u201eA\u0219a cum le-a\u021bi luat cu japca terenurile proprietarilor mijloca\u0219i, \u021b\u0103ranilor rom\u00e2ni, vre\u021bi s\u0103 le lua\u021bi \u0219i acum cu japca nu pentru stat, ci pentru mo\u0219ierii ro\u0219ii care va sprijin\u0103\u201d, acuzase deputatul liberal <strong>Ludovic Orban<\/strong>.<\/p>\n<p data-index=\"3\">\u201e\u00cemi pare r\u0103u c\u0103 v-am dezam\u0103git, legea nu a trecut\u201d, a anun\u021bat ulterior Viorel Hrebenciuc, spre amuzamentul plenului.<\/p>\n<p data-index=\"4\">Propunerea legislativ\u0103 nu a fost aprobat\u0103 pentru c\u0103 nu a ob\u0163inut voturile a jum\u0103tate plus unu din num\u0103rul total al deputa\u0163ilor prezen\u0163i.<\/p>\n<p data-index=\"5\">Vestea nu a fost deloc pe placul liberalilor care au ini\u0163iat proiectul ce a primit \u00een final 160 de voturi pentru, 147 \u00eempotriv\u0103 \u015fi 16 ab\u021bineri.<\/p>\n<p data-index=\"6\">\u201e<span>Domnilor din PSD, nu v\u0103 \u00een\u021beleg bucuria ast\u0103zi. Nu \u00een\u021beleg de ce r\u00e2de\u021bi c\u00e2nd patru milioane de rom\u00e2ni pl\u00e2ng, s\u0103 v\u0103 fie ru\u0219ine!\u201d, \u0219i-a apostrofat colegii Ludovic Orban.<\/span><\/p>\n<p data-index=\"7\">\u201e<span>R\u00e2dem c\u0103 v\u0103 vedem pe dumneavoastr\u0103\u201d, i-a r\u0103spuns <strong>Viorel Hrebenciuc<\/strong>.<\/span><\/p>\n<p data-index=\"8\">\u201e<span>Dup\u0103 ce am fost \u00eenfiera\u021bi aici trei minute, parc\u0103 eram la colectivizare&#8230;\u201d, a completat <strong>Marian Neac\u0219u<\/strong>, liderul deputa\u021bilor PSD.<\/span><\/p>\n<p data-index=\"9\">Liberalii le-au transmis \u015fi un mesaj de avertisment colegilor de la putere.<\/p>\n<p data-index=\"10\">\u201e<span>Vom trimite o scrisoare c\u0103tre proprietarii de terenuri agricole din colegiile \u00een care sunte\u021bi deputa\u021bi \u0219i \u00eei vom informa c\u0103 a\u021bi votat \u00eempotriva legii!\u201d, a anun\u021bat <strong>Ludovic Orban<\/strong>.<\/span><\/p>\n<p data-index=\"11\">\u201e<span>V\u0103 rog s\u0103 ne preciza\u021bi care sunt sursele de finan\u021bare ale celor 5 milioane de scrisori\u201d, a replicat <strong>Viorel Hrebenciuc<\/strong>.<\/span><\/p>\n<p data-index=\"12\">Deputa\u021bii PSD au sus\u0163inut c\u0103, de fapt, au votat \u00eempotriva proiectului pentru c\u0103 exista o ordonan\u0163\u0103 de urgen\u0163\u0103 cu acelea\u0219i prevederi. Proiectul a fost sus\u0163inut de PNL, UDMR, PPDD \u015fi PDL.<\/p>\n<p data-index=\"13\">Proiectul fusese adoptat anul trecut de Senat.<\/p>\n<\/div>\n<p> Source URL: https:\/\/www.digi24.ro\/stiri\/actualitate\/politica\/scandal-in-parlament-prima-intabulare-nu-va-fi-gratuita-226594<\/p>\n","protected":false},"excerpt":{"rendered":"<p>\u201eProiectul de lege a fost aprobat\u201d, a anun\u021bat vicepre\u0219edintele Camerei, Viorel Hrebenciuc. \u201eA\u0219a cum le-a\u021bi luat cu japca terenurile proprietarilor mijloca\u0219i, \u021b\u0103ranilor rom\u00e2ni, vre\u021bi s\u0103 le lua\u021bi \u0219i acum cu japca nu pentru stat, ci pentru mo\u0219ierii ro\u0219ii care va sprijin\u0103\u201d, acuzase deputatul liberal Ludovic Orban. \u201e\u00cemi pare r\u0103u c\u0103 v-am dezam\u0103git, legea nu a [&hellip;]<\/p>\n","protected":false},"author":1,"featured_media":208122,"comment_status":"open","ping_status":"","sticky":false,"template":"","format":"standard","meta":{"footnotes":""},"categories":[2],"tags":[11],"class_list":["post-208121","post","type-post","status-publish","format-standard","has-post-thumbnail","hentry","category-politics","tag-digi24"],"_links":{"self":[{"href":"https:\/\/analyse.optim.biz\/index.php?rest_route=\/wp\/v2\/posts\/208121","targetHints":{"allow":["GET"]}}],"collection":[{"href":"https:\/\/analyse.optim.biz\/index.php?rest_route=\/wp\/v2\/posts"}],"about":[{"href":"https:\/\/analyse.optim.biz\/index.php?rest_route=\/wp\/v2\/types\/post"}],"author":[{"embeddable":true,"href":"https:\/\/analyse.optim.biz\/index.php?rest_route=\/wp\/v2\/users\/1"}],"replies":[{"embeddable":true,"href":"https:\/\/analyse.optim.biz\/index.php?rest_route=%2Fwp%2Fv2%2Fcomments&post=208121"}],"version-history":[{"count":0,"href":"https:\/\/analyse.optim.biz\/index.php?rest_route=\/wp\/v2\/posts\/208121\/revisions"}],"wp:featuredmedia":[{"embeddable":true,"href":"https:\/\/analyse.optim.biz\/index.php?rest_route=\/wp\/v2\/media\/208122"}],"wp:attachment":[{"href":"https:\/\/analyse.optim.biz\/index.php?rest_route=%2Fwp%2Fv2%2Fmedia&parent=208121"}],"wp:term":[{"taxonomy":"category","embeddable":true,"href":"https:\/\/analyse.optim.biz\/index.php?rest_route=%2Fwp%2Fv2%2Fcategories&post=208121"},{"taxonomy":"post_tag","embeddable":true,"href":"https:\/\/analyse.optim.biz\/index.php?rest_route=%2Fwp%2Fv2%2Ftags&post=208121"}],"curies":[{"name":"wp","href":"https:\/\/api.w.org\/{rel}","templated":true}]}}