{"id":208107,"date":"2014-04-09T02:15:31","date_gmt":"2014-04-08T23:15:31","guid":{"rendered":"https:\/\/analyse.optim.biz\/?p=208107"},"modified":"2014-04-09T02:15:31","modified_gmt":"2014-04-08T23:15:31","slug":"crin-antonescu-in-planul-nesimtirii-dl-stroe-l-a-intrecut-pe-dl-tariceanu","status":"publish","type":"post","link":"https:\/\/analyse.optim.biz\/?p=208107","title":{"rendered":"Crin Antonescu: \u00cen planul nesim\u021birii, dl. Stroe l-a \u00eentrecut pe dl. T\u0103riceanu"},"content":{"rendered":"<div class=\"entry data-app-meta data-app-meta-article\" data-embed-base-url-canonical=\"https:\/\/www.digi24.ro\/embed\/stiri\/actualitate\/politica\/crin-antonescu-in-planul-nesimtirii-dl-stroe-l-a-intrecut-pe-dl-tariceanu-226708\">\n<p data-index=\"1\"><strong>Radu Stroe<\/strong> a anun\u0163at c\u0103 nu are de g\u00e2nd s\u0103 se de \u00eenscrie \u00een alt partid, dup\u0103 excluderea din PNL \u2013 nu merge nici la PSD, nici la Platforma lui <strong>C\u0103lin Popescu T\u0103riceanu<\/strong>. Dar a\u015fteapt\u0103 s\u0103 se \u00eentoarc\u0103 \u00een PNL.<\/p>\n<p data-index=\"2\">Chiar dac\u0103 Radu Stroe inten\u0163ioneaz\u0103 la un moment dat s\u0103 se \u00eentoarc\u0103 \u00een PNL, liderul partidului nu pare la fel de dispus s\u0103-l reprimeasc\u0103. \u00centr-o discu\u021bie la <strong>gandul.info<\/strong>, Crin Antonescu a declarat c\u0103 fostul ministru de Interne, l-a \u201e\u00eentrecut \u00een stadiul nesim\u0163irii pe T\u0103riceanu\u201d.<\/p>\n<p data-index=\"3\">\u00a0\u201eDup\u0103 ce C\u0103lin Popescu T\u0103riceanu a f\u0103cut ca act politic ceva ce nu credeam s\u0103 v\u0103d, totu\u015fi, la foarte scurt\u0103 vreme, \u00eemi pare r\u0103u de cuv\u00e2nt, dar \u00een planul nesim\u0163irii, domnul Stroe l-a \u00eentrecut, pentru c\u0103 m\u0103car T\u0103riceanu a plecat din partid. Dar din interiorul partidului s\u0103 vii s\u0103 le spui colegilor t\u0103i, la o or\u0103 de maxim\u0103 audien\u0163\u0103, ca a\u015fte\u0163i s\u0103-\u015fi rup\u0103 g\u00e2tul, asta \u00eenseman\u0103 \u00eentr-un sens tr\u0103dare\u201d, spune <strong>Crin Antonescu<\/strong>.<\/p>\n<p data-index=\"4\">\u00cen plus, pre\u0219edintele PNL a declarat c\u0103 el a fost cel ce i-a solicitat demisia fostului ministru de Interne, dup\u0103 tragedia din Apuseni. Radu Stroe a sus\u0163inut c\u0103 \u00ee\u015fi depune mandatul din propria ini\u0163iativ\u0103, \u00een semn de onoare.<\/p>\n<p data-index=\"5\">\u201eI-am cerut demisia \u00een ziua \u00een care, dup\u0103 tragedia din Apuseni, a ie\u0219it dl Ponta cu acel raport, de pe urma c\u0103ruia a c\u0103zut un t\u00e2n\u0103r destul de pu\u021bin vinovat, dl C\u0103t\u0103lin Chiper, care era secretar de stat\u201d, a declarat Crin Antonescu.<\/p>\n<p data-index=\"6\">53 de memrbi ai <strong>Biroului Politic Na\u0163ional<\/strong> au votat pentru excluderea lui Radu Stroe \u015fi doar zece \u00eempotriv\u0103. Stroe este acuzat c\u0103 a f\u0103cut declara\u021bii \u00eempotriva PNL \u0219i c\u0103 a votat \u00een Parlament, de mai multe ori, \u00eempotriva liniei stabilite de grupul parlamentar.<\/p>\n<p data-index=\"7\">El se afl\u0103 pentru <strong>a treia oar\u0103 \u00een aceast\u0103 situa\u0163ie<\/strong>. Stroe a mai fost exclus \u00een 1992 \u015fi \u00een 1994, fiind acuzat tot de tr\u0103darea intereselor partidului.<\/p>\n<\/div>\n<p> Source URL: https:\/\/www.digi24.ro\/stiri\/actualitate\/politica\/crin-antonescu-in-planul-nesimtirii-dl-stroe-l-a-intrecut-pe-dl-tariceanu-226708<\/p>\n","protected":false},"excerpt":{"rendered":"<p>Radu Stroe a anun\u0163at c\u0103 nu are de g\u00e2nd s\u0103 se de \u00eenscrie \u00een alt partid, dup\u0103 excluderea din PNL \u2013 nu merge nici la PSD, nici la Platforma lui C\u0103lin Popescu T\u0103riceanu. Dar a\u015fteapt\u0103 s\u0103 se \u00eentoarc\u0103 \u00een PNL. Chiar dac\u0103 Radu Stroe inten\u0163ioneaz\u0103 la un moment dat s\u0103 se \u00eentoarc\u0103 \u00een PNL, liderul [&hellip;]<\/p>\n","protected":false},"author":1,"featured_media":208108,"comment_status":"open","ping_status":"","sticky":false,"template":"","format":"standard","meta":{"footnotes":""},"categories":[2],"tags":[11],"class_list":["post-208107","post","type-post","status-publish","format-standard","has-post-thumbnail","hentry","category-politics","tag-digi24"],"_links":{"self":[{"href":"https:\/\/analyse.optim.biz\/index.php?rest_route=\/wp\/v2\/posts\/208107","targetHints":{"allow":["GET"]}}],"collection":[{"href":"https:\/\/analyse.optim.biz\/index.php?rest_route=\/wp\/v2\/posts"}],"about":[{"href":"https:\/\/analyse.optim.biz\/index.php?rest_route=\/wp\/v2\/types\/post"}],"author":[{"embeddable":true,"href":"https:\/\/analyse.optim.biz\/index.php?rest_route=\/wp\/v2\/users\/1"}],"replies":[{"embeddable":true,"href":"https:\/\/analyse.optim.biz\/index.php?rest_route=%2Fwp%2Fv2%2Fcomments&post=208107"}],"version-history":[{"count":0,"href":"https:\/\/analyse.optim.biz\/index.php?rest_route=\/wp\/v2\/posts\/208107\/revisions"}],"wp:featuredmedia":[{"embeddable":true,"href":"https:\/\/analyse.optim.biz\/index.php?rest_route=\/wp\/v2\/media\/208108"}],"wp:attachment":[{"href":"https:\/\/analyse.optim.biz\/index.php?rest_route=%2Fwp%2Fv2%2Fmedia&parent=208107"}],"wp:term":[{"taxonomy":"category","embeddable":true,"href":"https:\/\/analyse.optim.biz\/index.php?rest_route=%2Fwp%2Fv2%2Fcategories&post=208107"},{"taxonomy":"post_tag","embeddable":true,"href":"https:\/\/analyse.optim.biz\/index.php?rest_route=%2Fwp%2Fv2%2Ftags&post=208107"}],"curies":[{"name":"wp","href":"https:\/\/api.w.org\/{rel}","templated":true}]}}