{"id":2081004,"date":"2026-08-06T00:00:00","date_gmt":"2026-08-05T21:00:00","guid":{"rendered":"https:\/\/analyse.optim.biz\/?p=2081004"},"modified":"2026-08-06T00:00:00","modified_gmt":"2026-08-05T21:00:00","slug":"stejaru-investeste-in-eficienta-energetica-apa-permanenta-parc-fotovoltaic-si-iluminat-public-modern","status":"publish","type":"post","link":"https:\/\/analyse.optim.biz\/?p=2081004","title":{"rendered":"Stejaru investe\u0219te \u00een eficien\u021ba energetic\u0103: ap\u0103 permanent\u0103, parc fotovoltaic \u0219i iluminat public modern"},"content":{"rendered":"<p>[analyse_image type=&#8221;featured&#8221; src=&#8221;https:\/\/ziaruldetulcea.ro\/wp-content\/uploads\/2026\/08\/dumitru-enache-removebg-preview-499&#215;300.png&#8221;]<\/p>\n<div class=\"post\">\n<p><strong><img loading=\"lazy\" decoding=\"async\" class=\"alignleft size-full wp-image-43938\" src=\"https:\/\/ziaruldetulcea.ro\/wp-content\/uploads\/2026\/08\/dumitru-enache-removebg-preview.png\" alt width=\"499\" height=\"499\">STEJARU<\/strong> \u2013 Administra\u021bia local\u0103 din comuna Stejaru continu\u0103 implementarea unor investi\u021bii menite s\u0103 reduc\u0103 cheltuielile cu energia, s\u0103 modernizeze infrastructura \u0219i s\u0103 creasc\u0103 nivelul de trai al locuitorilor. Proiectele aflate \u00een derulare vizeaz\u0103 at\u00e2t eficientizarea consumului de energie al institu\u021biilor publice, c\u00e2t \u0219i \u00eembun\u0103t\u0103\u021birea serviciilor oferite cet\u0103\u021benilor.<\/p>\n<p>Una dintre cele mai importante ve\u0219ti pentru comunitate este c\u0103, dup\u0103 22 de ani, alimentarea cu ap\u0103 potabil\u0103 va fi asigurat\u0103 \u00een regim permanent, 24 de ore din 24, f\u0103r\u0103 \u00eentreruperi \u0219i f\u0103r\u0103 program. Reprezentan\u021bii administra\u021biei locale fac \u00eens\u0103 apel la cet\u0103\u021beni s\u0103 utilizeze apa \u00een mod responsabil, \u00eentruc\u00e2t func\u021bionarea sta\u021biilor de pompare presupune un consum ridicat de energie.<\/p>\n<p>\u00cen paralel, Prim\u0103ria Stejaru implementeaz\u0103 proiectul <strong>\u201eCentrala Electric\u0103 Fotovoltaic\u0103 Stejaru, jude\u021bul Tulcea\u201d<\/strong>, pentru care ordinul de \u00eencepere a lucr\u0103rilor a fost emis la 1 iunie. Investi\u021bia va asigura energia necesar\u0103 consumului propriu al Unit\u0103\u021bii Administrativ-Teritoriale, contribuind la reducerea costurilor cu electricitatea.<\/p>\n<p>Energia produs\u0103 de parcul fotovoltaic va acoperi consumul pentru iluminatul public, sta\u021biile de pompare a apei, unit\u0103\u021bile de \u00eenv\u0103\u021b\u0103m\u00e2nt, c\u0103minele culturale, clinica medical\u0103, sediul Prim\u0103riei \u0219i celelalte obiective aflate \u00een administrarea comunei.<\/p>\n<p>Un alt proiect important vizeaz\u0103 modernizarea sistemului de iluminat public. \u00cencep\u00e2nd cu 10 august, vor fi \u00eenlocuite 110 corpuri de iluminat alimentate din re\u021beaua electric\u0103 cu l\u0103mpi moderne alimentate cu energie solar\u0103. Totodat\u0103, pe dou\u0103 str\u0103zi care nu beneficiaz\u0103 \u00een prezent de iluminat public vor fi monta\u021bi 23 de st\u00e2lpi cu l\u0103mpi solare, asigur\u00e2nd iluminarea unei lungimi de peste un kilometru.<\/p>\n<p>\u00cen sprijinul tranzi\u021biei c\u0103tre mobilitatea verde, comuna dispune \u0219i de o sta\u021bie de \u00eenc\u0103rcare pentru autovehicule electrice, investi\u021bie care completeaz\u0103 infrastructura local\u0103 \u0219i r\u0103spunde tendin\u021bei de utilizare a mijloacelor de transport nepoluante.<\/p>\n<p>Primarul comunei Stejaru, <strong>Dumitru Enache<\/strong>, consider\u0103 c\u0103 aceste investi\u021bii reprezint\u0103 o etap\u0103 important\u0103 \u00een dezvoltarea localit\u0103\u021bii \u0219i \u00een reducerea cheltuielilor publice.<\/p>\n<blockquote>\n<p>\u201eNe-am propus s\u0103 investim \u00een solu\u021bii moderne, care s\u0103 reduc\u0103 dependen\u021ba de energia conven\u021bional\u0103 \u0219i s\u0103 foloseasc\u0103 resurse regenerabile \u00een beneficiul comunit\u0103\u021bii. Parcul fotovoltaic, modernizarea iluminatului public \u0219i alimentarea permanent\u0103 cu ap\u0103 sunt investi\u021bii care vor produce efecte pe termen lung, at\u00e2t pentru bugetul local, c\u00e2t \u0219i pentru calitatea vie\u021bii locuitorilor. \u00cen acela\u0219i timp, \u00eei \u00eendemn pe cet\u0103\u021beni s\u0103 utilizeze responsabil apa \u0219i energia, pentru c\u0103 numai printr-un efort comun putem valorifica pe deplin aceste investi\u021bii. \u00cei asigur pe locuitorii comunei c\u0103, \u00eempreun\u0103 cu aparatul de specialitate al Prim\u0103riei \u0219i Consiliul Local, vom continua s\u0103 implement\u0103m proiecte care contribuie la dezvoltarea durabil\u0103 a comunei Stejaru\u201d, a declarat primarul Dumitru Enache.<\/p>\n<\/blockquote>\n<p>Potrivit administra\u021biei locale, toate aceste proiecte au ca obiectiv cre\u0219terea eficien\u021bei energetice, reducerea cheltuielilor de func\u021bionare ale institu\u021biilor publice, protejarea mediului \u0219i dezvoltarea unei infrastructuri moderne, adaptate cerin\u021belor actuale.<\/p>\n<\/div>\n<p>[analyse_source url=&#8221;https:\/\/ziaruldetulcea.ro\/stejaru-investeste-in-eficienta-energetica-apa-permanenta-parc-fotovoltaic-si-iluminat-public-modern\/&#8221;]<\/p>\n","protected":false},"excerpt":{"rendered":"<p>[analyse_image type=&#8221;featured&#8221; src=&#8221;https:\/\/ziaruldetulcea.ro\/wp-content\/uploads\/2026\/08\/dumitru-enache-removebg-preview-499&#215;300.png&#8221;] STEJARU \u2013 Administra\u021bia local\u0103 din comuna Stejaru continu\u0103 implementarea unor investi\u021bii menite s\u0103 reduc\u0103 cheltuielile cu energia, s\u0103 modernizeze infrastructura \u0219i s\u0103 creasc\u0103 nivelul de trai al locuitorilor. Proiectele aflate \u00een derulare vizeaz\u0103 at\u00e2t eficientizarea consumului de energie al institu\u021biilor publice, c\u00e2t \u0219i \u00eembun\u0103t\u0103\u021birea serviciilor oferite cet\u0103\u021benilor. Una dintre cele mai importante [&hellip;]<\/p>\n","protected":false},"author":1,"featured_media":0,"comment_status":"open","ping_status":"","sticky":false,"template":"","format":"standard","meta":{"footnotes":""},"categories":[89],"tags":[226,205],"class_list":["post-2081004","post","type-post","status-publish","format-standard","hentry","category-romania","tag-crawlmanager","tag-ziaruldetulcea-ro"],"_links":{"self":[{"href":"https:\/\/analyse.optim.biz\/index.php?rest_route=\/wp\/v2\/posts\/2081004","targetHints":{"allow":["GET"]}}],"collection":[{"href":"https:\/\/analyse.optim.biz\/index.php?rest_route=\/wp\/v2\/posts"}],"about":[{"href":"https:\/\/analyse.optim.biz\/index.php?rest_route=\/wp\/v2\/types\/post"}],"author":[{"embeddable":true,"href":"https:\/\/analyse.optim.biz\/index.php?rest_route=\/wp\/v2\/users\/1"}],"replies":[{"embeddable":true,"href":"https:\/\/analyse.optim.biz\/index.php?rest_route=%2Fwp%2Fv2%2Fcomments&post=2081004"}],"version-history":[{"count":0,"href":"https:\/\/analyse.optim.biz\/index.php?rest_route=\/wp\/v2\/posts\/2081004\/revisions"}],"wp:attachment":[{"href":"https:\/\/analyse.optim.biz\/index.php?rest_route=%2Fwp%2Fv2%2Fmedia&parent=2081004"}],"wp:term":[{"taxonomy":"category","embeddable":true,"href":"https:\/\/analyse.optim.biz\/index.php?rest_route=%2Fwp%2Fv2%2Fcategories&post=2081004"},{"taxonomy":"post_tag","embeddable":true,"href":"https:\/\/analyse.optim.biz\/index.php?rest_route=%2Fwp%2Fv2%2Ftags&post=2081004"}],"curies":[{"name":"wp","href":"https:\/\/api.w.org\/{rel}","templated":true}]}}