{"id":2080987,"date":"2026-08-06T14:17:25","date_gmt":"2026-08-06T11:17:25","guid":{"rendered":"https:\/\/analyse.optim.biz\/?p=2080987"},"modified":"2026-08-06T14:17:25","modified_gmt":"2026-08-06T11:17:25","slug":"timisorenii-sunt-invitati-la-un-concert-caritabil-pentru-renovarea-spitalului-de-copii","status":"publish","type":"post","link":"https:\/\/analyse.optim.biz\/?p=2080987","title":{"rendered":"Timi\u0219orenii sunt invita\u021bi la un concert caritabil pentru renovarea Spitalului de Copii"},"content":{"rendered":"<p>[analyse_image type=&#8221;featured&#8221; src=&#8221;https:\/\/orasul-timisoara.ro\/wp-content\/uploads\/2026\/08\/the-other-you.jpg&#8221;]<\/p>\n<article id=\"post-40053\" class=\"td-post-template-7 post-40053 post type-post status-publish format-standard has-post-thumbnail category-evenimente-in-timisoara category-featured category-sanatate category-stiri-timisoara tag-caritate tag-concert-caritabil tag-donatii-2 tag-evenimente-timisoara-2 tag-iustin-negru tag-muzica-live tag-spitalul-clinic-de-urgenta-pentru-copii-louis-turcanu tag-spitalul-louis-turcanu tag-stage-pub tag-the-other-you tag-timisoara-2 td-container-wrap\">\n<div class=\"td-full-screen-header-image-wrap\">\n<div class=\"td-container td-post-header\">\n<div class=\"td-crumb-container\">\n<div class=\"entry-crumbs\"><span><a title=\"Vede\u021bi toate articolele \u00een Evenimente in Timisoara\" class=\"entry-crumb\" href=\"https:\/\/orasul-timisoara.ro\/local-category\/evenimente-in-timisoara\/\">Evenimente in Timisoara<\/a><\/span><span class=\"td-bred-no-url-last\">Timi\u0219orenii sunt invita\u021bi la un concert caritabil pentru renovarea Spitalului de Copii<\/span><\/div>\n<\/div>\n<div class=\"td-post-header-holder\">\n<div class=\"td-parallax-header\">\n<header class=\"td-post-title\">\n<ul class=\"td-category\">\n<li class=\"entry-category\"><a href=\"https:\/\/orasul-timisoara.ro\/local-category\/evenimente-in-timisoara\/\">Evenimente in Timisoara<\/a><\/li>\n<li class=\"entry-category\"><a href=\"https:\/\/orasul-timisoara.ro\/local-category\/sanatate\/\">S\u0103n\u0103tate<\/a><\/li>\n<li class=\"entry-category\"><a href=\"https:\/\/orasul-timisoara.ro\/local-category\/stiri-timisoara\/\">\u0218tiri Locale<\/a><\/li>\n<\/ul>\n<h1 class=\"entry-title\">Timi\u0219orenii sunt invita\u021bi la un concert caritabil pentru renovarea Spitalului de Copii<\/h1>\n<div class=\"td-module-meta-info\">\n<div class=\"td-post-author-name\">\n<div class=\"td-author-by\">De c\u0103tre<\/div>\n<p><a href=\"https:\/\/orasul-timisoara.ro\/author\/timisoara\/\">redactia<\/a><\/p>\n<div class=\"td-author-line\"> &#8211; <\/div>\n<\/div>\n<p><span class=\"td-post-date\"><time class=\"entry-date updated td-module-date\" datetime=\"2026-08-06T17:17:25+03:00\">06\/08\/2026<\/time><\/span><\/div>\n<\/header>\n<\/div>\n<\/div>\n<\/div>\n<div id=\"td-full-screen-header-image\" class=\"td-image-gradient-style7\"><img decoding=\"async\" class=\"td-backstretch\" src=\"https:\/\/orasul-timisoara.ro\/wp-content\/uploads\/2026\/08\/the-other-you.jpg\"><\/div>\n<\/div>\n<div class=\"td-container\">\n<div class=\"td-pb-row\">\n<div class=\"td-pb-span8 td-main-content\" role=\"main\">\n<div class=\"td-ss-main-content\">\n<div class=\"td-post-sharing-top\">\n<div class=\"td-post-sharing-classic\"><iframe title=\"topFacebookLike\" frameborder src=\"https:\/\/www.facebook.com\/plugins\/like.php?href=https:\/\/orasul-timisoara.ro\/local-40053\/&amp;layout=button_count&amp;show_faces=false&amp;width=105&amp;action=like&amp;colorscheme=light&amp;height=21\"><\/iframe><\/div>\n<div id=\"td_social_sharing_article_top\" class=\"td-post-sharing td-ps-bg td-ps-notext td-post-sharing-style1 \">\n<div class=\"td-post-sharing-visible\"><a class=\"td-social-sharing-button td-social-sharing-button-js td-social-network td-social-facebook\" href=\"https:\/\/www.facebook.com\/sharer.php?u=https%3A%2F%2Forasul-timisoara.ro%2Flocal-40053%2F\" title=\"Facebook\"><\/p>\n<div class=\"td-social-but-text\">Facebook<\/div>\n<p><\/a><a class=\"td-social-sharing-button td-social-sharing-button-js td-social-network td-social-twitter\" href=\"https:\/\/twitter.com\/intent\/tweet?text=Timi%C8%99orenii+sunt+invita%C8%9Bi+la+un+concert+caritabil+pentru+renovarea+Spitalului+de+Copii&amp;url=https%3A%2F%2Forasul-timisoara.ro%2Flocal-40053%2F&amp;via=orasultm\" title=\"Twitter\"><\/p>\n<div class=\"td-social-but-text\">Twitter<\/div>\n<p><\/a><a class=\"td-social-sharing-button td-social-sharing-button-js td-social-network td-social-whatsapp\" href=\"https:\/\/api.whatsapp.com\/send?text=Timi%C8%99orenii+sunt+invita%C8%9Bi+la+un+concert+caritabil+pentru+renovarea+Spitalului+de+Copii%20%0A%0A%20https:\/\/orasul-timisoara.ro\/local-40053\/\" title=\"WhatsApp\"><\/p>\n<div class=\"td-social-but-text\">WhatsApp<\/div>\n<p><\/a><a class=\"td-social-sharing-button td-social-sharing-button-js td-social-network td-social-linkedin\" href=\"https:\/\/www.linkedin.com\/shareArticle?mini=true&amp;url=https:\/\/orasul-timisoara.ro\/local-40053\/&amp;title=Timi%C8%99orenii+sunt+invita%C8%9Bi+la+un+concert+caritabil+pentru+renovarea+Spitalului+de+Copii\" title=\"Linkedin\"><\/p>\n<div class=\"td-social-but-text\">Linkedin<\/div>\n<p><\/a><a class=\"td-social-sharing-button td-social-sharing-button-js td-social-network td-social-reddit\" href=\"https:\/\/reddit.com\/submit?url=https:\/\/orasul-timisoara.ro\/local-40053\/&amp;title=Timi%C8%99orenii+sunt+invita%C8%9Bi+la+un+concert+caritabil+pentru+renovarea+Spitalului+de+Copii\" title=\"ReddIt\"><\/p>\n<div class=\"td-social-but-text\">ReddIt<\/div>\n<p><\/a><a class=\"td-social-sharing-button td-social-sharing-button-js td-social-network td-social-mail\" href=\"mailto:?subject=Timi%C8%99orenii%20sunt%20invita%C8%9Bi%20la%20un%20concert%20caritabil%20pentru%20renovarea%20Spitalului%20de%20Copii&amp;body=https:\/\/orasul-timisoara.ro\/local-40053\/\" title=\"Email\"><\/p>\n<div class=\"td-social-but-text\">Email<\/div>\n<p><\/a><a class=\"td-social-sharing-button td-social-sharing-button-js td-social-network td-social-print\" href=\"https:\/\/orasul-timisoara.ro\/local-40053\/\" title=\"Imprimare\"><\/p>\n<div class=\"td-social-but-text\">Imprimare<\/div>\n<p><\/a><\/div>\n<\/div>\n<\/div>\n<div class=\"td-post-content tagdiv-type\">\n<p class=\"wp-block-paragraph\">Trupa timi\u0219orean\u0103 The Other You invit\u0103 publicul la un concert caritabil organizat s\u00e2mb\u0103t\u0103, 8 august, de la ora 21:00, la Stage Pub din Timi\u0219oara. Evenimentul are ca scop str\u00e2ngerea de fonduri pentru Spitalul Clinic de Urgen\u021b\u0103 pentru Copii \u201eLouis \u021aurcanu\u201d, iar accesul este gratuit.<\/p>\n<p class=\"wp-block-paragraph\">Organizatorii precizeaz\u0103 c\u0103 toate dona\u021biile f\u0103cute de participan\u021bi vor ajunge integral la spital \u0219i vor fi folosite pentru \u00eembun\u0103t\u0103\u021birea condi\u021biilor de tratament ale micilor pacien\u021bi.<\/p>\n<h2 class=\"wp-block-heading\">Fondurile vor fi investite \u00een renovarea sec\u021biei \u0219i aparatur\u0103 medical\u0103<\/h2>\n<p class=\"wp-block-paragraph\">Sumele str\u00e2nse \u00een urma concertului vor avea dou\u0103 destina\u021bii importante.<\/p>\n<p class=\"wp-block-paragraph\">O parte din bani va fi folosit\u0103 pentru renovarea \u0219i modernizarea spa\u021biilor din sec\u021bia de boli infec\u021bioase, iar restul va fi direc\u021bionat c\u0103tre achizi\u021bionarea unui aparat Astrup \u2013 un analizor de gaze sangvine care permite ob\u021binerea rapid\u0103 a rezultatelor analizelor de s\u00e2nge.<\/p>\n<p class=\"wp-block-paragraph\">Potrivit organizatorilor, acest echipament poate reduce timpul de a\u0219teptare pentru stabilirea tratamentului, aspect esen\u021bial \u00een cazul copiilor care necesit\u0103 interven\u021bii medicale urgente.<\/p>\n<h2 class=\"wp-block-heading\">Trupa: \u201eUn concert \u021bine o or\u0103. Un aparat r\u0103m\u00e2ne acolo \u0219i lucreaz\u0103 pentru copii\u201d<\/h2>\n<p class=\"wp-block-paragraph\">The Other You explic\u0103 faptul c\u0103 alegerea de a sus\u021bine Spitalul \u201eLouis \u021aurcanu\u201d vine din dorin\u021ba de a contribui concret la \u00eembun\u0103t\u0103\u021birea actului medical.<\/p>\n<p class=\"wp-block-paragraph\">\u201eUn concert \u021bine o or\u0103. Un aparat r\u0103m\u00e2ne acolo \u0219i lucreaz\u0103 pentru copii \u00een fiecare zi. Ne-am dorit o sear\u0103 care s\u0103 lase \u00een urm\u0103 ceva concret\u201d, a declarat Iustin Negru, chitarist \u0219i fondator al trupei.<\/p>\n<h2 class=\"wp-block-heading\">Muzic\u0103 live pentru o cauz\u0103 important\u0103<\/h2>\n<p class=\"wp-block-paragraph\">Publicul va avea ocazia s\u0103 asculte piese originale interpretate de The Other You, forma\u021bie \u00eenfiin\u021bat\u0103 la Timi\u0219oara.<\/p>\n<p class=\"wp-block-paragraph\">Repertoriul trupei \u00eembin\u0103 influen\u021be rock, funk \u0219i soul, iar organizatorii spun c\u0103 scopul principal al serii este solidaritatea \u0219i sprijinirea copiilor interna\u021bi la unul dintre cele mai importante spitale pediatrice din vestul \u021b\u0103rii.<\/p>\n<h2 class=\"wp-block-heading\">Intrarea este liber\u0103, iar dona\u021biile sunt benevole<\/h2>\n<p class=\"wp-block-paragraph\">Accesul la concert este gratuit, \u00eens\u0103 participan\u021bii sunt invita\u021bi s\u0103 contribuie, \u00een func\u021bie de posibilit\u0103\u021bi, la str\u00e2ngerea de fonduri.<\/p>\n<p class=\"wp-block-paragraph\">Nu exist\u0103 o sum\u0103 minim\u0103 recomandat\u0103, iar fiecare dona\u021bie va fi direc\u021bionat\u0103 integral c\u0103tre Spitalul Clinic de Urgen\u021b\u0103 pentru Copii \u201eLouis \u021aurcanu\u201d, f\u0103r\u0103 re\u021bineri.<\/p>\n<h2 class=\"wp-block-heading\">Evenimentul are loc pe 8 august, la Stage Pub<\/h2>\n<p class=\"wp-block-paragraph\">Concertul caritabil este programat s\u00e2mb\u0103t\u0103, 8 august 2026, \u00eencep\u00e2nd cu ora 21:00.<\/p>\n<p class=\"wp-block-paragraph\">Evenimentul va avea loc la Stage Pub, situat pe strada Florimund Mercy nr. 3 din Timi\u0219oara, iar organizatorii \u00eei invit\u0103 pe timi\u0219oreni s\u0103 participe pentru a sus\u021bine at\u00e2t muzica local\u0103, c\u00e2t \u0219i o cauz\u0103 dedicat\u0103 s\u0103n\u0103t\u0103\u021bii copiilor.<\/p>\n<\/div>\n<footer>\n<div class=\"td-post-source-tags\">\n<ul class=\"td-tags td-post-small-box clearfix\">\n<li><span>ETICHETE<\/span><\/li>\n<li><a href=\"https:\/\/orasul-timisoara.ro\/local-tag\/caritate\/\">caritate<\/a><\/li>\n<li><a href=\"https:\/\/orasul-timisoara.ro\/local-tag\/concert-caritabil\/\">concert caritabil<\/a><\/li>\n<li><a href=\"https:\/\/orasul-timisoara.ro\/local-tag\/donatii-2\/\">dona\u021bii<\/a><\/li>\n<li><a href=\"https:\/\/orasul-timisoara.ro\/local-tag\/evenimente-timisoara-2\/\">evenimente Timi\u0219oara<\/a><\/li>\n<li><a href=\"https:\/\/orasul-timisoara.ro\/local-tag\/iustin-negru\/\">Iustin Negru<\/a><\/li>\n<li><a href=\"https:\/\/orasul-timisoara.ro\/local-tag\/muzica-live\/\">muzic\u0103 live<\/a><\/li>\n<li><a href=\"https:\/\/orasul-timisoara.ro\/local-tag\/spitalul-clinic-de-urgenta-pentru-copii-louis-turcanu\/\">Spitalul Clinic de Urgen\u021b\u0103 pentru Copii Louis \u021aurcanu<\/a><\/li>\n<li><a href=\"https:\/\/orasul-timisoara.ro\/local-tag\/spitalul-louis-turcanu\/\">Spitalul Louis \u021aurcanu<\/a><\/li>\n<li><a href=\"https:\/\/orasul-timisoara.ro\/local-tag\/stage-pub\/\">Stage Pub<\/a><\/li>\n<li><a href=\"https:\/\/orasul-timisoara.ro\/local-tag\/the-other-you\/\">The Other You<\/a><\/li>\n<li><a href=\"https:\/\/orasul-timisoara.ro\/local-tag\/timisoara-2\/\">timi\u0219oara<\/a><\/li>\n<\/ul>\n<\/div>\n<div class=\"td-post-sharing-bottom\">\n<div class=\"td-post-sharing-classic\"><iframe title=\"bottomFacebookLike\" frameborder src=\"https:\/\/www.facebook.com\/plugins\/like.php?href=https:\/\/orasul-timisoara.ro\/local-40053\/&amp;layout=button_count&amp;show_faces=false&amp;width=105&amp;action=like&amp;colorscheme=light&amp;height=21\"><\/iframe><\/div>\n<div id=\"td_social_sharing_article_bottom\" class=\"td-post-sharing td-ps-bg td-ps-notext td-post-sharing-style1 \">\n<div class=\"td-post-sharing-visible\"><a class=\"td-social-sharing-button td-social-sharing-button-js td-social-network td-social-facebook\" href=\"https:\/\/www.facebook.com\/sharer.php?u=https%3A%2F%2Forasul-timisoara.ro%2Flocal-40053%2F\" title=\"Facebook\"><\/p>\n<div class=\"td-social-but-text\">Facebook<\/div>\n<p><\/a><a class=\"td-social-sharing-button td-social-sharing-button-js td-social-network td-social-twitter\" href=\"https:\/\/twitter.com\/intent\/tweet?text=Timi%C8%99orenii+sunt+invita%C8%9Bi+la+un+concert+caritabil+pentru+renovarea+Spitalului+de+Copii&amp;url=https%3A%2F%2Forasul-timisoara.ro%2Flocal-40053%2F&amp;via=orasultm\" title=\"Twitter\"><\/p>\n<div class=\"td-social-but-text\">Twitter<\/div>\n<p><\/a><a class=\"td-social-sharing-button td-social-sharing-button-js td-social-network td-social-whatsapp\" href=\"https:\/\/api.whatsapp.com\/send?text=Timi%C8%99orenii+sunt+invita%C8%9Bi+la+un+concert+caritabil+pentru+renovarea+Spitalului+de+Copii%20%0A%0A%20https:\/\/orasul-timisoara.ro\/local-40053\/\" title=\"WhatsApp\"><\/p>\n<div class=\"td-social-but-text\">WhatsApp<\/div>\n<p><\/a><a class=\"td-social-sharing-button td-social-sharing-button-js td-social-network td-social-linkedin\" href=\"https:\/\/www.linkedin.com\/shareArticle?mini=true&amp;url=https:\/\/orasul-timisoara.ro\/local-40053\/&amp;title=Timi%C8%99orenii+sunt+invita%C8%9Bi+la+un+concert+caritabil+pentru+renovarea+Spitalului+de+Copii\" title=\"Linkedin\"><\/p>\n<div class=\"td-social-but-text\">Linkedin<\/div>\n<p><\/a><a class=\"td-social-sharing-button td-social-sharing-button-js td-social-network td-social-reddit\" href=\"https:\/\/reddit.com\/submit?url=https:\/\/orasul-timisoara.ro\/local-40053\/&amp;title=Timi%C8%99orenii+sunt+invita%C8%9Bi+la+un+concert+caritabil+pentru+renovarea+Spitalului+de+Copii\" title=\"ReddIt\"><\/p>\n<div class=\"td-social-but-text\">ReddIt<\/div>\n<p><\/a><a class=\"td-social-sharing-button td-social-sharing-button-js td-social-network td-social-mail\" href=\"mailto:?subject=Timi%C8%99orenii%20sunt%20invita%C8%9Bi%20la%20un%20concert%20caritabil%20pentru%20renovarea%20Spitalului%20de%20Copii&amp;body=https:\/\/orasul-timisoara.ro\/local-40053\/\" title=\"Email\"><\/p>\n<div class=\"td-social-but-text\">Email<\/div>\n<p><\/a><a class=\"td-social-sharing-button td-social-sharing-button-js td-social-network td-social-print\" href=\"https:\/\/orasul-timisoara.ro\/local-40053\/\" title=\"Imprimare\"><\/p>\n<div class=\"td-social-but-text\">Imprimare<\/div>\n<p><\/a><\/div>\n<\/div>\n<\/div>\n<div class=\"td-block-row td-post-next-prev\">\n<div class=\"td-block-span6 td-post-prev-post\">\n<div class=\"td-post-next-prev-content\"><span>Articolul precedent<\/span><a href=\"https:\/\/orasul-timisoara.ro\/local-40050\/\">Publicul decide cine prime\u0219te Premiul Peter Jecza pentru SCULPTURA ANULUI \u2013 edi\u021bia a 3-a<\/a><\/div>\n<\/div>\n<div class=\"td-block-span6 td-post-next-post\">\n<div class=\"td-post-next-prev-content\"><span>Articolul urm\u0103tor<\/span><a href=\"https:\/\/orasul-timisoara.ro\/local-40056\/\">Ziua Timi\u0219oarei a ajuns \u0219i \u00een Penitenciar. Atelier de caricatur\u0103 \u0219i expozi\u021bie la ferma din Kuncz (foto)<\/a><\/div>\n<\/div>\n<\/div>\n<div class=\"td-author-name vcard author\"><span class=\"fn\"><a href=\"https:\/\/orasul-timisoara.ro\/author\/timisoara\/\">redactia<\/a><\/span><\/div>\n<p><span class=\"td-page-meta\"><\/span><span class=\"td-page-meta\"><span class=\"td-page-meta\"><\/span><\/span><span class=\"td-page-meta\"><\/span><\/footer>\n<div class=\"td_block_wrap td_block_related_posts tdi_3 td_with_ajax_pagination td-pb-border-top td_block_template_8\" data-td-block-uid=\"tdi_3\">\n<h4 class=\"td-related-title td-block-title\"><a id=\"tdi_4\" class=\"td-related-left td-cur-simple-item\" data-td_filter_value data-td_block_id=\"tdi_3\" href=\"https:\/\/orasul-timisoara.ro\/local-40053\/\">ARTICOLE SIMILARE<\/a><a id=\"tdi_5\" class=\"td-related-right\" data-td_filter_value=\"td_related_more_from_author\" data-td_block_id=\"tdi_3\" href=\"https:\/\/orasul-timisoara.ro\/local-40053\/\">DE LA ACELA\u0218I AUTOR<\/a><\/h4>\n<div id=\"tdi_3\" class=\"td_block_inner\">\n<div class=\"td-related-row\">\n<div class=\"td-related-span4\">\n<div class=\"td_module_related_posts td-animation-stack td_mod_related_posts\">\n<div class=\"td-module-image\">\n<div class=\"td-module-thumb\"><a href=\"https:\/\/orasul-timisoara.ro\/local-40014\/\" rel=\"bookmark\" class=\"td-image-wrap \" title=\"Diaconu Mihai, \u201eAquaman\u201d de Timi\u0219oara, prezent la Miss Rom\u00e2nia The Crown 2026\"><img loading=\"lazy\" decoding=\"async\" class=\"entry-thumb\" src=\"https:\/\/orasul-timisoara.ro\/wp-content\/uploads\/2026\/08\/diaconu-mihai-436x300.jpg\" alt title=\"Diaconu Mihai, \u201eAquaman\u201d de Timi\u0219oara, prezent la Miss Rom\u00e2nia The Crown 2026\" width=\"218\" height=\"150\"><\/a><\/div>\n<\/div>\n<div class=\"item-details\">\n<h3 class=\"entry-title td-module-title\"><a href=\"https:\/\/orasul-timisoara.ro\/local-40014\/\" rel=\"bookmark\" title=\"Diaconu Mihai, \u201eAquaman\u201d de Timi\u0219oara, prezent la Miss Rom\u00e2nia The Crown 2026\">Diaconu Mihai, \u201eAquaman\u201d de Timi\u0219oara, prezent la Miss Rom\u00e2nia The Crown 2026<\/a><\/h3>\n<\/div>\n<\/div>\n<\/div>\n<div class=\"td-related-span4\">\n<div class=\"td_module_related_posts td-animation-stack td_mod_related_posts\">\n<div class=\"td-module-image\">\n<div class=\"td-module-thumb\"><a href=\"https:\/\/orasul-timisoara.ro\/local-39975\/\" rel=\"bookmark\" class=\"td-image-wrap \" title=\"Dominic Fritz, de Ziua Timi\u0219oarei: \u201eNu a\u0219 vrea s\u0103 locuiesc niciunde altundeva \u00een lume\u201d\"><img loading=\"lazy\" decoding=\"async\" class=\"entry-thumb\" src=\"https:\/\/orasul-timisoara.ro\/wp-content\/uploads\/2026\/08\/dominic-fritz-piata-victoriei-436x300.jpg\" alt title=\"Dominic Fritz, de Ziua Timi\u0219oarei: \u201eNu a\u0219 vrea s\u0103 locuiesc niciunde altundeva \u00een lume\u201d\" width=\"218\" height=\"150\"><\/a><\/div>\n<\/div>\n<div class=\"item-details\">\n<h3 class=\"entry-title td-module-title\"><a href=\"https:\/\/orasul-timisoara.ro\/local-39975\/\" rel=\"bookmark\" title=\"Dominic Fritz, de Ziua Timi\u0219oarei: \u201eNu a\u0219 vrea s\u0103 locuiesc niciunde altundeva \u00een lume\u201d\">Dominic Fritz, de Ziua Timi\u0219oarei: \u201eNu a\u0219 vrea s\u0103 locuiesc niciunde altundeva \u00een lume\u201d<\/a><\/h3>\n<\/div>\n<\/div>\n<\/div>\n<div class=\"td-related-span4\">\n<div class=\"td_module_related_posts td-animation-stack td_mod_related_posts\">\n<div class=\"td-module-image\">\n<div class=\"td-module-thumb\"><a href=\"https:\/\/orasul-timisoara.ro\/local-39913\/\" rel=\"bookmark\" class=\"td-image-wrap \" title=\"Bike &amp; Bark with Maya: eveniment caritabil pentru animalele salvate de FURRYTALES\"><img loading=\"lazy\" decoding=\"async\" class=\"entry-thumb\" src=\"https:\/\/orasul-timisoara.ro\/wp-content\/uploads\/2026\/07\/Bike-Bark-with-Maya-436x300.jpg\" alt title=\"Bike &amp; Bark with Maya: eveniment caritabil pentru animalele salvate de FURRYTALES\" width=\"218\" height=\"150\"><\/a><\/div>\n<\/div>\n<div class=\"item-details\">\n<h3 class=\"entry-title td-module-title\"><a href=\"https:\/\/orasul-timisoara.ro\/local-39913\/\" rel=\"bookmark\" title=\"Bike &amp; Bark with Maya: eveniment caritabil pentru animalele salvate de FURRYTALES\">Bike &amp; Bark with Maya: eveniment caritabil pentru animalele salvate de FURRYTALES<\/a><\/h3>\n<\/div>\n<\/div>\n<\/div>\n<\/div>\n<\/div>\n<\/div>\n<div class=\"comments\" id=\"comments\">\n<div id=\"respond\" class=\"comment-respond\">\n<h3 id=\"reply-title\" class=\"comment-reply-title\">L\u0102SA\u021aI UN MESAJ<\/h3>\n<div class=\"comment-form-input-wrap td-form-comment\">\n<div class=\"td-warning-comment\">V\u0103 rug\u0103m s\u0103 introduce\u021bi comentariul dvs.!<\/div>\n<\/div>\n<div class=\"comment-form-input-wrap td-form-author\">\n<div class=\"td-warning-author\">Introduce\u021bi aici numele dvs.<\/div>\n<\/div>\n<div class=\"comment-form-input-wrap td-form-email\">\n<div class=\"td-warning-email-error\">A\u021bi introdus o adres\u0103 de e-mail incorect\u0103!<\/div>\n<div class=\"td-warning-email\">V\u0103 rug\u0103m s\u0103 introduce\u021bi adresa dvs. de e-mail aici<\/div>\n<\/div>\n<\/div>\n<p class=\"akismet_comment_form_privacy_notice\">Acest site folose\u0219te Akismet pentru a reduce spamul. <a href=\"https:\/\/akismet.com\/privacy\/\" target=\"_blank\" rel=\"nofollow noopener\">Afl\u0103 cum sunt procesate datele comentariilor tale<\/a>.<\/p>\n<\/div>\n<\/div>\n<\/div>\n<div class=\"td-pb-span4 td-main-sidebar\" role=\"complementary\">\n<div class=\"td-ss-main-sidebar\">\n<aside id=\"block-4\" class=\"td_block_template_8 widget block-4 widget_block widget_media_image\">\n<figure class=\"wp-block-image size-full\"><img loading=\"lazy\" decoding=\"async\" width=\"336\" height=\"280\" src=\"https:\/\/orasul-timisoara.ro\/wp-content\/uploads\/2024\/11\/ReTIM-Abonamentul-Verde-Google-Ads-336x280px.gif\" alt class=\"wp-image-29257\"><\/figure>\n<\/aside>\n<div class=\"td_block_wrap td_block_social_counter td_block_widget tdi_6 td-social-style5 td-social-boxed td-pb-border-top td_block_template_8\">\n<div class=\"td-block-title-wrap\">\n<h4 class=\"td-block-title\"><span>Urm\u0103re\u0219te-ne pe Social Media<\/span><\/h4>\n<\/div>\n<div class=\"td-social-list\">\n<div class=\"td_social_type td-pb-margin-side td_social_facebook\">\n<div class=\"td-social-box\"><span class=\"td_social_info td_social_info_counter\">344,595<\/span><span class=\"td_social_info td_social_info_name\">Fani<\/span><span class=\"td_social_button\"><a href=\"https:\/\/www.facebook.com\/247timisoara\" target=\"_blank\" rel=\"nofollow\">\u00cemi place<\/a><\/span><\/div>\n<\/div>\n<div class=\"td_social_type td-pb-margin-side td_social_instagram\">\n<div class=\"td-social-box\"><span class=\"td_social_info td_social_info_counter\">4,416<\/span><span class=\"td_social_info td_social_info_name\">Cititori<\/span><span class=\"td_social_button\"><a href=\"https:\/\/instagram.com\/orasultimisoararo\/\" target=\"_blank\" rel=\"nofollow\">Conecta\u021bi-v\u0103<\/a><\/span><\/div>\n<\/div>\n<div class=\"td_social_type td-pb-margin-side td_social_rss\">\n<div class=\"td-social-box\"><span class=\"td_social_info td_social_info_counter\">12,506<\/span><span class=\"td_social_info td_social_info_name\">Cititori<\/span><span class=\"td_social_button\"><a href=\"https:\/\/orasul-timisoara.ro\/feed\/\" target=\"_blank\" rel=\"nofollow\">Conecta\u021bi-v\u0103<\/a><\/span><\/div>\n<\/div>\n<div class=\"td_social_type td-pb-margin-side td_social_tiktok\">\n<div class=\"td-social-box\"><span class=\"td_social_info td_social_info_counter\">1,500<\/span><span class=\"td_social_info td_social_info_name\">Cititori<\/span><span class=\"td_social_button\"><a href=\"https:\/\/www.tiktok.com\/@orasultimisoara\" target=\"_blank\" rel=\"nofollow\">Conecta\u021bi-v\u0103<\/a><\/span><\/div>\n<\/div>\n<div class=\"td_social_type td-pb-margin-side td_social_twitter\">\n<div class=\"td-social-box\"><span class=\"td_social_info td_social_info_counter\">1,595<\/span><span class=\"td_social_info td_social_info_name\">Cititori<\/span><span class=\"td_social_button\"><a href=\"https:\/\/twitter.com\/orasultm\" target=\"_blank\" rel=\"nofollow\">Conecta\u021bi-v\u0103<\/a><\/span><\/div>\n<\/div>\n<div class=\"td_social_type td-pb-margin-side td_social_youtube\">\n<div class=\"td-social-box\"><span class=\"td_social_info td_social_info_counter\">3,506<\/span><span class=\"td_social_info td_social_info_name\">Abona\u021bi<\/span><span class=\"td_social_button\"><a href=\"https:\/\/www.youtube.com\/channel\/UCQNsQvs2XCSIm1Z-AHRturw?sub_confirmation=1\" target=\"_blank\" rel=\"nofollow\">Abona\u021bi-v\u0103<\/a><\/span><\/div>\n<\/div>\n<\/div>\n<\/div>\n<aside id=\"text-7\" class=\"td_block_template_8 widget text-7 widget_text\">\n<h4 class=\"td-block-title\"><span>C\u0103ut\u0103ri populare pe OTM<\/span><\/h4>\n<div class=\"textwidget\"><a href=\"https:\/\/orasul-timisoara.ro\/?s=timisoara\"><span>Timisoara<\/span><\/a><a href=\"https:\/\/orasul-timisoara.ro\/?s=calin+dobra\"><span>Calin Dobra<\/span><\/a><a href=\"https:\/\/orasul-timisoara.ro\/?s=primaria+timisoara\"><span>Primaria Timisoara<\/span><\/a><a href=\"https:\/\/orasul-timisoara.ro\/?s=dominic+fritz\"><span>Dominic Fritz<\/span><\/a><a href=\"https:\/\/orasul-timisoara.ro\/?s=nicolae+robu\"><span>Nicolae Robu<\/span><\/a><a href=\"https:\/\/orasul-timisoara.ro\/?s=consiliul+local+timisoara\">Consiliul Local Timisoara<\/a><a href=\"https:\/\/orasul-timisoara.ro\/?s=consiliul+judetean+timis\"><span>Consiliul Judetean Timis<\/span><\/a><a href=\"https:\/\/orasul-timisoara.ro\/?s=cjt\"><span>CJT<\/span><\/a><a href=\"https:\/\/orasul-timisoara.ro\/?s=Alfred+Simonis\"><span>Alfred Simonis<\/span><\/a><a href=\"https:\/\/orasul-timisoara.ro\/?s=PNL\"><span>PNL<\/span><\/a><a href=\"https:\/\/orasul-timisoara.ro\/?s=coronavirus\"><span>coronavirus<\/span><\/a><a href=\"https:\/\/orasul-timisoara.ro\/?s=teatru+timisoara\">teatru Timisoara<\/a><a href=\"https:\/\/orasul-timisoara.ro\/?s=restaurante\"><span>restaurante Timisoara<\/span><\/a><a href=\"https:\/\/orasul-timisoara.ro\/?s=diskoteka\"><span>Diskoteka<\/span><\/a><a href=\"https:\/\/orasul-timisoara.ro\/?s=iulius+town\"><span>Iulius Town<\/span><\/a><a href=\"https:\/\/orasul-timisoara.ro\/?s=iulius+mall\"><span>Iulius Mall<\/span><\/a><a href=\"https:\/\/orasul-timisoara.ro\/?s=stpt\"><span>STPT<\/span><\/a><a href=\"https:\/\/orasul-timisoara.ro\/?s=alin+nica\"><span>Alin Nica<\/span><\/a><a href=\"https:\/\/orasul-timisoara.ro\/?s=psd\"><span>PSD<\/span><\/a><a href=\"https:\/\/orasul-timisoara.ro\/?s=aeroport\"><span>Aeroportul International Timisoara<\/span><\/a><a href=\"https:\/\/orasul-timisoara.ro\/?s=babes\"><span>Spitalul Victor Babes Timisoara<\/span><\/a><a href=\"https:\/\/orasul-timisoara.ro\/?s=poli\"><span>Poli Timi\u0219oara<\/span><\/a><a href=\"https:\/\/orasul-timisoara.ro\/?s=carantina\"><span>carantina<\/span><\/a><a href=\"https:\/\/orasul-timisoara.ro\/?s=aquatim\"><span>Aquatim<\/span><\/a><a href=\"https:\/\/orasul-timisoara.ro\/local-category\/stiri-timisoara\/\"><span>Stiri Timisoara<\/span><\/a><a href=\"https:\/\/orasul-timisoara.ro\/local-category\/investitii-in-timisoara\/\"><span>Investi\u021bii in Timi\u0219oara<\/span><\/a><a href=\"https:\/\/orasul-timisoara.ro\/local-9463\/\"><span>shaorma<\/span><\/a><a href=\"https:\/\/orasul-timisoara.ro\/?s=trafic\"><span>trafic rutier<\/span><\/a><a href=\"https:\/\/orasul-timisoara.ro\/?s=politia\"><span>politia locala timisoara<\/span><\/a><a href=\"https:\/\/orasul-timisoara.ro\/?s=roxana\"><span>Roxana Iliescu<\/span><\/a><a href=\"https:\/\/orasul-timisoara.ro\/?s=colterm\"><span>Colterm<\/span><\/a><a href=\"https:\/\/orasul-timisoara.ro\/?s=latcau\"><span>Ruben La\u021bc\u0103u<\/span><\/a><a href=\"https:\/\/orasul-timisoara.ro\/?s=timis\"><span>\u0218tiri din Timi\u0219<\/span><\/a><a href=\"https:\/\/orasul-timisoara.ro\/?s=spital\"><span>Spitale din Timi\u0219oara<\/span><\/a><a href=\"https:\/\/orasul-timisoara.ro\/?s=tabara\"><span>Cosmin Tab\u0103r\u0103<\/span><\/a><\/div>\n<\/aside>\n<aside id=\"rss-2\" class=\"td_block_template_8 widget rss-2 widget_rss\">\n<h4 class=\"td-block-title\"><span><a class=\"rsswidget rss-widget-feed\" href=\"https:\/\/fashionfridays.ro\/feed\"><img decoding=\"async\" class=\"rss-widget-icon\" width=\"14\" height=\"14\" src=\"https:\/\/orasul-timisoara.ro\/wp-includes\/images\/rss.png\" alt=\"RSS\" loading=\"lazy\"><\/a><a class=\"rsswidget rss-widget-title\" href=\"https:\/\/fashionfridays.ro\/\">Fashion Fridays<\/a><\/span><\/h4>\n<ul>\n<li><a class=\"rsswidget\" href=\"https:\/\/fashionfridays.ro\/romania-devine-a-29-a-piata-vogue-o-noua-era-pentru-industria-locala-de-moda\/\">Rom\u00e2nia devine a 29-a pia\u021b\u0103 Vogue: o nou\u0103 er\u0103 pentru industria local\u0103 de mod\u0103<\/a>\n<div class=\"rssSummary\">Revista Vogue \u00ee\u0219i extinde prezen\u021ba global\u0103 \u0219i va fi lansat\u0103 oficial \u00een Rom\u00e2nia \u00een prim\u0103vara anului 2027, marc\u00e2nd intrarea pe cea de-a 29-a pia\u021b\u0103 interna\u021bional\u0103. Proiectul este realizat \u00een parteneriat cu AEMME Publishing, o companie media recent \u00eenfiin\u021bat\u0103, care va publica edi\u021bia local\u0103 sub licen\u021b\u0103. Noua edi\u021bie, Vogue Rom\u00e2nia, \u00ee\u0219i propune s\u0103 combine autoritatea global\u0103 [\u2026]<\/div>\n<\/li>\n<\/ul>\n<\/aside>\n<aside id=\"rss-4\" class=\"td_block_template_8 widget rss-4 widget_rss\">\n<h4 class=\"td-block-title\"><span><a class=\"rsswidget rss-widget-feed\" href=\"https:\/\/emasini.ro\/feed\"><img decoding=\"async\" class=\"rss-widget-icon\" width=\"14\" height=\"14\" src=\"https:\/\/orasul-timisoara.ro\/wp-includes\/images\/rss.png\" alt=\"RSS\" loading=\"lazy\"><\/a><a class=\"rsswidget rss-widget-title\" href=\"https:\/\/emasini.ro\/\">eMasini<\/a><\/span><\/h4>\n<ul>\n<li><a class=\"rsswidget\" href=\"https:\/\/emasini.ro\/bmw-testeaza-noul-i4-convertible-primul-cabrio-electric-accesibil-al-marcii\/\">BMW testeaz\u0103 noul i4 Convertible, primul cabrio electric accesibil al m\u0103rcii<\/a>\n<div class=\"rssSummary\">BMW accelereaz\u0103 dezvoltarea noii genera\u021bii de modele electrice bazate pe platforma Neue Klasse, iar unul dintre cele mai interesante proiecte aflate \u00een teste este viitorul BMW i4 Convertible. Prototipul camuflat a fost surprins pe \u0219osele, confirm\u00e2nd c\u0103 produc\u0103torul german preg\u0103te\u0219te o decapotabil\u0103 electric\u0103 destinat\u0103 unui segment \u00een care oferta este, \u00een prezent, extrem de limitat\u0103. [\u2026]<\/div>\n<\/li>\n<\/ul>\n<\/aside>\n<\/div>\n<\/div>\n<\/div>\n<\/div>\n<\/article>\n<div class=\"td-post-content tagdiv-type\">\n<p class=\"wp-block-paragraph\">Trupa timi\u0219orean\u0103 The Other You invit\u0103 publicul la un concert caritabil organizat s\u00e2mb\u0103t\u0103, 8 august, de la ora 21:00, la Stage Pub din Timi\u0219oara. Evenimentul are ca scop str\u00e2ngerea de fonduri pentru Spitalul Clinic de Urgen\u021b\u0103 pentru Copii \u201eLouis \u021aurcanu\u201d, iar accesul este gratuit.<\/p>\n<p class=\"wp-block-paragraph\">Organizatorii precizeaz\u0103 c\u0103 toate dona\u021biile f\u0103cute de participan\u021bi vor ajunge integral la spital \u0219i vor fi folosite pentru \u00eembun\u0103t\u0103\u021birea condi\u021biilor de tratament ale micilor pacien\u021bi.<\/p>\n<h2 class=\"wp-block-heading\">Fondurile vor fi investite \u00een renovarea sec\u021biei \u0219i aparatur\u0103 medical\u0103<\/h2>\n<p class=\"wp-block-paragraph\">Sumele str\u00e2nse \u00een urma concertului vor avea dou\u0103 destina\u021bii importante.<\/p>\n<p class=\"wp-block-paragraph\">O parte din bani va fi folosit\u0103 pentru renovarea \u0219i modernizarea spa\u021biilor din sec\u021bia de boli infec\u021bioase, iar restul va fi direc\u021bionat c\u0103tre achizi\u021bionarea unui aparat Astrup \u2013 un analizor de gaze sangvine care permite ob\u021binerea rapid\u0103 a rezultatelor analizelor de s\u00e2nge.<\/p>\n<p class=\"wp-block-paragraph\">Potrivit organizatorilor, acest echipament poate reduce timpul de a\u0219teptare pentru stabilirea tratamentului, aspect esen\u021bial \u00een cazul copiilor care necesit\u0103 interven\u021bii medicale urgente.<\/p>\n<h2 class=\"wp-block-heading\">Trupa: \u201eUn concert \u021bine o or\u0103. Un aparat r\u0103m\u00e2ne acolo \u0219i lucreaz\u0103 pentru copii\u201d<\/h2>\n<p class=\"wp-block-paragraph\">The Other You explic\u0103 faptul c\u0103 alegerea de a sus\u021bine Spitalul \u201eLouis \u021aurcanu\u201d vine din dorin\u021ba de a contribui concret la \u00eembun\u0103t\u0103\u021birea actului medical.<\/p>\n<p class=\"wp-block-paragraph\">\u201eUn concert \u021bine o or\u0103. Un aparat r\u0103m\u00e2ne acolo \u0219i lucreaz\u0103 pentru copii \u00een fiecare zi. Ne-am dorit o sear\u0103 care s\u0103 lase \u00een urm\u0103 ceva concret\u201d, a declarat Iustin Negru, chitarist \u0219i fondator al trupei.<\/p>\n<h2 class=\"wp-block-heading\">Muzic\u0103 live pentru o cauz\u0103 important\u0103<\/h2>\n<p class=\"wp-block-paragraph\">Publicul va avea ocazia s\u0103 asculte piese originale interpretate de The Other You, forma\u021bie \u00eenfiin\u021bat\u0103 la Timi\u0219oara.<\/p>\n<p class=\"wp-block-paragraph\">Repertoriul trupei \u00eembin\u0103 influen\u021be rock, funk \u0219i soul, iar organizatorii spun c\u0103 scopul principal al serii este solidaritatea \u0219i sprijinirea copiilor interna\u021bi la unul dintre cele mai importante spitale pediatrice din vestul \u021b\u0103rii.<\/p>\n<h2 class=\"wp-block-heading\">Intrarea este liber\u0103, iar dona\u021biile sunt benevole<\/h2>\n<p class=\"wp-block-paragraph\">Accesul la concert este gratuit, \u00eens\u0103 participan\u021bii sunt invita\u021bi s\u0103 contribuie, \u00een func\u021bie de posibilit\u0103\u021bi, la str\u00e2ngerea de fonduri.<\/p>\n<p class=\"wp-block-paragraph\">Nu exist\u0103 o sum\u0103 minim\u0103 recomandat\u0103, iar fiecare dona\u021bie va fi direc\u021bionat\u0103 integral c\u0103tre Spitalul Clinic de Urgen\u021b\u0103 pentru Copii \u201eLouis \u021aurcanu\u201d, f\u0103r\u0103 re\u021bineri.<\/p>\n<h2 class=\"wp-block-heading\">Evenimentul are loc pe 8 august, la Stage Pub<\/h2>\n<p class=\"wp-block-paragraph\">Concertul caritabil este programat s\u00e2mb\u0103t\u0103, 8 august 2026, \u00eencep\u00e2nd cu ora 21:00.<\/p>\n<p class=\"wp-block-paragraph\">Evenimentul va avea loc la Stage Pub, situat pe strada Florimund Mercy nr. 3 din Timi\u0219oara, iar organizatorii \u00eei invit\u0103 pe timi\u0219oreni s\u0103 participe pentru a sus\u021bine at\u00e2t muzica local\u0103, c\u00e2t \u0219i o cauz\u0103 dedicat\u0103 s\u0103n\u0103t\u0103\u021bii copiilor.<\/p>\n<\/div>\n<p>[analyse_source url=&#8221;https:\/\/orasul-timisoara.ro\/local-40053\/&#8221;]<\/p>\n","protected":false},"excerpt":{"rendered":"<p>[analyse_image type=&#8221;featured&#8221; src=&#8221;https:\/\/orasul-timisoara.ro\/wp-content\/uploads\/2026\/08\/the-other-you.jpg&#8221;] Evenimente in TimisoaraTimi\u0219orenii sunt invita\u021bi la un concert caritabil pentru renovarea Spitalului de Copii Evenimente in Timisoara S\u0103n\u0103tate \u0218tiri Locale Timi\u0219orenii sunt invita\u021bi la un concert caritabil pentru renovarea Spitalului de Copii De c\u0103tre redactia &#8211; 06\/08\/2026 Facebook Twitter WhatsApp Linkedin ReddIt Email Imprimare Trupa timi\u0219orean\u0103 The Other You invit\u0103 publicul la [&hellip;]<\/p>\n","protected":false},"author":1,"featured_media":0,"comment_status":"open","ping_status":"","sticky":false,"template":"","format":"standard","meta":{"footnotes":""},"categories":[89],"tags":[226,189],"class_list":["post-2080987","post","type-post","status-publish","format-standard","hentry","category-romania","tag-crawlmanager","tag-orasul-timisoara-ro"],"_links":{"self":[{"href":"https:\/\/analyse.optim.biz\/index.php?rest_route=\/wp\/v2\/posts\/2080987","targetHints":{"allow":["GET"]}}],"collection":[{"href":"https:\/\/analyse.optim.biz\/index.php?rest_route=\/wp\/v2\/posts"}],"about":[{"href":"https:\/\/analyse.optim.biz\/index.php?rest_route=\/wp\/v2\/types\/post"}],"author":[{"embeddable":true,"href":"https:\/\/analyse.optim.biz\/index.php?rest_route=\/wp\/v2\/users\/1"}],"replies":[{"embeddable":true,"href":"https:\/\/analyse.optim.biz\/index.php?rest_route=%2Fwp%2Fv2%2Fcomments&post=2080987"}],"version-history":[{"count":0,"href":"https:\/\/analyse.optim.biz\/index.php?rest_route=\/wp\/v2\/posts\/2080987\/revisions"}],"wp:attachment":[{"href":"https:\/\/analyse.optim.biz\/index.php?rest_route=%2Fwp%2Fv2%2Fmedia&parent=2080987"}],"wp:term":[{"taxonomy":"category","embeddable":true,"href":"https:\/\/analyse.optim.biz\/index.php?rest_route=%2Fwp%2Fv2%2Fcategories&post=2080987"},{"taxonomy":"post_tag","embeddable":true,"href":"https:\/\/analyse.optim.biz\/index.php?rest_route=%2Fwp%2Fv2%2Ftags&post=2080987"}],"curies":[{"name":"wp","href":"https:\/\/api.w.org\/{rel}","templated":true}]}}