{"id":2080977,"date":"2026-08-06T12:28:00","date_gmt":"2026-08-06T09:28:00","guid":{"rendered":"https:\/\/analyse.optim.biz\/?p=2080977"},"modified":"2026-08-06T12:28:00","modified_gmt":"2026-08-06T09:28:00","slug":"rafuiala-violenta-la-crasma-in-cajvana-doi-tineri-au-fost-saltati-de-politisti-dupa-un-scandal-cu-pumni-si-masini-distruse","status":"publish","type":"post","link":"https:\/\/analyse.optim.biz\/?p=2080977","title":{"rendered":"R\u0103fuial\u0103 violent\u0103 la cr\u00e2\u0219m\u0103 \u00een Cajvana! Doi tineri au fost s\u0103lta\u021bi de poli\u021bi\u0219ti dup\u0103 un scandal cu pumni \u0219i ma\u0219ini distruse"},"content":{"rendered":"<p>[analyse_image type=&#8221;featured&#8221; src=&#8221;https:\/\/blogger.googleusercontent.com\/img\/b\/R29vZ2xl\/AVvXsEjoOQCS06IYFK8F03t0qri9nf5c18nuEC7cS_cHC5YpCSIYy_WP4TAhXHPfdy7wATfwcwJGLMY-yNrTvRGr8zSH6fIpqStoMeDrF0fcaW2zvlbwjgF5B43NYHzr329q5p4xjEF-2nDXHJ1BJYnaHnWP7ic48_t4NzYdEb2b8u1ScWNVuIJBu4QnRT_j\/w1600\/bataie-terasa-bar.jpg&#8221;]<\/p>\n<div class=\"post-body entry-content\" id=\"post-body\">\n<div class=\"separator\"><a href=\"https:\/\/blogger.googleusercontent.com\/img\/b\/R29vZ2xl\/AVvXsEjoOQCS06IYFK8F03t0qri9nf5c18nuEC7cS_cHC5YpCSIYy_WP4TAhXHPfdy7wATfwcwJGLMY-yNrTvRGr8zSH6fIpqStoMeDrF0fcaW2zvlbwjgF5B43NYHzr329q5p4xjEF-2nDXHJ1BJYnaHnWP7ic48_t4NzYdEb2b8u1ScWNVuIJBu4QnRT_j\/w1600\/bataie-terasa-bar.jpg\"><img decoding=\"async\" alt=\"R\u0103fuial\u0103 violent\u0103 la cr\u00e2\u0219m\u0103 \u00een Cajvana! Doi tineri au fost s\u0103lta\u021bi de poli\u021bi\u0219ti dup\u0103 un scandal cu pumni \u0219i ma\u0219ini distruse\" border=\"0\" height=\"335\" loading=\"lazy\" src=\"https:\/\/blogger.googleusercontent.com\/img\/b\/R29vZ2xl\/AVvXsEjoOQCS06IYFK8F03t0qri9nf5c18nuEC7cS_cHC5YpCSIYy_WP4TAhXHPfdy7wATfwcwJGLMY-yNrTvRGr8zSH6fIpqStoMeDrF0fcaW2zvlbwjgF5B43NYHzr329q5p4xjEF-2nDXHJ1BJYnaHnWP7ic48_t4NzYdEb2b8u1ScWNVuIJBu4QnRT_j\/w640-h335-rw\/bataie-terasa-bar.jpg\" title=\"R\u0103fuial\u0103 violent\u0103 la cr\u00e2\u0219m\u0103 \u00een Cajvana! Doi tineri au fost s\u0103lta\u021bi de poli\u021bi\u0219ti dup\u0103 un scandal cu pumni \u0219i ma\u0219ini distruse\" width=\"640\"><\/a><\/div>\n<p><strong>Doi tineri din ora\u0219ul Cajvana \u00ee\u0219i vor petrece urm\u0103toarele 24 de ore \u00een spatele gratiilor, \u00een urma unui scandal violent provocat la sf\u00e2r\u0219itul s\u0103pt\u0103m\u00e2nii trecute. Indivizii au fost re\u021binu\u021bi de poli\u021bi\u0219ti dup\u0103 ce au agresat fizic doi b\u0103rba\u021bi \u0219i au vandalizat un autoturism \u00een parcarea unui local din localitate.<\/strong><\/p>\n<h2>Scandal la miezul nop\u021bii: Pumni \u0219i amenin\u021b\u0103ri \u00een parcarea barului \u201eLa Stejar\u201d<\/h2>\n<p>Incidentul care a dus la re\u021binerea celor doi a avut loc \u00een noaptea de 1 august 2026. Conform cercet\u0103rilor efectuate de poli\u021bi\u0219ti, \u00een jurul orei 00:30, Toader H. \u0219i Dumitru M. (32 de ani) se aflau la un bar din Cajvana, denumit popular \u201eLa Stejar\u201d, unde au consumat b\u0103uturi alcoolice.<\/p>\n<p>La un moment dat, cei doi au ie\u0219it \u00een parcarea localului. Pe fondul consumului de alcool, \u00eentre ace\u0219tia \u0219i un alt grup de tineri a izbucnit un conflict spontan. Agresorii au fost identifica\u021bi ulterior ca fiind Roberto S., de 22 de ani, \u0219i Ioan S., tot de 22 de ani (cunoscut \u00een zon\u0103 sub porecla \u201eBriculea\u201d). Disputa verbal\u0103 a degenerat rapid, victimele fiind lovite de cei doi tineri.<\/p>\n<h2>Victimele au fugit l\u0103s\u00e2nd \u00een urm\u0103 o ma\u0219in\u0103 vandalizat\u0103<\/h2>\n<p>De\u0219i au fost agresa\u021bi, cei doi b\u0103rba\u021bi au declarat verbal c\u0103 nu au nevoie de interven\u021bia unui echipaj de ambulan\u021b\u0103 pentru \u00eengrijiri medicale. Pentru a nu escalada conflictul, ace\u0219tia au decis s\u0103 p\u0103r\u0103seasc\u0103 imediat parcarea barului.<\/p>\n<p>\u00cen intervalul de timp \u00een care victimele se retr\u0103geau, agresorii \u0219i-au v\u0103rsat furia pe autoturismul marca Volkswagen apar\u021bin\u00e2nd lui Toader H., distrug\u00e2ndu-i parbrizul. La scurt timp, la ora 02:03, autorit\u0103\u021bile au fost alertate prin num\u0103rul de urgen\u021b\u0103 112 cu privire la distrugerile provocate.<\/p>\n<p>Poli\u021bi\u0219tii le-au adus la cuno\u0219tin\u021b\u0103 victimelor dreptul de a solicita emiterea unui ordin de protec\u021bie provizoriu \u00eempotriva agresorilor. Toader H. a refuzat completarea cererii, iar \u00een cazul lui Dumitru M., formularul de evaluare a riscului a indicat un rezultat negativ privind necesitatea emiterii ordinului.<\/p>\n<h2>Decizia anchetatorilor: Agresorii au fost \u00eenc\u0103tu\u0219a\u021bi \u0219i trimi\u0219i \u00een arestul IPJ<\/h2>\n<p>\u00cen urma administr\u0103rii probatoriului, poli\u021bi\u0219tii din Cajvana au luat m\u0103suri ferme. Roberto S. a fost re\u021binut pentru 24 de ore sub aspectul s\u0103v\u00e2r\u0219irii a dou\u0103 infrac\u021biuni de \u201elovirea sau alte violen\u021be\u201d, \u201etulburarea ordinii \u0219i lini\u0219tii publice\u201d \u0219i \u201edistrugere\u201d. Complicele s\u0103u, Ioan S., a fost de asemenea re\u021binut pentru 24 de ore, fiind acuzat de \u201elovirea sau alte violen\u021be\u201d \u00een coautorat \u0219i \u201etulburarea ordinii \u0219i lini\u0219tii publice\u201d.<\/p>\n<p>Cei doi suspec\u021bi au fost escorta\u021bi sub paz\u0103 \u0219i introdu\u0219i \u00een Centrul de Re\u021binere \u0219i Arestare Preventiv\u0103 (C.R.A.P.) al Inspectoratului de Poli\u021bie Jude\u021bean Suceava, urm\u00e2nd s\u0103 r\u0103spund\u0103 penal pentru faptele comise.<\/p>\n<\/div>\n<div class=\"post-body entry-content\" id=\"post-body\">\n<div class=\"separator\"><a href=\"https:\/\/blogger.googleusercontent.com\/img\/b\/R29vZ2xl\/AVvXsEjoOQCS06IYFK8F03t0qri9nf5c18nuEC7cS_cHC5YpCSIYy_WP4TAhXHPfdy7wATfwcwJGLMY-yNrTvRGr8zSH6fIpqStoMeDrF0fcaW2zvlbwjgF5B43NYHzr329q5p4xjEF-2nDXHJ1BJYnaHnWP7ic48_t4NzYdEb2b8u1ScWNVuIJBu4QnRT_j\/w1600\/bataie-terasa-bar.jpg\"><img decoding=\"async\" alt=\"R\u0103fuial\u0103 violent\u0103 la cr\u00e2\u0219m\u0103 \u00een Cajvana! Doi tineri au fost s\u0103lta\u021bi de poli\u021bi\u0219ti dup\u0103 un scandal cu pumni \u0219i ma\u0219ini distruse\" border=\"0\" height=\"335\" loading=\"lazy\" src=\"https:\/\/blogger.googleusercontent.com\/img\/b\/R29vZ2xl\/AVvXsEjoOQCS06IYFK8F03t0qri9nf5c18nuEC7cS_cHC5YpCSIYy_WP4TAhXHPfdy7wATfwcwJGLMY-yNrTvRGr8zSH6fIpqStoMeDrF0fcaW2zvlbwjgF5B43NYHzr329q5p4xjEF-2nDXHJ1BJYnaHnWP7ic48_t4NzYdEb2b8u1ScWNVuIJBu4QnRT_j\/w640-h335-rw\/bataie-terasa-bar.jpg\" title=\"R\u0103fuial\u0103 violent\u0103 la cr\u00e2\u0219m\u0103 \u00een Cajvana! Doi tineri au fost s\u0103lta\u021bi de poli\u021bi\u0219ti dup\u0103 un scandal cu pumni \u0219i ma\u0219ini distruse\" width=\"640\"><\/a><\/div>\n<p><strong>Doi tineri din ora\u0219ul Cajvana \u00ee\u0219i vor petrece urm\u0103toarele 24 de ore \u00een spatele gratiilor, \u00een urma unui scandal violent provocat la sf\u00e2r\u0219itul s\u0103pt\u0103m\u00e2nii trecute. Indivizii au fost re\u021binu\u021bi de poli\u021bi\u0219ti dup\u0103 ce au agresat fizic doi b\u0103rba\u021bi \u0219i au vandalizat un autoturism \u00een parcarea unui local din localitate.<\/strong><\/p>\n<h2>Scandal la miezul nop\u021bii: Pumni \u0219i amenin\u021b\u0103ri \u00een parcarea barului \u201eLa Stejar\u201d<\/h2>\n<p>Incidentul care a dus la re\u021binerea celor doi a avut loc \u00een noaptea de 1 august 2026. Conform cercet\u0103rilor efectuate de poli\u021bi\u0219ti, \u00een jurul orei 00:30, Toader H. \u0219i Dumitru M. (32 de ani) se aflau la un bar din Cajvana, denumit popular \u201eLa Stejar\u201d, unde au consumat b\u0103uturi alcoolice.<\/p>\n<p>La un moment dat, cei doi au ie\u0219it \u00een parcarea localului. Pe fondul consumului de alcool, \u00eentre ace\u0219tia \u0219i un alt grup de tineri a izbucnit un conflict spontan. Agresorii au fost identifica\u021bi ulterior ca fiind Roberto S., de 22 de ani, \u0219i Ioan S., tot de 22 de ani (cunoscut \u00een zon\u0103 sub porecla \u201eBriculea\u201d). Disputa verbal\u0103 a degenerat rapid, victimele fiind lovite de cei doi tineri.<\/p>\n<h2>Victimele au fugit l\u0103s\u00e2nd \u00een urm\u0103 o ma\u0219in\u0103 vandalizat\u0103<\/h2>\n<p>De\u0219i au fost agresa\u021bi, cei doi b\u0103rba\u021bi au declarat verbal c\u0103 nu au nevoie de interven\u021bia unui echipaj de ambulan\u021b\u0103 pentru \u00eengrijiri medicale. Pentru a nu escalada conflictul, ace\u0219tia au decis s\u0103 p\u0103r\u0103seasc\u0103 imediat parcarea barului.<\/p>\n<p>\u00cen intervalul de timp \u00een care victimele se retr\u0103geau, agresorii \u0219i-au v\u0103rsat furia pe autoturismul marca Volkswagen apar\u021bin\u00e2nd lui Toader H., distrug\u00e2ndu-i parbrizul. La scurt timp, la ora 02:03, autorit\u0103\u021bile au fost alertate prin num\u0103rul de urgen\u021b\u0103 112 cu privire la distrugerile provocate.<\/p>\n<p>Poli\u021bi\u0219tii le-au adus la cuno\u0219tin\u021b\u0103 victimelor dreptul de a solicita emiterea unui ordin de protec\u021bie provizoriu \u00eempotriva agresorilor. Toader H. a refuzat completarea cererii, iar \u00een cazul lui Dumitru M., formularul de evaluare a riscului a indicat un rezultat negativ privind necesitatea emiterii ordinului.<\/p>\n<h2>Decizia anchetatorilor: Agresorii au fost \u00eenc\u0103tu\u0219a\u021bi \u0219i trimi\u0219i \u00een arestul IPJ<\/h2>\n<p>\u00cen urma administr\u0103rii probatoriului, poli\u021bi\u0219tii din Cajvana au luat m\u0103suri ferme. Roberto S. a fost re\u021binut pentru 24 de ore sub aspectul s\u0103v\u00e2r\u0219irii a dou\u0103 infrac\u021biuni de \u201elovirea sau alte violen\u021be\u201d, \u201etulburarea ordinii \u0219i lini\u0219tii publice\u201d \u0219i \u201edistrugere\u201d. Complicele s\u0103u, Ioan S., a fost de asemenea re\u021binut pentru 24 de ore, fiind acuzat de \u201elovirea sau alte violen\u021be\u201d \u00een coautorat \u0219i \u201etulburarea ordinii \u0219i lini\u0219tii publice\u201d.<\/p>\n<p>Cei doi suspec\u021bi au fost escorta\u021bi sub paz\u0103 \u0219i introdu\u0219i \u00een Centrul de Re\u021binere \u0219i Arestare Preventiv\u0103 (C.R.A.P.) al Inspectoratului de Poli\u021bie Jude\u021bean Suceava, urm\u00e2nd s\u0103 r\u0103spund\u0103 penal pentru faptele comise.<\/p>\n<\/div>\n<p>[analyse_source url=&#8221;https:\/\/www.stirisuceava.net\/2026\/08\/rafuiala-violenta-la-crasma-in-cajvana.html&#8221;]<\/p>\n","protected":false},"excerpt":{"rendered":"<p>[analyse_image type=&#8221;featured&#8221; src=&#8221;https:\/\/blogger.googleusercontent.com\/img\/b\/R29vZ2xl\/AVvXsEjoOQCS06IYFK8F03t0qri9nf5c18nuEC7cS_cHC5YpCSIYy_WP4TAhXHPfdy7wATfwcwJGLMY-yNrTvRGr8zSH6fIpqStoMeDrF0fcaW2zvlbwjgF5B43NYHzr329q5p4xjEF-2nDXHJ1BJYnaHnWP7ic48_t4NzYdEb2b8u1ScWNVuIJBu4QnRT_j\/w1600\/bataie-terasa-bar.jpg&#8221;] Doi tineri din ora\u0219ul Cajvana \u00ee\u0219i vor petrece urm\u0103toarele 24 de ore \u00een spatele gratiilor, \u00een urma unui scandal violent provocat la sf\u00e2r\u0219itul s\u0103pt\u0103m\u00e2nii trecute. Indivizii au fost re\u021binu\u021bi de poli\u021bi\u0219ti dup\u0103 ce au agresat fizic doi b\u0103rba\u021bi \u0219i au vandalizat un autoturism \u00een parcarea unui local din localitate. Scandal la miezul [&hellip;]<\/p>\n","protected":false},"author":1,"featured_media":0,"comment_status":"open","ping_status":"","sticky":false,"template":"","format":"standard","meta":{"footnotes":""},"categories":[89],"tags":[226,172],"class_list":["post-2080977","post","type-post","status-publish","format-standard","hentry","category-romania","tag-crawlmanager","tag-stirisuceava-net"],"_links":{"self":[{"href":"https:\/\/analyse.optim.biz\/index.php?rest_route=\/wp\/v2\/posts\/2080977","targetHints":{"allow":["GET"]}}],"collection":[{"href":"https:\/\/analyse.optim.biz\/index.php?rest_route=\/wp\/v2\/posts"}],"about":[{"href":"https:\/\/analyse.optim.biz\/index.php?rest_route=\/wp\/v2\/types\/post"}],"author":[{"embeddable":true,"href":"https:\/\/analyse.optim.biz\/index.php?rest_route=\/wp\/v2\/users\/1"}],"replies":[{"embeddable":true,"href":"https:\/\/analyse.optim.biz\/index.php?rest_route=%2Fwp%2Fv2%2Fcomments&post=2080977"}],"version-history":[{"count":0,"href":"https:\/\/analyse.optim.biz\/index.php?rest_route=\/wp\/v2\/posts\/2080977\/revisions"}],"wp:attachment":[{"href":"https:\/\/analyse.optim.biz\/index.php?rest_route=%2Fwp%2Fv2%2Fmedia&parent=2080977"}],"wp:term":[{"taxonomy":"category","embeddable":true,"href":"https:\/\/analyse.optim.biz\/index.php?rest_route=%2Fwp%2Fv2%2Fcategories&post=2080977"},{"taxonomy":"post_tag","embeddable":true,"href":"https:\/\/analyse.optim.biz\/index.php?rest_route=%2Fwp%2Fv2%2Ftags&post=2080977"}],"curies":[{"name":"wp","href":"https:\/\/api.w.org\/{rel}","templated":true}]}}