{"id":2080975,"date":"2026-08-04T12:47:00","date_gmt":"2026-08-04T09:47:00","guid":{"rendered":"https:\/\/analyse.optim.biz\/?p=2080975"},"modified":"2026-08-04T12:47:00","modified_gmt":"2026-08-04T09:47:00","slug":"accident-in-padurea-ghirleu-din-stulpicani-barbat-lovit-de-un-taf-care-a-derapat-langa-un-izvor","status":"publish","type":"post","link":"https:\/\/analyse.optim.biz\/?p=2080975","title":{"rendered":"Accident \u00een p\u0103durea Ghirleu din Stulpicani! B\u0103rbat lovit de un TAF care a derapat l\u00e2ng\u0103 un izvor"},"content":{"rendered":"<p>[analyse_image type=&#8221;featured&#8221; src=&#8221;https:\/\/blogger.googleusercontent.com\/img\/b\/R29vZ2xl\/AVvXsEgPPAStDsxhA7OeENX8B5ct-xxt4etWG8qB791DUoPD9nCkgCHStGQdwbV_6sZRZco06Jr0osntUfcAP4muTZGztYeMygUn4CZhX0bopxCTMKtab1Em5yoCeHupuTJ_dhnAquhTVKO9Qbc\/w1600\/accident-taf-padure.jpg&#8221;]<\/p>\n<div class=\"post-body entry-content\" id=\"post-body\">\n<div class=\"separator\"><a href=\"https:\/\/blogger.googleusercontent.com\/img\/b\/R29vZ2xl\/AVvXsEgPPAStDsxhA7OeENX8B5ct-xxt4etWG8qB791DUoPD9nCkgCHStGQdwbV_6sZRZco06Jr0osntUfcAP4muTZGztYeMygUn4CZhX0bopxCTMKtab1Em5yoCeHupuTJ_dhnAquhTVKO9Qbc\/s0\/accident-taf-padure.jpg\"><img decoding=\"async\" alt=\"Accident \u00een p\u0103durea Ghirleu din Stulpicani! B\u0103rbat lovit de un TAF care a derapat l\u00e2ng\u0103 un izvor\" border=\"0\" height=\"335\" loading=\"lazy\" src=\"https:\/\/blogger.googleusercontent.com\/img\/b\/R29vZ2xl\/AVvXsEgPPAStDsxhA7OeENX8B5ct-xxt4etWG8qB791DUoPD9nCkgCHStGQdwbV_6sZRZco06Jr0osntUfcAP4muTZGztYeMygUn4CZhX0bopxCTMKtab1Em5yoCeHupuTJ_dhnAquhTVKO9Qbc\/w640-h335-rw\/accident-taf-padure.jpg\" title=\"Accident \u00een p\u0103durea Ghirleu din Stulpicani! B\u0103rbat lovit de un TAF care a derapat l\u00e2ng\u0103 un izvor\" width=\"640\"><\/a><\/div>\n<p><strong>Un b\u0103rbat a suferit multiple traumatisme \u0219i a necesitat transportul la spital \u00een urma unui accident implic\u00e2nd un utilaj forestier (TAF). Incidentul a avut loc luni, 3 august 2026, pe fondul forestier din comuna Stulpicani, jude\u021bul Suceava.<\/strong><\/p>\n<p>Poli\u021bia ora\u0219ului Frasin a fost sesizat\u0103 la ora 16:15, prin apel la 112, de c\u0103tre un localnic din comuna Stulpicani. Acesta a raportat c\u0103 o persoan\u0103 a c\u0103zut de pe un TAF \u0219i a fost prins\u0103 sub roata utilajului, victima fiind con\u0219tient\u0103, dar acuz\u00e2nd dureri de spate.<\/p>\n<p>La fa\u021ba locului s-a deplasat o echip\u0103 operativ\u0103 a Poli\u021biei Frasin, \u00eenso\u021bit\u0103 de un tehnician criminalist. Din primele verific\u0103ri a reie\u0219it c\u0103 utilajul este de\u021binut de Vasile G., angajat al Ocolului Silvic Stulpicani. Victima este Gavril Z., din satul <a href=\"https:\/\/www.stirisuceava.net\/search\/label\/Vadu%20Negrilesei\">Vadu Negrilesei<\/a>, coleg de munc\u0103 cu proprietarul TAF-ului.<\/p>\n<p>Conform raportului poli\u021biei, \u00een jurul orei 15:30, cei doi b\u0103rba\u021bi se deplasau cu utilajul spre o p\u0103dure privat\u0103 pentru a colecta material lemnos pentru foc, cu acordul proprietarului. \u00cen timp ce tranzitau fondul forestier din zona denumit\u0103 Ghirleu, conduc\u0103torul TAF-ului a oprit utilajul pentru a lua ap\u0103 de la un izvor.<\/p>\n<p>\u00cen acel moment, utilajul a \u00eenceput s\u0103 se deplaseze necontrolat cu spatele. Gavril Z., care se afla pozi\u021bionat \u00een spatele scaunului \u0219oferului, a s\u0103rit din utilaj. \u00cen c\u0103dere, a fost lovit de roata TAF-ului, suferind leziuni \u00een zona abdominal\u0103.<\/p>\n<h3>Victima a fost transportat\u0103 la Spitalul Jude\u021bean Suceava<\/h3>\n<p>Echipajele de interven\u021bie sosite la fa\u021ba locului au preluat victima, care era con\u0219tient\u0103. Dup\u0103 extragerea din zona greu accesibil\u0103 de c\u0103tre pompieri, b\u0103rbatul a fost predat echipajului medical \u0219i transportat la Spitalul de Urgen\u021b\u0103 \u201eSf. Ioan cel Nou\u201d Suceava, fiind diagnosticat cu multiple traumatisme la nivelul toracelui \u0219i abdomenului.<\/p>\n<p>Poli\u021bi\u0219tii au deschis un dosar de cercetare penal\u0103 pentru a stabili cu exactitate circumstan\u021bele \u00een care s-a produs evenimentul. Ancheta se desf\u0103\u0219oar\u0103 sub aspectul s\u0103v\u00e2r\u0219irii infrac\u021biunii de <strong>\u201ev\u0103t\u0103mare corporal\u0103 din culp\u0103\u201d<\/strong>, conform art. 196 alin. (1) din Codul Penal, documenta\u021bia urm\u00e2nd s\u0103 fie \u00eenaintat\u0103 Parchetului competent.<\/p>\n<\/div>\n<div class=\"post-body entry-content\" id=\"post-body\">\n<div class=\"separator\"><a href=\"https:\/\/blogger.googleusercontent.com\/img\/b\/R29vZ2xl\/AVvXsEgPPAStDsxhA7OeENX8B5ct-xxt4etWG8qB791DUoPD9nCkgCHStGQdwbV_6sZRZco06Jr0osntUfcAP4muTZGztYeMygUn4CZhX0bopxCTMKtab1Em5yoCeHupuTJ_dhnAquhTVKO9Qbc\/s0\/accident-taf-padure.jpg\"><img decoding=\"async\" alt=\"Accident \u00een p\u0103durea Ghirleu din Stulpicani! B\u0103rbat lovit de un TAF care a derapat l\u00e2ng\u0103 un izvor\" border=\"0\" height=\"335\" loading=\"lazy\" src=\"https:\/\/blogger.googleusercontent.com\/img\/b\/R29vZ2xl\/AVvXsEgPPAStDsxhA7OeENX8B5ct-xxt4etWG8qB791DUoPD9nCkgCHStGQdwbV_6sZRZco06Jr0osntUfcAP4muTZGztYeMygUn4CZhX0bopxCTMKtab1Em5yoCeHupuTJ_dhnAquhTVKO9Qbc\/w640-h335-rw\/accident-taf-padure.jpg\" title=\"Accident \u00een p\u0103durea Ghirleu din Stulpicani! B\u0103rbat lovit de un TAF care a derapat l\u00e2ng\u0103 un izvor\" width=\"640\"><\/a><\/div>\n<p><strong>Un b\u0103rbat a suferit multiple traumatisme \u0219i a necesitat transportul la spital \u00een urma unui accident implic\u00e2nd un utilaj forestier (TAF). Incidentul a avut loc luni, 3 august 2026, pe fondul forestier din comuna Stulpicani, jude\u021bul Suceava.<\/strong><\/p>\n<p>Poli\u021bia ora\u0219ului Frasin a fost sesizat\u0103 la ora 16:15, prin apel la 112, de c\u0103tre un localnic din comuna Stulpicani. Acesta a raportat c\u0103 o persoan\u0103 a c\u0103zut de pe un TAF \u0219i a fost prins\u0103 sub roata utilajului, victima fiind con\u0219tient\u0103, dar acuz\u00e2nd dureri de spate.<\/p>\n<p>La fa\u021ba locului s-a deplasat o echip\u0103 operativ\u0103 a Poli\u021biei Frasin, \u00eenso\u021bit\u0103 de un tehnician criminalist. Din primele verific\u0103ri a reie\u0219it c\u0103 utilajul este de\u021binut de Vasile G., angajat al Ocolului Silvic Stulpicani. Victima este Gavril Z., din satul <a href=\"https:\/\/www.stirisuceava.net\/search\/label\/Vadu%20Negrilesei\">Vadu Negrilesei<\/a>, coleg de munc\u0103 cu proprietarul TAF-ului.<\/p>\n<p>Conform raportului poli\u021biei, \u00een jurul orei 15:30, cei doi b\u0103rba\u021bi se deplasau cu utilajul spre o p\u0103dure privat\u0103 pentru a colecta material lemnos pentru foc, cu acordul proprietarului. \u00cen timp ce tranzitau fondul forestier din zona denumit\u0103 Ghirleu, conduc\u0103torul TAF-ului a oprit utilajul pentru a lua ap\u0103 de la un izvor.<\/p>\n<p>\u00cen acel moment, utilajul a \u00eenceput s\u0103 se deplaseze necontrolat cu spatele. Gavril Z., care se afla pozi\u021bionat \u00een spatele scaunului \u0219oferului, a s\u0103rit din utilaj. \u00cen c\u0103dere, a fost lovit de roata TAF-ului, suferind leziuni \u00een zona abdominal\u0103.<\/p>\n<h3>Victima a fost transportat\u0103 la Spitalul Jude\u021bean Suceava<\/h3>\n<p>Echipajele de interven\u021bie sosite la fa\u021ba locului au preluat victima, care era con\u0219tient\u0103. Dup\u0103 extragerea din zona greu accesibil\u0103 de c\u0103tre pompieri, b\u0103rbatul a fost predat echipajului medical \u0219i transportat la Spitalul de Urgen\u021b\u0103 \u201eSf. Ioan cel Nou\u201d Suceava, fiind diagnosticat cu multiple traumatisme la nivelul toracelui \u0219i abdomenului.<\/p>\n<p>Poli\u021bi\u0219tii au deschis un dosar de cercetare penal\u0103 pentru a stabili cu exactitate circumstan\u021bele \u00een care s-a produs evenimentul. Ancheta se desf\u0103\u0219oar\u0103 sub aspectul s\u0103v\u00e2r\u0219irii infrac\u021biunii de <strong>\u201ev\u0103t\u0103mare corporal\u0103 din culp\u0103\u201d<\/strong>, conform art. 196 alin. (1) din Codul Penal, documenta\u021bia urm\u00e2nd s\u0103 fie \u00eenaintat\u0103 Parchetului competent.<\/p>\n<\/div>\n<p>[analyse_source url=&#8221;https:\/\/www.stirisuceava.net\/2026\/08\/accident-in-padurea-ghirleu-din.html&#8221;]<\/p>\n","protected":false},"excerpt":{"rendered":"<p>[analyse_image type=&#8221;featured&#8221; src=&#8221;https:\/\/blogger.googleusercontent.com\/img\/b\/R29vZ2xl\/AVvXsEgPPAStDsxhA7OeENX8B5ct-xxt4etWG8qB791DUoPD9nCkgCHStGQdwbV_6sZRZco06Jr0osntUfcAP4muTZGztYeMygUn4CZhX0bopxCTMKtab1Em5yoCeHupuTJ_dhnAquhTVKO9Qbc\/w1600\/accident-taf-padure.jpg&#8221;] Un b\u0103rbat a suferit multiple traumatisme \u0219i a necesitat transportul la spital \u00een urma unui accident implic\u00e2nd un utilaj forestier (TAF). Incidentul a avut loc luni, 3 august 2026, pe fondul forestier din comuna Stulpicani, jude\u021bul Suceava. Poli\u021bia ora\u0219ului Frasin a fost sesizat\u0103 la ora 16:15, prin apel la 112, de c\u0103tre [&hellip;]<\/p>\n","protected":false},"author":1,"featured_media":0,"comment_status":"open","ping_status":"","sticky":false,"template":"","format":"standard","meta":{"footnotes":""},"categories":[89],"tags":[226,172],"class_list":["post-2080975","post","type-post","status-publish","format-standard","hentry","category-romania","tag-crawlmanager","tag-stirisuceava-net"],"_links":{"self":[{"href":"https:\/\/analyse.optim.biz\/index.php?rest_route=\/wp\/v2\/posts\/2080975","targetHints":{"allow":["GET"]}}],"collection":[{"href":"https:\/\/analyse.optim.biz\/index.php?rest_route=\/wp\/v2\/posts"}],"about":[{"href":"https:\/\/analyse.optim.biz\/index.php?rest_route=\/wp\/v2\/types\/post"}],"author":[{"embeddable":true,"href":"https:\/\/analyse.optim.biz\/index.php?rest_route=\/wp\/v2\/users\/1"}],"replies":[{"embeddable":true,"href":"https:\/\/analyse.optim.biz\/index.php?rest_route=%2Fwp%2Fv2%2Fcomments&post=2080975"}],"version-history":[{"count":0,"href":"https:\/\/analyse.optim.biz\/index.php?rest_route=\/wp\/v2\/posts\/2080975\/revisions"}],"wp:attachment":[{"href":"https:\/\/analyse.optim.biz\/index.php?rest_route=%2Fwp%2Fv2%2Fmedia&parent=2080975"}],"wp:term":[{"taxonomy":"category","embeddable":true,"href":"https:\/\/analyse.optim.biz\/index.php?rest_route=%2Fwp%2Fv2%2Fcategories&post=2080975"},{"taxonomy":"post_tag","embeddable":true,"href":"https:\/\/analyse.optim.biz\/index.php?rest_route=%2Fwp%2Fv2%2Ftags&post=2080975"}],"curies":[{"name":"wp","href":"https:\/\/api.w.org\/{rel}","templated":true}]}}